{"id":3442,"date":"2024-05-24T08:06:13","date_gmt":"2024-05-24T08:06:13","guid":{"rendered":"https:\/\/enfoquenoticioso.com\/deporte\/telasco-segovia-apunta-a-establecerse-en-portugal\/"},"modified":"2024-05-24T08:06:13","modified_gmt":"2024-05-24T08:06:13","slug":"telasco-segovia-apunta-a-establecerse-en-portugal","status":"publish","type":"post","link":"https:\/\/enfoquenoticioso.com\/?p=3442","title":{"rendered":"Telasco Segovia apunta a establecerse en Portugal"},"content":{"rendered":"<div data-td-block-uid=\"tdi_91\">\n<div class=\"tdb-block-inner td-fix-index\">\n<p>El 2024 de Telasco Segovia ha sido un renacer en lo futbol\u00edstico. Luego de brillar en el Preol\u00edmpico en el mes de enero, el mediocampista tuvo un gran rendimiento con el Casa P\u00eda de Portugal.<\/p>\n<p>Su buena actuaci\u00f3n con la Vinotinto sub 23 bast\u00f3 para ser llamado a los amistosos FIFA en Estados Unidos frente a Italia y Guatemala. Adem\u00e1s, de mejorar su rendimiento en el f\u00fatbol portugu\u00e9s.<\/p>\n<p>\u201cCreo que el Preol\u00edmpico fue muy bueno para m\u00ed, hice un buen papel con Venezuela y eso me ayud\u00f3 mucho a regresar al equipo (Casa P\u00eda), para llegar y ver que pod\u00eda sumar algo diferente\u201d, declar\u00f3 Telasco Segovia al <a href=\"https:\/\/www.abola.pt\/futebol\/noticias\/telasco-segovia-espero-superar-me-na-proxima-epoca-2024052310074629806?utm_campaign=abola-page-post&amp;utm_content=article-fresh&amp;utm_medium=social&amp;utm_source=twitter&amp;utm_term=cde-twitter-fresh-articles-1203\" target=\"_blank\" rel=\"noopener\">diario portugu\u00e9s A Bola<\/a>.<\/p>\n<p>\u201cEl entrenador me dio la oportunidad de jugar y ganarme su confianza partido a partido. Eso fue lo mejor para m\u00ed en toda la temporada, ya que hasta entonces no hab\u00eda jugado\u201d, expres\u00f3 Segovia.<\/p>\n<figure class=\"wp-block-embed is-type-rich is-provider-twitter wp-block-embed-twitter\"\/>\n<p>El ex Deportivo Lara es uno de los talentos emergentes del f\u00fatbol venezolano y quiere llevar ese presagio a su club luego de tener regularidad en lo que va de a\u00f1o.<\/p>\n<p>\u201cEl entrenador siempre me pidi\u00f3 que siguiera en el club para poder quedarme, para tener minutos constantes y por suerte lo consegu\u00ed en Casa Pia. Espero establecerme aqu\u00ed en la selecci\u00f3n para poder ayudar a mi pa\u00eds y extenderlo tambi\u00e9n al club\u201d, dijo Segovia.<\/p>\n<p><strong>Lee tambi\u00e9n: <a href=\"https:\/\/www.liderendeportes.com\/noticias\/futbol\/venex-football\/yangel-herrera-se-medira-a-su-exclub-con-el-girona\/\" target=\"_blank\" rel=\"noopener\">Yangel Herrera se medir\u00e1 a su exclub con el Girona<\/a><\/strong><\/p>\n<p>Finalmente, el mediocampista con la temporada ya terminada piensa en la selecci\u00f3n y en los pr\u00f3ximos retos, como la Copa Am\u00e9rica y por supuesto el Mundial<\/p>\n<p>\u201cEs un objetivo para m\u00ed jugar un Mundial y una Copa Am\u00e9rica, nunca he estado en ninguna de las dos. Espero ser convocado, y sin duda ser muy importante para mi pa\u00eds, al que quiero mucho\u201d, finaliz\u00f3 Segovia.<\/p>\n<\/div>\n<\/div>\n<p><a href=\"https:\/\/www.liderendeportes.com\/noticias\/futbol\/venex-football\/telasco-segovia-apunta-a-establecerse-en-portugal\/\" class=\" target=\" title=\"Telasco Segovia apunta a establecerse en Portugal\" target=\"_blank\" rel=\"noopener\">Ver fuente<\/a><\/p>\n","protected":false},"excerpt":{"rendered":"<p>El 2024 de Telasco Segovia ha sido un renacer en lo futbol\u00edstico. Luego de brillar en el Preol\u00edmpico en el mes de enero, el mediocampista tuvo un gran rendimiento con el Casa P\u00eda de Portugal. Su buena actuaci\u00f3n con la Vinotinto sub 23 bast\u00f3 para ser llamado a los amistosos FIFA en Estados Unidos frente [&hellip;]<\/p>\n","protected":false},"author":2,"featured_media":3443,"comment_status":"open","ping_status":"closed","sticky":false,"template":"","format":"standard","meta":{"footnotes":""},"categories":[7],"tags":[],"class_list":["post-3442","post","type-post","status-publish","format-standard","has-post-thumbnail","hentry","category-deporte"],"_links":{"self":[{"href":"https:\/\/enfoquenoticioso.com\/index.php?rest_route=\/wp\/v2\/posts\/3442","targetHints":{"allow":["GET"]}}],"collection":[{"href":"https:\/\/enfoquenoticioso.com\/index.php?rest_route=\/wp\/v2\/posts"}],"about":[{"href":"https:\/\/enfoquenoticioso.com\/index.php?rest_route=\/wp\/v2\/types\/post"}],"author":[{"embeddable":true,"href":"https:\/\/enfoquenoticioso.com\/index.php?rest_route=\/wp\/v2\/users\/2"}],"replies":[{"embeddable":true,"href":"https:\/\/enfoquenoticioso.com\/index.php?rest_route=%2Fwp%2Fv2%2Fcomments&post=3442"}],"version-history":[{"count":0,"href":"https:\/\/enfoquenoticioso.com\/index.php?rest_route=\/wp\/v2\/posts\/3442\/revisions"}],"wp:featuredmedia":[{"embeddable":true,"href":"https:\/\/enfoquenoticioso.com\/index.php?rest_route=\/wp\/v2\/media\/3443"}],"wp:attachment":[{"href":"https:\/\/enfoquenoticioso.com\/index.php?rest_route=%2Fwp%2Fv2%2Fmedia&parent=3442"}],"wp:term":[{"taxonomy":"category","embeddable":true,"href":"https:\/\/enfoquenoticioso.com\/index.php?rest_route=%2Fwp%2Fv2%2Fcategories&post=3442"},{"taxonomy":"post_tag","embeddable":true,"href":"https:\/\/enfoquenoticioso.com\/index.php?rest_route=%2Fwp%2Fv2%2Ftags&post=3442"}],"curies":[{"name":"wp","href":"https:\/\/api.w.org\/{rel}","templated":true}]}}