{"id":3444,"date":"2024-05-24T09:17:18","date_gmt":"2024-05-24T09:17:18","guid":{"rendered":"https:\/\/enfoquenoticioso.com\/tecnologia\/descuentos-y-requisitos-para-viajar\/"},"modified":"2024-05-24T09:17:18","modified_gmt":"2024-05-24T09:17:18","slug":"descuentos-y-requisitos-para-viajar","status":"publish","type":"post","link":"https:\/\/enfoquenoticioso.com\/?p=3444","title":{"rendered":"descuentos y requisitos para viajar"},"content":{"rendered":"<div>\n<p>El <strong>plan Verano Joven<\/strong>, <a href=\"https:\/\/hipertextual.com\/2023\/06\/abierta-inscripcion-verano-joven-viaja-dentro-fuera-espana-descuentos-hasta-90\" target=\"_blank\" rel=\"noopener\">una de las medidas del Gobierno de Espa\u00f1a <\/a>para impulsar el turismo entre los j\u00f3venes, volver\u00e1 a estar disponible este verano. Fuentes del Ministerio de Transportes y Movilidad Sostenible ha confirmado que renovar\u00e1n esta medida que permitir\u00e1 viajar en trenes y autobuses con<strong> hasta un 90 % de descuento<\/strong>. <\/p>\n<p>Por el momento, el Gobierno se encuentra trabajando en las condiciones del nuevo plan, Los detalles sobre los descuentos, as\u00ed como los requisitos para beneficiarse de la iniciativa Verano joven, todav\u00eda son una inc\u00f3gnita, y se espera que se den a conocer oficialmente en el pr\u00f3ximo Consejo de Ministros, que se celebrar\u00e1 el pr\u00f3ximo 4 de junio. Sabemos, eso s\u00ed, que<strong> la medida estar\u00e1 dotada de 100 millones de euros.<\/strong><\/p>\n<p>Es la segunda vez que el Gobierno de Espa\u00f1a activa el plan Verano Joven. Lo hacen, despu\u00e9s del \u00e9xito de la primera edici\u00f3n, pues seg\u00fan detalla el Ministerio, un total de<strong> 1,13 millones de j\u00f3venes se beneficiaron de los descuentos<\/strong>, mientras que casi 2 millones de personas se dieron de alta en la plataforma que permit\u00eda recibir un c\u00f3digo para activar la rebaja en los billetes. Renfe <a href=\"https:\/\/www.renfe.com\/es\/es\/grupo-renfe\/comunicacion\/renfe-al-dia\/sala-de-prensa\/renfe-ha-vendido-mas-de-dos-millones-de-billetes\" target=\"_blank\" rel=\"noopener\">vendi\u00f3<\/a> m\u00e1s de 2 millones de billetes durante el periodo de la promoci\u00f3n.<\/p>\n<div id=\"ez-toc-container\" class=\"ez-toc-v2_0_81 counter-hierarchy ez-toc-counter ez-toc-grey ez-toc-container-direction\">\n<div class=\"ez-toc-title-container\">\n<p class=\"ez-toc-title\" style=\"cursor:inherit\">Tabla de Contenido<\/p>\n<span class=\"ez-toc-title-toggle\"><a href=\"#\" class=\"ez-toc-pull-right ez-toc-btn ez-toc-btn-xs ez-toc-btn-default ez-toc-toggle\" aria-label=\"Alternar tabla de contenidos\"><span class=\"ez-toc-js-icon-con\"><span class=\"\"><span class=\"eztoc-hide\" style=\"display:none;\">Toggle<\/span><span class=\"ez-toc-icon-toggle-span\"><svg style=\"fill: #999;color:#999\" xmlns=\"http:\/\/www.w3.org\/2000\/svg\" class=\"list-377408\" width=\"20px\" height=\"20px\" viewBox=\"0 0 24 24\" fill=\"none\"><path d=\"M6 6H4v2h2V6zm14 0H8v2h12V6zM4 11h2v2H4v-2zm16 0H8v2h12v-2zM4 16h2v2H4v-2zm16 0H8v2h12v-2z\" fill=\"currentColor\"><\/path><\/svg><svg style=\"fill: #999;color:#999\" class=\"arrow-unsorted-368013\" xmlns=\"http:\/\/www.w3.org\/2000\/svg\" width=\"10px\" height=\"10px\" viewBox=\"0 0 24 24\" version=\"1.2\" baseProfile=\"tiny\"><path d=\"M18.2 9.3l-6.2-6.3-6.2 6.3c-.2.2-.3.4-.3.7s.1.5.3.7c.2.2.4.3.7.3h11c.3 0 .5-.1.7-.3.2-.2.3-.5.3-.7s-.1-.5-.3-.7zM5.8 14.7l6.2 6.3 6.2-6.3c.2-.2.3-.5.3-.7s-.1-.5-.3-.7c-.2-.2-.4-.3-.7-.3h-11c-.3 0-.5.1-.7.3-.2.2-.3.5-.3.7s.1.5.3.7z\"\/><\/svg><\/span><\/span><\/span><\/a><\/span><\/div>\n<nav><ul class='ez-toc-list ez-toc-list-level-1 ' ><li class='ez-toc-page-1 ez-toc-heading-level-2'><a class=\"ez-toc-link ez-toc-heading-1\" href=\"https:\/\/enfoquenoticioso.com\/?p=3444\/#Verano_Joven_2024_fechas_requisitos_descuentos_y_mas\" >Verano Joven 2024: fechas, requisitos, descuentos y m\u00e1s<\/a><ul class='ez-toc-list-level-4' ><li class='ez-toc-heading-level-4'><ul class='ez-toc-list-level-4' ><li class='ez-toc-heading-level-4'><a class=\"ez-toc-link ez-toc-heading-2\" href=\"https:\/\/enfoquenoticioso.com\/?p=3444\/#Tambien_en_Hipertextual\" >Tambi\u00e9n en Hipertextual:<\/a><\/li><\/ul><\/li><\/ul><\/li><\/ul><\/nav><\/div>\n<h2 class=\"wp-block-heading\" id=\"h-verano-joven-2024-fechas-requisitos-descuentos-y-mas\"><span class=\"ez-toc-section\" id=\"Verano_Joven_2024_fechas_requisitos_descuentos_y_mas\"><\/span>Verano Joven 2024: fechas, requisitos, descuentos y m\u00e1s<span class=\"ez-toc-section-end\"><\/span><\/h2>\n<figure class=\"wp-block-image alignwide size-large\"><img loading=\"lazy\" decoding=\"async\" width=\"780\" height=\"520\" alt=\"Descuentos del programa Verano Joven para el Interrail y viajes dentro de Espa\u00f1a\" class=\"wp-image-1737794 perfmatters-lazy\" data-recalc-dims=\"1\" src=\"https:\/\/i0.wp.com\/imgs.hipertextual.com\/wp-content\/uploads\/2023\/06\/Descuentos-del-programa-Verano-Joven-para-el-Interrail-1-1500x1000.jpg?resize=780%2C520&amp;quality=55&amp;strip=all&amp;ssl=1\" srcset=\"https:\/\/i0.wp.com\/imgs.hipertextual.com\/wp-content\/uploads\/2023\/06\/Descuentos-del-programa-Verano-Joven-para-el-Interrail-1.jpg?resize=1500%2C1000&amp;quality=55&amp;strip=all&amp;ssl=1 1500w, https:\/\/i0.wp.com\/imgs.hipertextual.com\/wp-content\/uploads\/2023\/06\/Descuentos-del-programa-Verano-Joven-para-el-Interrail-1.jpg?resize=800%2C533&amp;quality=55&amp;strip=all&amp;ssl=1 800w, https:\/\/i0.wp.com\/imgs.hipertextual.com\/wp-content\/uploads\/2023\/06\/Descuentos-del-programa-Verano-Joven-para-el-Interrail-1.jpg?resize=768%2C512&amp;quality=55&amp;strip=all&amp;ssl=1 768w, https:\/\/i0.wp.com\/imgs.hipertextual.com\/wp-content\/uploads\/2023\/06\/Descuentos-del-programa-Verano-Joven-para-el-Interrail-1.jpg?resize=1536%2C1024&amp;quality=55&amp;strip=all&amp;ssl=1 1536w, https:\/\/i0.wp.com\/imgs.hipertextual.com\/wp-content\/uploads\/2023\/06\/Descuentos-del-programa-Verano-Joven-para-el-Interrail-1.jpg?resize=2048%2C1365&amp;quality=55&amp;strip=all&amp;ssl=1 2048w, https:\/\/i0.wp.com\/imgs.hipertextual.com\/wp-content\/uploads\/2023\/06\/Descuentos-del-programa-Verano-Joven-para-el-Interrail-1.jpg?resize=1200%2C800&amp;quality=55&amp;strip=all&amp;ssl=1 1200w, https:\/\/i0.wp.com\/imgs.hipertextual.com\/wp-content\/uploads\/2023\/06\/Descuentos-del-programa-Verano-Joven-para-el-Interrail-1.jpg?resize=740%2C494&amp;quality=55&amp;strip=all&amp;ssl=1 740w, https:\/\/i0.wp.com\/imgs.hipertextual.com\/wp-content\/uploads\/2023\/06\/Descuentos-del-programa-Verano-Joven-para-el-Interrail-1.jpg?resize=1568%2C1045&amp;quality=55&amp;strip=all&amp;ssl=1 1568w, https:\/\/i0.wp.com\/imgs.hipertextual.com\/wp-content\/uploads\/2023\/06\/Descuentos-del-programa-Verano-Joven-para-el-Interrail-1.jpg?resize=400%2C267&amp;quality=55&amp;strip=all&amp;ssl=1 400w, https:\/\/i0.wp.com\/imgs.hipertextual.com\/wp-content\/uploads\/2023\/06\/Descuentos-del-programa-Verano-Joven-para-el-Interrail-1-1500x1000.jpg?w=370&amp;quality=55&amp;strip=all&amp;ssl=1 370w\" data-sizes=\"(max-width: 780px) 100vw, 780px\"\/><img loading=\"lazy\" decoding=\"async\" width=\"780\" height=\"520\" src=\"https:\/\/i0.wp.com\/imgs.hipertextual.com\/wp-content\/uploads\/2023\/06\/Descuentos-del-programa-Verano-Joven-para-el-Interrail-1-1500x1000.jpg?resize=780%2C520&amp;quality=55&amp;strip=all&amp;ssl=1\" alt=\"Descuentos del programa Verano Joven para el Interrail y viajes dentro de Espa\u00f1a\" class=\"wp-image-1737794\" srcset=\"https:\/\/i0.wp.com\/imgs.hipertextual.com\/wp-content\/uploads\/2023\/06\/Descuentos-del-programa-Verano-Joven-para-el-Interrail-1.jpg?resize=1500%2C1000&amp;quality=55&amp;strip=all&amp;ssl=1 1500w, https:\/\/i0.wp.com\/imgs.hipertextual.com\/wp-content\/uploads\/2023\/06\/Descuentos-del-programa-Verano-Joven-para-el-Interrail-1.jpg?resize=800%2C533&amp;quality=55&amp;strip=all&amp;ssl=1 800w, https:\/\/i0.wp.com\/imgs.hipertextual.com\/wp-content\/uploads\/2023\/06\/Descuentos-del-programa-Verano-Joven-para-el-Interrail-1.jpg?resize=768%2C512&amp;quality=55&amp;strip=all&amp;ssl=1 768w, https:\/\/i0.wp.com\/imgs.hipertextual.com\/wp-content\/uploads\/2023\/06\/Descuentos-del-programa-Verano-Joven-para-el-Interrail-1.jpg?resize=1536%2C1024&amp;quality=55&amp;strip=all&amp;ssl=1 1536w, https:\/\/i0.wp.com\/imgs.hipertextual.com\/wp-content\/uploads\/2023\/06\/Descuentos-del-programa-Verano-Joven-para-el-Interrail-1.jpg?resize=2048%2C1365&amp;quality=55&amp;strip=all&amp;ssl=1 2048w, https:\/\/i0.wp.com\/imgs.hipertextual.com\/wp-content\/uploads\/2023\/06\/Descuentos-del-programa-Verano-Joven-para-el-Interrail-1.jpg?resize=1200%2C800&amp;quality=55&amp;strip=all&amp;ssl=1 1200w, https:\/\/i0.wp.com\/imgs.hipertextual.com\/wp-content\/uploads\/2023\/06\/Descuentos-del-programa-Verano-Joven-para-el-Interrail-1.jpg?resize=740%2C494&amp;quality=55&amp;strip=all&amp;ssl=1 740w, https:\/\/i0.wp.com\/imgs.hipertextual.com\/wp-content\/uploads\/2023\/06\/Descuentos-del-programa-Verano-Joven-para-el-Interrail-1.jpg?resize=1568%2C1045&amp;quality=55&amp;strip=all&amp;ssl=1 1568w, https:\/\/i0.wp.com\/imgs.hipertextual.com\/wp-content\/uploads\/2023\/06\/Descuentos-del-programa-Verano-Joven-para-el-Interrail-1.jpg?resize=400%2C267&amp;quality=55&amp;strip=all&amp;ssl=1 400w, https:\/\/i0.wp.com\/imgs.hipertextual.com\/wp-content\/uploads\/2023\/06\/Descuentos-del-programa-Verano-Joven-para-el-Interrail-1-1500x1000.jpg?w=370&amp;quality=55&amp;strip=all&amp;ssl=1 370w\" sizes=\"auto, (max-width: 780px) 100vw, 780px\" data-recalc-dims=\"1\"\/><\/figure>\n<p>Por el momento, reiteramos, no hay muchos detalles sobre el plan Verano Joven de 2024 que el Gobierno planea poner en marcha para los pr\u00f3ximos meses. No obstante, <strong>no se esperan grandes cambios respecto a la edici\u00f3n del a\u00f1o pasado. <\/strong><\/p>\n<p>Si tenemos en cuenta los requisitos de 2023, se podr\u00e1n beneficiar del plan Verano Joven aquellos ciudadanos espa\u00f1oles o europeos residentes en Espa\u00f1a que tengan <strong>entre 18 y 30 a\u00f1os<\/strong>. Se espera, adem\u00e1s, que los descuentos sean de hasta el 90 % en algunos casos para viajar por Espa\u00f1a y Europa. La oferta, eso s\u00ed, variar\u00e1 dependiendo del tipo de transporte. Sin nos ce\u00f1imos al a\u00f1o pasado, los descuentos para el Verano Joven quedar\u00edan de la siguiente manera.<\/p>\n<ul>\n<li><strong>Servicios ferroviarios de media distancia<\/strong>: 90 % de descuento.<\/li>\n<li><strong>Autobuses de competencia estatal: <\/strong>90 % de descuento.<\/li>\n<li><strong>Avant<\/strong>: 50 % de descuento.<\/li>\n<li><strong>Larga distancia (incluido AVE, Ouigo e Iryo):<\/strong> 50 % de descuento.<\/li>\n<li><strong>Interrail (en servicios operados a trav\u00e9s de Renfe):<\/strong> 50 % de descuento.<\/li>\n<\/ul>\n<p>Por otro lado, es probable que el plan Verano Joven est\u00e9 activo <strong>a partir del pr\u00f3ximo 15 de junio hasta el 15 de septiembre. <\/strong><\/p>\n<section id=\"block-25\" class=\"below-content widget widget_block\">\n<div class=\"wp-block-group is-style-default hiper-newsletter-box has-background\" style=\"background:linear-gradient(180deg,rgb(0,23,188) 28%,rgb(0,15,131) 100%);padding-top:15px;padding-right:15px;padding-bottom:15px;padding-left:15px\">\n<div class=\"wp-block-group__inner-container is-layout-constrained wp-block-group-is-layout-constrained\">\n<p class=\"has-white-color has-text-color\">Recibe cada ma\u00f1ana nuestra <a rel=\"noreferrer noopener\" href=\"https:\/\/hipertextual.com\/newsletter\" target=\"_blank\">newsletter<\/a>. Una gu\u00eda para entender lo que importa en relaci\u00f3n con la tecnolog\u00eda, la ciencia y la cultura digital.<\/p>\n<div class=\"wp-block-jetpack-mailchimp\" data-blog-id=\"190110665\">\n<p>\nProcesando&#8230; <\/p>\n<p>\n\u00a1Listo! Ya est\u00e1s suscrito <\/p>\n<p>\nHubo un error, actualiza la p\u00e1gina e int\u00e9ntalo nuevamente <\/p>\n<\/div>\n<\/div>\n<\/div>\n<\/section>\n<section id=\"block-74\" class=\"below-content widget widget_block\">\n<\/section>\n<section id=\"block-71\" class=\"below-content widget widget_block\">\n<h4 class=\"wp-block-heading tambien-en-hipertextual\" id=\"h-tambien-en-hipertextual\" style=\"padding-top:0.8em;padding-right:0px;padding-bottom:0px;padding-left:0px\"><span class=\"ez-toc-section\" id=\"Tambien_en_Hipertextual\"><\/span>Tambi\u00e9n en Hipertextual:<span class=\"ez-toc-section-end\"><\/span><\/h4>\n<\/section>\n<section id=\"block-32\" class=\"below-content widget widget_block\">\n<nav class=\"jp-relatedposts-i2 jp-related-hipertextual wp-block-jetpack-related-posts has-normal-font-size\" style=\"padding-bottom:0px;padding-left:0px;padding-top:0px;padding-right:1.5em;\" data-layout=\"list\" aria-label=\"Entradas relacionadas\"\/><\/section>\n<\/p><\/div>\n<p><a href=\"https:\/\/hipertextual.com\/2024\/05\/vuelve-el-plan-verano-joven-descuentos-y-requisitos-para-viajar-en-tren-y-autobus-por-espana-y-europa\" class=\" target=\" title=\"descuentos y requisitos para viajar\" target=\"_blank\" rel=\"noopener\">Ver fuente<\/a><\/p>\n","protected":false},"excerpt":{"rendered":"<p>El plan Verano Joven, una de las medidas del Gobierno de Espa\u00f1a para impulsar el turismo entre los j\u00f3venes, volver\u00e1 a estar disponible este verano. Fuentes del Ministerio de Transportes y Movilidad Sostenible ha confirmado que renovar\u00e1n esta medida que permitir\u00e1 viajar en trenes y autobuses con hasta un 90 % de descuento. Por el [&hellip;]<\/p>\n","protected":false},"author":2,"featured_media":3445,"comment_status":"open","ping_status":"closed","sticky":false,"template":"","format":"standard","meta":{"footnotes":""},"categories":[9],"tags":[],"class_list":["post-3444","post","type-post","status-publish","format-standard","has-post-thumbnail","hentry","category-tecnologia"],"_links":{"self":[{"href":"https:\/\/enfoquenoticioso.com\/index.php?rest_route=\/wp\/v2\/posts\/3444","targetHints":{"allow":["GET"]}}],"collection":[{"href":"https:\/\/enfoquenoticioso.com\/index.php?rest_route=\/wp\/v2\/posts"}],"about":[{"href":"https:\/\/enfoquenoticioso.com\/index.php?rest_route=\/wp\/v2\/types\/post"}],"author":[{"embeddable":true,"href":"https:\/\/enfoquenoticioso.com\/index.php?rest_route=\/wp\/v2\/users\/2"}],"replies":[{"embeddable":true,"href":"https:\/\/enfoquenoticioso.com\/index.php?rest_route=%2Fwp%2Fv2%2Fcomments&post=3444"}],"version-history":[{"count":0,"href":"https:\/\/enfoquenoticioso.com\/index.php?rest_route=\/wp\/v2\/posts\/3444\/revisions"}],"wp:featuredmedia":[{"embeddable":true,"href":"https:\/\/enfoquenoticioso.com\/index.php?rest_route=\/wp\/v2\/media\/3445"}],"wp:attachment":[{"href":"https:\/\/enfoquenoticioso.com\/index.php?rest_route=%2Fwp%2Fv2%2Fmedia&parent=3444"}],"wp:term":[{"taxonomy":"category","embeddable":true,"href":"https:\/\/enfoquenoticioso.com\/index.php?rest_route=%2Fwp%2Fv2%2Fcategories&post=3444"},{"taxonomy":"post_tag","embeddable":true,"href":"https:\/\/enfoquenoticioso.com\/index.php?rest_route=%2Fwp%2Fv2%2Ftags&post=3444"}],"curies":[{"name":"wp","href":"https:\/\/api.w.org\/{rel}","templated":true}]}}