{"id":3466,"date":"2024-05-24T15:17:38","date_gmt":"2024-05-24T15:17:38","guid":{"rendered":"https:\/\/enfoquenoticioso.com\/tecnologia\/exigencias-de-una-oferta-de-empleo-para-ser-kelly\/"},"modified":"2024-05-24T15:17:38","modified_gmt":"2024-05-24T15:17:38","slug":"exigencias-de-una-oferta-de-empleo-para-ser-kelly","status":"publish","type":"post","link":"https:\/\/enfoquenoticioso.com\/?p=3466","title":{"rendered":"exigencias de una oferta de empleo para ser \u201cKelly\u201d"},"content":{"rendered":"<div>\n<p>El colectivo de camareras de piso de Benidorm, popularmente conocidas por el neologismo de <em>Kellys<\/em> por \u201c<em>las quelimpian<\/em>\u201d, se han levantado en pie de guerra ante la publicaci\u00f3n de una oferta de empleo para una vacante de su gremio en Alicante.<\/p>\n<p><!-- BREAK 1 --> <\/p>\n<p>El colectivo mostraba su <a rel=\"noopener, noreferrer\" href=\"https:\/\/x.com\/kellysbenidorm\/status\/1792642726149689766\">indignaci\u00f3n desde su perfil en X<\/a>, donde publicaba la captura de una <a rel=\"noopener, noreferrer\" href=\"https:\/\/www.infojobs.net\/benidorm\/camarero-pisos-hoteles-4*\/of-i3b91c4596b43bcbfc97a171d69673e\" target=\"_blank\">oferta de empleo publicada<\/a> por la empresa de servicios hoteleros Grupo Eulen en el portal de empleo InfoJobs y replicada en el portal de Comboi Jobs, aunque parece que ya se ha eliminado de este \u00faltimo.<\/p>\n<p><!-- BREAK 2 --><\/p>\n<p><strong>La oferta de empleo inicial<\/strong>. En la oferta de empleo que el perfil de @kellysbenidormcuya compart\u00eda pod\u00eda leerse que se anunciaba la vacante de un puesto de camarera\/o de piso en hoteles de tres y cuatro estrellas. Entre los requisitos de la vacante, se ped\u00eda tener al menos un a\u00f1o de experiencia, ser \u201cpluriling\u00fce\u201d, tener \u201cexcelente presentaci\u00f3n y alto nivel de aseo personal\u201d y \u201cResiliencia ante los contratiempos\u201d. A cambio de esos requisitos, se ofrec\u00eda un contrato fijo discontinuo y 30 horas semanales por 1.290 euros al mes.<\/p>\n<p><!-- BREAK 3 --> <\/p>\n<p>Representantes de las camareras de piso de Benidorm y la Marina han declarado su indignaci\u00f3n ante <a rel=\"noopener, noreferrer\" href=\"https:\/\/cadenaser.com\/radio-benidorm\/\" target=\"_blank\">los micr\u00f3fonos<\/a> de <em>Radio Benidorm<\/em> ante los requisitos de la oferta.<\/p>\n<p><!-- BREAK 4 --><\/p>\n<div class=\"article-asset-image article-asset-normal article-asset-center\">\n<div class=\"asset-content\">\n<div class=\"caption-img \">\n                    <a rel=\"noopener, noreferrer\" href=\"https:\/\/x.com\/kellysbenidorm\/status\/1792642726149689766\"><br \/>\n         <img class=\"centro_sinmarco\" height=\"1602\" width=\"1640\" loading=\"lazy\" decoding=\"async\" sizes=\"auto, 100vw\" fetchpriority=\"high\" srcset=\"https:\/\/i.blogs.es\/da36d7\/kellys_1\/450_1000.jpeg 450w, https:\/\/i.blogs.es\/da36d7\/kellys_1\/650_1200.jpeg 681w,https:\/\/i.blogs.es\/da36d7\/kellys_1\/1024_2000.jpeg 1024w, https:\/\/i.blogs.es\/da36d7\/kellys_1\/1366_2000.jpeg 1366w\" src=\"https:\/\/i.blogs.es\/da36d7\/kellys_1\/450_1000.jpeg\" alt=\"Atentos a los requisitos para  trabajar de camarera de pisos.  alto nivel de aseo personal  como si fu\u00e9ramos sucias a trabajar . Resiliencia ante los contratiempos (adaptarse a situaciones de estr\u00e9s ) y subcontratada , ni siquiera en plantilla  saber idiomas\"\/><br \/>\n    <img decoding=\"async\" alt=\"Atentos a los requisitos para  trabajar de camarera de pisos.  alto nivel de aseo personal  como si fu\u00e9ramos sucias a trabajar . Resiliencia ante los contratiempos (adaptarse a situaciones de estr\u00e9s ) y subcontratada , ni siquiera en plantilla  saber idiomas\" class=\"centro_sinmarco\" src=\"https:\/\/i.blogs.es\/da36d7\/kellys_1\/450_1000.jpeg\"\/><br \/>\n     <\/a><\/p>\n<p>        <span>Pulsa sobre la imagen para acceder al mensaje original<\/span>\n   <\/div>\n<\/p><\/div>\n<\/div>\n<p><strong>\u201cExcelente presentaci\u00f3n y alto nivel de personal\u201d<\/strong>. Yolanda Garc\u00eda, portavoz del colectivo de <em>Las Kellys de Benidorm<\/em>, explicaba que \u201cSe supone que nosotras vamos aseadas al trabajo, c\u00f3mo no, aunque salimos sudadas y cansadas despu\u00e9s de una jornada muy dura en la que debemos limpiar un m\u00ednimo de 22 habitaciones por persona y d\u00eda. Pero sucias no vamos a trabajar. Me parece una falta de respeto\u201d.<\/p>\n<p><!-- BREAK 5 --><\/p>\n<p><strong>\u201cResiliencia ante los contratiempos\u201d<\/strong>. <a rel=\"noopener, noreferrer\" href=\"https:\/\/x.com\/kellysbenidorm\/status\/1792648498522837076\">Igualmente indignadas<\/a> se mostraban desde el colectivo de camareras de piso ante el requisito de \u201cresiliencia ante los contratiempos\u201d. Seg\u00fan Yolanda Garc\u00eda, desde la oferta de trabajo, ya te est\u00e1 indicando que el puesto no cumple con las condiciones de <a href=\"https:\/\/www.xataka.com\/empresas-y-economia\/riesgos-salud-laboral-bajan-plano-fisico-aumentan-mental-carga-ritmo-trabajo-ha-aumentado-ultimos-anos\" target=\"_blank\" rel=\"noopener\">riesgos laborales<\/a>. \u201cLa petici\u00f3n de resiliencia ya pide que se adapten bien a la adversidad o a situaciones de estr\u00e9s y no tengas que medicarte para soportar tu situaci\u00f3n laboral. Ya te est\u00e1n diciendo que tu trabajo va a ser estresante y agobiante, y que tienes que adaptarse a eso\u201d.<\/p>\n<p><!-- BREAK 6 --> <\/p>\n<p>La representante de las limpiadoras aprovech\u00f3 la para recordar que las empresas deben cumplir la ley de prevenci\u00f3n de riesgos laborales. Seg\u00fan <a rel=\"noopener, noreferrer\" href=\"https:\/\/www.publico.es\/sociedad\/riesgos-laborales-70-camareras-piso-consume-farmacos-manera-habitual-dolor-muscular-ansiedad.html\" target=\"_blank\">publicaba<\/a> el diario <em>P\u00fablico<\/em>, el 71,5% de las camareras de piso toma f\u00e1rmacos contra el dolor con entre cuatro y siete zonas de dolor, cuatro de cada 10 presenta s\u00edntomas depresivos, el 95,9% sufre cuadros cl\u00ednicos de <a href=\"https:\/\/www.xataka.com\/medicina-y-salud\/estres-laboral-como-germen-depresion-presion-trabajo-potencia-trastornos-mentales\" target=\"_blank\" rel=\"noopener\">ansiedad a causa de las condiciones de su trabajo<\/a>.<\/p>\n<p><!-- BREAK 7 --><\/p>\n<div class=\"article-asset article-asset-normal article-asset-center\">\n<div class=\"desvio-container\">\n<div class=\"desvio\">\n<div class=\"desvio-figure js-desvio-figure\">\n    <a href=\"https:\/\/www.xataka.com\/ecologia-y-naturaleza\/miedo-a-benidorm-cantabrico-como-turismo-se-esta-trasladando-poco-a-poco-al-norte-espana\" target=\"_blank\" rel=\"noopener\"><br \/>\n     <img loading=\"lazy\" decoding=\"async\" alt=\"Miedo a un Benidorm en el Cant\u00e1brico: c\u00f3mo el turismo se est\u00e1 trasladando poco a poco al norte de Espa\u00f1a\" width=\"375\" height=\"142\" src=\"https:\/\/i.blogs.es\/f950e1\/43312371682_bcca90d866_k\/375_142.jpeg\"\/><br \/>\n    <\/a>\n   <\/div>\n<\/p><\/div>\n<\/p><\/div>\n<\/div>\n<p><strong>\u201cPluriling\u00fce\u201d.<\/strong> A priori, exigir el uso de idiomas puede no llamar la atenci\u00f3n cuando se va a formar parte de un servicio hotelero, y m\u00e1s en <a href=\"https:\/\/www.xataka.com\/magnet\/verano-benidorm-temporada-baja-como-calor-extremo-esta-transformando-al-turismo-espana\" target=\"_blank\" rel=\"noopener\">una zona tan tur\u00edstica<\/a> como es la Marina alta y Benidorm. Sin embargo, no hay que olvidar que los servicios de limpieza est\u00e1n externalizados y no forman parte del personal del hotel.<\/p>\n<p><!-- BREAK 8 --><\/p>\n<p>La representante de las camareras de piso declaraba a El Pa\u00eds que \u201cCuando haces una habitaci\u00f3n, normalmente el cliente no est\u00e1. Tal vez te lo encuentras por el pasillo y te pide una almohada, pero lo normal es que lo haga a trav\u00e9s de la centralita\u201d.<\/p>\n<p><!-- BREAK 9 --><\/p>\n<p><strong>La rectificaci\u00f3n de la oferta<\/strong>. Tras la pol\u00e9mica generada por los requisitos que aparec\u00edan en la oferta de empleo original, la empresa solicitante ha modificado su anuncio. Se han retirado los requisitos de \u201cExcelente presentaci\u00f3n y alto nivel de personal\u201d y se hab\u00eda sustituido \u201cPluriling\u00fce\u201d por \u201cValorable otros idiomas\u201d.<\/p>\n<p><!-- BREAK 10 --> <\/p>\n<p>No obstante, sirva como aviso para navegantes, el requisito de \u201cResiliencia ante los contratiempos\u201d se mantiene en la versi\u00f3n modificada de la oferta de empleo.<\/p>\n<p><!-- BREAK 11 --><\/p>\n<p>En Xataka | <a href=\"https:\/\/www.xataka.com\/magnet\/soria-han-encargado-estudio-para-entender-falta-camareros-ahora-saben-que-se-explica-solo-dos-palabras\" target=\"_blank\" rel=\"noopener\">En Soria han encargado un estudio para entender la falta de camareros. Ahora saben que se explica con solo dos palabras<\/a><\/p>\n<p><!-- BREAK 12 --><\/p>\n<p>Imagen | Pexels (<a rel=\"noopener, noreferrer\" href=\"https:\/\/www.pexels.com\/es-es\/@liliana-drew\/\" target=\"_blank\">Liliana Drew<\/a>)<\/p>\n<p><!-- BREAK 13 --><\/p><\/div>\n<p><a href=\"https:\/\/www.xataka.com\/magnet\/kellys-pie-guerra-oferta-empleo-alto-nivel-aseo-plurilingue-resiliencia-contratiempos\" class=\" target=\" title=\"exigencias de una oferta de empleo para ser \u201cKelly\u201d\" target=\"_blank\" rel=\"noopener\">Ver fuente<\/a><\/p>\n","protected":false},"excerpt":{"rendered":"<p>El colectivo de camareras de piso de Benidorm, popularmente conocidas por el neologismo de Kellys por \u201clas quelimpian\u201d, se han levantado en pie de guerra ante la publicaci\u00f3n de una oferta de empleo para una vacante de su gremio en Alicante. El colectivo mostraba su indignaci\u00f3n desde su perfil en X, donde publicaba la captura [&hellip;]<\/p>\n","protected":false},"author":2,"featured_media":3467,"comment_status":"open","ping_status":"closed","sticky":false,"template":"","format":"standard","meta":{"footnotes":""},"categories":[9],"tags":[],"class_list":["post-3466","post","type-post","status-publish","format-standard","has-post-thumbnail","hentry","category-tecnologia"],"_links":{"self":[{"href":"https:\/\/enfoquenoticioso.com\/index.php?rest_route=\/wp\/v2\/posts\/3466","targetHints":{"allow":["GET"]}}],"collection":[{"href":"https:\/\/enfoquenoticioso.com\/index.php?rest_route=\/wp\/v2\/posts"}],"about":[{"href":"https:\/\/enfoquenoticioso.com\/index.php?rest_route=\/wp\/v2\/types\/post"}],"author":[{"embeddable":true,"href":"https:\/\/enfoquenoticioso.com\/index.php?rest_route=\/wp\/v2\/users\/2"}],"replies":[{"embeddable":true,"href":"https:\/\/enfoquenoticioso.com\/index.php?rest_route=%2Fwp%2Fv2%2Fcomments&post=3466"}],"version-history":[{"count":0,"href":"https:\/\/enfoquenoticioso.com\/index.php?rest_route=\/wp\/v2\/posts\/3466\/revisions"}],"wp:featuredmedia":[{"embeddable":true,"href":"https:\/\/enfoquenoticioso.com\/index.php?rest_route=\/wp\/v2\/media\/3467"}],"wp:attachment":[{"href":"https:\/\/enfoquenoticioso.com\/index.php?rest_route=%2Fwp%2Fv2%2Fmedia&parent=3466"}],"wp:term":[{"taxonomy":"category","embeddable":true,"href":"https:\/\/enfoquenoticioso.com\/index.php?rest_route=%2Fwp%2Fv2%2Fcategories&post=3466"},{"taxonomy":"post_tag","embeddable":true,"href":"https:\/\/enfoquenoticioso.com\/index.php?rest_route=%2Fwp%2Fv2%2Ftags&post=3466"}],"curies":[{"name":"wp","href":"https:\/\/api.w.org\/{rel}","templated":true}]}}