{"id":3468,"date":"2024-05-24T15:32:31","date_gmt":"2024-05-24T15:32:31","guid":{"rendered":"https:\/\/enfoquenoticioso.com\/actualidad\/camilo-ibrahim-issa-enterate-areas-verdes-que-son-cuales-son-sus-beneficios-en-un-entorno-urbano\/"},"modified":"2024-05-24T15:32:31","modified_gmt":"2024-05-24T15:32:31","slug":"camilo-ibrahim-issa-enterate-areas-verdes-que-son-cuales-son-sus-beneficios-en-un-entorno-urbano","status":"publish","type":"post","link":"https:\/\/enfoquenoticioso.com\/?p=3468","title":{"rendered":"Camilo Ibrahim Issa | \u00a1Ent\u00e9rate! \u00c1reas verdes: \u00bfQu\u00e9 son? \u00bfCu\u00e1les son sus beneficios en un entorno urbano?"},"content":{"rendered":"<div>\n<p><strong><em>DAT.-<\/em><\/strong> Un \u00e1rea es una superficie que se desarrolla dentro de ciertos l\u00edmites. Verde, por su parte, es el color que se forma a partir de la combinaci\u00f3n de azul con amarillo y que se asocia a la tonalidad que suelen exhibir las hojas de las plantas. Un <strong><a href=\"https:\/\/definicion.de\/areas-verdes\/\" data-type=\"link\" data-id=\"https:\/\/definicion.de\/areas-verdes\/\" target=\"_blank\" rel=\"noopener\">\u00e1rea verde<\/a><\/strong>, por lo tanto, es <strong>un terreno que se caracteriza por la presencia de vegetaci\u00f3n<\/strong>.<\/p>\n<p>Explica <strong>Camilo Ibrahim Issa<\/strong> que <strong>un bosque, una selva, un parque y un jard\u00edn son \u00e1reas verdes<\/strong> que pueden tener caracter\u00edsticas muy distintas entre s\u00ed. Hay \u00e1reas verdes que se desarrollan por acci\u00f3n natural. Otras, en cambio, son creadas por el hombre que impulsa el cultivo de las plantas con alg\u00fan fin.<\/p>\n<p>Las \u00e1reas verdes tienen una gran importancia para la vida. <strong>Las plantas se encargan de absorber el di\u00f3xido de carbono de la atm\u00f3sfera y liberan ox\u00edgeno<\/strong>. Adem\u00e1s, ayudan a regular las temperaturas y reducen el impacto de la erosi\u00f3n. Sin \u00e1reas verdes, la vida no ser\u00eda posible.<\/p>\n<div id=\"ez-toc-container\" class=\"ez-toc-v2_0_81 counter-hierarchy ez-toc-counter ez-toc-grey ez-toc-container-direction\">\n<div class=\"ez-toc-title-container\">\n<p class=\"ez-toc-title\" style=\"cursor:inherit\">Tabla de Contenido<\/p>\n<span class=\"ez-toc-title-toggle\"><a href=\"#\" class=\"ez-toc-pull-right ez-toc-btn ez-toc-btn-xs ez-toc-btn-default ez-toc-toggle\" aria-label=\"Alternar tabla de contenidos\"><span class=\"ez-toc-js-icon-con\"><span class=\"\"><span class=\"eztoc-hide\" style=\"display:none;\">Toggle<\/span><span class=\"ez-toc-icon-toggle-span\"><svg style=\"fill: #999;color:#999\" xmlns=\"http:\/\/www.w3.org\/2000\/svg\" class=\"list-377408\" width=\"20px\" height=\"20px\" viewBox=\"0 0 24 24\" fill=\"none\"><path d=\"M6 6H4v2h2V6zm14 0H8v2h12V6zM4 11h2v2H4v-2zm16 0H8v2h12v-2zM4 16h2v2H4v-2zm16 0H8v2h12v-2z\" fill=\"currentColor\"><\/path><\/svg><svg style=\"fill: #999;color:#999\" class=\"arrow-unsorted-368013\" xmlns=\"http:\/\/www.w3.org\/2000\/svg\" width=\"10px\" height=\"10px\" viewBox=\"0 0 24 24\" version=\"1.2\" baseProfile=\"tiny\"><path d=\"M18.2 9.3l-6.2-6.3-6.2 6.3c-.2.2-.3.4-.3.7s.1.5.3.7c.2.2.4.3.7.3h11c.3 0 .5-.1.7-.3.2-.2.3-.5.3-.7s-.1-.5-.3-.7zM5.8 14.7l6.2 6.3 6.2-6.3c.2-.2.3-.5.3-.7s-.1-.5-.3-.7c-.2-.2-.4-.3-.7-.3h-11c-.3 0-.5.1-.7.3-.2.2-.3.5-.3.7s.1.5.3.7z\"\/><\/svg><\/span><\/span><\/span><\/a><\/span><\/div>\n<nav><ul class='ez-toc-list ez-toc-list-level-1 ' ><ul class='ez-toc-list-level-5' ><li class='ez-toc-heading-level-5'><ul class='ez-toc-list-level-5' ><li class='ez-toc-heading-level-5'><ul class='ez-toc-list-level-5' ><li class='ez-toc-heading-level-5'><a class=\"ez-toc-link ez-toc-heading-1\" href=\"https:\/\/enfoquenoticioso.com\/?p=3468\/#LEA_TAMBIEN_Camilo_Ibrahim_Issa_%C2%A1Conocelos_7_errores_comunes_en_la_planificacion_urbana_contemporanea\" >LEA TAMBI\u00c9N | Camilo Ibrahim Issa | \u00a1Con\u00f3celos! 7 errores comunes en la planificaci\u00f3n urbana contempor\u00e1nea<\/a><\/li><\/ul><\/li><\/ul><\/li><\/ul><\/li><li class='ez-toc-page-1 ez-toc-heading-level-2'><a class=\"ez-toc-link ez-toc-heading-2\" href=\"https:\/\/enfoquenoticioso.com\/?p=3468\/#Beneficios_de_las_areas_verdes\" >Beneficios de las \u00e1reas verdes<\/a><\/li><\/ul><\/nav><\/div>\n<h5 class=\"wp-block-heading\"><span class=\"ez-toc-section\" id=\"LEA_TAMBIEN_Camilo_Ibrahim_Issa_%C2%A1Conocelos_7_errores_comunes_en_la_planificacion_urbana_contemporanea\"><\/span><span id=\"LEA_TAMBIEN_Camilo_Ibrahim_Issa_Conocelos_7_errores_comunes_en_la_planificacion_urbana_contemporanea\">LEA TAMBI\u00c9N | <a href=\"https:\/\/dateando.com\/reportero-dateando\/camilo-ibrahim-issa-7-errores-comunes-planificacion-urbana-contemporanea\/\" target=\"_blank\" rel=\"noopener\">Camilo Ibrahim Issa | \u00a1Con\u00f3celos! 7 errores comunes en la planificaci\u00f3n urbana contempor\u00e1nea<\/a><\/span><span class=\"ez-toc-section-end\"><\/span><\/h5>\n<p>En los <strong>entornos urbanos<\/strong>, las <strong>\u00e1reas verdes son imprescindibles para contrarrestar el efecto de la contaminaci\u00f3n<\/strong>. Las grandes ciudades cuentan con industrias desarrolladas y un elevado tr\u00e1fico vehicular: los \u00e1rboles y las plantas de las \u00e1reas verdes captan parte del di\u00f3xido de carbono que emiten y lo transforman en ox\u00edgeno.<\/p>\n<p>Por eso deben reservarse terrenos como <strong>parques, plazas y jardines<\/strong> y <strong>evitar que se construyan edificios en toda la superficie<\/strong> ya que, de lo contrario, el equilibrio ecol\u00f3gico resulta muy lejano.<\/p>\n<h2 class=\"wp-block-heading\"><span class=\"ez-toc-section\" id=\"Beneficios_de_las_areas_verdes\"><\/span><span id=\"Beneficios_de_las_areas_verdes\">Beneficios de las \u00e1reas verdes<\/span><span class=\"ez-toc-section-end\"><\/span><\/h2>\n<p>Como pulmones verdes tambi\u00e9n se denominan a esas \u00e1reas verdes que se crean o existen en ciudades. Las mismas, adem\u00e1s de las ya citadas, traen consigo otra importante serie de <strong>ventajas<\/strong> tales como las siguientes:<\/p>\n<ul>\n<li>Ayudan a mejorar la calidad de vida de los vecinos.<\/li>\n<li>Se convierten en enclaves perfectos para poder luchar contra el estr\u00e9s y la ansiedad. Y es que son espacios estupendos para relajarse, leer un libro, tumbarse en el c\u00e9sped, tomar el sol\u2026<\/li>\n<li>Se determina, del mismo modo, que fomentan la creatividad de los individuos.<\/li>\n<li>Les permiten interactuar con la Naturaleza y aprender a respetarla.<\/li>\n<li>Dan la posibilidad de practicar distintos deportes al aire libre.<\/li>\n<\/ul>\n<p><strong><em>(Con informaci\u00f3n de Camilo Ibrahim Issa)<\/em><\/strong><\/p>\n<\/p><\/div>\n<p><a href=\"https:\/\/dateando.com\/reportero-dateando\/camilo-ibrahim-issa-areas-verdes\/\" class=\" target=\" title=\"Camilo Ibrahim Issa | \u00a1Ent\u00e9rate! \u00c1reas verdes: \u00bfQu\u00e9 son? \u00bfCu\u00e1les son sus beneficios en un entorno urbano?\" target=\"_blank\" rel=\"noopener\">Ver fuente<\/a><\/p>\n","protected":false},"excerpt":{"rendered":"<p>DAT.- Un \u00e1rea es una superficie que se desarrolla dentro de ciertos l\u00edmites. Verde, por su parte, es el color que se forma a partir de la combinaci\u00f3n de azul con amarillo y que se asocia a la tonalidad que suelen exhibir las hojas de las plantas. Un \u00e1rea verde, por lo tanto, es un [&hellip;]<\/p>\n","protected":false},"author":2,"featured_media":3469,"comment_status":"open","ping_status":"closed","sticky":false,"template":"","format":"standard","meta":{"footnotes":""},"categories":[11],"tags":[],"class_list":["post-3468","post","type-post","status-publish","format-standard","has-post-thumbnail","hentry","category-actualidad"],"_links":{"self":[{"href":"https:\/\/enfoquenoticioso.com\/index.php?rest_route=\/wp\/v2\/posts\/3468","targetHints":{"allow":["GET"]}}],"collection":[{"href":"https:\/\/enfoquenoticioso.com\/index.php?rest_route=\/wp\/v2\/posts"}],"about":[{"href":"https:\/\/enfoquenoticioso.com\/index.php?rest_route=\/wp\/v2\/types\/post"}],"author":[{"embeddable":true,"href":"https:\/\/enfoquenoticioso.com\/index.php?rest_route=\/wp\/v2\/users\/2"}],"replies":[{"embeddable":true,"href":"https:\/\/enfoquenoticioso.com\/index.php?rest_route=%2Fwp%2Fv2%2Fcomments&post=3468"}],"version-history":[{"count":0,"href":"https:\/\/enfoquenoticioso.com\/index.php?rest_route=\/wp\/v2\/posts\/3468\/revisions"}],"wp:featuredmedia":[{"embeddable":true,"href":"https:\/\/enfoquenoticioso.com\/index.php?rest_route=\/wp\/v2\/media\/3469"}],"wp:attachment":[{"href":"https:\/\/enfoquenoticioso.com\/index.php?rest_route=%2Fwp%2Fv2%2Fmedia&parent=3468"}],"wp:term":[{"taxonomy":"category","embeddable":true,"href":"https:\/\/enfoquenoticioso.com\/index.php?rest_route=%2Fwp%2Fv2%2Fcategories&post=3468"},{"taxonomy":"post_tag","embeddable":true,"href":"https:\/\/enfoquenoticioso.com\/index.php?rest_route=%2Fwp%2Fv2%2Ftags&post=3468"}],"curies":[{"name":"wp","href":"https:\/\/api.w.org\/{rel}","templated":true}]}}