{"id":3472,"date":"2024-05-24T16:36:40","date_gmt":"2024-05-24T16:36:40","guid":{"rendered":"https:\/\/enfoquenoticioso.com\/deporte\/joan-laporta-despidio-a-xavi-hernandez-de-barcelona\/"},"modified":"2024-05-24T16:36:40","modified_gmt":"2024-05-24T16:36:40","slug":"joan-laporta-despidio-a-xavi-hernandez-de-barcelona","status":"publish","type":"post","link":"https:\/\/enfoquenoticioso.com\/?p=3472","title":{"rendered":"Joan Laporta despidi\u00f3 a Xavi Hern\u00e1ndez de Barcelona"},"content":{"rendered":"<div id=\"post-529202\">\n<div class=\"entry-thumbnail\">\n<img width=\"716\" height=\"437\" src=\"https:\/\/i0.wp.com\/noticiasaldiayalahora.co\/wp-content\/uploads\/2024\/05\/Xavi-Hernandez.jpg?resize=716%2C437&amp;ssl=1\" class=\"attachment-content-single size-content-single wp-post-image\" alt=\"\" decoding=\"async\" fetchpriority=\"high\"\/><\/div>\n<p class=\"entry-meta\">\n<span class=\"entry-meta-author vcard author\">Por: <a class=\"fn\" href=\"https:\/\/noticiasaldiayalahora.co\/author\/redaccion\/\" target=\"_blank\" rel=\"noopener\">Redacci\u00f3n Noticias al Dia y a la Hora<\/a><\/span><br \/>\n<span class=\"entry-meta-date updated\">24 mayo, 2024<\/span>\n<\/p>\n<div class=\"entry-content clearfix\">\n<p>Cuando el r\u00edo suena\u2026 Finalmente, <strong>Joan Laporta<\/strong>\u00a0<strong>no le perdon\u00f3 las declaraciones<\/strong>\u00a0de la semana pasada y<strong>\u00a0despidi\u00f3 a Xavi Hern\u00e1ndez como DT del Barcelona<\/strong>\u00a0m\u00e1s all\u00e1 de que el ex futbolista estaba listo para seguir en el cargo. El alem\u00e1n\u00a0<strong>Hansi Flick\u00a0<\/strong>tiene todos los n\u00fameros para ser su reemplazante. <span id=\"more-529202\"\/><\/p>\n<p>por <strong>Cr\u00f3nica<\/strong><\/p>\n<p>El presidente del club se hizo presente en las instalaciones mientras se terminaba el entrenamiento y\u00a0le comunic\u00f3 su decisi\u00f3n al DT, que dirigir\u00e1 el encuentro ante<strong>\u00a0Sevilla<\/strong>\u00a0de este domingo por la \u00faltima fecha de<strong>\u00a0La Liga<\/strong>\u00a0y luego se ir\u00e1. Seg\u00fan informaron medios catalanes,\u00a0el lunes anunciar\u00edan a su reemplazante, Hansi Flick, ex DT de\u00a0<strong>Bayern M\u00fanich<\/strong>\u00a0y la<strong>\u00a0Selecci\u00f3n de Alemania.<\/strong><\/p>\n<p>En medio de la temporada, las cosas no iban bien para\u00a0Barcelona, que ya hab\u00eda quedado lejos de\u00a0<strong>Real Madrid\u00a0<\/strong>en La\u00a0Liga\u00a0y eliminado prematuramente de la\u00a0<strong>Copa del Rey.<\/strong>\u00a0Es por eso que\u00a0Xavi Hern\u00e1ndez hab\u00eda anunciado que se ir\u00eda del club a mediados de 2024.\u00a0Sin embargo, el buen rendimiento del equipo en la\u00a0<strong>Champions League\u00a0<\/strong>y la clara mejor\u00eda en el torneo local lo hicieron cambiar de opini\u00f3n y\u00a0el 25 de abril confirm\u00f3 que cumplir\u00eda su contrato hasta junio de 2025.<\/p>\n<p>De todas maneras, en conferencia de prensa previa al choque contra Almer\u00eda del jueves 16 de mayo declar\u00f3 que\u00a0<strong><em>\u00abser\u00e1 dif\u00edcil competir con el Real Madrid porque la situaci\u00f3n econ\u00f3mica del club hace m\u00e1s complicado reforzar al equipo\u00bb<\/em><\/strong>\u00a0a diferencia de a\u00f1os anteriores. Estos dichos\u00a0no gustaron nada a Laporta, quien finalmente\u00a0tom\u00f3 la decisi\u00f3n de echarlo.<\/p>\n<div id=\"ez-toc-container\" class=\"ez-toc-v2_0_81 counter-hierarchy ez-toc-counter ez-toc-grey ez-toc-container-direction\">\n<div class=\"ez-toc-title-container\">\n<p class=\"ez-toc-title\" style=\"cursor:inherit\">Tabla de Contenido<\/p>\n<span class=\"ez-toc-title-toggle\"><a href=\"#\" class=\"ez-toc-pull-right ez-toc-btn ez-toc-btn-xs ez-toc-btn-default ez-toc-toggle\" aria-label=\"Alternar tabla de contenidos\"><span class=\"ez-toc-js-icon-con\"><span class=\"\"><span class=\"eztoc-hide\" style=\"display:none;\">Toggle<\/span><span class=\"ez-toc-icon-toggle-span\"><svg style=\"fill: #999;color:#999\" xmlns=\"http:\/\/www.w3.org\/2000\/svg\" class=\"list-377408\" width=\"20px\" height=\"20px\" viewBox=\"0 0 24 24\" fill=\"none\"><path d=\"M6 6H4v2h2V6zm14 0H8v2h12V6zM4 11h2v2H4v-2zm16 0H8v2h12v-2zM4 16h2v2H4v-2zm16 0H8v2h12v-2z\" fill=\"currentColor\"><\/path><\/svg><svg style=\"fill: #999;color:#999\" class=\"arrow-unsorted-368013\" xmlns=\"http:\/\/www.w3.org\/2000\/svg\" width=\"10px\" height=\"10px\" viewBox=\"0 0 24 24\" version=\"1.2\" baseProfile=\"tiny\"><path d=\"M18.2 9.3l-6.2-6.3-6.2 6.3c-.2.2-.3.4-.3.7s.1.5.3.7c.2.2.4.3.7.3h11c.3 0 .5-.1.7-.3.2-.2.3-.5.3-.7s-.1-.5-.3-.7zM5.8 14.7l6.2 6.3 6.2-6.3c.2-.2.3-.5.3-.7s-.1-.5-.3-.7c-.2-.2-.4-.3-.7-.3h-11c-.3 0-.5.1-.7.3-.2.2-.3.5-.3.7s.1.5.3.7z\"\/><\/svg><\/span><\/span><\/span><\/a><\/span><\/div>\n<nav><ul class='ez-toc-list ez-toc-list-level-1 ' ><li class='ez-toc-page-1 ez-toc-heading-level-4'><a class=\"ez-toc-link ez-toc-heading-1\" href=\"https:\/\/enfoquenoticioso.com\/?p=3472\/#Sigue_al_canal_de_noticias_en_Whatsaap\" >Sigue al canal de noticias en Whatsaap\u00a0<\/a><\/li><\/ul><\/nav><\/div>\n<h4><span class=\"ez-toc-section\" id=\"Sigue_al_canal_de_noticias_en_Whatsaap\"><\/span><strong><a href=\"https:\/\/whatsapp.com\/channel\/0029VaDXFnLId7nFFiDdVI26?fbclid=IwAR1LnVJqcByTELJH4Ht086FYRmdx18pRnV7CrkzmTJ5JaLHYY0igukfL9Yk\" target=\"_blank\" rel=\"noopener\">Sigue al canal de noticias en Whatsaap\u00a0<\/a><\/strong><span class=\"ez-toc-section-end\"><\/span><\/h4>\n<\/div>\n<\/div>\n<p><a href=\"https:\/\/noticiasaldiayalahora.co\/deportes\/joan-laporta-despidio-a-xavi-hernandez-de-barcelona\/\" class=\" target=\" title=\"Joan Laporta despidi\u00f3 a Xavi Hern\u00e1ndez de Barcelona\" target=\"_blank\" rel=\"noopener\">Ver fuente<\/a><\/p>\n","protected":false},"excerpt":{"rendered":"<p>Por: Redacci\u00f3n Noticias al Dia y a la Hora 24 mayo, 2024 Cuando el r\u00edo suena\u2026 Finalmente, Joan Laporta\u00a0no le perdon\u00f3 las declaraciones\u00a0de la semana pasada y\u00a0despidi\u00f3 a Xavi Hern\u00e1ndez como DT del Barcelona\u00a0m\u00e1s all\u00e1 de que el ex futbolista estaba listo para seguir en el cargo. El alem\u00e1n\u00a0Hansi Flick\u00a0tiene todos los n\u00fameros para ser [&hellip;]<\/p>\n","protected":false},"author":2,"featured_media":3473,"comment_status":"open","ping_status":"closed","sticky":false,"template":"","format":"standard","meta":{"footnotes":""},"categories":[7],"tags":[],"class_list":["post-3472","post","type-post","status-publish","format-standard","has-post-thumbnail","hentry","category-deporte"],"_links":{"self":[{"href":"https:\/\/enfoquenoticioso.com\/index.php?rest_route=\/wp\/v2\/posts\/3472","targetHints":{"allow":["GET"]}}],"collection":[{"href":"https:\/\/enfoquenoticioso.com\/index.php?rest_route=\/wp\/v2\/posts"}],"about":[{"href":"https:\/\/enfoquenoticioso.com\/index.php?rest_route=\/wp\/v2\/types\/post"}],"author":[{"embeddable":true,"href":"https:\/\/enfoquenoticioso.com\/index.php?rest_route=\/wp\/v2\/users\/2"}],"replies":[{"embeddable":true,"href":"https:\/\/enfoquenoticioso.com\/index.php?rest_route=%2Fwp%2Fv2%2Fcomments&post=3472"}],"version-history":[{"count":0,"href":"https:\/\/enfoquenoticioso.com\/index.php?rest_route=\/wp\/v2\/posts\/3472\/revisions"}],"wp:featuredmedia":[{"embeddable":true,"href":"https:\/\/enfoquenoticioso.com\/index.php?rest_route=\/wp\/v2\/media\/3473"}],"wp:attachment":[{"href":"https:\/\/enfoquenoticioso.com\/index.php?rest_route=%2Fwp%2Fv2%2Fmedia&parent=3472"}],"wp:term":[{"taxonomy":"category","embeddable":true,"href":"https:\/\/enfoquenoticioso.com\/index.php?rest_route=%2Fwp%2Fv2%2Fcategories&post=3472"},{"taxonomy":"post_tag","embeddable":true,"href":"https:\/\/enfoquenoticioso.com\/index.php?rest_route=%2Fwp%2Fv2%2Ftags&post=3472"}],"curies":[{"name":"wp","href":"https:\/\/api.w.org\/{rel}","templated":true}]}}