{"id":3506,"date":"2024-05-24T22:23:27","date_gmt":"2024-05-24T22:23:27","guid":{"rendered":"https:\/\/enfoquenoticioso.com\/deporte\/clara-fuentes-impone-record-de-las-americas\/"},"modified":"2024-05-24T22:23:27","modified_gmt":"2024-05-24T22:23:27","slug":"clara-fuentes-impone-record-de-las-americas","status":"publish","type":"post","link":"https:\/\/enfoquenoticioso.com\/?p=3506","title":{"rendered":"Clara Fuentes impone r\u00e9cord de las Am\u00e9ricas"},"content":{"rendered":"<div data-td-block-uid=\"tdi_91\">\n<div class=\"tdb-block-inner td-fix-index\">\n<p>Este viernes la venezolana Clara Fuentes se colg\u00f3 la medalla de oro en el en en la World Cup de Para Powerlifting, adem\u00e1s de imponer r\u00e9cord de las Am\u00e9ricas con 116 kilos levantados.<\/p>\n<p>Mientras que la plata fue para la chilena Camila Campos con un levantamiento de 115kg, cerrando el podio con medalla de bronce Egipto con Omaima Omar con su mejor levantamiento en 81kg.<\/p>\n<p>La paraatleta criolla hizo historia en el certamen que se lleva a cabo en Acapulco, M\u00e9xico, tras levantar un peso total de 319\u00a0 kilogramos, en la categor\u00eda de los 50 kg.\u00a0<\/p>\n<figure class=\"wp-block-embed is-type-rich is-provider-instagram wp-block-embed-instagram\"\/>\n<p>Fuentes sigue en la lucha por obtener su boleto a los Juegos Paral\u00edmpicos, Par\u00eds 2024, Venezuela con una delegaci\u00f3n de siete paraatleta cifra que se espera siga creciendo en los siguientes d\u00edas.<\/p>\n<p>Por Venezuela tambi\u00e9n estar\u00e1n compitiendo en el certamen los paraatletas Wuinawis Hern\u00e1ndez en la categor\u00eda de los 55 Kg y Jos\u00e9 P\u00e9rez en los 107 kg.<\/p>\n<p><strong>Lee tambi\u00e9n: <a href=\"https:\/\/www.liderendeportes.com\/noticias\/mas-deportes\/lisbeli-vera-gano-su-pase-a-los-paralimpicos\/\" target=\"_blank\" rel=\"noopener\">Lisbeli Vera gan\u00f3 su pase a los Paral\u00edmpicos<\/a><\/strong><\/p>\n<p>Este campeonato dio inicio el pasado 22 de mayo y se extender\u00e1 hasta el domingo 26, en la ciudad mexicana se concentran 128 deportistas de 18 pa\u00edses quienes estar\u00e1n buscando su clasificaci\u00f3n a Par\u00eds.\u00a0<\/p>\n<\/div>\n<\/div>\n<p><a href=\"https:\/\/www.liderendeportes.com\/noticias\/mas-deportes\/clara-fuentes-impone-record-de-las-americas\/\" class=\" target=\" title=\"Clara Fuentes impone r\u00e9cord de las Am\u00e9ricas\" target=\"_blank\" rel=\"noopener\">Ver fuente<\/a><\/p>\n","protected":false},"excerpt":{"rendered":"<p>Este viernes la venezolana Clara Fuentes se colg\u00f3 la medalla de oro en el en en la World Cup de Para Powerlifting, adem\u00e1s de imponer r\u00e9cord de las Am\u00e9ricas con 116 kilos levantados. Mientras que la plata fue para la chilena Camila Campos con un levantamiento de 115kg, cerrando el podio con medalla de bronce [&hellip;]<\/p>\n","protected":false},"author":2,"featured_media":3507,"comment_status":"open","ping_status":"closed","sticky":false,"template":"","format":"standard","meta":{"footnotes":""},"categories":[7],"tags":[],"class_list":["post-3506","post","type-post","status-publish","format-standard","has-post-thumbnail","hentry","category-deporte"],"_links":{"self":[{"href":"https:\/\/enfoquenoticioso.com\/index.php?rest_route=\/wp\/v2\/posts\/3506","targetHints":{"allow":["GET"]}}],"collection":[{"href":"https:\/\/enfoquenoticioso.com\/index.php?rest_route=\/wp\/v2\/posts"}],"about":[{"href":"https:\/\/enfoquenoticioso.com\/index.php?rest_route=\/wp\/v2\/types\/post"}],"author":[{"embeddable":true,"href":"https:\/\/enfoquenoticioso.com\/index.php?rest_route=\/wp\/v2\/users\/2"}],"replies":[{"embeddable":true,"href":"https:\/\/enfoquenoticioso.com\/index.php?rest_route=%2Fwp%2Fv2%2Fcomments&post=3506"}],"version-history":[{"count":0,"href":"https:\/\/enfoquenoticioso.com\/index.php?rest_route=\/wp\/v2\/posts\/3506\/revisions"}],"wp:featuredmedia":[{"embeddable":true,"href":"https:\/\/enfoquenoticioso.com\/index.php?rest_route=\/wp\/v2\/media\/3507"}],"wp:attachment":[{"href":"https:\/\/enfoquenoticioso.com\/index.php?rest_route=%2Fwp%2Fv2%2Fmedia&parent=3506"}],"wp:term":[{"taxonomy":"category","embeddable":true,"href":"https:\/\/enfoquenoticioso.com\/index.php?rest_route=%2Fwp%2Fv2%2Fcategories&post=3506"},{"taxonomy":"post_tag","embeddable":true,"href":"https:\/\/enfoquenoticioso.com\/index.php?rest_route=%2Fwp%2Fv2%2Ftags&post=3506"}],"curies":[{"name":"wp","href":"https:\/\/api.w.org\/{rel}","templated":true}]}}