{"id":3512,"date":"2024-05-24T23:15:16","date_gmt":"2024-05-24T23:15:16","guid":{"rendered":"https:\/\/enfoquenoticioso.com\/deporte\/el-deportivo-tachira-blindo-su-porteria\/"},"modified":"2024-05-24T23:15:16","modified_gmt":"2024-05-24T23:15:16","slug":"el-deportivo-tachira-blindo-su-porteria","status":"publish","type":"post","link":"https:\/\/enfoquenoticioso.com\/?p=3512","title":{"rendered":"El Deportivo T\u00e1chira blind\u00f3 su porter\u00eda"},"content":{"rendered":"<div data-td-block-uid=\"tdi_91\">\n<div class=\"tdb-block-inner td-fix-index\">\n<p>El Deportivo T\u00e1chira asegur\u00f3 a dos de sus piezas m\u00e1s importantes para el venidero torneo Clausura 2024. Este jueves el carrusel aurinegro anunci\u00f3 la renovaci\u00f3n de Alejandro Araque y Jes\u00fas Camargo.<\/p>\n<p>Ambos arqueros extendieron su contrato hasta diciembre del 2026, asi lo anunci\u00f3 el conjunto tachirense en sus redes sociales.<\/p>\n<p>Cabe destacar que Araque ya tiene varios a\u00f1os al frente del arco aurinegro, siendo campe\u00f3n en 2023 y en 2024 disputando la fase de grupos de la Copa Libertadores y la Liga FUTVE.<\/p>\n<figure class=\"wp-block-embed is-type-rich is-provider-twitter wp-block-embed-twitter\">\n<div class=\"wp-block-embed__wrapper\">\n<blockquote class=\"twitter-tweet\" data-width=\"550\" data-dnt=\"true\">\n<p lang=\"es\" dir=\"ltr\">\u00a1El p\u00f3rtico AURINEGRO seguir\u00e1 blindado! \ud83e\udd45\ud83d\udd10<\/p>\n<p>\ud83d\udd25 Alejandro Araque y Jes\u00fas Camargo extendieron su v\u00ednculo con el CAMPE\u00d3N \ud83c\uddfb\ud83c\uddea hasta diciembre de 2026, reafirmando el compromiso de defenderla con HONOR, y seguir brind\u00e1ndole alegr\u00edas a la hinchada AURINEGRA \u2b50\ufe0f\ud83c\udfc6<a href=\"https:\/\/twitter.com\/hashtag\/VamosT%C3%A1chira?src=hash&amp;ref_src=twsrc%5Etfw\" target=\"_blank\" rel=\"noopener\">#VamosT\u00e1chira<\/a> \ud83d\udc9b\ud83d\udda4 <a href=\"https:\/\/t.co\/13FGr99Jx0\">pic.twitter.com\/13FGr99Jx0<\/a><\/p>\n<p>\u2014 Deportivo T\u00e1chira FC (@DvoTachira) <a href=\"https:\/\/twitter.com\/DvoTachira\/status\/1793819981748093165?ref_src=twsrc%5Etfw\" target=\"_blank\" rel=\"noopener\">May 24, 2024<\/a><\/p><\/blockquote>\n<\/div>\n<\/figure>\n<p>Por el lado de Camargo, ha sabido responder cuando le toca aparecer. Recordemos que el portero fue titular en varios partidos de la Libertadores y era el encargado de atajar los penales en la Copa Rey de Marcas.<\/p>\n<p><strong>Lee tambi\u00e9n: <a href=\"https:\/\/www.liderendeportes.com\/noticias\/futbol\/futve\/zamora-empieza-a-armarse-para-el-clausura\/\" target=\"_blank\" rel=\"noopener\">Zamora empieza a armarse para el Clausura<\/a><\/strong><\/p>\n<p>Esta son las primeras renovaciones del cuadro aurinegro de cara al segundo semestre del 2024, donde se jugar\u00e1 el Clausura y la Copa Venezuela.<\/p>\n<\/div>\n<\/div>\n<p><script async src=\"\/\/platform.twitter.com\/widgets.js\" charset=\"utf-8\"><\/script><br \/>\n<br \/><a href=\"https:\/\/www.liderendeportes.com\/noticias\/futbol\/futve\/el-deportivo-tachira-blindo-su-porteria\/\" class=\" target=\" title=\"El Deportivo T\u00e1chira blind\u00f3 su porter\u00eda\" target=\"_blank\" rel=\"noopener\">Ver fuente<\/a><\/p>\n","protected":false},"excerpt":{"rendered":"<p>El Deportivo T\u00e1chira asegur\u00f3 a dos de sus piezas m\u00e1s importantes para el venidero torneo Clausura 2024. Este jueves el carrusel aurinegro anunci\u00f3 la renovaci\u00f3n de Alejandro Araque y Jes\u00fas Camargo. Ambos arqueros extendieron su contrato hasta diciembre del 2026, asi lo anunci\u00f3 el conjunto tachirense en sus redes sociales. Cabe destacar que Araque ya [&hellip;]<\/p>\n","protected":false},"author":2,"featured_media":3513,"comment_status":"open","ping_status":"closed","sticky":false,"template":"","format":"standard","meta":{"footnotes":""},"categories":[7],"tags":[],"class_list":["post-3512","post","type-post","status-publish","format-standard","has-post-thumbnail","hentry","category-deporte"],"_links":{"self":[{"href":"https:\/\/enfoquenoticioso.com\/index.php?rest_route=\/wp\/v2\/posts\/3512","targetHints":{"allow":["GET"]}}],"collection":[{"href":"https:\/\/enfoquenoticioso.com\/index.php?rest_route=\/wp\/v2\/posts"}],"about":[{"href":"https:\/\/enfoquenoticioso.com\/index.php?rest_route=\/wp\/v2\/types\/post"}],"author":[{"embeddable":true,"href":"https:\/\/enfoquenoticioso.com\/index.php?rest_route=\/wp\/v2\/users\/2"}],"replies":[{"embeddable":true,"href":"https:\/\/enfoquenoticioso.com\/index.php?rest_route=%2Fwp%2Fv2%2Fcomments&post=3512"}],"version-history":[{"count":0,"href":"https:\/\/enfoquenoticioso.com\/index.php?rest_route=\/wp\/v2\/posts\/3512\/revisions"}],"wp:featuredmedia":[{"embeddable":true,"href":"https:\/\/enfoquenoticioso.com\/index.php?rest_route=\/wp\/v2\/media\/3513"}],"wp:attachment":[{"href":"https:\/\/enfoquenoticioso.com\/index.php?rest_route=%2Fwp%2Fv2%2Fmedia&parent=3512"}],"wp:term":[{"taxonomy":"category","embeddable":true,"href":"https:\/\/enfoquenoticioso.com\/index.php?rest_route=%2Fwp%2Fv2%2Fcategories&post=3512"},{"taxonomy":"post_tag","embeddable":true,"href":"https:\/\/enfoquenoticioso.com\/index.php?rest_route=%2Fwp%2Fv2%2Ftags&post=3512"}],"curies":[{"name":"wp","href":"https:\/\/api.w.org\/{rel}","templated":true}]}}