{"id":3520,"date":"2024-05-25T01:27:34","date_gmt":"2024-05-25T01:27:34","guid":{"rendered":"https:\/\/enfoquenoticioso.com\/deporte\/ancelotti-elogio-la-forma-del-retiro-de-toni-kroos\/"},"modified":"2024-05-25T01:27:34","modified_gmt":"2024-05-25T01:27:34","slug":"ancelotti-elogio-la-forma-del-retiro-de-toni-kroos","status":"publish","type":"post","link":"https:\/\/enfoquenoticioso.com\/?p=3520","title":{"rendered":"Ancelotti elogi\u00f3 la forma del retiro de Toni Kroos"},"content":{"rendered":"<div data-td-block-uid=\"tdi_91\">\n<div class=\"tdb-block-inner td-fix-index\">\n<p>El Real Madrid tendr\u00e1 este s\u00e1bado su \u00faltimo partido por La Liga ante el Real Betis. Y ya con el torneo en el bolsillo, el conjunto merengue tiene en mente la definici\u00f3n que viene, que es la final de la Champions.<\/p>\n<p>Carlo Ancelotti, entrenador del Real Madrid se refiri\u00f3 a este tema y tambi\u00e9n acerca del retiro de Toni Kroos luego del partido frente al Borussia Dortmund.<\/p>\n<p>\u201cEs un partido de\u00a0preparaci\u00f3n para la final, hemos trabajado bien esta semana. Es el final de la Liga, queremos terminarla bien\u201d, declar\u00f3 Ancelotti en rueda de prensa.<\/p>\n<p>\u201cEs la despedida de una leyenda de nuestro club (Toni Kroos), hay que disfrutar, es un d\u00eda importante y la afici\u00f3n seguro que estar\u00e1 con nosotros, como toda la temporada\u201d, expres\u00f3 Ancelotti.<\/p>\n<p>Asimismo, el italiano enfatiz\u00f3 en lo que ha sido la noticia del mediocampista alem\u00e1n despu\u00e9s de 10 a\u00f1os\u00a0<\/p>\n<p>\u201cLos jugadores veteranos, las leyendas, tienen que elegir su destino. Tenemos que respetar su decisi\u00f3n y tenemos que despedirle lo mejor que podemos. Respeto mucho su decisi\u00f3n porque es la de un hombre con huevos\u201d, dijo Carlo Ancelotti.<\/p>\n<p><strong>Lee tambi\u00e9n: <a href=\"https:\/\/www.liderendeportes.com\/noticias\/futbol\/europeo\/xavi-fue-destituido-del-fc-barcelona\/\" target=\"_blank\" rel=\"noopener\">Xavi fue destituido del FC Barcelona<\/a><\/strong><\/p>\n<p>Por \u00faltimo, el t\u00e9cnico dio sus impresiones sobre la forma en la que se retira Toni Kroos.<\/p>\n<p>\u201cQuiere despedirse en lo m\u00e1s alto, despedirse as\u00ed ser\u00eda la ideal, pero despu\u00e9s tienes que tener el coraje de hacerlo\u201d, finaliz\u00f3 Ancelotti.<\/p>\n<\/div>\n<\/div>\n<p><a href=\"https:\/\/www.liderendeportes.com\/noticias\/futbol\/europeo\/ancelotti-elogio-la-forma-del-retiro-de-toni-kroos\/\" class=\" target=\" title=\"Ancelotti elogi\u00f3 la forma del retiro de Toni Kroos\" target=\"_blank\" rel=\"noopener\">Ver fuente<\/a><\/p>\n","protected":false},"excerpt":{"rendered":"<p>El Real Madrid tendr\u00e1 este s\u00e1bado su \u00faltimo partido por La Liga ante el Real Betis. Y ya con el torneo en el bolsillo, el conjunto merengue tiene en mente la definici\u00f3n que viene, que es la final de la Champions. Carlo Ancelotti, entrenador del Real Madrid se refiri\u00f3 a este tema y tambi\u00e9n acerca [&hellip;]<\/p>\n","protected":false},"author":2,"featured_media":3521,"comment_status":"open","ping_status":"closed","sticky":false,"template":"","format":"standard","meta":{"footnotes":""},"categories":[7],"tags":[],"class_list":["post-3520","post","type-post","status-publish","format-standard","has-post-thumbnail","hentry","category-deporte"],"_links":{"self":[{"href":"https:\/\/enfoquenoticioso.com\/index.php?rest_route=\/wp\/v2\/posts\/3520","targetHints":{"allow":["GET"]}}],"collection":[{"href":"https:\/\/enfoquenoticioso.com\/index.php?rest_route=\/wp\/v2\/posts"}],"about":[{"href":"https:\/\/enfoquenoticioso.com\/index.php?rest_route=\/wp\/v2\/types\/post"}],"author":[{"embeddable":true,"href":"https:\/\/enfoquenoticioso.com\/index.php?rest_route=\/wp\/v2\/users\/2"}],"replies":[{"embeddable":true,"href":"https:\/\/enfoquenoticioso.com\/index.php?rest_route=%2Fwp%2Fv2%2Fcomments&post=3520"}],"version-history":[{"count":0,"href":"https:\/\/enfoquenoticioso.com\/index.php?rest_route=\/wp\/v2\/posts\/3520\/revisions"}],"wp:featuredmedia":[{"embeddable":true,"href":"https:\/\/enfoquenoticioso.com\/index.php?rest_route=\/wp\/v2\/media\/3521"}],"wp:attachment":[{"href":"https:\/\/enfoquenoticioso.com\/index.php?rest_route=%2Fwp%2Fv2%2Fmedia&parent=3520"}],"wp:term":[{"taxonomy":"category","embeddable":true,"href":"https:\/\/enfoquenoticioso.com\/index.php?rest_route=%2Fwp%2Fv2%2Fcategories&post=3520"},{"taxonomy":"post_tag","embeddable":true,"href":"https:\/\/enfoquenoticioso.com\/index.php?rest_route=%2Fwp%2Fv2%2Ftags&post=3520"}],"curies":[{"name":"wp","href":"https:\/\/api.w.org\/{rel}","templated":true}]}}