{"id":3548,"date":"2024-05-25T05:03:32","date_gmt":"2024-05-25T05:03:32","guid":{"rendered":"https:\/\/enfoquenoticioso.com\/tecnologia\/escuchar-nuestra-propia-voz-sigue-siendo-algo-raro-desagradable-y-que-mucha-gente-odia-es-logico-y-tiene-explicacion\/"},"modified":"2024-05-25T05:03:32","modified_gmt":"2024-05-25T05:03:32","slug":"escuchar-nuestra-propia-voz-sigue-siendo-algo-raro-desagradable-y-que-mucha-gente-odia-es-logico-y-tiene-explicacion","status":"publish","type":"post","link":"https:\/\/enfoquenoticioso.com\/?p=3548","title":{"rendered":"Escuchar nuestra propia voz sigue siendo algo raro, desagradable y que mucha gente odia. Es l\u00f3gico y tiene explicaci\u00f3n"},"content":{"rendered":"<div>\n<p>Se puede ser una estrella mundial de la m\u00fasica, un cantante de reconocido prestigio y, sin embargo, que no te guste tu voz. Vaya si se puede. Eric Clapton, quiz\u00e1s el ejemplo m\u00e1s conocido, <a rel=\"noopener, noreferrer\" href=\"https:\/\/faroutmagazine.co.uk\/why-eric-clapton-hates-singing\/\" target=\"_blank\">no empez\u00f3 a cantar hasta muy avanzada<\/a> su carrera musical. Y no es el \u00fanico.<\/p>\n<p><!-- BREAK 1 --> <\/p>\n<p>\u00abMe pasa cuando me escucho una entrevista de radio. Oigo mi voz y pienso: &#8216;<em>Ay, suena exactamente como la de una ni\u00f1a peque\u00f1a<\/em>&#8216;\u00bb. Lo dec\u00eda Mitski <a rel=\"noopener, noreferrer\" href=\"https:\/\/www.nytimes.com\/2016\/06\/05\/arts\/music\/mitski-puberty-2-interview.html\" target=\"_blank\">en una entrevista hace casi 10 a\u00f1os<\/a>, pero podr\u00eda decirlo casi cualquier persona que escucha su voz en <a href=\"https:\/\/www.xataka.com\/aplicaciones\/pizza-pina-tortilla-cebolla-debate-que-polariza-al-equipo-xataka-audios-whatsapp\" target=\"_blank\" rel=\"noopener\">un audio de Whatsapp<\/a> (o <a rel=\"noopener, noreferrer\" href=\"https:\/\/www.centroauditivo-valencia.es\/la-voz-y-los-audifonos-hablar-alto-con-audifonos\/\" target=\"_blank\">estrena un aud\u00edfono<\/a>).<\/p>\n<p><!-- BREAK 2 --><\/p>\n<p>Porque no, no es una experiencia \u00abagradable\u00bb. Es bizarra, ligeramente vergonzosa y muchas veces desconcertante. Y aunque es verdad que cada vez es m\u00e1s com\u00fan grabarse, escucharse y acostumbrarse, esa sensaci\u00f3n de extra\u00f1eza no nos abandona f\u00e1cilmente. Pero \u00bfpor qu\u00e9?<\/p>\n<p><!-- BREAK 3 --> <\/p>\n<div class=\"article-asset article-asset-normal article-asset-center\">\n<div class=\"desvio-container\">\n<div class=\"desvio\">\n<div class=\"desvio-figure js-desvio-figure\">\n    <a href=\"https:\/\/www.xataka.com\/aplicaciones\/pizza-pina-tortilla-cebolla-debate-que-polariza-al-equipo-xataka-audios-whatsapp\" target=\"_blank\" rel=\"noopener\"><br \/>\n     <img loading=\"lazy\" decoding=\"async\" alt=\"Ni la pizza con pi\u00f1a ni la tortilla sin cebolla: el debate que m\u00e1s polariza al equipo de Xataka son los audios de WhatsApp \" width=\"375\" height=\"142\" src=\"https:\/\/i.blogs.es\/d3ea7b\/whatsapp\/375_142.jpeg\"\/><br \/>\n    <\/a>\n   <\/div>\n<\/p><\/div>\n<\/p><\/div>\n<\/div>\n<p><strong>La respuesta es m\u00e1s sencilla de lo que parece.<\/strong> Las voces de los dem\u00e1s y, en general, todos los sonidos que escuchamos vienen a nuestros o\u00eddos a trav\u00e9s del aire. Nuestra voz tambi\u00e9n, claro. Pero a esa informaci\u00f3n transmitida por el aire, hay que sumarle todo lo que llega a nuestros sistemas auditivos desde dentro.<\/p>\n<p><!-- BREAK 4 --><\/p>\n<p>Sobre todo los huesos, pero tambi\u00e9n los tejidos e <a rel=\"noopener, noreferrer\" href=\"https:\/\/www.nytimes.com\/es\/2017\/01\/23\/espanol\/por-que-las-grabaciones-de-nuestra-voz-nos-suenan-raras.html\" target=\"_blank\">incluso el l\u00edquido encefalorraqu\u00eddeo<\/a> hacen que la experiencia sea distinta \u00a0las vibraciones transmiti\u00e9ndose por esos medios hacen que, desde dentro, el sonido es mucho m\u00e1s complejo, est\u00e1 m\u00e1s lleno de matices. Adem\u00e1s, por decirlo de alguna forma, est\u00e1 distorsionado.<\/p>\n<p><!-- BREAK 5 --><\/p>\n<p><strong>\u00bfDistorsionado? \u00bfC\u00f3mo que distorsionado?<\/strong> No es ning\u00fan secreto que los sonidos se distribuyen de forma distinta dependiendo del medio en el que se mueven. Basta con meter la cabeza en una piscina para comprobarlo. En el caso que nos ocupa, por ejemplo, <a rel=\"noopener, noreferrer\" href=\"https:\/\/amp.tgcom24.mediaset.it\/tgcom24\/article\/81604977\" target=\"_blank\">los medios s\u00f3lidos tienen<\/a> \u00abun efecto en la frecuencia de las ondas sonoras y, por tanto, en el timbre\u00bb. Hacen los sonidos m\u00e1s graves y, precisamente por eso, al oir nuestra voz grabada nos suele parecer m\u00e1s aguda.<\/p>\n<p><!-- BREAK 6 --> <\/p>\n<p><a rel=\"noopener, noreferrer\" href=\"https:\/\/www.nytimes.com\/es\/2017\/01\/23\/espanol\/por-que-las-grabaciones-de-nuestra-voz-nos-suenan-raras.html\" target=\"_blank\">Como explicaba en el New York Times John J. Rosowski<\/a>, profesor e investigador de la Facultad de Medicina de Harvard, hay much\u00edsimos factores que influyen en la voz y las variaciones cambian de persona en persona (de hecho, pueden cambiar de un momento a otro); pero lo que est\u00e1 claro es que en un sentido u otro el sonido es distinto.<\/p>\n<p><!-- BREAK 7 --><\/p>\n<p><strong>Y, por supuesto, no es que suene mal.<\/strong> <a href=\"https:\/\/www.xataka.com\/magnet\/es-normal-que-odies-el-sonido-grabado-de-tu-propia-voz-pero-no-es-porque-suene-mal\" target=\"_blank\" rel=\"noopener\">Como explicaba nuestro compa\u00f1ero Javier S\u00e1nchez<\/a>, \u00abnuestro cerebro est\u00e1 muy acostumbrado a una idea del &#8216;yo&#8217; muy concreta\u00bb. Pasa tambi\u00e9n con nuestra imagen, por ejemplo. Estamos tan acostumbrados a vernos como nos vemos en los espejos, que <a rel=\"noopener, noreferrer\" href=\"https:\/\/www.youtube.com\/watch?v=NUDxHB41dPQ\" target=\"_blank\">nos resulta raro vernos en otros contextos<\/a> y pensamos que somos poco fotog\u00e9nicos.<\/p>\n<p><!-- BREAK 8 --><\/p>\n<p>Como digo, la llegada de c\u00e1maras, grabadoras y todo tipo de dispositivos electr\u00f3nicos ha cambiado esto. Y lo ha cambiado mucho. Pero como est\u00e1 claro por nuestras sensaciones y reacciones, no ha resuelto el problema.<\/p>\n<p><!-- BREAK 9 --><\/p>\n<p>Imagen | <a rel=\"noopener, noreferrer\" href=\"https:\/\/unsplash.com\/es\/fotos\/fotografia-de-enfoque-selectivo-de-mujer-vestida-con-camisa-negra-de-hombros-descubiertos-usando-megafono-durante-el-dia-DoA2duXyzRM\" target=\"_blank\">Clem Onojeghuo<\/a><\/p>\n<p><!-- BREAK 10 --> <\/p>\n<p>En Xataka | <a href=\"https:\/\/www.xataka.com\/magnet\/es-normal-que-odies-el-sonido-grabado-de-tu-propia-voz-pero-no-es-porque-suene-mal\" target=\"_blank\" rel=\"noopener\">Es normal que odies el sonido grabado de tu propia voz, pero no es porque suene mal<\/a><\/p>\n<p><!-- BREAK 11 --><\/p><\/div>\n<p><a href=\"https:\/\/www.xataka.com\/investigacion\/escuchar-nuestra-propia-voz-sigue-siendo-algo-raro-desagradable-que-mucha-gente-odia-logico-tiene-explicacion\" class=\" target=\" title=\"Escuchar nuestra propia voz sigue siendo algo raro, desagradable y que mucha gente odia. Es l\u00f3gico y tiene explicaci\u00f3n\" target=\"_blank\" rel=\"noopener\">Ver fuente<\/a><\/p>\n","protected":false},"excerpt":{"rendered":"<p>Se puede ser una estrella mundial de la m\u00fasica, un cantante de reconocido prestigio y, sin embargo, que no te guste tu voz. Vaya si se puede. Eric Clapton, quiz\u00e1s el ejemplo m\u00e1s conocido, no empez\u00f3 a cantar hasta muy avanzada su carrera musical. Y no es el \u00fanico. \u00abMe pasa cuando me escucho una [&hellip;]<\/p>\n","protected":false},"author":2,"featured_media":3549,"comment_status":"open","ping_status":"closed","sticky":false,"template":"","format":"standard","meta":{"footnotes":""},"categories":[9],"tags":[],"class_list":["post-3548","post","type-post","status-publish","format-standard","has-post-thumbnail","hentry","category-tecnologia"],"_links":{"self":[{"href":"https:\/\/enfoquenoticioso.com\/index.php?rest_route=\/wp\/v2\/posts\/3548","targetHints":{"allow":["GET"]}}],"collection":[{"href":"https:\/\/enfoquenoticioso.com\/index.php?rest_route=\/wp\/v2\/posts"}],"about":[{"href":"https:\/\/enfoquenoticioso.com\/index.php?rest_route=\/wp\/v2\/types\/post"}],"author":[{"embeddable":true,"href":"https:\/\/enfoquenoticioso.com\/index.php?rest_route=\/wp\/v2\/users\/2"}],"replies":[{"embeddable":true,"href":"https:\/\/enfoquenoticioso.com\/index.php?rest_route=%2Fwp%2Fv2%2Fcomments&post=3548"}],"version-history":[{"count":0,"href":"https:\/\/enfoquenoticioso.com\/index.php?rest_route=\/wp\/v2\/posts\/3548\/revisions"}],"wp:featuredmedia":[{"embeddable":true,"href":"https:\/\/enfoquenoticioso.com\/index.php?rest_route=\/wp\/v2\/media\/3549"}],"wp:attachment":[{"href":"https:\/\/enfoquenoticioso.com\/index.php?rest_route=%2Fwp%2Fv2%2Fmedia&parent=3548"}],"wp:term":[{"taxonomy":"category","embeddable":true,"href":"https:\/\/enfoquenoticioso.com\/index.php?rest_route=%2Fwp%2Fv2%2Fcategories&post=3548"},{"taxonomy":"post_tag","embeddable":true,"href":"https:\/\/enfoquenoticioso.com\/index.php?rest_route=%2Fwp%2Fv2%2Ftags&post=3548"}],"curies":[{"name":"wp","href":"https:\/\/api.w.org\/{rel}","templated":true}]}}