{"id":3602,"date":"2024-05-25T15:55:35","date_gmt":"2024-05-25T15:55:35","guid":{"rendered":"https:\/\/enfoquenoticioso.com\/deporte\/vendrame-corono-escapada-en-etapa-19-del-giro-de-italia\/"},"modified":"2024-05-25T15:55:35","modified_gmt":"2024-05-25T15:55:35","slug":"vendrame-corono-escapada-en-etapa-19-del-giro-de-italia","status":"publish","type":"post","link":"https:\/\/enfoquenoticioso.com\/?p=3602","title":{"rendered":"Vendrame coron\u00f3 escapada en etapa 19 del Giro de Italia"},"content":{"rendered":"<div data-td-block-uid=\"tdi_91\">\n<div class=\"tdb-block-inner td-fix-index\">\n<p>El italiano Andrea Vendrame (Decathlon Ag2r) fue el protagonista estelar con triunfo en solitario en la decimonovena etapa del Giro, entre Mortegliano y Sappada, de 157 kil\u00f3metros, jornada de asueto para los hombres de la general en la que conserv\u00f3 la maglia rosa de l\u00edder el esloveno Tadej Pogacar (UAE).<\/p>\n<p>Mientras Pogacar y los inquilinos del podio rodaban acumulando retraso respecto a la fuga, Vendrame (Conegliano, 29 a\u00f1os) se erig\u00eda como vencedor despu\u00e9s de una aventura en solitario que le permiti\u00f3 levantar los brazos por segunda vez en un Giro de Italia, despu\u00e9s de su estreno en 2021.<\/p>\n<p><strong>Lee tambi\u00e9n: <a href=\"https:\/\/www.liderendeportes.com\/noticias\/mas-deportes\/orluis-aular-es-bronce-en-contrarreloj-panamericana\/\" target=\"_blank\" rel=\"noopener\">Orluis Aular es bronce en contrarreloj panamericana<\/a><\/strong><\/p>\n<p>Vendrame entr\u00f3 en meta con un tiempo de 3h.45.44, seguido a 55 segundos por el espa\u00f1ol Pelayo S\u00e1nchez (Movistar), mientras que la tercera plaza fue para el alem\u00e1n Georg Steinhauser (EF Education) a 1.07 minutos.<\/p>\n<p>Este s\u00e1bado se disputar\u00e1 la vig\u00e9sima etapa, entre Alpago y Bassano del Grappa, de 184 kil\u00f3metros, \u00faltimo escollo antes de la fiesta final en Roma ma\u00f1ana donde se premiar\u00e1 al nuevo campe\u00f3n.<\/p>\n<p><strong>EFE<\/strong><\/p>\n<\/div>\n<\/div>\n<p><a href=\"https:\/\/www.liderendeportes.com\/noticias\/mas-deportes\/ciclismo\/vendrame-corono-escapada-en-etapa-19-del-giro-de-italia\/\" class=\" target=\" title=\"Vendrame coron\u00f3 escapada en etapa 19 del Giro de Italia\" target=\"_blank\" rel=\"noopener\">Ver fuente<\/a><\/p>\n","protected":false},"excerpt":{"rendered":"<p>El italiano Andrea Vendrame (Decathlon Ag2r) fue el protagonista estelar con triunfo en solitario en la decimonovena etapa del Giro, entre Mortegliano y Sappada, de 157 kil\u00f3metros, jornada de asueto para los hombres de la general en la que conserv\u00f3 la maglia rosa de l\u00edder el esloveno Tadej Pogacar (UAE). Mientras Pogacar y los inquilinos [&hellip;]<\/p>\n","protected":false},"author":2,"featured_media":3603,"comment_status":"open","ping_status":"closed","sticky":false,"template":"","format":"standard","meta":{"footnotes":""},"categories":[7],"tags":[],"class_list":["post-3602","post","type-post","status-publish","format-standard","has-post-thumbnail","hentry","category-deporte"],"_links":{"self":[{"href":"https:\/\/enfoquenoticioso.com\/index.php?rest_route=\/wp\/v2\/posts\/3602","targetHints":{"allow":["GET"]}}],"collection":[{"href":"https:\/\/enfoquenoticioso.com\/index.php?rest_route=\/wp\/v2\/posts"}],"about":[{"href":"https:\/\/enfoquenoticioso.com\/index.php?rest_route=\/wp\/v2\/types\/post"}],"author":[{"embeddable":true,"href":"https:\/\/enfoquenoticioso.com\/index.php?rest_route=\/wp\/v2\/users\/2"}],"replies":[{"embeddable":true,"href":"https:\/\/enfoquenoticioso.com\/index.php?rest_route=%2Fwp%2Fv2%2Fcomments&post=3602"}],"version-history":[{"count":0,"href":"https:\/\/enfoquenoticioso.com\/index.php?rest_route=\/wp\/v2\/posts\/3602\/revisions"}],"wp:featuredmedia":[{"embeddable":true,"href":"https:\/\/enfoquenoticioso.com\/index.php?rest_route=\/wp\/v2\/media\/3603"}],"wp:attachment":[{"href":"https:\/\/enfoquenoticioso.com\/index.php?rest_route=%2Fwp%2Fv2%2Fmedia&parent=3602"}],"wp:term":[{"taxonomy":"category","embeddable":true,"href":"https:\/\/enfoquenoticioso.com\/index.php?rest_route=%2Fwp%2Fv2%2Fcategories&post=3602"},{"taxonomy":"post_tag","embeddable":true,"href":"https:\/\/enfoquenoticioso.com\/index.php?rest_route=%2Fwp%2Fv2%2Ftags&post=3602"}],"curies":[{"name":"wp","href":"https:\/\/api.w.org\/{rel}","templated":true}]}}