{"id":3616,"date":"2024-05-25T17:26:31","date_gmt":"2024-05-25T17:26:31","guid":{"rendered":"https:\/\/enfoquenoticioso.com\/tecnologia\/un-ipad-mini-con-pantalla-oled-estaria-en-camino\/"},"modified":"2024-05-25T17:26:31","modified_gmt":"2024-05-25T17:26:31","slug":"un-ipad-mini-con-pantalla-oled-estaria-en-camino","status":"publish","type":"post","link":"https:\/\/enfoquenoticioso.com\/?p=3616","title":{"rendered":"Un iPad mini con pantalla OLED estar\u00eda en camino"},"content":{"rendered":"<div>\n<p>La renovaci\u00f3n y el futuro del <strong>iPad mini<\/strong> son temas que est\u00e1n generando bastante debate en el sector tecnol\u00f3gico \u00faltimamente. Con el reciente lanzamiento de los nuevos <a href=\"https:\/\/hipertextual.com\/2024\/05\/apple-ipad-pro-m4-analisis\" target=\"_blank\" rel=\"noopener\">iPad Pro<\/a> y <a href=\"https:\/\/hipertextual.com\/2024\/05\/analisis-ipad-air-2024\" target=\"_blank\" rel=\"noopener\">iPad Air<\/a>, y sumado a que el iPad de d\u00e9cima generaci\u00f3n est\u00e1 en el mercado desde 2022, el modelo de menor tama\u00f1o, <a href=\"https:\/\/hipertextual.com\/2021\/09\/ipad-mini-analisis-6-gen\" target=\"_blank\" rel=\"noopener\">que se actualiz\u00f3 por \u00faltima vez en 2021<\/a>, qued\u00f3 como el m\u00e1s antiguo del cat\u00e1logo de Apple. Y si bien se espera que un modelo de s\u00e9ptima generaci\u00f3n llegue al mercado pronto, un rumor apunta a que los de Cupertino tambi\u00e9n est\u00e1n trabajando en <strong>una versi\u00f3n con pantalla OLED<\/strong>.<\/p>\n<p>La informaci\u00f3n surge de un reporte de <em><a href=\"https:\/\/n.news.naver.com\/mnews\/article\/092\/0002332359\" target=\"_blank\" rel=\"noopener\">ZDNet Korea<\/a><\/em> (v\u00eda <em><a href=\"https:\/\/9to5mac.com\/2024\/05\/24\/oled-ipad-mini-2026\/\" target=\"_blank\" rel=\"noopener\">9to5Mac<\/a><\/em>) e indica que el proyecto de un iPad mini con pantalla OLED se habr\u00eda puesto en marcha el mes pasado. Samsung Display ya habr\u00eda comenzado a producir paneles de muestra destinados a esta futura variante de la tablet de 8,3 pulgadas.<\/p>\n<p>Eso s\u00ed, si quieres poner tus manos sobre un iPad mini con panel OLED seguramente debas esperar un par de a\u00f1os. El citado medio dice que la producci\u00f3n en masa de las pantallas para el nuevo dispositivo comenzar\u00eda en la segunda mitad de 2025, como fecha m\u00e1s temprana. Esto permitir\u00eda que los californianos estrenen el dispositivo <strong>en alg\u00fan momento de 2026<\/strong>.<\/p>\n<p>Vale mencionar que, adem\u00e1s del iPad mini, el reporte menciona que Apple planear\u00eda introducir pantallas OLED en el iPad Air desde ese mismo a\u00f1o. No se especifica, de todos modos, si esa mejora se aplicar\u00eda a los dos modelos del Air (11 y 13 pulgadas) que ahora ofrecen los de la manzana, o si solo llegar\u00eda a una de las variantes.<\/p>\n<div id=\"ez-toc-container\" class=\"ez-toc-v2_0_81 counter-hierarchy ez-toc-counter ez-toc-grey ez-toc-container-direction\">\n<div class=\"ez-toc-title-container\">\n<p class=\"ez-toc-title\" style=\"cursor:inherit\">Tabla de Contenido<\/p>\n<span class=\"ez-toc-title-toggle\"><a href=\"#\" class=\"ez-toc-pull-right ez-toc-btn ez-toc-btn-xs ez-toc-btn-default ez-toc-toggle\" aria-label=\"Alternar tabla de contenidos\"><span class=\"ez-toc-js-icon-con\"><span class=\"\"><span class=\"eztoc-hide\" style=\"display:none;\">Toggle<\/span><span class=\"ez-toc-icon-toggle-span\"><svg style=\"fill: #999;color:#999\" xmlns=\"http:\/\/www.w3.org\/2000\/svg\" class=\"list-377408\" width=\"20px\" height=\"20px\" viewBox=\"0 0 24 24\" fill=\"none\"><path d=\"M6 6H4v2h2V6zm14 0H8v2h12V6zM4 11h2v2H4v-2zm16 0H8v2h12v-2zM4 16h2v2H4v-2zm16 0H8v2h12v-2z\" fill=\"currentColor\"><\/path><\/svg><svg style=\"fill: #999;color:#999\" class=\"arrow-unsorted-368013\" xmlns=\"http:\/\/www.w3.org\/2000\/svg\" width=\"10px\" height=\"10px\" viewBox=\"0 0 24 24\" version=\"1.2\" baseProfile=\"tiny\"><path d=\"M18.2 9.3l-6.2-6.3-6.2 6.3c-.2.2-.3.4-.3.7s.1.5.3.7c.2.2.4.3.7.3h11c.3 0 .5-.1.7-.3.2-.2.3-.5.3-.7s-.1-.5-.3-.7zM5.8 14.7l6.2 6.3 6.2-6.3c.2-.2.3-.5.3-.7s-.1-.5-.3-.7c-.2-.2-.4-.3-.7-.3h-11c-.3 0-.5.1-.7.3-.2.2-.3.5-.3.7s.1.5.3.7z\"\/><\/svg><\/span><\/span><\/span><\/a><\/span><\/div>\n<nav><ul class='ez-toc-list ez-toc-list-level-1 ' ><li class='ez-toc-page-1 ez-toc-heading-level-2'><a class=\"ez-toc-link ez-toc-heading-1\" href=\"https:\/\/enfoquenoticioso.com\/?p=3616\/#El_iPad_mini_con_pantalla_OLED_llegaria_en_2026\" >El iPad mini con pantalla OLED llegar\u00eda en 2026<\/a><ul class='ez-toc-list-level-4' ><li class='ez-toc-heading-level-4'><ul class='ez-toc-list-level-4' ><li class='ez-toc-heading-level-4'><a class=\"ez-toc-link ez-toc-heading-2\" href=\"https:\/\/enfoquenoticioso.com\/?p=3616\/#Tambien_en_Hipertextual\" >Tambi\u00e9n en Hipertextual:<\/a><\/li><\/ul><\/li><\/ul><\/li><\/ul><\/nav><\/div>\n<h2 class=\"wp-block-heading\" id=\"h-el-ipad-mini-con-pantalla-oled-llegaria-en-2026\"><span class=\"ez-toc-section\" id=\"El_iPad_mini_con_pantalla_OLED_llegaria_en_2026\"><\/span>El iPad mini con pantalla OLED llegar\u00eda en 2026<span class=\"ez-toc-section-end\"><\/span><\/h2>\n<figure class=\"wp-block-image alignwide size-large\"><img loading=\"lazy\" decoding=\"async\" width=\"780\" height=\"520\" alt=\"El iPad mini con pantalla OLED llegar\u00eda en 2026\" class=\"wp-image-1338780 perfmatters-lazy\" data-recalc-dims=\"1\" src=\"https:\/\/i0.wp.com\/imgs.hipertextual.com\/wp-content\/uploads\/2021\/09\/iPad-mini-11-1500x1000.jpg?resize=780%2C520&amp;quality=55&amp;strip=all&amp;ssl=1\" srcset=\"https:\/\/i0.wp.com\/imgs.hipertextual.com\/wp-content\/uploads\/2021\/09\/iPad-mini-11-scaled.jpg?resize=1500%2C1000&amp;quality=55&amp;strip=all&amp;ssl=1 1500w, https:\/\/i0.wp.com\/imgs.hipertextual.com\/wp-content\/uploads\/2021\/09\/iPad-mini-11-scaled.jpg?resize=800%2C533&amp;quality=55&amp;strip=all&amp;ssl=1 800w, https:\/\/i0.wp.com\/imgs.hipertextual.com\/wp-content\/uploads\/2021\/09\/iPad-mini-11-scaled.jpg?resize=768%2C512&amp;quality=55&amp;strip=all&amp;ssl=1 768w, https:\/\/i0.wp.com\/imgs.hipertextual.com\/wp-content\/uploads\/2021\/09\/iPad-mini-11-scaled.jpg?resize=1536%2C1024&amp;quality=55&amp;strip=all&amp;ssl=1 1536w, https:\/\/i0.wp.com\/imgs.hipertextual.com\/wp-content\/uploads\/2021\/09\/iPad-mini-11-scaled.jpg?resize=2048%2C1365&amp;quality=55&amp;strip=all&amp;ssl=1 2048w, https:\/\/i0.wp.com\/imgs.hipertextual.com\/wp-content\/uploads\/2021\/09\/iPad-mini-11-scaled.jpg?resize=1200%2C800&amp;quality=55&amp;strip=all&amp;ssl=1 1200w, https:\/\/i0.wp.com\/imgs.hipertextual.com\/wp-content\/uploads\/2021\/09\/iPad-mini-11-scaled.jpg?resize=1568%2C1045&amp;quality=55&amp;strip=all&amp;ssl=1 1568w, https:\/\/i0.wp.com\/imgs.hipertextual.com\/wp-content\/uploads\/2021\/09\/iPad-mini-11-scaled.jpg?resize=400%2C267&amp;quality=55&amp;strip=all&amp;ssl=1 400w, https:\/\/i0.wp.com\/imgs.hipertextual.com\/wp-content\/uploads\/2021\/09\/iPad-mini-11-scaled.jpg?w=2340&amp;quality=55&amp;strip=all&amp;ssl=1 2340w, https:\/\/i0.wp.com\/imgs.hipertextual.com\/wp-content\/uploads\/2021\/09\/iPad-mini-11-1500x1000.jpg?w=370&amp;quality=55&amp;strip=all&amp;ssl=1 370w\" data-sizes=\"(max-width: 780px) 100vw, 780px\"\/><img loading=\"lazy\" decoding=\"async\" width=\"780\" height=\"520\" src=\"https:\/\/i0.wp.com\/imgs.hipertextual.com\/wp-content\/uploads\/2021\/09\/iPad-mini-11-1500x1000.jpg?resize=780%2C520&amp;quality=55&amp;strip=all&amp;ssl=1\" alt=\"El iPad mini con pantalla OLED llegar\u00eda en 2026\" class=\"wp-image-1338780\" srcset=\"https:\/\/i0.wp.com\/imgs.hipertextual.com\/wp-content\/uploads\/2021\/09\/iPad-mini-11-scaled.jpg?resize=1500%2C1000&amp;quality=55&amp;strip=all&amp;ssl=1 1500w, https:\/\/i0.wp.com\/imgs.hipertextual.com\/wp-content\/uploads\/2021\/09\/iPad-mini-11-scaled.jpg?resize=800%2C533&amp;quality=55&amp;strip=all&amp;ssl=1 800w, https:\/\/i0.wp.com\/imgs.hipertextual.com\/wp-content\/uploads\/2021\/09\/iPad-mini-11-scaled.jpg?resize=768%2C512&amp;quality=55&amp;strip=all&amp;ssl=1 768w, https:\/\/i0.wp.com\/imgs.hipertextual.com\/wp-content\/uploads\/2021\/09\/iPad-mini-11-scaled.jpg?resize=1536%2C1024&amp;quality=55&amp;strip=all&amp;ssl=1 1536w, https:\/\/i0.wp.com\/imgs.hipertextual.com\/wp-content\/uploads\/2021\/09\/iPad-mini-11-scaled.jpg?resize=2048%2C1365&amp;quality=55&amp;strip=all&amp;ssl=1 2048w, https:\/\/i0.wp.com\/imgs.hipertextual.com\/wp-content\/uploads\/2021\/09\/iPad-mini-11-scaled.jpg?resize=1200%2C800&amp;quality=55&amp;strip=all&amp;ssl=1 1200w, https:\/\/i0.wp.com\/imgs.hipertextual.com\/wp-content\/uploads\/2021\/09\/iPad-mini-11-scaled.jpg?resize=1568%2C1045&amp;quality=55&amp;strip=all&amp;ssl=1 1568w, https:\/\/i0.wp.com\/imgs.hipertextual.com\/wp-content\/uploads\/2021\/09\/iPad-mini-11-scaled.jpg?resize=400%2C267&amp;quality=55&amp;strip=all&amp;ssl=1 400w, https:\/\/i0.wp.com\/imgs.hipertextual.com\/wp-content\/uploads\/2021\/09\/iPad-mini-11-scaled.jpg?w=2340&amp;quality=55&amp;strip=all&amp;ssl=1 2340w, https:\/\/i0.wp.com\/imgs.hipertextual.com\/wp-content\/uploads\/2021\/09\/iPad-mini-11-1500x1000.jpg?w=370&amp;quality=55&amp;strip=all&amp;ssl=1 370w\" sizes=\"auto, (max-width: 780px) 100vw, 780px\" data-recalc-dims=\"1\"\/><\/figure>\n<p>Se espera que el iPad mini reciba su esperada actualizaci\u00f3n a la s\u00e9ptima generaci\u00f3n <a href=\"https:\/\/hipertextual.com\/2024\/05\/proximo-ipad-mini-se-haria-esperar-mas-pensado\" target=\"_blank\" rel=\"noopener\">a fines de 2024 como fecha m\u00e1s temprana<\/a>. As\u00ed lo indic\u00f3 Mark Gurman, de <em>Bloomberg<\/em>, poco tiempo atr\u00e1s. El reputado periodista hab\u00eda mencionado que la tablet no recibir\u00eda cambios demasiado importantes, m\u00e1s all\u00e1 de la actualizaci\u00f3n l\u00f3gica a un nuevo procesador.<\/p>\n<p>Lo que todav\u00eda no queda demasiado en claro es si el iPad mini con pantalla OLED <strong>ser\u00eda una octava generaci\u00f3n propiamente dicha<\/strong>, o si se tratar\u00eda de una actualizaci\u00f3n con mejor pantalla del modelo que se presente este a\u00f1o. Como siempre decimos, siempre hay mucha especulaci\u00f3n en torno a futuros anuncios de Apple y hay que tomar todas las informaciones con pinzas.<\/p>\n<p>De hecho, el supuesto desarrollo de un iPad mini con pantalla OLED contradir\u00eda un rumor que surgi\u00f3 a comienzos de este a\u00f1o y que indicaba que Apple podr\u00eda matar al modelo de 8,3 pulgadas <a href=\"https:\/\/hipertextual.com\/2024\/02\/ipad-plegable-mataria-ipad-mini\" target=\"_blank\" rel=\"noopener\">para reemplazarlo con un iPad plegable<\/a>. Un cambio que supuestamente podr\u00eda hacerse efectivo a partir de 2027 o 2028.<\/p>\n<p>Lanzar un dispositivo con una actualizaci\u00f3n de pantalla tan esperada, para luego matarlo al a\u00f1o siguiente, <strong>no parece demasiado factible<\/strong>. M\u00e1s a\u00fan cuando Apple se ha caracterizado por aferrarse a ciertos equipos en su alineaci\u00f3n, cuando la l\u00f3gica dictaba que ya deb\u00edan ser discontinuados. El iPad de novena generaci\u00f3n, con bot\u00f3n Home, que se lanz\u00f3 en 2021 y se mantuvo en el cat\u00e1logo hasta comienzos de este mes, es una prueba clara de ello. Lo mismo se puede decir del MacBook Pro de 13 pulgadas con <em>touchbar<\/em>, por citar otro ejemplo.<\/p>\n<section id=\"block-25\" class=\"below-content widget widget_block\">\n<div class=\"wp-block-group is-style-default hiper-newsletter-box has-background\" style=\"background:linear-gradient(180deg,rgb(0,23,188) 28%,rgb(0,15,131) 100%);padding-top:15px;padding-right:15px;padding-bottom:15px;padding-left:15px\">\n<div class=\"wp-block-group__inner-container is-layout-constrained wp-block-group-is-layout-constrained\">\n<p class=\"has-white-color has-text-color\">Recibe cada ma\u00f1ana nuestra <a rel=\"noreferrer noopener\" href=\"https:\/\/hipertextual.com\/newsletter\" target=\"_blank\">newsletter<\/a>. Una gu\u00eda para entender lo que importa en relaci\u00f3n con la tecnolog\u00eda, la ciencia y la cultura digital.<\/p>\n<div class=\"wp-block-jetpack-mailchimp\" data-blog-id=\"190110665\">\n<p>\nProcesando&#8230; <\/p>\n<p>\n\u00a1Listo! Ya est\u00e1s suscrito <\/p>\n<p>\nHubo un error, actualiza la p\u00e1gina e int\u00e9ntalo nuevamente <\/p>\n<\/div>\n<\/div>\n<\/div>\n<\/section>\n<section id=\"block-74\" class=\"below-content widget widget_block\">\n<\/section>\n<section id=\"block-71\" class=\"below-content widget widget_block\">\n<h4 class=\"wp-block-heading tambien-en-hipertextual\" id=\"h-tambien-en-hipertextual\" style=\"padding-top:0.8em;padding-right:0px;padding-bottom:0px;padding-left:0px\"><span class=\"ez-toc-section\" id=\"Tambien_en_Hipertextual\"><\/span>Tambi\u00e9n en Hipertextual:<span class=\"ez-toc-section-end\"><\/span><\/h4>\n<\/section>\n<section id=\"block-32\" class=\"below-content widget widget_block\">\n<nav class=\"jp-relatedposts-i2 jp-related-hipertextual wp-block-jetpack-related-posts has-normal-font-size\" style=\"padding-bottom:0px;padding-left:0px;padding-top:0px;padding-right:1.5em;\" data-layout=\"list\" aria-label=\"Entradas relacionadas\"\/><\/section>\n<\/p><\/div>\n<p><a href=\"https:\/\/hipertextual.com\/2024\/05\/ipad-mini-pantalla-oled-en-camino\" class=\" target=\" title=\"Un iPad mini con pantalla OLED estar\u00eda en camino\" target=\"_blank\" rel=\"noopener\">Ver fuente<\/a><\/p>\n","protected":false},"excerpt":{"rendered":"<p>La renovaci\u00f3n y el futuro del iPad mini son temas que est\u00e1n generando bastante debate en el sector tecnol\u00f3gico \u00faltimamente. Con el reciente lanzamiento de los nuevos iPad Pro y iPad Air, y sumado a que el iPad de d\u00e9cima generaci\u00f3n est\u00e1 en el mercado desde 2022, el modelo de menor tama\u00f1o, que se actualiz\u00f3 [&hellip;]<\/p>\n","protected":false},"author":2,"featured_media":3617,"comment_status":"open","ping_status":"closed","sticky":false,"template":"","format":"standard","meta":{"footnotes":""},"categories":[9],"tags":[],"class_list":["post-3616","post","type-post","status-publish","format-standard","has-post-thumbnail","hentry","category-tecnologia"],"_links":{"self":[{"href":"https:\/\/enfoquenoticioso.com\/index.php?rest_route=\/wp\/v2\/posts\/3616","targetHints":{"allow":["GET"]}}],"collection":[{"href":"https:\/\/enfoquenoticioso.com\/index.php?rest_route=\/wp\/v2\/posts"}],"about":[{"href":"https:\/\/enfoquenoticioso.com\/index.php?rest_route=\/wp\/v2\/types\/post"}],"author":[{"embeddable":true,"href":"https:\/\/enfoquenoticioso.com\/index.php?rest_route=\/wp\/v2\/users\/2"}],"replies":[{"embeddable":true,"href":"https:\/\/enfoquenoticioso.com\/index.php?rest_route=%2Fwp%2Fv2%2Fcomments&post=3616"}],"version-history":[{"count":0,"href":"https:\/\/enfoquenoticioso.com\/index.php?rest_route=\/wp\/v2\/posts\/3616\/revisions"}],"wp:featuredmedia":[{"embeddable":true,"href":"https:\/\/enfoquenoticioso.com\/index.php?rest_route=\/wp\/v2\/media\/3617"}],"wp:attachment":[{"href":"https:\/\/enfoquenoticioso.com\/index.php?rest_route=%2Fwp%2Fv2%2Fmedia&parent=3616"}],"wp:term":[{"taxonomy":"category","embeddable":true,"href":"https:\/\/enfoquenoticioso.com\/index.php?rest_route=%2Fwp%2Fv2%2Fcategories&post=3616"},{"taxonomy":"post_tag","embeddable":true,"href":"https:\/\/enfoquenoticioso.com\/index.php?rest_route=%2Fwp%2Fv2%2Ftags&post=3616"}],"curies":[{"name":"wp","href":"https:\/\/api.w.org\/{rel}","templated":true}]}}