{"id":3620,"date":"2024-05-25T18:12:21","date_gmt":"2024-05-25T18:12:21","guid":{"rendered":"https:\/\/enfoquenoticioso.com\/deporte\/tadej-pogacar-sella-un-historico-giro-con-su-sexta-victoria-de-etapa\/"},"modified":"2024-05-25T18:12:21","modified_gmt":"2024-05-25T18:12:21","slug":"tadej-pogacar-sella-un-historico-giro-con-su-sexta-victoria-de-etapa","status":"publish","type":"post","link":"https:\/\/enfoquenoticioso.com\/?p=3620","title":{"rendered":"Tadej Pogacar sella un hist\u00f3rico Giro con su sexta victoria de etapa"},"content":{"rendered":"<div>\n<p>De un Can\u00edbal a otro: salvo accidente, Tadej Pogacar asegur\u00f3 su primer triunfo en el Giro de Italia tras su sexta victoria de etapa, este s\u00e1bado en Bassano del Grappa, igualando al gran Eddy Merckx en 1973.<\/p>\n<p>Vencedor en solitario, el esloveno ampli\u00f3 su ventaja en la general, con m\u00e1s de nueve minutos sobre su primer perseguidor, el colombiano Daniel Mart\u00ednez, antes de la \u00faltima etapa, con final en Roma. El tercer puesto es para el veterano Geraint Thomas.<\/p>\n<p>Se trata de la mayor diferencia entre el primero y el segundo desde hace 59 a\u00f1os. La clasificaci\u00f3n general no deber\u00eda cambiar el domingo en el cierre de la carrera, un homenaje al campe\u00f3n.<\/p>\n<p>Pogacar iguala al mito Merckx, que gan\u00f3 seis etapas en 1973, con el que cada vez guarda m\u00e1s similitudes. Pero supera en diferencia con el segundo al belga, que gan\u00f3 con 7:42 sobre Felice Gimondi en aquella edici\u00f3n.<\/p>\n<p>A los 25 a\u00f1os \u2018Pogi\u2019 est\u00e1 todav\u00eda lejos del palmar\u00e9s de Merckx, pero al ritmo que va la comparaci\u00f3n es cada vez m\u00e1s oportuna.<\/p>\n<p>Ganador ya de seis Monumentos, las cl\u00e1sicas de un d\u00eda m\u00e1s importantes del calendario, lograr\u00e1 su tercera victoria en una gran carrera en solo seis participaciones.<\/p>\n<p>Est\u00e1n las cifras y luego el estilo. El dominio de Pogacar es calcado al que ejerc\u00eda Merckx, as\u00ed como el sentimiento de impotencia de sus rivales. Pogacar quiere ganar siempre, todo el tiempo, provocando incluso que los aficionados se aburran.<\/p>\n<p>\u00abQuer\u00eda acabar el Giro con una buena nota y en buena forma. Pienso que lo he logrado, nunca he ido a Roma y ma\u00f1ana lo voy a saborear\u00bb, se\u00f1al\u00f3 Pogacar tras su triunfo.<\/p>\n<p>El s\u00e1bado aventaj\u00f3 en 2:07 a un peque\u00f1o grupo liderado por el franc\u00e9s Valentin Paret-Peintre, segundo con el mismo tiempo que Daniel Mart\u00ednez, Antonio Tiberi, Einar Rubio, Giulio Pellizzari, Geraint Thomas y Ben O\u2019Connor.<\/p>\n<div id=\"ez-toc-container\" class=\"ez-toc-v2_0_81 counter-hierarchy ez-toc-counter ez-toc-grey ez-toc-container-direction\">\n<div class=\"ez-toc-title-container\">\n<p class=\"ez-toc-title\" style=\"cursor:inherit\">Tabla de Contenido<\/p>\n<span class=\"ez-toc-title-toggle\"><a href=\"#\" class=\"ez-toc-pull-right ez-toc-btn ez-toc-btn-xs ez-toc-btn-default ez-toc-toggle\" aria-label=\"Alternar tabla de contenidos\"><span class=\"ez-toc-js-icon-con\"><span class=\"\"><span class=\"eztoc-hide\" style=\"display:none;\">Toggle<\/span><span class=\"ez-toc-icon-toggle-span\"><svg style=\"fill: #999;color:#999\" xmlns=\"http:\/\/www.w3.org\/2000\/svg\" class=\"list-377408\" width=\"20px\" height=\"20px\" viewBox=\"0 0 24 24\" fill=\"none\"><path d=\"M6 6H4v2h2V6zm14 0H8v2h12V6zM4 11h2v2H4v-2zm16 0H8v2h12v-2zM4 16h2v2H4v-2zm16 0H8v2h12v-2z\" fill=\"currentColor\"><\/path><\/svg><svg style=\"fill: #999;color:#999\" class=\"arrow-unsorted-368013\" xmlns=\"http:\/\/www.w3.org\/2000\/svg\" width=\"10px\" height=\"10px\" viewBox=\"0 0 24 24\" version=\"1.2\" baseProfile=\"tiny\"><path d=\"M18.2 9.3l-6.2-6.3-6.2 6.3c-.2.2-.3.4-.3.7s.1.5.3.7c.2.2.4.3.7.3h11c.3 0 .5-.1.7-.3.2-.2.3-.5.3-.7s-.1-.5-.3-.7zM5.8 14.7l6.2 6.3 6.2-6.3c.2-.2.3-.5.3-.7s-.1-.5-.3-.7c-.2-.2-.4-.3-.7-.3h-11c-.3 0-.5.1-.7.3-.2.2-.3.5-.3.7s.1.5.3.7z\"\/><\/svg><\/span><\/span><\/span><\/a><\/span><\/div>\n<nav><ul class='ez-toc-list ez-toc-list-level-1 ' ><li class='ez-toc-page-1 ez-toc-heading-level-2'><a class=\"ez-toc-link ez-toc-heading-1\" href=\"https:\/\/enfoquenoticioso.com\/?p=3620\/#%E2%80%98Nada_que_hacer_de_nuevo\" >\u2018Nada que hacer de nuevo\u2019<\/a><\/li><\/ul><\/nav><\/div>\n<h2><span class=\"ez-toc-section\" id=\"%E2%80%98Nada_que_hacer_de_nuevo\"><\/span>\u2018Nada que hacer de nuevo\u2019<span class=\"ez-toc-section-end\"><\/span><\/h2>\n<p>\u00abEs excepcional. Hoy yo quer\u00eda la victoria de etapa, pero no hubo nada que hacer de nuevo\u00bb, reconoci\u00f3 Mart\u00ednez, flamante segundo.<\/p>\n<p>El l\u00edder del equipo UAE se impuso tras atacar a falta de 35 kil\u00f3metros de la meta de una etapa de monta\u00f1a, que incluy\u00f3 una doble ascensi\u00f3n al magn\u00edfico pero dif\u00edcil Monte Grappa.<\/p>\n<p>Tras un gran trabajo de sus compa\u00f1eros aceler\u00f3 a falta de cinco kil\u00f3metros para la cima y alcanz\u00f3 r\u00e1pidamente al \u00faltimo escapado del d\u00eda, el joven talento Giulio Pellizzari.<\/p>\n<p>Molesto con los aficionados demasiado cercanos en la subida, lleg\u00f3 a la cima con dos minutos de ventaja y luego sell\u00f3 el triunfo en el largo descenso hacia Bassano del Grappa.<\/p>\n<p>El esloveno de 25 a\u00f1os ganar\u00e1 el domingo el Giro en su primer intento. Ser\u00e1 su tercera \u2018grande\u2019 tras sus triunfos en el Tour de Francia, en 2020 y 2021.<\/p>\n<p>A partir del 29 de junio emprender\u00e1 su pr\u00f3ximo desaf\u00edo: convertirse en el primer ciclista desde Marco Pantani en 1998 en ganar el mismo a\u00f1o el Giro y el Tour de Francia. AFP<\/p>\n<p>\u00a0<\/p>\n<\/div>\n<p><a href=\"https:\/\/noticiasaldiayalahora.co\/deportes\/tadej-pogacar-sella-un-historico-giro-con-su-sexta-victoria-de-etapa\/\" class=\" target=\" title=\"Tadej Pogacar sella un hist\u00f3rico Giro con su sexta victoria de etapa\" target=\"_blank\" rel=\"noopener\">Ver fuente<\/a><\/p>\n","protected":false},"excerpt":{"rendered":"<p>De un Can\u00edbal a otro: salvo accidente, Tadej Pogacar asegur\u00f3 su primer triunfo en el Giro de Italia tras su sexta victoria de etapa, este s\u00e1bado en Bassano del Grappa, igualando al gran Eddy Merckx en 1973. Vencedor en solitario, el esloveno ampli\u00f3 su ventaja en la general, con m\u00e1s de nueve minutos sobre su [&hellip;]<\/p>\n","protected":false},"author":2,"featured_media":3621,"comment_status":"open","ping_status":"closed","sticky":false,"template":"","format":"standard","meta":{"footnotes":""},"categories":[7],"tags":[],"class_list":["post-3620","post","type-post","status-publish","format-standard","has-post-thumbnail","hentry","category-deporte"],"_links":{"self":[{"href":"https:\/\/enfoquenoticioso.com\/index.php?rest_route=\/wp\/v2\/posts\/3620","targetHints":{"allow":["GET"]}}],"collection":[{"href":"https:\/\/enfoquenoticioso.com\/index.php?rest_route=\/wp\/v2\/posts"}],"about":[{"href":"https:\/\/enfoquenoticioso.com\/index.php?rest_route=\/wp\/v2\/types\/post"}],"author":[{"embeddable":true,"href":"https:\/\/enfoquenoticioso.com\/index.php?rest_route=\/wp\/v2\/users\/2"}],"replies":[{"embeddable":true,"href":"https:\/\/enfoquenoticioso.com\/index.php?rest_route=%2Fwp%2Fv2%2Fcomments&post=3620"}],"version-history":[{"count":0,"href":"https:\/\/enfoquenoticioso.com\/index.php?rest_route=\/wp\/v2\/posts\/3620\/revisions"}],"wp:featuredmedia":[{"embeddable":true,"href":"https:\/\/enfoquenoticioso.com\/index.php?rest_route=\/wp\/v2\/media\/3621"}],"wp:attachment":[{"href":"https:\/\/enfoquenoticioso.com\/index.php?rest_route=%2Fwp%2Fv2%2Fmedia&parent=3620"}],"wp:term":[{"taxonomy":"category","embeddable":true,"href":"https:\/\/enfoquenoticioso.com\/index.php?rest_route=%2Fwp%2Fv2%2Fcategories&post=3620"},{"taxonomy":"post_tag","embeddable":true,"href":"https:\/\/enfoquenoticioso.com\/index.php?rest_route=%2Fwp%2Fv2%2Ftags&post=3620"}],"curies":[{"name":"wp","href":"https:\/\/api.w.org\/{rel}","templated":true}]}}