{"id":3638,"date":"2024-05-25T22:54:53","date_gmt":"2024-05-25T22:54:53","guid":{"rendered":"https:\/\/enfoquenoticioso.com\/deporte\/lisbely-vera-campeona-en-el-mundial-de-japon\/"},"modified":"2024-05-25T22:54:53","modified_gmt":"2024-05-25T22:54:53","slug":"lisbely-vera-campeona-en-el-mundial-de-japon","status":"publish","type":"post","link":"https:\/\/enfoquenoticioso.com\/?p=3638","title":{"rendered":"Lisbely Vera campeona en el Mundial de Jap\u00f3n\u00a0"},"content":{"rendered":"<div data-td-block-uid=\"tdi_91\">\n<div class=\"tdb-block-inner td-fix-index\">\n<p>Apenas unos d\u00edas despu\u00e9s de sellar su boleto a los Juegos Paral\u00edmpicos, Par\u00eds 2024, la velocista Lisbely Vera se alz\u00f3 campeona de los 200 m t74 del Mundial de Kobe, Jap\u00f3n 2024.<\/p>\n<p>La venezolana, triple medallista de Tokio 2020, domin\u00f3 c\u00f3modamente la carrera y termin\u00f3 con un tiempo de 24.61 segundos. Adem\u00e1s del titulo mundial, esa marca la clasifica tambi\u00e9n en esta prueba para los Juegos Paral\u00edmpicos Par\u00eds 2024.\u00a0<\/p>\n<figure class=\"wp-block-embed is-type-rich is-provider-twitter wp-block-embed-twitter\">\n<div class=\"wp-block-embed__wrapper\">\n<blockquote class=\"twitter-tweet\" data-width=\"550\" data-dnt=\"true\">\n<p lang=\"es\" dir=\"ltr\">\u00a1Lisbely Campeona del Mundo!\ud83e\udd47\ud83c\udfc6<\/p>\n<p>Lisbely Vera T47 obtiene medalla de oro en los 200m, cruzando la meta con un tiempo de 24.61 con este resultado cierra con broche dorado su participaci\u00f3n en el Mundial de Para Atletismo en Kobe Jap\u00f3n 2024.<\/p>\n<p>\u00a1Gran resultado campeona! \ud83d\udcaa\ud83c\udffb\ud83c\uddfb\ud83c\uddea <a href=\"https:\/\/t.co\/9R70WdArGf\">pic.twitter.com\/9R70WdArGf<\/a><\/p>\n<p>\u2014 Juan Amarante (@JuanAmarante12) <a href=\"https:\/\/twitter.com\/JuanAmarante12\/status\/1794362342094017003?ref_src=twsrc%5Etfw\" target=\"_blank\" rel=\"noopener\">May 25, 2024<\/a><\/p><\/blockquote>\n<\/div>\n<\/figure>\n<p>Esta nueva conquista llega tres d\u00edas despu\u00e9s de que Lisbely Vera clasificar\u00e1 a la m\u00e1xima cita del deporte en la prueba de los 400 mts (T47), en la que se colg\u00f3 la medalla de plata.<\/p>\n<p><strong>Lee tambi\u00e9n:<a href=\"https:\/\/www.liderendeportes.com\/noticias\/mas-deportes\/ewduars-varela-inscribio-su-nombre-en-los-paralimpicos\/\" target=\"_blank\" rel=\"noopener\"> Ewduars Varela inscribi\u00f3 su nombre en los Paral\u00edmpicos<\/a><\/strong><\/p>\n<p>De esta forma, la criolla asegura su segunda participaci\u00f3n consecutiva en los Paral\u00edmpicos. En Tokio 2020 se colg\u00f3 dos preseas de oro, en los 100 y 200 m T47, y una plata, en los 400 m.\u00a0<\/p>\n<p>Hasta ahora Venezuela tiene ocho clasificados a los Juegos Paral\u00edmpicos.<\/p>\n<\/div>\n<\/div>\n<p><script async src=\"\/\/platform.twitter.com\/widgets.js\" charset=\"utf-8\"><\/script><br \/>\n<br \/><a href=\"https:\/\/www.liderendeportes.com\/noticias\/mas-deportes\/ciclo-olimpico\/lisbely-vera-campeona-en-el-mundial-de-japon\/\" class=\" target=\" title=\"Lisbely Vera campeona en el Mundial de Jap\u00f3n\u00a0\" target=\"_blank\" rel=\"noopener\">Ver fuente<\/a><\/p>\n","protected":false},"excerpt":{"rendered":"<p>Apenas unos d\u00edas despu\u00e9s de sellar su boleto a los Juegos Paral\u00edmpicos, Par\u00eds 2024, la velocista Lisbely Vera se alz\u00f3 campeona de los 200 m t74 del Mundial de Kobe, Jap\u00f3n 2024. La venezolana, triple medallista de Tokio 2020, domin\u00f3 c\u00f3modamente la carrera y termin\u00f3 con un tiempo de 24.61 segundos. Adem\u00e1s del titulo mundial, [&hellip;]<\/p>\n","protected":false},"author":2,"featured_media":3639,"comment_status":"open","ping_status":"closed","sticky":false,"template":"","format":"standard","meta":{"footnotes":""},"categories":[7],"tags":[],"class_list":["post-3638","post","type-post","status-publish","format-standard","has-post-thumbnail","hentry","category-deporte"],"_links":{"self":[{"href":"https:\/\/enfoquenoticioso.com\/index.php?rest_route=\/wp\/v2\/posts\/3638","targetHints":{"allow":["GET"]}}],"collection":[{"href":"https:\/\/enfoquenoticioso.com\/index.php?rest_route=\/wp\/v2\/posts"}],"about":[{"href":"https:\/\/enfoquenoticioso.com\/index.php?rest_route=\/wp\/v2\/types\/post"}],"author":[{"embeddable":true,"href":"https:\/\/enfoquenoticioso.com\/index.php?rest_route=\/wp\/v2\/users\/2"}],"replies":[{"embeddable":true,"href":"https:\/\/enfoquenoticioso.com\/index.php?rest_route=%2Fwp%2Fv2%2Fcomments&post=3638"}],"version-history":[{"count":0,"href":"https:\/\/enfoquenoticioso.com\/index.php?rest_route=\/wp\/v2\/posts\/3638\/revisions"}],"wp:featuredmedia":[{"embeddable":true,"href":"https:\/\/enfoquenoticioso.com\/index.php?rest_route=\/wp\/v2\/media\/3639"}],"wp:attachment":[{"href":"https:\/\/enfoquenoticioso.com\/index.php?rest_route=%2Fwp%2Fv2%2Fmedia&parent=3638"}],"wp:term":[{"taxonomy":"category","embeddable":true,"href":"https:\/\/enfoquenoticioso.com\/index.php?rest_route=%2Fwp%2Fv2%2Fcategories&post=3638"},{"taxonomy":"post_tag","embeddable":true,"href":"https:\/\/enfoquenoticioso.com\/index.php?rest_route=%2Fwp%2Fv2%2Ftags&post=3638"}],"curies":[{"name":"wp","href":"https:\/\/api.w.org\/{rel}","templated":true}]}}