{"id":3662,"date":"2024-05-26T06:13:59","date_gmt":"2024-05-26T06:13:59","guid":{"rendered":"https:\/\/enfoquenoticioso.com\/deporte\/nadal-asomo-que-este-podria-no-ser-su-ultimo-rg\/"},"modified":"2024-05-26T06:13:59","modified_gmt":"2024-05-26T06:13:59","slug":"nadal-asomo-que-este-podria-no-ser-su-ultimo-rg","status":"publish","type":"post","link":"https:\/\/enfoquenoticioso.com\/?p=3662","title":{"rendered":"Nadal asom\u00f3 que este podr\u00eda no ser su \u00faltimo RG"},"content":{"rendered":"<div data-td-block-uid=\"tdi_91\">\n<div class=\"tdb-block-inner td-fix-index\">\n<p>El tenista espa\u00f1ol ex n\u00famero uno del mundo, Rafael Nadal, <a href=\"https:\/\/apnews.com\/article\/rafael-nadal-french-open-2024-zverev-b5c3540ec923368df8e006f7c9fb11ff\" target=\"_blank\" rel=\"noreferrer noopener\">se mostr\u00f3 optimista en su rueda de prensa previa al comienzo este domingo de Roland Garros<\/a>; el segundo Grand Slam de la temporada ten\u00edstica, y dej\u00f3 al aire la posibilidad de que este sea o no \u00faltima participaci\u00f3n en el polvo de ladrillo parisino.<\/p>\n<p><strong>Lee tambi\u00e9n: <\/strong><a href=\"https:\/\/www.liderendeportes.com\/noticias\/mas-deportes\/tenis\/djokovic-llega-a-roland-garros-sin-titulos-en-2024\/#google_vignette\" target=\"_blank\" rel=\"noreferrer noopener\">Djokovic llega a Roland Garros sin t\u00edtulos en 2024<\/a><\/p>\n<p>\u201cEs muy, muy probable que sea mi \u00faltimo Roland Garros\u201d, dijo el manacor\u00ed en su intervenci\u00f3n ante los medios, en declaraciones recogidas por AP. \u201c\u00bfPero si tengo que decirte que es 100% mi \u00faltimo Roland Garros? Lo siento, pero no lo har\u00e9. Porque no puedo predecir lo que est\u00e1 pasando\u201d.<\/p>\n<p>El ib\u00e9rico ha estado sinti\u00e9ndose mejor en los entrenamientos y se ha mostrado ansioso por empezar el torneo, en el que se medir\u00e1 en primera ronda al alem\u00e1n Alexander Zverev, en lo que ser\u00e1 uno de los duelos m\u00e1s seguidos del lunes, en el segundo d\u00eda del certamen.<\/p>\n<p>No obstante, Nadal hab\u00eda declarado anteriormente que 2024 ser\u00eda su \u00faltimo a\u00f1o en el circuito, pero cuando se le pregunt\u00f3 que tan cierta era esa afirmaci\u00f3n; tomando en cuenta la edad (cumplir\u00e1 38 a\u00f1os el 3 de junio) y las m\u00faltiples lesiones que lo han afectado en esta etapa de su carrera, se limit\u00f3 a decir: \u201cNo asumas eso\u201d.<\/p>\n<\/div>\n<\/div>\n<p><a href=\"https:\/\/www.liderendeportes.com\/noticias\/mas-deportes\/tenis\/nadal-asomo-que-este-podria-no-ser-su-ultimo-rg\/\" class=\" target=\" title=\"Nadal asom\u00f3 que este podr\u00eda no ser su \u00faltimo RG\" target=\"_blank\" rel=\"noopener\">Ver fuente<\/a><\/p>\n","protected":false},"excerpt":{"rendered":"<p>El tenista espa\u00f1ol ex n\u00famero uno del mundo, Rafael Nadal, se mostr\u00f3 optimista en su rueda de prensa previa al comienzo este domingo de Roland Garros; el segundo Grand Slam de la temporada ten\u00edstica, y dej\u00f3 al aire la posibilidad de que este sea o no \u00faltima participaci\u00f3n en el polvo de ladrillo parisino. Lee [&hellip;]<\/p>\n","protected":false},"author":2,"featured_media":3663,"comment_status":"open","ping_status":"closed","sticky":false,"template":"","format":"standard","meta":{"footnotes":""},"categories":[7],"tags":[],"class_list":["post-3662","post","type-post","status-publish","format-standard","has-post-thumbnail","hentry","category-deporte"],"_links":{"self":[{"href":"https:\/\/enfoquenoticioso.com\/index.php?rest_route=\/wp\/v2\/posts\/3662","targetHints":{"allow":["GET"]}}],"collection":[{"href":"https:\/\/enfoquenoticioso.com\/index.php?rest_route=\/wp\/v2\/posts"}],"about":[{"href":"https:\/\/enfoquenoticioso.com\/index.php?rest_route=\/wp\/v2\/types\/post"}],"author":[{"embeddable":true,"href":"https:\/\/enfoquenoticioso.com\/index.php?rest_route=\/wp\/v2\/users\/2"}],"replies":[{"embeddable":true,"href":"https:\/\/enfoquenoticioso.com\/index.php?rest_route=%2Fwp%2Fv2%2Fcomments&post=3662"}],"version-history":[{"count":0,"href":"https:\/\/enfoquenoticioso.com\/index.php?rest_route=\/wp\/v2\/posts\/3662\/revisions"}],"wp:featuredmedia":[{"embeddable":true,"href":"https:\/\/enfoquenoticioso.com\/index.php?rest_route=\/wp\/v2\/media\/3663"}],"wp:attachment":[{"href":"https:\/\/enfoquenoticioso.com\/index.php?rest_route=%2Fwp%2Fv2%2Fmedia&parent=3662"}],"wp:term":[{"taxonomy":"category","embeddable":true,"href":"https:\/\/enfoquenoticioso.com\/index.php?rest_route=%2Fwp%2Fv2%2Fcategories&post=3662"},{"taxonomy":"post_tag","embeddable":true,"href":"https:\/\/enfoquenoticioso.com\/index.php?rest_route=%2Fwp%2Fv2%2Ftags&post=3662"}],"curies":[{"name":"wp","href":"https:\/\/api.w.org\/{rel}","templated":true}]}}