{"id":3664,"date":"2024-05-26T06:24:15","date_gmt":"2024-05-26T06:24:15","guid":{"rendered":"https:\/\/enfoquenoticioso.com\/tecnologia\/mira-el-primer-trailer-de-la-esperada-temporada-3\/"},"modified":"2024-05-26T06:24:15","modified_gmt":"2024-05-26T06:24:15","slug":"mira-el-primer-trailer-de-la-esperada-temporada-3","status":"publish","type":"post","link":"https:\/\/enfoquenoticioso.com\/?p=3664","title":{"rendered":"mira el primer tr\u00e1iler de la esperada temporada 3"},"content":{"rendered":"<div>\n<p><em><strong>The Bear<\/strong><\/em> es una de las series m\u00e1s aclamadas de los \u00faltimos a\u00f1os y est\u00e1 en la cuenta regresiva hacia el estreno de su tercera temporada. Este viernes, FX ha dado a conocer <a href=\"https:\/\/www.youtube.com\/watch?v=rUlP-BkJUFs\" target=\"_blank\" rel=\"noopener\">el primer tr\u00e1iler<\/a> de los nuevos episodios, que ya tienen fecha de estreno confirmada.<\/p>\n<p>El avance de la temporada 3 de <em>The Bear<\/em> dura solo 30 segundos, pero muestra <strong>el caos<\/strong> que reina en el nuevo emprendimiento gastron\u00f3mico de los protagonistas. Comida en llamas, platos cayendo al piso, cocineros bajo extrema presi\u00f3n, empujones y mucho drama se dejan ver con claridad en este vistazo inicial a la nueva entrega de la multipremiada producci\u00f3n.<\/p>\n<p>La tensi\u00f3n promete decir presente en todo momento, y el tr\u00e1iler lo deja en claro. El momento m\u00e1s elocuente \u2014y gracioso\u2014 del mismo es cuando <strong>Sydney<\/strong> (Ayo Edebiri) dice: \u00abEsta es una cocina disfuncional\u00bb, a lo que <strong>Carmy<\/strong> (Jeremy Allen White) y <strong>Richie<\/strong> (Ebon Moss-Bachrach) responden al un\u00edsono: \u00abMu\u00e9strame una funcional\u00bb.<\/p>\n<p>Todos los episodios de la tercera temporada de <em>The Bear<\/em> estar\u00e1n disponibles el <strong>27 de junio<\/strong> a trav\u00e9s de Hulu en Estados Unidos. Todav\u00eda no est\u00e1 claro si la misma fecha aplicar\u00e1 al resto del mundo, donde la serie se distribuye a trav\u00e9s de Disney+ o Star+, seg\u00fan la regi\u00f3n.<\/p>\n<figure class=\"wp-block-embed alignwide is-type-video is-provider-youtube wp-block-embed-youtube wp-embed-aspect-16-9 wp-has-aspect-ratio\">\n<div class=\"wp-block-embed__wrapper\">\n<div class=\"perfmatters-lazy-youtube\" data-src=\"https:\/\/www.youtube.com\/embed\/rUlP-BkJUFs\" data-id=\"rUlP-BkJUFs\" data-query=\"feature=oembed\" onclick=\"perfmattersLazyLoadYouTube(this);\">\n<div><img loading=\"lazy\" decoding=\"async\" alt=\"YouTube video\" width=\"480\" height=\"360\" data-pin-nopin=\"true\" nopin=\"nopin\" class=\"perfmatters-lazy\" src=\"https:\/\/i.ytimg.com\/vi\/rUlP-BkJUFs\/hqdefault.jpg\"\/><img loading=\"lazy\" decoding=\"async\" src=\"https:\/\/i.ytimg.com\/vi\/rUlP-BkJUFs\/hqdefault.jpg\" alt=\"YouTube video\" width=\"480\" height=\"360\" data-pin-nopin=\"true\" nopin=\"nopin\"\/><\/div>\n<\/div>\n<p><noscript><iframe loading=\"lazy\" title=\"The Bear | Season 3 | Jeremy Allen White, Ayo Edebiri, Ebon Moss-Bachrach | FX\" width=\"640\" height=\"360\" src=\"https:\/\/www.youtube.com\/embed\/rUlP-BkJUFs?feature=oembed\" frameborder=\"0\" allow=\"accelerometer; autoplay; clipboard-write; encrypted-media; gyroscope; picture-in-picture; web-share\" referrerpolicy=\"strict-origin-when-cross-origin\" allowfullscreen><\/iframe><\/noscript>\n<\/div>\n<\/figure>\n<div id=\"ez-toc-container\" class=\"ez-toc-v2_0_81 counter-hierarchy ez-toc-counter ez-toc-grey ez-toc-container-direction\">\n<div class=\"ez-toc-title-container\">\n<p class=\"ez-toc-title\" style=\"cursor:inherit\">Tabla de Contenido<\/p>\n<span class=\"ez-toc-title-toggle\"><a href=\"#\" class=\"ez-toc-pull-right ez-toc-btn ez-toc-btn-xs ez-toc-btn-default ez-toc-toggle\" aria-label=\"Alternar tabla de contenidos\"><span class=\"ez-toc-js-icon-con\"><span class=\"\"><span class=\"eztoc-hide\" style=\"display:none;\">Toggle<\/span><span class=\"ez-toc-icon-toggle-span\"><svg style=\"fill: #999;color:#999\" xmlns=\"http:\/\/www.w3.org\/2000\/svg\" class=\"list-377408\" width=\"20px\" height=\"20px\" viewBox=\"0 0 24 24\" fill=\"none\"><path d=\"M6 6H4v2h2V6zm14 0H8v2h12V6zM4 11h2v2H4v-2zm16 0H8v2h12v-2zM4 16h2v2H4v-2zm16 0H8v2h12v-2z\" fill=\"currentColor\"><\/path><\/svg><svg style=\"fill: #999;color:#999\" class=\"arrow-unsorted-368013\" xmlns=\"http:\/\/www.w3.org\/2000\/svg\" width=\"10px\" height=\"10px\" viewBox=\"0 0 24 24\" version=\"1.2\" baseProfile=\"tiny\"><path d=\"M18.2 9.3l-6.2-6.3-6.2 6.3c-.2.2-.3.4-.3.7s.1.5.3.7c.2.2.4.3.7.3h11c.3 0 .5-.1.7-.3.2-.2.3-.5.3-.7s-.1-.5-.3-.7zM5.8 14.7l6.2 6.3 6.2-6.3c.2-.2.3-.5.3-.7s-.1-.5-.3-.7c-.2-.2-.4-.3-.7-.3h-11c-.3 0-.5.1-.7.3-.2.2-.3.5-.3.7s.1.5.3.7z\"\/><\/svg><\/span><\/span><\/span><\/a><\/span><\/div>\n<nav><ul class='ez-toc-list ez-toc-list-level-1 ' ><li class='ez-toc-page-1 ez-toc-heading-level-2'><a class=\"ez-toc-link ez-toc-heading-1\" href=\"https:\/\/enfoquenoticioso.com\/?p=3664\/#La_temporada_3_de_The_Bear_esta_a_la_vuelta_de_la_esquina\" >La temporada 3 de The Bear est\u00e1 a la vuelta de la esquina<\/a><ul class='ez-toc-list-level-4' ><li class='ez-toc-heading-level-4'><ul class='ez-toc-list-level-4' ><li class='ez-toc-heading-level-4'><a class=\"ez-toc-link ez-toc-heading-2\" href=\"https:\/\/enfoquenoticioso.com\/?p=3664\/#Tambien_en_Hipertextual\" >Tambi\u00e9n en Hipertextual:<\/a><\/li><\/ul><\/li><\/ul><\/li><\/ul><\/nav><\/div>\n<h2 class=\"wp-block-heading\" id=\"h-la-temporada-3-de-the-bear-esta-a-la-vuelta-de-la-esquina\"><span class=\"ez-toc-section\" id=\"La_temporada_3_de_The_Bear_esta_a_la_vuelta_de_la_esquina\"><\/span>La temporada 3 de <em>The Bear<\/em> est\u00e1 a la vuelta de la esquina<span class=\"ez-toc-section-end\"><\/span><\/h2>\n<p>La tercera temporada de <em>The Bear<\/em> se confirm\u00f3 <a href=\"https:\/\/hipertextual.com\/2023\/11\/the-bear-renovada-tercera-temporada\" target=\"_blank\" rel=\"noopener\">a principios de noviembre del a\u00f1o pasado<\/a>, aunque por entonces no se hab\u00edan dado demasiados detalles al respecto debido a que Hollywood todav\u00eda estaba inmerso en la huelga de SAG-AFTRA, el sindicato de actores.<\/p>\n<p>Pero la tercera temporada no ser\u00e1 la \u00faltima de <em>The Bear<\/em>. En marzo, <em><a href=\"https:\/\/www.hollywoodreporter.com\/tv\/tv-news\/the-bear-renewed-season-4-fx-1235852971\/\" target=\"_blank\" rel=\"noopener\">The Hollywood Reporter<\/a><\/em> inform\u00f3 que la serie de FX <strong>hab\u00eda sido renovada para una cuarta<\/strong>. Los creadores optaron por no referirse al tema, pero el citado medio indic\u00f3 que el rodaje de ambas temporadas se realizar\u00eda en simult\u00e1neo.<\/p>\n<p>La decisi\u00f3n de grabar en continuado habr\u00eda sido fundamentada por dos razones. La primera, para respetar el calendario anual de lanzamiento de nuevos cap\u00edtulos. La segunda, para exprimir al m\u00e1ximo la disponibilidad de sus protagonistas. Esto se debe a que, gracias al \u00e9xito de las dos primeras temporadas de <em>The Bear<\/em>, Ayo Edebiri y Jeremy Allen White se han convertido en dos de los int\u00e9rpretes m\u00e1s buscados de la industria.<\/p>\n<figure class=\"wp-block-image alignwide size-large\"><img loading=\"lazy\" decoding=\"async\" width=\"780\" height=\"439\" alt=\"The Bear\" class=\"wp-image-1741315 perfmatters-lazy\" data-recalc-dims=\"1\" src=\"https:\/\/i0.wp.com\/imgs.hipertextual.com\/wp-content\/uploads\/2023\/06\/the-bear-1673780812-1500x844.jpg?resize=780%2C439&amp;quality=55&amp;strip=all&amp;ssl=1\" srcset=\"https:\/\/i0.wp.com\/imgs.hipertextual.com\/wp-content\/uploads\/2023\/06\/the-bear-1673780812-scaled.jpg?resize=1500%2C844&amp;quality=55&amp;strip=all&amp;ssl=1 1500w, https:\/\/i0.wp.com\/imgs.hipertextual.com\/wp-content\/uploads\/2023\/06\/the-bear-1673780812-scaled.jpg?resize=800%2C450&amp;quality=55&amp;strip=all&amp;ssl=1 800w, https:\/\/i0.wp.com\/imgs.hipertextual.com\/wp-content\/uploads\/2023\/06\/the-bear-1673780812-scaled.jpg?resize=768%2C432&amp;quality=55&amp;strip=all&amp;ssl=1 768w, https:\/\/i0.wp.com\/imgs.hipertextual.com\/wp-content\/uploads\/2023\/06\/the-bear-1673780812-scaled.jpg?resize=1536%2C864&amp;quality=55&amp;strip=all&amp;ssl=1 1536w, https:\/\/i0.wp.com\/imgs.hipertextual.com\/wp-content\/uploads\/2023\/06\/the-bear-1673780812-scaled.jpg?resize=2048%2C1152&amp;quality=55&amp;strip=all&amp;ssl=1 2048w, https:\/\/i0.wp.com\/imgs.hipertextual.com\/wp-content\/uploads\/2023\/06\/the-bear-1673780812-scaled.jpg?resize=1200%2C675&amp;quality=55&amp;strip=all&amp;ssl=1 1200w, https:\/\/i0.wp.com\/imgs.hipertextual.com\/wp-content\/uploads\/2023\/06\/the-bear-1673780812-scaled.jpg?resize=1568%2C882&amp;quality=55&amp;strip=all&amp;ssl=1 1568w, https:\/\/i0.wp.com\/imgs.hipertextual.com\/wp-content\/uploads\/2023\/06\/the-bear-1673780812-scaled.jpg?resize=400%2C225&amp;quality=55&amp;strip=all&amp;ssl=1 400w, https:\/\/i0.wp.com\/imgs.hipertextual.com\/wp-content\/uploads\/2023\/06\/the-bear-1673780812-scaled.jpg?w=2340&amp;quality=55&amp;strip=all&amp;ssl=1 2340w, https:\/\/i0.wp.com\/imgs.hipertextual.com\/wp-content\/uploads\/2023\/06\/the-bear-1673780812-1500x844.jpg?w=370&amp;quality=55&amp;strip=all&amp;ssl=1 370w\" data-sizes=\"(max-width: 780px) 100vw, 780px\"\/><img loading=\"lazy\" decoding=\"async\" width=\"780\" height=\"439\" src=\"https:\/\/i0.wp.com\/imgs.hipertextual.com\/wp-content\/uploads\/2023\/06\/the-bear-1673780812-1500x844.jpg?resize=780%2C439&amp;quality=55&amp;strip=all&amp;ssl=1\" alt=\"The Bear\" class=\"wp-image-1741315\" srcset=\"https:\/\/i0.wp.com\/imgs.hipertextual.com\/wp-content\/uploads\/2023\/06\/the-bear-1673780812-scaled.jpg?resize=1500%2C844&amp;quality=55&amp;strip=all&amp;ssl=1 1500w, https:\/\/i0.wp.com\/imgs.hipertextual.com\/wp-content\/uploads\/2023\/06\/the-bear-1673780812-scaled.jpg?resize=800%2C450&amp;quality=55&amp;strip=all&amp;ssl=1 800w, https:\/\/i0.wp.com\/imgs.hipertextual.com\/wp-content\/uploads\/2023\/06\/the-bear-1673780812-scaled.jpg?resize=768%2C432&amp;quality=55&amp;strip=all&amp;ssl=1 768w, https:\/\/i0.wp.com\/imgs.hipertextual.com\/wp-content\/uploads\/2023\/06\/the-bear-1673780812-scaled.jpg?resize=1536%2C864&amp;quality=55&amp;strip=all&amp;ssl=1 1536w, https:\/\/i0.wp.com\/imgs.hipertextual.com\/wp-content\/uploads\/2023\/06\/the-bear-1673780812-scaled.jpg?resize=2048%2C1152&amp;quality=55&amp;strip=all&amp;ssl=1 2048w, https:\/\/i0.wp.com\/imgs.hipertextual.com\/wp-content\/uploads\/2023\/06\/the-bear-1673780812-scaled.jpg?resize=1200%2C675&amp;quality=55&amp;strip=all&amp;ssl=1 1200w, https:\/\/i0.wp.com\/imgs.hipertextual.com\/wp-content\/uploads\/2023\/06\/the-bear-1673780812-scaled.jpg?resize=1568%2C882&amp;quality=55&amp;strip=all&amp;ssl=1 1568w, https:\/\/i0.wp.com\/imgs.hipertextual.com\/wp-content\/uploads\/2023\/06\/the-bear-1673780812-scaled.jpg?resize=400%2C225&amp;quality=55&amp;strip=all&amp;ssl=1 400w, https:\/\/i0.wp.com\/imgs.hipertextual.com\/wp-content\/uploads\/2023\/06\/the-bear-1673780812-scaled.jpg?w=2340&amp;quality=55&amp;strip=all&amp;ssl=1 2340w, https:\/\/i0.wp.com\/imgs.hipertextual.com\/wp-content\/uploads\/2023\/06\/the-bear-1673780812-1500x844.jpg?w=370&amp;quality=55&amp;strip=all&amp;ssl=1 370w\" sizes=\"auto, (max-width: 780px) 100vw, 780px\" data-recalc-dims=\"1\"\/><\/figure>\n<p>Es probable que antes del estreno de la tercera temporada, FX libere un tr\u00e1iler m\u00e1s extenso de lo que se viene en The Bear. <strong>La expectaci\u00f3n de los fan\u00e1ticos est\u00e1 muy alta, y con raz\u00f3n<\/strong>. La temporada 1 de la serie presume un 100 % de calificaciones positivas de los cr\u00edticos en <em>Rotten Tomatoes<\/em>, mientras que el puntaje de la audiencia es del 92 %. Mientras que la temporada 2 ha logrado n\u00fameros igual de impactantes: 99 % de calificaciones positivas de los cr\u00edticos y 93 % del p\u00fablico.<\/p>\n<p>El pr\u00f3ximo 27 de junio se acabar\u00e1 el misterio sobre c\u00f3mo prosigue el drama gastron\u00f3mico m\u00e1s impactante de los \u00faltimos a\u00f1os. Seguiremos atentos a todas las novedades.<\/p>\n<section id=\"block-25\" class=\"below-content widget widget_block\">\n<div class=\"wp-block-group is-style-default hiper-newsletter-box has-background\" style=\"background:linear-gradient(180deg,rgb(0,23,188) 28%,rgb(0,15,131) 100%);padding-top:15px;padding-right:15px;padding-bottom:15px;padding-left:15px\">\n<div class=\"wp-block-group__inner-container is-layout-constrained wp-block-group-is-layout-constrained\">\n<p class=\"has-white-color has-text-color\">Recibe cada ma\u00f1ana nuestra <a rel=\"noreferrer noopener\" href=\"https:\/\/hipertextual.com\/newsletter\" target=\"_blank\">newsletter<\/a>. Una gu\u00eda para entender lo que importa en relaci\u00f3n con la tecnolog\u00eda, la ciencia y la cultura digital.<\/p>\n<div class=\"wp-block-jetpack-mailchimp\" data-blog-id=\"190110665\">\n<p>\nProcesando&#8230; <\/p>\n<p>\n\u00a1Listo! Ya est\u00e1s suscrito <\/p>\n<p>\nHubo un error, actualiza la p\u00e1gina e int\u00e9ntalo nuevamente <\/p>\n<\/div>\n<\/div>\n<\/div>\n<\/section>\n<section id=\"block-74\" class=\"below-content widget widget_block\">\n<\/section>\n<section id=\"block-71\" class=\"below-content widget widget_block\">\n<h4 class=\"wp-block-heading tambien-en-hipertextual\" id=\"h-tambien-en-hipertextual\" style=\"padding-top:0.8em;padding-right:0px;padding-bottom:0px;padding-left:0px\"><span class=\"ez-toc-section\" id=\"Tambien_en_Hipertextual\"><\/span>Tambi\u00e9n en Hipertextual:<span class=\"ez-toc-section-end\"><\/span><\/h4>\n<\/section>\n<section id=\"block-32\" class=\"below-content widget widget_block\">\n<nav class=\"jp-relatedposts-i2 jp-related-hipertextual wp-block-jetpack-related-posts has-normal-font-size\" style=\"padding-bottom:0px;padding-left:0px;padding-top:0px;padding-right:1.5em;\" data-layout=\"list\" aria-label=\"Entradas relacionadas\"\/><\/section>\n<\/p><\/div>\n<p><a href=\"https:\/\/hipertextual.com\/2024\/05\/the-bear-trailer-tercera-temporada\" class=\" target=\" title=\"mira el primer tr\u00e1iler de la esperada temporada 3\" target=\"_blank\" rel=\"noopener\">Ver fuente<\/a><\/p>\n","protected":false},"excerpt":{"rendered":"<p>The Bear es una de las series m\u00e1s aclamadas de los \u00faltimos a\u00f1os y est\u00e1 en la cuenta regresiva hacia el estreno de su tercera temporada. Este viernes, FX ha dado a conocer el primer tr\u00e1iler de los nuevos episodios, que ya tienen fecha de estreno confirmada. El avance de la temporada 3 de The [&hellip;]<\/p>\n","protected":false},"author":2,"featured_media":3665,"comment_status":"open","ping_status":"closed","sticky":false,"template":"","format":"standard","meta":{"footnotes":""},"categories":[9],"tags":[],"class_list":["post-3664","post","type-post","status-publish","format-standard","has-post-thumbnail","hentry","category-tecnologia"],"_links":{"self":[{"href":"https:\/\/enfoquenoticioso.com\/index.php?rest_route=\/wp\/v2\/posts\/3664","targetHints":{"allow":["GET"]}}],"collection":[{"href":"https:\/\/enfoquenoticioso.com\/index.php?rest_route=\/wp\/v2\/posts"}],"about":[{"href":"https:\/\/enfoquenoticioso.com\/index.php?rest_route=\/wp\/v2\/types\/post"}],"author":[{"embeddable":true,"href":"https:\/\/enfoquenoticioso.com\/index.php?rest_route=\/wp\/v2\/users\/2"}],"replies":[{"embeddable":true,"href":"https:\/\/enfoquenoticioso.com\/index.php?rest_route=%2Fwp%2Fv2%2Fcomments&post=3664"}],"version-history":[{"count":0,"href":"https:\/\/enfoquenoticioso.com\/index.php?rest_route=\/wp\/v2\/posts\/3664\/revisions"}],"wp:featuredmedia":[{"embeddable":true,"href":"https:\/\/enfoquenoticioso.com\/index.php?rest_route=\/wp\/v2\/media\/3665"}],"wp:attachment":[{"href":"https:\/\/enfoquenoticioso.com\/index.php?rest_route=%2Fwp%2Fv2%2Fmedia&parent=3664"}],"wp:term":[{"taxonomy":"category","embeddable":true,"href":"https:\/\/enfoquenoticioso.com\/index.php?rest_route=%2Fwp%2Fv2%2Fcategories&post=3664"},{"taxonomy":"post_tag","embeddable":true,"href":"https:\/\/enfoquenoticioso.com\/index.php?rest_route=%2Fwp%2Fv2%2Ftags&post=3664"}],"curies":[{"name":"wp","href":"https:\/\/api.w.org\/{rel}","templated":true}]}}