{"id":3668,"date":"2024-05-26T06:45:13","date_gmt":"2024-05-26T06:45:13","guid":{"rendered":"https:\/\/enfoquenoticioso.com\/deporte\/robeilys-peinado-obtuvo-bronce-en-eugene\/"},"modified":"2024-05-26T06:45:13","modified_gmt":"2024-05-26T06:45:13","slug":"robeilys-peinado-obtuvo-bronce-en-eugene","status":"publish","type":"post","link":"https:\/\/enfoquenoticioso.com\/?p=3668","title":{"rendered":"Robeilys Peinado obtuvo bronce en Eugene"},"content":{"rendered":"<div data-td-block-uid=\"tdi_91\">\n<div class=\"tdb-block-inner td-fix-index\">\n<p>La saltadora con p\u00e9rtiga venezolana, Robeilys Peinado, se llev\u00f3 la medalla de bronce en la <a href=\"https:\/\/eugene.diamondleague.com\/program-results-eugene\/#baseFrame#__athDisciplineRoot#DisciplineInit#Eugene_2024_TIMING_ATHWPLEVAULTDIAMOND---FNL-000100--_json##main-frame_content#__athHighJump#HighJumpSubFrame#Eugene_2024_TIMING_ATHWPLEVAULTDIAMOND---FNL-000100--_json\" target=\"_blank\" rel=\"noreferrer noopener\">quinta parada de la Liga de Diamante<\/a> en Eugene, Oregon (Estados Unidos) y en el marco del Prefontaine Classic.<\/p>\n<p><strong>Lee tambi\u00e9n: <\/strong><a href=\"https:\/\/www.liderendeportes.com\/noticias\/mas-deportes\/ciclo-olimpico\/lisbely-vera-campeona-en-el-mundial-de-japon\/#google_vignette\" target=\"_blank\" rel=\"noreferrer noopener\">Lisbely Vera campeona en el Mundial de Jap\u00f3n\u00a0<\/a><\/p>\n<p>La garrochista criolla super\u00f3 la altura de 4.53 metros, imponiendo una nueva marca personal durante lo que de temporada en la World Athletics. Ello, por supuesto fue suficiente para que se metiera entre las tres mejores de la competencia y se hiciera de su segundo podio en la Liga de Diamante.<\/p>\n<p>No obstante, \u201cRuby\u201d logr\u00f3 superar las varas de 4.28 y 4.43; la cual complet\u00f3 en su primer intento, pero no as\u00ed con la de 4.63, lo que la priv\u00f3 de poder escalar m\u00e1s pelda\u00f1os.<\/p>\n<figure class=\"wp-block-embed is-type-rich is-provider-instagram wp-block-embed-instagram\"\/>\n<p>Es as\u00ed que, la medalla de oro fue para la estadounidense Emily Grove, que super\u00f3 los 4.63 (mejor marca de la estaci\u00f3n) y la plata fue para su compatriota Katie Moon, que tuvo como mejor salto un 4.53, pero a diferencia de Robeilys Peinado; esta lo hizo en su primera oportunidad.<\/p>\n<\/div>\n<\/div>\n<p><a href=\"https:\/\/www.liderendeportes.com\/noticias\/destacado\/robeilys-peinado-obtuvo-bronce-en-eugene\/\" class=\" target=\" title=\"Robeilys Peinado obtuvo bronce en Eugene\" target=\"_blank\" rel=\"noopener\">Ver fuente<\/a><\/p>\n","protected":false},"excerpt":{"rendered":"<p>La saltadora con p\u00e9rtiga venezolana, Robeilys Peinado, se llev\u00f3 la medalla de bronce en la quinta parada de la Liga de Diamante en Eugene, Oregon (Estados Unidos) y en el marco del Prefontaine Classic. Lee tambi\u00e9n: Lisbely Vera campeona en el Mundial de Jap\u00f3n\u00a0 La garrochista criolla super\u00f3 la altura de 4.53 metros, imponiendo una [&hellip;]<\/p>\n","protected":false},"author":2,"featured_media":2349,"comment_status":"open","ping_status":"closed","sticky":false,"template":"","format":"standard","meta":{"footnotes":""},"categories":[7],"tags":[],"class_list":["post-3668","post","type-post","status-publish","format-standard","has-post-thumbnail","hentry","category-deporte"],"_links":{"self":[{"href":"https:\/\/enfoquenoticioso.com\/index.php?rest_route=\/wp\/v2\/posts\/3668","targetHints":{"allow":["GET"]}}],"collection":[{"href":"https:\/\/enfoquenoticioso.com\/index.php?rest_route=\/wp\/v2\/posts"}],"about":[{"href":"https:\/\/enfoquenoticioso.com\/index.php?rest_route=\/wp\/v2\/types\/post"}],"author":[{"embeddable":true,"href":"https:\/\/enfoquenoticioso.com\/index.php?rest_route=\/wp\/v2\/users\/2"}],"replies":[{"embeddable":true,"href":"https:\/\/enfoquenoticioso.com\/index.php?rest_route=%2Fwp%2Fv2%2Fcomments&post=3668"}],"version-history":[{"count":0,"href":"https:\/\/enfoquenoticioso.com\/index.php?rest_route=\/wp\/v2\/posts\/3668\/revisions"}],"wp:featuredmedia":[{"embeddable":true,"href":"https:\/\/enfoquenoticioso.com\/index.php?rest_route=\/wp\/v2\/media\/2349"}],"wp:attachment":[{"href":"https:\/\/enfoquenoticioso.com\/index.php?rest_route=%2Fwp%2Fv2%2Fmedia&parent=3668"}],"wp:term":[{"taxonomy":"category","embeddable":true,"href":"https:\/\/enfoquenoticioso.com\/index.php?rest_route=%2Fwp%2Fv2%2Fcategories&post=3668"},{"taxonomy":"post_tag","embeddable":true,"href":"https:\/\/enfoquenoticioso.com\/index.php?rest_route=%2Fwp%2Fv2%2Ftags&post=3668"}],"curies":[{"name":"wp","href":"https:\/\/api.w.org\/{rel}","templated":true}]}}