{"id":3675,"date":"2024-05-26T08:53:54","date_gmt":"2024-05-26T08:53:54","guid":{"rendered":"https:\/\/enfoquenoticioso.com\/tecnologia\/jeffrey-wright-se-suma-a-la-temporada-2\/"},"modified":"2024-05-26T08:53:54","modified_gmt":"2024-05-26T08:53:54","slug":"jeffrey-wright-se-suma-a-la-temporada-2","status":"publish","type":"post","link":"https:\/\/enfoquenoticioso.com\/?p=3675","title":{"rendered":"Jeffrey Wright se suma a la temporada 2"},"content":{"rendered":"<div>\n<p>El rodaje de la segunda temporada de <em><strong>The Last of Us<\/strong><\/em> avanza a paso firme, y la serie <a href=\"https:\/\/x.com\/StreamOnMax\/status\/1794037291108724828\">acaba de anunciar<\/a> un nuevo fichaje estrella. Se trata de <strong>Jeffrey Wright<\/strong>, quien se sumar\u00e1 a la producci\u00f3n cocreada por Neil Druckmann y Craig Mazin en el rol de <strong>Isaac Dixon<\/strong>, l\u00edder del Washington Liberation Front (WLF).<\/p>\n<p>La elecci\u00f3n de Wright no es casual, puesto que fue \u00e9l quien le puso su voz a Isaac en el videojuego <em>The Last of Us Part II<\/em>. Esto significa que <strong>conoce al personaje de memoria<\/strong> y sabe mejor que nadie cu\u00e1les son su car\u00e1cter, sus motivaciones y su destino en la propuesta original de Naughty Dog.<\/p>\n<p>Jeffrey Wright se une al elenco de <em>The Last of Us<\/em> en uno de los momentos m\u00e1s destacados de su carrera. Si bien el int\u00e9rprete tiene un nombre hecho en Hollywood, viene de estar nominado al Oscar a Mejor Actor por su impecable labor en <strong><em>American Fiction<\/em><\/strong>, por la cual tambi\u00e9n estuvo nominado a un Globo de Oro. <\/p>\n<figure class=\"wp-block-embed is-type-rich is-provider-twitter wp-block-embed-twitter\"\/>\n<p><em>The Last of Us<\/em> no ser\u00e1 el primer proyecto para HBO en el que participe el actor de 58 a\u00f1os. Muchos recordar\u00e1n a Wright por su papel protag\u00f3nico en <em><strong>Westworld<\/strong><\/em>, por el cual estuvo tres veces nominado a los Premios Emmy. M\u00e1s atr\u00e1s en el tiempo, en 2003, descoll\u00f3 en la miniserie <em><strong>Angels in America<\/strong><\/em>, junto a Al Pacino y Meryl Streep. Su labor le vali\u00f3 un Globo de Oro y un Emmy a Mejor Actor de reparto. En tanto que tambi\u00e9n fue parte de <em><strong>Boardwalk Empire<\/strong><\/em>, la serie protagonizada por Steve Buscemi.<\/p>\n<p>M\u00e1s all\u00e1 de su aclamado trabajo en <em>American Fiction<\/em>, Jeffrey Wright tiene un largo camino en el mundo del cine. Particip\u00f3 en tres pel\u00edculas de la saga <em>James Bond<\/em> liderada por Daniel Craig, interpret\u00f3 a James Gordon en <em>The Batman<\/em> y tambi\u00e9n dej\u00f3 su huella en <em>Los Juegos del Hambre<\/em>, por solo mencionar algunas de sus apariciones en la gran pantalla.<\/p>\n<figure class=\"wp-block-embed is-type-rich is-provider-twitter wp-block-embed-twitter\"\/>\n<div id=\"ez-toc-container\" class=\"ez-toc-v2_0_81 counter-hierarchy ez-toc-counter ez-toc-grey ez-toc-container-direction\">\n<div class=\"ez-toc-title-container\">\n<p class=\"ez-toc-title\" style=\"cursor:inherit\">Tabla de Contenido<\/p>\n<span class=\"ez-toc-title-toggle\"><a href=\"#\" class=\"ez-toc-pull-right ez-toc-btn ez-toc-btn-xs ez-toc-btn-default ez-toc-toggle\" aria-label=\"Alternar tabla de contenidos\"><span class=\"ez-toc-js-icon-con\"><span class=\"\"><span class=\"eztoc-hide\" style=\"display:none;\">Toggle<\/span><span class=\"ez-toc-icon-toggle-span\"><svg style=\"fill: #999;color:#999\" xmlns=\"http:\/\/www.w3.org\/2000\/svg\" class=\"list-377408\" width=\"20px\" height=\"20px\" viewBox=\"0 0 24 24\" fill=\"none\"><path d=\"M6 6H4v2h2V6zm14 0H8v2h12V6zM4 11h2v2H4v-2zm16 0H8v2h12v-2zM4 16h2v2H4v-2zm16 0H8v2h12v-2z\" fill=\"currentColor\"><\/path><\/svg><svg style=\"fill: #999;color:#999\" class=\"arrow-unsorted-368013\" xmlns=\"http:\/\/www.w3.org\/2000\/svg\" width=\"10px\" height=\"10px\" viewBox=\"0 0 24 24\" version=\"1.2\" baseProfile=\"tiny\"><path d=\"M18.2 9.3l-6.2-6.3-6.2 6.3c-.2.2-.3.4-.3.7s.1.5.3.7c.2.2.4.3.7.3h11c.3 0 .5-.1.7-.3.2-.2.3-.5.3-.7s-.1-.5-.3-.7zM5.8 14.7l6.2 6.3 6.2-6.3c.2-.2.3-.5.3-.7s-.1-.5-.3-.7c-.2-.2-.4-.3-.7-.3h-11c-.3 0-.5.1-.7.3-.2.2-.3.5-.3.7s.1.5.3.7z\"\/><\/svg><\/span><\/span><\/span><\/a><\/span><\/div>\n<nav><ul class='ez-toc-list ez-toc-list-level-1 ' ><li class='ez-toc-page-1 ez-toc-heading-level-2'><a class=\"ez-toc-link ez-toc-heading-1\" href=\"https:\/\/enfoquenoticioso.com\/?p=3675\/#Jeffrey_Wright_se_suma_a_The_Last_of_Us\" >Jeffrey Wright se suma a The Last of Us<\/a><ul class='ez-toc-list-level-4' ><li class='ez-toc-heading-level-4'><ul class='ez-toc-list-level-4' ><li class='ez-toc-heading-level-4'><a class=\"ez-toc-link ez-toc-heading-2\" href=\"https:\/\/enfoquenoticioso.com\/?p=3675\/#Tambien_en_Hipertextual\" >Tambi\u00e9n en Hipertextual:<\/a><\/li><\/ul><\/li><\/ul><\/li><\/ul><\/nav><\/div>\n<h2 class=\"wp-block-heading\" id=\"h-jeffrey-wright-se-suma-a-the-last-of-us\"><span class=\"ez-toc-section\" id=\"Jeffrey_Wright_se_suma_a_The_Last_of_Us\"><\/span>Jeffrey Wright se suma a <em>The Last of Us<\/em><span class=\"ez-toc-section-end\"><\/span><\/h2>\n<p>Jeffrey Wright no ser\u00e1 el primer actor de los videojuegos de <em>The Last of Us<\/em> en participar de la adaptaci\u00f3n para HBO y Max. <strong>Pero lo curioso es que tampoco ser\u00e1 el primero en interpretar al mismo personaje en la serie y los juegos<\/strong>. Dicho m\u00e9rito qued\u00f3 en manos de Merle Dandridge, quien interpret\u00f3 a Marlene en el primer juego de la saga y repiti\u00f3 su rol en la temporada 1.<\/p>\n<p>Troy Baker y Ashley Johnson, Joel y Ellie en los t\u00edtulos de Naughty Dog, tuvieron apariciones breves en la producci\u00f3n televisiva. Baker particip\u00f3 del octavo episodio de la primera temporada como uno de los laderos del s\u00e1dico David. En tanto que Johnson estuvo en el noveno cap\u00edtulo como Anna, la madre de Ellie.<\/p>\n<p>La segunda temporada de <em>The Last of Us<\/em> todav\u00eda no tiene fecha de estreno, aunque ya se sabe que llegar\u00e1 <strong>en alg\u00fan momento de 2025<\/strong>. D\u00edas atr\u00e1s, HBO comparti\u00f3 <a href=\"https:\/\/hipertextual.com\/2024\/05\/the-last-of-us-primeras-imagenes-segunda-temporada\" target=\"_blank\" rel=\"noopener\">las primeras im\u00e1genes de Pedro Pascal y Bella Ramsey<\/a> en su retorno como Joel y Ellie. Adem\u00e1s de Jeffrey Wright, los nuevos episodios de la serie introducir\u00e1n a <strong>Isabela Merced<\/strong> <a href=\"https:\/\/hipertextual.com\/2024\/01\/the-last-of-us-dina-isabela-merced\" target=\"_blank\" rel=\"noopener\">en el rol de Dina<\/a> y a <strong>Kaitlyn Dever<\/strong> <a href=\"https:\/\/hipertextual.com\/2024\/01\/the-last-of-us-actriz-abby\" target=\"_blank\" rel=\"noopener\">como Abby<\/a>. <\/p>\n<section id=\"block-25\" class=\"below-content widget widget_block\">\n<div class=\"wp-block-group is-style-default hiper-newsletter-box has-background\" style=\"background:linear-gradient(180deg,rgb(0,23,188) 28%,rgb(0,15,131) 100%);padding-top:15px;padding-right:15px;padding-bottom:15px;padding-left:15px\">\n<div class=\"wp-block-group__inner-container is-layout-constrained wp-block-group-is-layout-constrained\">\n<p class=\"has-white-color has-text-color\">Recibe cada ma\u00f1ana nuestra <a rel=\"noreferrer noopener\" href=\"https:\/\/hipertextual.com\/newsletter\" target=\"_blank\">newsletter<\/a>. Una gu\u00eda para entender lo que importa en relaci\u00f3n con la tecnolog\u00eda, la ciencia y la cultura digital.<\/p>\n<div class=\"wp-block-jetpack-mailchimp\" data-blog-id=\"190110665\">\n<p>\nProcesando&#8230; <\/p>\n<p>\n\u00a1Listo! Ya est\u00e1s suscrito <\/p>\n<p>\nHubo un error, actualiza la p\u00e1gina e int\u00e9ntalo nuevamente <\/p>\n<\/div>\n<\/div>\n<\/div>\n<\/section>\n<section id=\"block-74\" class=\"below-content widget widget_block\">\n<\/section>\n<section id=\"block-71\" class=\"below-content widget widget_block\">\n<h4 class=\"wp-block-heading tambien-en-hipertextual\" id=\"h-tambien-en-hipertextual\" style=\"padding-top:0.8em;padding-right:0px;padding-bottom:0px;padding-left:0px\"><span class=\"ez-toc-section\" id=\"Tambien_en_Hipertextual\"><\/span>Tambi\u00e9n en Hipertextual:<span class=\"ez-toc-section-end\"><\/span><\/h4>\n<\/section>\n<section id=\"block-32\" class=\"below-content widget widget_block\">\n<nav class=\"jp-relatedposts-i2 jp-related-hipertextual wp-block-jetpack-related-posts has-normal-font-size\" style=\"padding-bottom:0px;padding-left:0px;padding-top:0px;padding-right:1.5em;\" data-layout=\"list\" aria-label=\"Entradas relacionadas\"\/><\/section>\n<\/p><\/div>\n<p><a href=\"https:\/\/hipertextual.com\/2024\/05\/the-last-of-us-jeffrey-wright-temporada-2\" class=\" target=\" title=\"Jeffrey Wright se suma a la temporada 2\" target=\"_blank\" rel=\"noopener\">Ver fuente<\/a><\/p>\n","protected":false},"excerpt":{"rendered":"<p>El rodaje de la segunda temporada de The Last of Us avanza a paso firme, y la serie acaba de anunciar un nuevo fichaje estrella. Se trata de Jeffrey Wright, quien se sumar\u00e1 a la producci\u00f3n cocreada por Neil Druckmann y Craig Mazin en el rol de Isaac Dixon, l\u00edder del Washington Liberation Front (WLF). [&hellip;]<\/p>\n","protected":false},"author":2,"featured_media":3676,"comment_status":"open","ping_status":"closed","sticky":false,"template":"","format":"standard","meta":{"footnotes":""},"categories":[9],"tags":[],"class_list":["post-3675","post","type-post","status-publish","format-standard","has-post-thumbnail","hentry","category-tecnologia"],"_links":{"self":[{"href":"https:\/\/enfoquenoticioso.com\/index.php?rest_route=\/wp\/v2\/posts\/3675","targetHints":{"allow":["GET"]}}],"collection":[{"href":"https:\/\/enfoquenoticioso.com\/index.php?rest_route=\/wp\/v2\/posts"}],"about":[{"href":"https:\/\/enfoquenoticioso.com\/index.php?rest_route=\/wp\/v2\/types\/post"}],"author":[{"embeddable":true,"href":"https:\/\/enfoquenoticioso.com\/index.php?rest_route=\/wp\/v2\/users\/2"}],"replies":[{"embeddable":true,"href":"https:\/\/enfoquenoticioso.com\/index.php?rest_route=%2Fwp%2Fv2%2Fcomments&post=3675"}],"version-history":[{"count":0,"href":"https:\/\/enfoquenoticioso.com\/index.php?rest_route=\/wp\/v2\/posts\/3675\/revisions"}],"wp:featuredmedia":[{"embeddable":true,"href":"https:\/\/enfoquenoticioso.com\/index.php?rest_route=\/wp\/v2\/media\/3676"}],"wp:attachment":[{"href":"https:\/\/enfoquenoticioso.com\/index.php?rest_route=%2Fwp%2Fv2%2Fmedia&parent=3675"}],"wp:term":[{"taxonomy":"category","embeddable":true,"href":"https:\/\/enfoquenoticioso.com\/index.php?rest_route=%2Fwp%2Fv2%2Fcategories&post=3675"},{"taxonomy":"post_tag","embeddable":true,"href":"https:\/\/enfoquenoticioso.com\/index.php?rest_route=%2Fwp%2Fv2%2Ftags&post=3675"}],"curies":[{"name":"wp","href":"https:\/\/api.w.org\/{rel}","templated":true}]}}