{"id":3725,"date":"2024-05-26T18:58:04","date_gmt":"2024-05-26T18:58:04","guid":{"rendered":"https:\/\/enfoquenoticioso.com\/sucesos\/adolescente-de-15-anos-intento-asfixiar-con-un-panal-a-su-bebe-de-cuatro-meses\/"},"modified":"2024-05-26T18:58:04","modified_gmt":"2024-05-26T18:58:04","slug":"adolescente-de-15-anos-intento-asfixiar-con-un-panal-a-su-bebe-de-cuatro-meses","status":"publish","type":"post","link":"https:\/\/enfoquenoticioso.com\/?p=3725","title":{"rendered":"Adolescente de 15 a\u00f1os intent\u00f3 asfixiar con un pa\u00f1al a su beb\u00e9 de cuatro meses"},"content":{"rendered":"<div id=\"post-529340\">\n<div class=\"entry-thumbnail\">\n<img width=\"680\" height=\"432\" src=\"https:\/\/i0.wp.com\/noticiasaldiayalahora.co\/wp-content\/uploads\/2024\/05\/Araure-maltrato-infantil.png?resize=680%2C432&amp;ssl=1\" class=\"attachment-content-single size-content-single wp-post-image\" alt=\"\" decoding=\"async\" fetchpriority=\"high\" srcset=\"https:\/\/i0.wp.com\/noticiasaldiayalahora.co\/wp-content\/uploads\/2024\/05\/Araure-maltrato-infantil.png?w=680&amp;ssl=1 680w, https:\/\/i0.wp.com\/noticiasaldiayalahora.co\/wp-content\/uploads\/2024\/05\/Araure-maltrato-infantil.png?resize=300%2C191&amp;ssl=1 300w\" sizes=\"(max-width: 680px) 100vw, 680px\"\/><\/div>\n<p class=\"entry-meta\">\n<span class=\"entry-meta-author vcard author\">Por: <a class=\"fn\" href=\"https:\/\/noticiasaldiayalahora.co\/author\/redaccion\/\" target=\"_blank\" rel=\"noopener\">Redacci\u00f3n Noticias al Dia y a la Hora<\/a><\/span><br \/>\n<span class=\"entry-meta-date updated\">26 mayo, 2024<\/span>\n<\/p>\n<div class=\"entry-content clearfix\">\n<p>Una adolescente de 15 a\u00f1os, fue detenida por funcionarios de la estaci\u00f3n policial General Juan Guillermo Iribarren, por presuntamente intentar matar a su beb\u00e9 de cuatro meses.<span id=\"more-529340\"\/><\/p>\n<p>La criminal acci\u00f3n ocurri\u00f3 la tarde del s\u00e1bado 25 de mayo, en una vivienda ubicada en el barrio San Pablo de la ciudad de Araure.<\/p>\n<p>Una comisi\u00f3n policial fue alertada por el servicio de VEN911 sobre una adolescente que intentaba asfixiar a su beb\u00e9 introduciendo un pa\u00f1al de tela en la boca. Funcionarios lograron rescatar al infante y al mismo tiempo detener a la involucrada.<\/p>\n<p>El macabro hecho se pudo corroborar a trav\u00e9s de un video que fue grabado por la progenitora de la adolescente y abuela del beb\u00e9. La adolescente trat\u00f3 de asfixiar a su peque\u00f1o hijo porque aparentemente no paraba de llorar.<\/p>\n<p>La misma comisi\u00f3n policial al mando del comisario Johan Rumbos, jefe del Centro de Coordinaci\u00f3n Policial 04, traslad\u00f3 al beb\u00e9 hasta la emergencia pedi\u00e1trica del Hospital Universitario Dr. Jes\u00fas Mar\u00eda Casal Ramos de Acarigua-Araure, donde qued\u00f3 recluido bajo vigilancia m\u00e9dica.<\/p>\n<p>Sobre este caso tuvo conocimiento la Fiscal\u00eda Quinta del Ministerio P\u00fablico con competencia penal en materia de adolescentes en Acarigua. A la joven madre se le imput\u00f3 el delito de trato cruel (maltrato infantil).<\/p>\n<div id=\"ez-toc-container\" class=\"ez-toc-v2_0_81 counter-hierarchy ez-toc-counter ez-toc-grey ez-toc-container-direction\">\n<div class=\"ez-toc-title-container\">\n<p class=\"ez-toc-title\" style=\"cursor:inherit\">Tabla de Contenido<\/p>\n<span class=\"ez-toc-title-toggle\"><a href=\"#\" class=\"ez-toc-pull-right ez-toc-btn ez-toc-btn-xs ez-toc-btn-default ez-toc-toggle\" aria-label=\"Alternar tabla de contenidos\"><span class=\"ez-toc-js-icon-con\"><span class=\"\"><span class=\"eztoc-hide\" style=\"display:none;\">Toggle<\/span><span class=\"ez-toc-icon-toggle-span\"><svg style=\"fill: #999;color:#999\" xmlns=\"http:\/\/www.w3.org\/2000\/svg\" class=\"list-377408\" width=\"20px\" height=\"20px\" viewBox=\"0 0 24 24\" fill=\"none\"><path d=\"M6 6H4v2h2V6zm14 0H8v2h12V6zM4 11h2v2H4v-2zm16 0H8v2h12v-2zM4 16h2v2H4v-2zm16 0H8v2h12v-2z\" fill=\"currentColor\"><\/path><\/svg><svg style=\"fill: #999;color:#999\" class=\"arrow-unsorted-368013\" xmlns=\"http:\/\/www.w3.org\/2000\/svg\" width=\"10px\" height=\"10px\" viewBox=\"0 0 24 24\" version=\"1.2\" baseProfile=\"tiny\"><path d=\"M18.2 9.3l-6.2-6.3-6.2 6.3c-.2.2-.3.4-.3.7s.1.5.3.7c.2.2.4.3.7.3h11c.3 0 .5-.1.7-.3.2-.2.3-.5.3-.7s-.1-.5-.3-.7zM5.8 14.7l6.2 6.3 6.2-6.3c.2-.2.3-.5.3-.7s-.1-.5-.3-.7c-.2-.2-.4-.3-.7-.3h-11c-.3 0-.5.1-.7.3-.2.2-.3.5-.3.7s.1.5.3.7z\"\/><\/svg><\/span><\/span><\/span><\/a><\/span><\/div>\n<nav><ul class='ez-toc-list ez-toc-list-level-1 ' ><li class='ez-toc-page-1 ez-toc-heading-level-4'><a class=\"ez-toc-link ez-toc-heading-1\" href=\"https:\/\/enfoquenoticioso.com\/?p=3725\/#Sigue_al_canal_de_noticias_en_Whatsaap\" >Sigue al canal de noticias en Whatsaap\u00a0<\/a><\/li><\/ul><\/nav><\/div>\n<h4><span class=\"ez-toc-section\" id=\"Sigue_al_canal_de_noticias_en_Whatsaap\"><\/span><strong><a href=\"https:\/\/whatsapp.com\/channel\/0029VaDXFnLId7nFFiDdVI26?fbclid=IwAR1LnVJqcByTELJH4Ht086FYRmdx18pRnV7CrkzmTJ5JaLHYY0igukfL9Yk\" target=\"_blank\" rel=\"noopener\">Sigue al canal de noticias en Whatsaap\u00a0<\/a><\/strong><span class=\"ez-toc-section-end\"><\/span><\/h4>\n<\/div>\n<\/div>\n<p><a href=\"https:\/\/noticiasaldiayalahora.co\/sucesos\/conmocion-en-araure-adolescente-de-15-anos-intento-asfixiar-con-un-panal-a-su-bebe-de-cuatro-meses\/\" class=\" target=\" title=\"Adolescente de 15 a\u00f1os intent\u00f3 asfixiar con un pa\u00f1al a su beb\u00e9 de cuatro meses\" target=\"_blank\" rel=\"noopener\">Ver fuente<\/a><\/p>\n","protected":false},"excerpt":{"rendered":"<p>Por: Redacci\u00f3n Noticias al Dia y a la Hora 26 mayo, 2024 Una adolescente de 15 a\u00f1os, fue detenida por funcionarios de la estaci\u00f3n policial General Juan Guillermo Iribarren, por presuntamente intentar matar a su beb\u00e9 de cuatro meses. La criminal acci\u00f3n ocurri\u00f3 la tarde del s\u00e1bado 25 de mayo, en una vivienda ubicada en [&hellip;]<\/p>\n","protected":false},"author":2,"featured_media":3726,"comment_status":"open","ping_status":"closed","sticky":false,"template":"","format":"standard","meta":{"footnotes":""},"categories":[5],"tags":[],"class_list":["post-3725","post","type-post","status-publish","format-standard","has-post-thumbnail","hentry","category-sucesos"],"_links":{"self":[{"href":"https:\/\/enfoquenoticioso.com\/index.php?rest_route=\/wp\/v2\/posts\/3725","targetHints":{"allow":["GET"]}}],"collection":[{"href":"https:\/\/enfoquenoticioso.com\/index.php?rest_route=\/wp\/v2\/posts"}],"about":[{"href":"https:\/\/enfoquenoticioso.com\/index.php?rest_route=\/wp\/v2\/types\/post"}],"author":[{"embeddable":true,"href":"https:\/\/enfoquenoticioso.com\/index.php?rest_route=\/wp\/v2\/users\/2"}],"replies":[{"embeddable":true,"href":"https:\/\/enfoquenoticioso.com\/index.php?rest_route=%2Fwp%2Fv2%2Fcomments&post=3725"}],"version-history":[{"count":0,"href":"https:\/\/enfoquenoticioso.com\/index.php?rest_route=\/wp\/v2\/posts\/3725\/revisions"}],"wp:featuredmedia":[{"embeddable":true,"href":"https:\/\/enfoquenoticioso.com\/index.php?rest_route=\/wp\/v2\/media\/3726"}],"wp:attachment":[{"href":"https:\/\/enfoquenoticioso.com\/index.php?rest_route=%2Fwp%2Fv2%2Fmedia&parent=3725"}],"wp:term":[{"taxonomy":"category","embeddable":true,"href":"https:\/\/enfoquenoticioso.com\/index.php?rest_route=%2Fwp%2Fv2%2Fcategories&post=3725"},{"taxonomy":"post_tag","embeddable":true,"href":"https:\/\/enfoquenoticioso.com\/index.php?rest_route=%2Fwp%2Fv2%2Ftags&post=3725"}],"curies":[{"name":"wp","href":"https:\/\/api.w.org\/{rel}","templated":true}]}}