{"id":3753,"date":"2024-05-27T03:54:58","date_gmt":"2024-05-27T03:54:58","guid":{"rendered":"https:\/\/enfoquenoticioso.com\/deporte\/acuna-jr-esta-lesion-fue-leve-es-lo-que-siento\/"},"modified":"2024-05-27T03:54:58","modified_gmt":"2024-05-27T03:54:58","slug":"acuna-jr-esta-lesion-fue-leve-es-lo-que-siento","status":"publish","type":"post","link":"https:\/\/enfoquenoticioso.com\/?p=3753","title":{"rendered":"Acu\u00f1a Jr.: \u00abEsta lesi\u00f3n fue leve, es lo que siento\u00bb"},"content":{"rendered":"<div data-td-block-uid=\"tdi_91\">\n<div class=\"tdb-block-inner td-fix-index\">\n<p>El jardinero venezolano de los Bravos de Atlanta, Ronald Acu\u00f1a Jr., ofreci\u00f3 declaraciones sobre su estado f\u00edsico. Eso, tras abandonar la victoria de los Bravos este domingo 8-1 sobre los Piratas, luego de torcerce la rodilla mientras corr\u00eda en la intermedia.<\/p>\n<p><strong>Lee tambi\u00e9n: <\/strong><a href=\"https:\/\/www.liderendeportes.com\/noticias\/venezolanos-mlb\/rockies-le-propinaron-primer-reves-a-ranger-suarez\/#google_vignette\" target=\"_blank\" rel=\"noreferrer noopener\">Rockies le propinaron primer rev\u00e9s a Ranger Su\u00e1rez<\/a><\/p>\n<p>\u201cEn comparaci\u00f3n a la lesi\u00f3n que tuve en Miami (el desgarro en 2021), creo que esta fue m\u00e1s leve, es lo que siento\u201d, dijo Ronald Acu\u00f1a Jr. a trav\u00e9s de Eduardo P\u00e9rez, coach de los Bravos y que en esta ocasi\u00f3n sirvi\u00f3 de interprete para el patrullero de La Sabana.<\/p>\n<figure class=\"wp-block-embed is-type-rich is-provider-twitter wp-block-embed-twitter\"\/>\n<p>Asimismo, \u201cEl Abusador\u201d destac\u00f3 que este percance era muy similar al de su lesi\u00f3n de 2018, cuando sufri\u00f3 un esguince en el ligamento cruzado anterior de su rodilla; dado que no hubo un crujido como en aquel desgarro de 2021.<\/p>\n<p>\u201cMe asust\u00e9 mucho porque me dol\u00eda much\u00edsimo\u201d, manifest\u00f3 el criollo, que cree que perder\u00e1 nuevamente al menos 10 d\u00edas. Adem\u00e1s, mencion\u00f3 que un movimiento del receptor contrario fue lo que lo hizo amagar en su camino a la antesala y origin\u00f3 la torcedura.<\/p>\n<p>\u201cCada vez que me hablan de algo de la rodilla me preocupo por lo que pas\u00e9, pero hay que dejar todo en manos de Dios\u201d, sentenci\u00f3 el actual MVP cuando se le pregunt\u00f3 que tan frustrante era tener este tipo de percances de la rodilla.<\/p>\n<figure class=\"wp-block-embed is-type-rich is-provider-twitter wp-block-embed-twitter\">\n<div class=\"wp-block-embed__wrapper\">\n<blockquote class=\"twitter-tweet\" data-width=\"550\" data-dnt=\"true\">\n<p lang=\"en\" dir=\"ltr\">Ronald Acu\u00f1a Jr. will go on the 10-day injured list.<\/p>\n<p>The <a href=\"https:\/\/twitter.com\/Braves?ref_src=twsrc%5Etfw\" target=\"_blank\" rel=\"noopener\">@Braves<\/a> star compared the feeling to his left ACL sprain in 2018.<\/p>\n<p>\u00abHe got scared because he felt the pain in the beginning, but it&#8217;s been going away for a while.\u00bb <a href=\"https:\/\/t.co\/2m6G0pXohe\">pic.twitter.com\/2m6G0pXohe<\/a><\/p>\n<p>\u2014 Bally Sports: Braves (@BravesOnBally) <a href=\"https:\/\/twitter.com\/BravesOnBally\/status\/1794837912409813280?ref_src=twsrc%5Etfw\" target=\"_blank\" rel=\"noopener\">May 26, 2024<\/a><\/p><\/blockquote>\n<\/div>\n<\/figure>\n<\/div>\n<\/div>\n<p><script async src=\"\/\/platform.twitter.com\/widgets.js\" charset=\"utf-8\"><\/script><br \/>\n<br \/><a href=\"https:\/\/www.liderendeportes.com\/noticias\/baseball\/acuna-jr-esta-lesion-fue-leve-es-lo-que-siento\/\" class=\" target=\" title=\"Acu\u00f1a Jr.: \" Esta  fue es lo que target=\"_blank\" rel=\"noopener\">Ver fuente<\/a><\/p>\n","protected":false},"excerpt":{"rendered":"<p>El jardinero venezolano de los Bravos de Atlanta, Ronald Acu\u00f1a Jr., ofreci\u00f3 declaraciones sobre su estado f\u00edsico. Eso, tras abandonar la victoria de los Bravos este domingo 8-1 sobre los Piratas, luego de torcerce la rodilla mientras corr\u00eda en la intermedia. Lee tambi\u00e9n: Rockies le propinaron primer rev\u00e9s a Ranger Su\u00e1rez \u201cEn comparaci\u00f3n a la [&hellip;]<\/p>\n","protected":false},"author":2,"featured_media":3754,"comment_status":"open","ping_status":"closed","sticky":false,"template":"","format":"standard","meta":{"footnotes":""},"categories":[7],"tags":[],"class_list":["post-3753","post","type-post","status-publish","format-standard","has-post-thumbnail","hentry","category-deporte"],"_links":{"self":[{"href":"https:\/\/enfoquenoticioso.com\/index.php?rest_route=\/wp\/v2\/posts\/3753","targetHints":{"allow":["GET"]}}],"collection":[{"href":"https:\/\/enfoquenoticioso.com\/index.php?rest_route=\/wp\/v2\/posts"}],"about":[{"href":"https:\/\/enfoquenoticioso.com\/index.php?rest_route=\/wp\/v2\/types\/post"}],"author":[{"embeddable":true,"href":"https:\/\/enfoquenoticioso.com\/index.php?rest_route=\/wp\/v2\/users\/2"}],"replies":[{"embeddable":true,"href":"https:\/\/enfoquenoticioso.com\/index.php?rest_route=%2Fwp%2Fv2%2Fcomments&post=3753"}],"version-history":[{"count":0,"href":"https:\/\/enfoquenoticioso.com\/index.php?rest_route=\/wp\/v2\/posts\/3753\/revisions"}],"wp:featuredmedia":[{"embeddable":true,"href":"https:\/\/enfoquenoticioso.com\/index.php?rest_route=\/wp\/v2\/media\/3754"}],"wp:attachment":[{"href":"https:\/\/enfoquenoticioso.com\/index.php?rest_route=%2Fwp%2Fv2%2Fmedia&parent=3753"}],"wp:term":[{"taxonomy":"category","embeddable":true,"href":"https:\/\/enfoquenoticioso.com\/index.php?rest_route=%2Fwp%2Fv2%2Fcategories&post=3753"},{"taxonomy":"post_tag","embeddable":true,"href":"https:\/\/enfoquenoticioso.com\/index.php?rest_route=%2Fwp%2Fv2%2Ftags&post=3753"}],"curies":[{"name":"wp","href":"https:\/\/api.w.org\/{rel}","templated":true}]}}