{"id":3787,"date":"2024-05-27T10:01:08","date_gmt":"2024-05-27T10:01:08","guid":{"rendered":"https:\/\/enfoquenoticioso.com\/deporte\/ronald-acuna-sufre-un-desgarre-de-rodilla-y-perdera-el-resto-del-2024\/"},"modified":"2024-05-27T10:01:08","modified_gmt":"2024-05-27T10:01:08","slug":"ronald-acuna-sufre-un-desgarre-de-rodilla-y-perdera-el-resto-del-2024","status":"publish","type":"post","link":"https:\/\/enfoquenoticioso.com\/?p=3787","title":{"rendered":"Ronald Acu\u00f1a sufre un desgarre de rodilla y perder\u00e1 el resto del 2024"},"content":{"rendered":"<div id=\"post-529344\">\n<div class=\"entry-thumbnail\">\n<img width=\"777\" height=\"437\" src=\"https:\/\/i0.wp.com\/noticiasaldiayalahora.co\/wp-content\/uploads\/2024\/05\/Ronald-Acuna-Jr.jpg?resize=777%2C437&amp;ssl=1\" class=\"attachment-content-single size-content-single wp-post-image\" alt=\"\" decoding=\"async\" fetchpriority=\"high\" srcset=\"https:\/\/i0.wp.com\/noticiasaldiayalahora.co\/wp-content\/uploads\/2024\/05\/Ronald-Acuna-Jr.jpg?resize=777%2C437&amp;ssl=1 777w, https:\/\/i0.wp.com\/noticiasaldiayalahora.co\/wp-content\/uploads\/2024\/05\/Ronald-Acuna-Jr.jpg?resize=180%2C101&amp;ssl=1 180w, https:\/\/i0.wp.com\/noticiasaldiayalahora.co\/wp-content\/uploads\/2024\/05\/Ronald-Acuna-Jr.jpg?resize=260%2C146&amp;ssl=1 260w, https:\/\/i0.wp.com\/noticiasaldiayalahora.co\/wp-content\/uploads\/2024\/05\/Ronald-Acuna-Jr.jpg?resize=373%2C210&amp;ssl=1 373w, https:\/\/i0.wp.com\/noticiasaldiayalahora.co\/wp-content\/uploads\/2024\/05\/Ronald-Acuna-Jr.jpg?resize=120%2C67&amp;ssl=1 120w\" sizes=\"(max-width: 777px) 100vw, 777px\"\/><\/div>\n<p class=\"entry-meta\">\n<span class=\"entry-meta-author vcard author\">Por: <a class=\"fn\" href=\"https:\/\/noticiasaldiayalahora.co\/author\/redaccion\/\" target=\"_blank\" rel=\"noopener\">Redacci\u00f3n Noticias al Dia y a la Hora<\/a><\/span><br \/>\n<span class=\"entry-meta-date updated\">27 mayo, 2024<\/span>\n<\/p>\n<div class=\"entry-content clearfix\">\n<p>Ronald Acu\u00f1a Jr.\u00a0recibi\u00f3 una noticia devastadora la noche del domingo, cuando se enter\u00f3 de que deber\u00e1 someterse a una cirug\u00eda de rodilla que pondr\u00e1 fin a su temporada por segunda vez en menos de tres a\u00f1os.<span id=\"more-529344\"\/><\/p>\n<blockquote class=\"twitter-tweet\" data-media-max-width=\"560\">\n<p dir=\"ltr\" lang=\"en\">Sorry\ud83d\udc94\ud83d\ude2a<\/p>\n<p>\u2014 Ronald Acu\u00f1a Jr. (@ronaldacunajr24) <a href=\"https:\/\/twitter.com\/ronaldacunajr24\/status\/1794914136557838492?ref_src=twsrc%5Etfw\" target=\"_blank\" rel=\"noopener\">May 27, 2024<\/a><\/p>\n<\/blockquote>\n<p>Una resonancia magn\u00e9tica mostr\u00f3 que Acu\u00f1a sufri\u00f3 un desgarre completo del ligamento cruzado anterior en la rodilla izquierda durante la primera entrada del juego del domingo, una\u00a0victoria por 8-1\u00a0sobre los Piratas en el PNC Park. El actual Jugador M\u00e1s Valioso de la Liga Nacional tendr\u00e1 que someterse al mismo proceso de rehabilitaci\u00f3n largo y agotador que sigui\u00f3 a su desgarre en la rodilla derecha a mediados de la temporada 2021.<\/p>\n<div class=\"Styles__StoryPartContainer-sc-1mfrmm0-0 cTMViG story-part markdown\">\n<div class=\"Styles__MarkdownContainer-dxqlie-0 eJdqRG\">\n<p>\u201cLo odio por los j\u00f3venes a los que afecta m\u00e1s que a nosotros\u201d, dijo el manager de los Braves, Brian Snitker, cuando se le pregunt\u00f3 sobre las lesiones significativas que han sufrido algunas de sus estrellas este a\u00f1o. \u201cA estos muchachos les encanta jugar al juego. Cuando sucede algo as\u00ed, lo odio\u201d.<\/p>\n<\/div>\n<\/div>\n<div class=\"Styles__StoryPartContainer-sc-1mfrmm0-0 cTMViG story-part markdown\">\n<div class=\"Styles__MarkdownContainer-dxqlie-0 eJdqRG\">\n<p>Acu\u00f1a gener\u00f3 un susto inmediato cuando grit\u00f3 y cay\u00f3 en la grama del infield entre segunda y tercera base. Tom\u00f3 una gran ventaja secundaria e hizo un movimiento hacia tercera mientras el receptor Joey Bart devolv\u00eda la pelota al lanzador venezolano Mart\u00edn P\u00e9rez. La rodilla izquierda de Acu\u00f1a pareci\u00f3 doblarse antes de que cayera al suelo.<\/p>\n<div class=\"Styles__StoryPartContainer-sc-1mfrmm0-0 cTMViG story-part markdown\">\n<div class=\"Styles__MarkdownContainer-dxqlie-0 eJdqRG\">\n<p>\u201cVi que el catcher le estaba devolviendo muy lento la pelota al pitcher\u201d, explic\u00f3 Acu\u00f1a. \u201cEstaba tom\u00e1ndole el tiempo para poder robarme la tercera. Pero en ese momento, la tir\u00f3 fuerte. As\u00ed que tuve que regresar, y fue cuando lo sent\u00ed\u201d.<\/p>\n<\/div>\n<\/div>\n<div class=\"Styles__StoryPartContainer-sc-1mfrmm0-0 cTMViG story-part markdown\">\n<div class=\"Styles__MarkdownContainer-dxqlie-0 eJdqRG\">\n<p>La segunda lesi\u00f3n significativa de rodilla para Acu\u00f1a, de 26 a\u00f1os, es un golpe para el mundo del b\u00e9isbol. El jardinero derecho de los Bravos se ha destacado como uno de los jugadores m\u00e1s din\u00e1micos del juego desde 2018, cuando fue nombrado Novato del A\u00f1o de la Liga Nacional. Su talento \u00e9lite estuvo a la vista de todos nuevamente el a\u00f1o pasado, cuando fue nombrado JMV de la Liga Nacional despu\u00e9s de convertirse en el primer jugador en la historia en conectar m\u00e1s de 40 jonrones y robarse m\u00e1s de 70 bases en la misma campa\u00f1a.<\/p>\n<div class=\"Styles__StoryPartContainer-sc-1mfrmm0-0 cTMViG story-part markdown\">\n<div class=\"Styles__MarkdownContainer-dxqlie-0 eJdqRG\">\n<p>\u201cUno nunca quiere ver a nadie en el terreno hacer eso\u201d, dijo Sale. \u201cEs una parte importante de este equipo. Es uno de los mejores jugadores del juego\u201d.<\/p>\n<\/div>\n<\/div>\n<div class=\"Styles__StoryPartContainer-sc-1mfrmm0-0 cTMViG story-part markdown\">\n<div class=\"Styles__MarkdownContainer-dxqlie-0 eJdqRG\">\n<p>Acu\u00f1a ha conectado 165 jonrones, se ha robado 196 bases y ha dejado un OPS de .903 en su carrera. Es el \u00fanico jugador en la historia de las Grandes Ligas en haber conectado 145 o m\u00e1s vuelacercas, robado 190 o m\u00e1s sacos y tener un OPS de al menos .900 hasta su temporada de 26 a\u00f1os.<\/p>\n<\/div>\n<\/div>\n<div class=\"Styles__StoryPartContainer-sc-1mfrmm0-0 cTMViG story-part markdown\">\n<div class=\"Styles__MarkdownContainer-dxqlie-0 eJdqRG\">\n<p>Lo que hace esto a\u00fan m\u00e1s notable es el hecho de que perdi\u00f3 un mes de la campa\u00f1a del 2018 despu\u00e9s de hacer su debut en MLB unas semanas despu\u00e9s del D\u00eda Inaugural. Se limit\u00f3 a 46 juegos durante la campa\u00f1a del COVID-19 en 2020 y jug\u00f3 82 cotejos antes de desgarrarse el ligamento cruzado de la rodilla derecha dos d\u00edas antes del descanso del Juego de Estrellas del 2021. A pesar de esto, su producci\u00f3n se mantuvo mientras intentaba recuperar la confianza en la rodilla en el 2022.<\/p>\n<div class=\"Styles__StoryPartContainer-sc-1mfrmm0-0 cTMViG story-part markdown\">\n<div class=\"Styles__MarkdownContainer-dxqlie-0 eJdqRG\">\n<p>Con la ayuda de las grandes adquisiciones en la fecha l\u00edmite de cambios hechas por Alex Anthopoulos, el presidente de operaciones de b\u00e9isbol del club, los Bravos superaron la ausencia de Acu\u00f1a en el 2021 y ganaron la Serie Mundial. Sin duda, este no era un desaf\u00edo que quer\u00edan enfrentar nuevamente.<\/p>\n<\/div>\n<\/div>\n<div class=\"Styles__StoryPartContainer-sc-1mfrmm0-0 cTMViG story-part markdown\">\n<div class=\"Styles__MarkdownContainer-dxqlie-0 eJdqRG\">\n<p>Adam Duvall podr\u00eda reemplazar a Acu\u00f1a como jardinero derecho regular. Entonces, en lugar de alternar con Duvall, Jarred Kelenic podr\u00eda convertirse ahora en el jardinero izquierdo de todos los d\u00edas. Michael Harris II permanecer\u00e1 en el jard\u00edn central. Forrest Wall parece ser el reemplazo m\u00e1s probable en el roster. Wall batea .306 con cuatro jonrones y un OPS de .912 en 132 turnos al bate para Triple-A Gwinnett.<\/p>\n<\/div>\n<\/div>\n<div class=\"Styles__StoryPartContainer-sc-1mfrmm0-0 cTMViG story-part markdown\">\n<div class=\"Styles__MarkdownContainer-dxqlie-0 eJdqRG\">\n<p>Esta lesi\u00f3n que pone fin a su a\u00f1o solo se suma a la frustraci\u00f3n que Acu\u00f1a ha sentido durante la primera parte del 2024. Bate\u00f3 .250 con un OPS de .716 y solo 13 extrabases en el a\u00f1o. Pero cuatro de esos extrabases, incluyendo el doble del domingo, llegaron en sus \u00faltimos 31 turnos al bate.<\/p>\n<p>Acu\u00f1a podr\u00eda estar listo al comienzo de la pr\u00f3xima temporada. Pero ya hemos visto que el primer a\u00f1o despu\u00e9s de esta lesi\u00f3n es dif\u00edcil tanto mental como f\u00edsicamente. Y ahora tendr\u00e1 que demostrar que a\u00fan puede ser un jugador \u00e9lite con dos rodillas reparadas quir\u00fargicamente.<\/p>\n<div id=\"ez-toc-container\" class=\"ez-toc-v2_0_81 counter-hierarchy ez-toc-counter ez-toc-grey ez-toc-container-direction\">\n<div class=\"ez-toc-title-container\">\n<p class=\"ez-toc-title\" style=\"cursor:inherit\">Tabla de Contenido<\/p>\n<span class=\"ez-toc-title-toggle\"><a href=\"#\" class=\"ez-toc-pull-right ez-toc-btn ez-toc-btn-xs ez-toc-btn-default ez-toc-toggle\" aria-label=\"Alternar tabla de contenidos\"><span class=\"ez-toc-js-icon-con\"><span class=\"\"><span class=\"eztoc-hide\" style=\"display:none;\">Toggle<\/span><span class=\"ez-toc-icon-toggle-span\"><svg style=\"fill: #999;color:#999\" xmlns=\"http:\/\/www.w3.org\/2000\/svg\" class=\"list-377408\" width=\"20px\" height=\"20px\" viewBox=\"0 0 24 24\" fill=\"none\"><path d=\"M6 6H4v2h2V6zm14 0H8v2h12V6zM4 11h2v2H4v-2zm16 0H8v2h12v-2zM4 16h2v2H4v-2zm16 0H8v2h12v-2z\" fill=\"currentColor\"><\/path><\/svg><svg style=\"fill: #999;color:#999\" class=\"arrow-unsorted-368013\" xmlns=\"http:\/\/www.w3.org\/2000\/svg\" width=\"10px\" height=\"10px\" viewBox=\"0 0 24 24\" version=\"1.2\" baseProfile=\"tiny\"><path d=\"M18.2 9.3l-6.2-6.3-6.2 6.3c-.2.2-.3.4-.3.7s.1.5.3.7c.2.2.4.3.7.3h11c.3 0 .5-.1.7-.3.2-.2.3-.5.3-.7s-.1-.5-.3-.7zM5.8 14.7l6.2 6.3 6.2-6.3c.2-.2.3-.5.3-.7s-.1-.5-.3-.7c-.2-.2-.4-.3-.7-.3h-11c-.3 0-.5.1-.7.3-.2.2-.3.5-.3.7s.1.5.3.7z\"\/><\/svg><\/span><\/span><\/span><\/a><\/span><\/div>\n<nav><ul class='ez-toc-list ez-toc-list-level-1 ' ><li class='ez-toc-page-1 ez-toc-heading-level-4'><a class=\"ez-toc-link ez-toc-heading-1\" href=\"https:\/\/enfoquenoticioso.com\/?p=3787\/#Sigue_al_canal_de_noticias_en_Whatsaap\" >Sigue al canal de noticias en Whatsaap\u00a0<\/a><\/li><\/ul><\/nav><\/div>\n<h4><span class=\"ez-toc-section\" id=\"Sigue_al_canal_de_noticias_en_Whatsaap\"><\/span><strong><a href=\"https:\/\/whatsapp.com\/channel\/0029VaDXFnLId7nFFiDdVI26?fbclid=IwAR1LnVJqcByTELJH4Ht086FYRmdx18pRnV7CrkzmTJ5JaLHYY0igukfL9Yk\" target=\"_blank\" rel=\"noopener\">Sigue al canal de noticias en Whatsaap\u00a0<\/a><\/strong><span class=\"ez-toc-section-end\"><\/span><\/h4>\n<\/div>\n<\/div>\n<\/div>\n<\/div>\n<\/div>\n<\/div>\n<\/div>\n<\/div>\n<\/div>\n<\/div>\n<p><script async src=\"\/\/platform.twitter.com\/widgets.js\" charset=\"utf-8\"><\/script><br \/>\n<br \/><a href=\"https:\/\/noticiasaldiayalahora.co\/deportes\/noticia-mala-ronald-acuna-sufre-un-desgarre-de-rodilla-y-perdera-el-resto-del-2024\/\" class=\" target=\" title=\"Ronald Acu\u00f1a sufre un desgarre de rodilla y perder\u00e1 el resto del 2024\" target=\"_blank\" rel=\"noopener\">Ver fuente<\/a><\/p>\n","protected":false},"excerpt":{"rendered":"<p>Por: Redacci\u00f3n Noticias al Dia y a la Hora 27 mayo, 2024 Ronald Acu\u00f1a Jr.\u00a0recibi\u00f3 una noticia devastadora la noche del domingo, cuando se enter\u00f3 de que deber\u00e1 someterse a una cirug\u00eda de rodilla que pondr\u00e1 fin a su temporada por segunda vez en menos de tres a\u00f1os. Sorry\ud83d\udc94\ud83d\ude2a \u2014 Ronald Acu\u00f1a Jr. (@ronaldacunajr24) May [&hellip;]<\/p>\n","protected":false},"author":2,"featured_media":3788,"comment_status":"open","ping_status":"closed","sticky":false,"template":"","format":"standard","meta":{"footnotes":""},"categories":[7],"tags":[],"class_list":["post-3787","post","type-post","status-publish","format-standard","has-post-thumbnail","hentry","category-deporte"],"_links":{"self":[{"href":"https:\/\/enfoquenoticioso.com\/index.php?rest_route=\/wp\/v2\/posts\/3787","targetHints":{"allow":["GET"]}}],"collection":[{"href":"https:\/\/enfoquenoticioso.com\/index.php?rest_route=\/wp\/v2\/posts"}],"about":[{"href":"https:\/\/enfoquenoticioso.com\/index.php?rest_route=\/wp\/v2\/types\/post"}],"author":[{"embeddable":true,"href":"https:\/\/enfoquenoticioso.com\/index.php?rest_route=\/wp\/v2\/users\/2"}],"replies":[{"embeddable":true,"href":"https:\/\/enfoquenoticioso.com\/index.php?rest_route=%2Fwp%2Fv2%2Fcomments&post=3787"}],"version-history":[{"count":0,"href":"https:\/\/enfoquenoticioso.com\/index.php?rest_route=\/wp\/v2\/posts\/3787\/revisions"}],"wp:featuredmedia":[{"embeddable":true,"href":"https:\/\/enfoquenoticioso.com\/index.php?rest_route=\/wp\/v2\/media\/3788"}],"wp:attachment":[{"href":"https:\/\/enfoquenoticioso.com\/index.php?rest_route=%2Fwp%2Fv2%2Fmedia&parent=3787"}],"wp:term":[{"taxonomy":"category","embeddable":true,"href":"https:\/\/enfoquenoticioso.com\/index.php?rest_route=%2Fwp%2Fv2%2Fcategories&post=3787"},{"taxonomy":"post_tag","embeddable":true,"href":"https:\/\/enfoquenoticioso.com\/index.php?rest_route=%2Fwp%2Fv2%2Ftags&post=3787"}],"curies":[{"name":"wp","href":"https:\/\/api.w.org\/{rel}","templated":true}]}}