{"id":3803,"date":"2024-05-27T14:14:25","date_gmt":"2024-05-27T14:14:25","guid":{"rendered":"https:\/\/enfoquenoticioso.com\/tecnologia\/los-casos-que-la-ficcion-televisiva-aun-no-se-ha-atrevido-a-tocar\/"},"modified":"2024-05-27T14:14:25","modified_gmt":"2024-05-27T14:14:25","slug":"los-casos-que-la-ficcion-televisiva-aun-no-se-ha-atrevido-a-tocar","status":"publish","type":"post","link":"https:\/\/enfoquenoticioso.com\/?p=3803","title":{"rendered":"los casos que la ficci\u00f3n televisiva a\u00fan no se ha atrevido a tocar"},"content":{"rendered":"<div>\n<p>La cr\u00f3nica negra espa\u00f1ola est\u00e1 llena de casos absolutamente atroces. Nuestra historia criminal no tiene nada que envidiar, en t\u00e9rminos de violencia, oscuridad y enigmas a los de otros pa\u00edses. Por eso no es extra\u00f1o que cada vez est\u00e9n surgiendo m\u00e1s y m\u00e1s series de tem\u00e1tica <em>true crime<\/em> analizando y recreando muchos de estos cr\u00edmenes. Solo en los \u00faltimos meses hemos tenido los \u00e9xitos de Netflix &#8216;<a href=\"https:\/\/www.xataka.com\/streaming\/cuerpo-llamas-podria-haber-sido-otro-true-crime-netflix-ha-conseguido-darle-vuelta-al-genero\" target=\"_blank\" rel=\"noopener\">El cuerpo en llamas<\/a>&#8216; y &#8216;<a href=\"https:\/\/www.xataka.com\/streaming\/el-caso-asunta-es-el-gran-desafio-de-las-ficciones-true-crime-espanolas-debido-a-un-caso-lleno-de-claroscuros\" target=\"_blank\" rel=\"noopener\">El caso Asunta<\/a>&#8216;, a los que se suma la reciente &#8216;El marqu\u00e9s&#8217;, sobre el caso de los Galindo.<\/p>\n<p><!-- BREAK 1 --> <\/p>\n<p>Sin embargo, queda mucho m\u00e1s que examinar en nuestra cr\u00f3nica negra, tan llena de casos caracter\u00edsticamente espa\u00f1oles, imposibles de exportar a otros pa\u00f1\u00edses. Estos son algunos de los cr\u00edmenes m\u00e1s atroces de la Espa\u00f1a negra que a\u00fan no han sido adaptados a la ficci\u00f3n televisiva.<\/p>\n<p><!-- BREAK 2 --><\/p>\n<div id=\"ez-toc-container\" class=\"ez-toc-v2_0_81 counter-hierarchy ez-toc-counter ez-toc-grey ez-toc-container-direction\">\n<div class=\"ez-toc-title-container\">\n<p class=\"ez-toc-title\" style=\"cursor:inherit\">Tabla de Contenido<\/p>\n<span class=\"ez-toc-title-toggle\"><a href=\"#\" class=\"ez-toc-pull-right ez-toc-btn ez-toc-btn-xs ez-toc-btn-default ez-toc-toggle\" aria-label=\"Alternar tabla de contenidos\"><span class=\"ez-toc-js-icon-con\"><span class=\"\"><span class=\"eztoc-hide\" style=\"display:none;\">Toggle<\/span><span class=\"ez-toc-icon-toggle-span\"><svg style=\"fill: #999;color:#999\" xmlns=\"http:\/\/www.w3.org\/2000\/svg\" class=\"list-377408\" width=\"20px\" height=\"20px\" viewBox=\"0 0 24 24\" fill=\"none\"><path d=\"M6 6H4v2h2V6zm14 0H8v2h12V6zM4 11h2v2H4v-2zm16 0H8v2h12v-2zM4 16h2v2H4v-2zm16 0H8v2h12v-2z\" fill=\"currentColor\"><\/path><\/svg><svg style=\"fill: #999;color:#999\" class=\"arrow-unsorted-368013\" xmlns=\"http:\/\/www.w3.org\/2000\/svg\" width=\"10px\" height=\"10px\" viewBox=\"0 0 24 24\" version=\"1.2\" baseProfile=\"tiny\"><path d=\"M18.2 9.3l-6.2-6.3-6.2 6.3c-.2.2-.3.4-.3.7s.1.5.3.7c.2.2.4.3.7.3h11c.3 0 .5-.1.7-.3.2-.2.3-.5.3-.7s-.1-.5-.3-.7zM5.8 14.7l6.2 6.3 6.2-6.3c.2-.2.3-.5.3-.7s-.1-.5-.3-.7c-.2-.2-.4-.3-.7-.3h-11c-.3 0-.5.1-.7.3-.2.2-.3.5-.3.7s.1.5.3.7z\"\/><\/svg><\/span><\/span><\/span><\/a><\/span><\/div>\n<nav><ul class='ez-toc-list ez-toc-list-level-1 ' ><li class='ez-toc-page-1 ez-toc-heading-level-2'><a class=\"ez-toc-link ez-toc-heading-1\" href=\"https:\/\/enfoquenoticioso.com\/?p=3803\/#La_mano_cortada_1954\" >La mano cortada (1954)<\/a><\/li><li class='ez-toc-page-1 ez-toc-heading-level-2'><a class=\"ez-toc-link ez-toc-heading-2\" href=\"https:\/\/enfoquenoticioso.com\/?p=3803\/#Los_crimenes_del_sastre_1961\" >Los cr\u00edmenes del sastre (1961)<\/a><\/li><li class='ez-toc-page-1 ez-toc-heading-level-2'><a class=\"ez-toc-link ez-toc-heading-3\" href=\"https:\/\/enfoquenoticioso.com\/?p=3803\/#El_arropiero_1964-1971\" >El arropiero (1964-1971)<\/a><\/li><li class='ez-toc-page-1 ez-toc-heading-level-2'><a class=\"ez-toc-link ez-toc-heading-4\" href=\"https:\/\/enfoquenoticioso.com\/?p=3803\/#El_mataviejas_1987\" >El mataviejas (1987)<\/a><\/li><li class='ez-toc-page-1 ez-toc-heading-level-2'><a class=\"ez-toc-link ez-toc-heading-5\" href=\"https:\/\/enfoquenoticioso.com\/?p=3803\/#La_masacre_de_Puerto_Hurraco_1990\" >La masacre de Puerto Hurraco (1990)<\/a><\/li><li class='ez-toc-page-1 ez-toc-heading-level-2'><a class=\"ez-toc-link ez-toc-heading-6\" href=\"https:\/\/enfoquenoticioso.com\/?p=3803\/#El_crimen_de_Almansa_1990\" >El crimen de Almansa (1990)<\/a><\/li><li class='ez-toc-page-1 ez-toc-heading-level-2'><a class=\"ez-toc-link ez-toc-heading-7\" href=\"https:\/\/enfoquenoticioso.com\/?p=3803\/#Alcasser_1992\" >Alc\u00e0sser (1992)<\/a><\/li><li class='ez-toc-page-1 ez-toc-heading-level-2'><a class=\"ez-toc-link ez-toc-heading-8\" href=\"https:\/\/enfoquenoticioso.com\/?p=3803\/#El_crimen_del_rol_1994\" >El crimen del rol (1994)<\/a><\/li><li class='ez-toc-page-1 ez-toc-heading-level-2'><a class=\"ez-toc-link ez-toc-heading-9\" href=\"https:\/\/enfoquenoticioso.com\/?p=3803\/#Dinamita_Montilla_1982-2022\" >Dinamita Montilla (1982-2022)<\/a><\/li><\/ul><\/nav><\/div>\n<h2 id=\"mano-cortada-1954-1\" class=\"toc-enabled\"><span class=\"ez-toc-section\" id=\"La_mano_cortada_1954\"><\/span><span class=\"toc-shortcut-icon\" title=\"Ver \u00cdndice de contenido\"\/>La mano cortada (1954)<span class=\"ez-toc-section-end\"><\/span><\/h2>\n<div class=\"article-asset-image article-asset-normal article-asset-center\">\n<div class=\"asset-content\">\n                   <img class=\"centro_sinmarco\" height=\"387\" width=\"849\" loading=\"lazy\" decoding=\"async\" sizes=\"auto, 100vw\" fetchpriority=\"high\" srcset=\"https:\/\/i.blogs.es\/bdbd4f\/multimedia.normal.8d4aaca9a0ba1055.454c2d4341534f2d44452d4c412d4d414e4f2d434f52544144415f6e6f726d616c2e6a7067\/450_1000.jpeg 450w, https:\/\/i.blogs.es\/bdbd4f\/multimedia.normal.8d4aaca9a0ba1055.454c2d4341534f2d44452d4c412d4d414e4f2d434f52544144415f6e6f726d616c2e6a7067\/650_1200.jpeg 681w,https:\/\/i.blogs.es\/bdbd4f\/multimedia.normal.8d4aaca9a0ba1055.454c2d4341534f2d44452d4c412d4d414e4f2d434f52544144415f6e6f726d616c2e6a7067\/1024_2000.jpeg 1024w, https:\/\/i.blogs.es\/bdbd4f\/multimedia.normal.8d4aaca9a0ba1055.454c2d4341534f2d44452d4c412d4d414e4f2d434f52544144415f6e6f726d616c2e6a7067\/1366_2000.jpeg 1366w\" src=\"https:\/\/i.blogs.es\/bdbd4f\/multimedia.normal.8d4aaca9a0ba1055.454c2d4341534f2d44452d4c412d4d414e4f2d434f52544144415f6e6f726d616c2e6a7067\/450_1000.jpeg\" alt=\"Multimedia Normal 8d4aaca9a0ba1055 454c2d4341534f2d44452d4c412d4d414e4f2d434f52544144415f6e6f726d616c2e6a7067\"\/><br \/>\n   <img decoding=\"async\" alt=\"Multimedia Normal 8d4aaca9a0ba1055 454c2d4341534f2d44452d4c412d4d414e4f2d434f52544144415f6e6f726d616c2e6a7067\" class=\"centro_sinmarco\" src=\"https:\/\/i.blogs.es\/bdbd4f\/multimedia.normal.8d4aaca9a0ba1055.454c2d4341534f2d44452d4c412d4d414e4f2d434f52544144415f6e6f726d616c2e6a7067\/450_1000.jpeg\"\/><\/p><\/div>\n<\/div>\n<p>Una aut\u00e9ntica extravagancia que da para serie de horror a lo Blumhouse, y cuya protagonista es Margarita Ruiz de Lihory, marquesa de Villasante, baronesa de \u00a0Alcalah\u00ed, duquesa de Valde\u00e1guilas, vizcondesa de la Mosquera y amante de Primo de Rivera. En 1954 su hijo la denunci\u00f3 por realizar diversas mutilaciones en el cuerpo de la hija de la marquesa, muerta unos d\u00edas antes. Cuando la polic\u00eda inspeccion\u00f3 la casa, encontraron una vasija con una mano derecha amputada, con los dedos hacia arriba y sumergida en un l\u00edquido blanco. Tambi\u00e9n encontraron algod\u00f3n manchado de sangre, pinzas y otros instrumentos quir\u00fargicos. Al exhumar el cad\u00e1ver encontraron que le faltaban un trozo de la lengua, los ojos y que se le hab\u00eda rasurado el vello p\u00fablico. La marquesa y su pareja pasaron una temporada en un sanatorio psiqui\u00e1trico de Carabanchel, pero nunca se lleg\u00f3 a saber el motivo de las mutilaciones, ni si fueron responsables \u00faltimos de la muerte de la chica.<\/p>\n<p><!-- BREAK 3 --> <\/p>\n<h2 id=\"crimenes-sastre-1961-2\" class=\"toc-enabled\"><span class=\"ez-toc-section\" id=\"Los_crimenes_del_sastre_1961\"><\/span><span class=\"toc-shortcut-icon\" title=\"Ver \u00cdndice de contenido\"\/>Los cr\u00edmenes del sastre (1961)<span class=\"ez-toc-section-end\"><\/span><\/h2>\n<div class=\"article-asset-image article-asset-normal article-asset-center\">\n<div class=\"asset-content\">\n                   <img class=\"centro_sinmarco\" height=\"1234\" width=\"1706\" loading=\"lazy\" decoding=\"async\" sizes=\"auto, 100vw\" fetchpriority=\"high\" srcset=\"https:\/\/i.blogs.es\/482af5\/asesinatos-reportajes_416720546_131023818_1706x1234\/450_1000.jpeg 450w, https:\/\/i.blogs.es\/482af5\/asesinatos-reportajes_416720546_131023818_1706x1234\/650_1200.jpeg 681w,https:\/\/i.blogs.es\/482af5\/asesinatos-reportajes_416720546_131023818_1706x1234\/1024_2000.jpeg 1024w, https:\/\/i.blogs.es\/482af5\/asesinatos-reportajes_416720546_131023818_1706x1234\/1366_2000.jpeg 1366w\" src=\"https:\/\/i.blogs.es\/482af5\/asesinatos-reportajes_416720546_131023818_1706x1234\/450_1000.jpeg\" alt=\"Asesinatos Reportajes 416720546 131023818 1706x1234\"\/><br \/>\n   <img decoding=\"async\" alt=\"Asesinatos Reportajes 416720546 131023818 1706x1234\" class=\"centro_sinmarco\" src=\"https:\/\/i.blogs.es\/482af5\/asesinatos-reportajes_416720546_131023818_1706x1234\/450_1000.jpeg\"\/><\/p><\/div>\n<\/div>\n<p>Uno de los sucesos m\u00e1s inexplicables de la cr\u00f3ni8ca negra espa\u00f1ola. Yn hombre de 48 a\u00f1os mat\u00f3 a su mujer y a sus cinco hijos a cada uino de forma distinta: con un martillo, un cuchillo, una barra de metal y una pistola. \u00c9l mismo llam\u00f3 a la polic\u00eda para avisar de lo que hab\u00eda hecho: le sonsacaron la direcci\u00f3n, pero \u00e9l se neg\u00f3 a salir hasta que un sacerdote no lo confesara. Consiguieron hablar con \u00e9l desde un balc\u00f3n del edificio de enfrente, donde vieron c\u00f3mo el asesino exhib\u00eda los cad\u00e1veres. Cuando le confesaron por tel\u00e9fono se mat\u00f3, y nunca se supo qu\u00e9 razones le llevaron a cometer el crimen m\u00faltiple.<\/p>\n<p><!-- BREAK 4 --><\/p>\n<h2 id=\"arropiero-1964-1971-3\" class=\"toc-enabled\"><span class=\"ez-toc-section\" id=\"El_arropiero_1964-1971\"><\/span><span class=\"toc-shortcut-icon\" title=\"Ver \u00cdndice de contenido\"\/>El arropiero (1964-1971)<span class=\"ez-toc-section-end\"><\/span><\/h2>\n<div class=\"article-asset-image article-asset-normal article-asset-center\">\n<div class=\"asset-content\">\n                   <img class=\"centro_sinmarco\" height=\"375\" width=\"667\" loading=\"lazy\" decoding=\"async\" sizes=\"auto, 100vw\" fetchpriority=\"high\" srcset=\"https:\/\/i.blogs.es\/b3ab95\/arropiero-momento-detencion_1494760750_124963118_667x375\/450_1000.jpeg 450w, https:\/\/i.blogs.es\/b3ab95\/arropiero-momento-detencion_1494760750_124963118_667x375\/650_1200.jpeg 681w,https:\/\/i.blogs.es\/b3ab95\/arropiero-momento-detencion_1494760750_124963118_667x375\/1024_2000.jpeg 1024w, https:\/\/i.blogs.es\/b3ab95\/arropiero-momento-detencion_1494760750_124963118_667x375\/1366_2000.jpeg 1366w\" src=\"https:\/\/i.blogs.es\/b3ab95\/arropiero-momento-detencion_1494760750_124963118_667x375\/450_1000.jpeg\" alt=\"Arropiero Momento Detencion 1494760750 124963118 667x375\"\/><br \/>\n   <img decoding=\"async\" alt=\"Arropiero Momento Detencion 1494760750 124963118 667x375\" class=\"centro_sinmarco\" src=\"https:\/\/i.blogs.es\/b3ab95\/arropiero-momento-detencion_1494760750_124963118_667x375\/450_1000.jpeg\"\/><\/p><\/div>\n<\/div>\n<p>El asesino en serie responsable de los asesinatos m\u00e1s atroces de nuestra geograf\u00eda, con 48 cr\u00edmenes a sus espaldas y con tendencias necr\u00f3filas. Era un ex-legionario y vagabundo (fue en la Legi\u00f3n, antes de desertar, donde aprendi\u00f3 a ejecutar el tragant\u00f3n, un golpe letal en la nuez que puso en pr\u00e1ctica en algunos de sus asesinatos) que se ganaba la vida como chapero. Fue detenido en 1971, despu\u00e9s de que se descubriera en un descampado el cad\u00e1ver de una mujer con la que ten\u00eda una relaci\u00f3n, y a la que mat\u00f3 por haber puesto en duda su virilidad. Considerado \u00abun peligro social en grado supremo\u00bb, no fue juzgado, sino que la Audiencia Nacional opt\u00f3 por dejarlo en custodia psiqui\u00e1trica hasta que muriera. Un cambio en el C\u00f3digo Penal le dio la libertad y pas\u00f3 sus \u00faltimos a\u00f1os de nuevo como vagabundo hasta su muerte en 1998.<\/p>\n<p><!-- BREAK 5 --><\/p>\n<div class=\"article-asset article-asset-normal article-asset-center\">\n<div class=\"desvio-container\">\n<div class=\"desvio\">\n<div class=\"desvio-figure js-desvio-figure\">\n    <a href=\"https:\/\/www.xataka.com\/streaming\/cuerpo-llamas-podria-haber-sido-otro-true-crime-netflix-ha-conseguido-darle-vuelta-al-genero\" target=\"_blank\" rel=\"noopener\"><br \/>\n     <img loading=\"lazy\" decoding=\"async\" alt=\"'El cuerpo en llamas' es n\u00famero uno en Netflix por una raz\u00f3n: ha conseguido darle la vuelta a las historias de cr\u00edmenes reales\" width=\"375\" height=\"142\" src=\"https:\/\/i.blogs.es\/1c6d98\/el-cuerpo-en-llamas-ursula-corbero-64f84c9dcb9cf\/375_142.jpeg\"\/><br \/>\n    <\/a>\n   <\/div>\n<\/p><\/div>\n<\/p><\/div>\n<\/div>\n<h2 id=\"mataviejas-1987-4\" class=\"toc-enabled\"><span class=\"ez-toc-section\" id=\"El_mataviejas_1987\"><\/span><span class=\"toc-shortcut-icon\" title=\"Ver \u00cdndice de contenido\"\/>El mataviejas (1987)<span class=\"ez-toc-section-end\"><\/span><\/h2>\n<div class=\"article-asset-image article-asset-normal article-asset-center\">\n<div class=\"asset-content\">\n                   <img class=\"centro_sinmarco\" height=\"589\" width=\"976\" loading=\"lazy\" decoding=\"async\" sizes=\"auto, 100vw\" fetchpriority=\"high\" srcset=\"https:\/\/i.blogs.es\/281385\/1601999400149\/450_1000.jpeg 450w, https:\/\/i.blogs.es\/281385\/1601999400149\/650_1200.jpeg 681w,https:\/\/i.blogs.es\/281385\/1601999400149\/1024_2000.jpeg 1024w, https:\/\/i.blogs.es\/281385\/1601999400149\/1366_2000.jpeg 1366w\" src=\"https:\/\/i.blogs.es\/281385\/1601999400149\/450_1000.jpeg\" alt=\"maraviejas\"\/><br \/>\n   <img decoding=\"async\" alt=\"maraviejas\" class=\"centro_sinmarco\" src=\"https:\/\/i.blogs.es\/281385\/1601999400149\/450_1000.jpeg\"\/><\/p><\/div>\n<\/div>\n<p>El mayor asesino en serie de la historia de Espa\u00f1a estuvo marcado por el odio a las mujeres (acentuado porque su madre le ech\u00f3 de casa, lo que desencaden\u00f3 una larga carrera como violador). Fue condenado a 27 a\u00f1os de prisi\u00f3n, de los que cumpli\u00f3 ocho por buen comportamiento, consiguiendo que todas sus v\u00edctimas salvo una le perdonasen. Se cas\u00f3 al salir de prisi\u00f3n con una mujer con discapacidad que no sospechaba de su doble vida, y lleg\u00f3 a asesinar en este periodo a 16 ancianas que viv\u00edan solas. Estaba tan confiado que dejaba tarjetas con su nombre y direcci\u00f3n en el lugar de los hechos. Fue condenado a 440 a\u00f1os de prisi\u00f3n, pero fue asesinado por dos reclusos, por violador y por ser un chivato de los funcionarios. Inspir\u00f3 de forma ap\u00f3crifa y muy libre la pel\u00edcula de 2016 &#8216;Que Dios nos perdone&#8217;.<\/p>\n<p><!-- BREAK 6 --> <\/p>\n<h2 id=\"masacre-puerto-hurraco-1990-5\" class=\"toc-enabled\"><span class=\"ez-toc-section\" id=\"La_masacre_de_Puerto_Hurraco_1990\"><\/span><span class=\"toc-shortcut-icon\" title=\"Ver \u00cdndice de contenido\"\/>La masacre de Puerto Hurraco (1990)<span class=\"ez-toc-section-end\"><\/span><\/h2>\n<div class=\"article-asset-image article-asset-normal article-asset-center\">\n<div class=\"asset-content\">\n                   <img class=\"centro_sinmarco\" height=\"675\" width=\"1200\" loading=\"lazy\" decoding=\"async\" sizes=\"auto, 100vw\" fetchpriority=\"high\" srcset=\"https:\/\/i.blogs.es\/500e7d\/detencion-emilio-izquierdo\/450_1000.jpeg 450w, https:\/\/i.blogs.es\/500e7d\/detencion-emilio-izquierdo\/650_1200.jpeg 681w,https:\/\/i.blogs.es\/500e7d\/detencion-emilio-izquierdo\/1024_2000.jpeg 1024w, https:\/\/i.blogs.es\/500e7d\/detencion-emilio-izquierdo\/1366_2000.jpeg 1366w\" src=\"https:\/\/i.blogs.es\/500e7d\/detencion-emilio-izquierdo\/450_1000.jpeg\" alt=\"Detencion Emilio Izquierdo\"\/><br \/>\n   <img decoding=\"async\" alt=\"Detencion Emilio Izquierdo\" class=\"centro_sinmarco\" src=\"https:\/\/i.blogs.es\/500e7d\/detencion-emilio-izquierdo\/450_1000.jpeg\"\/><\/p><\/div>\n<\/div>\n<p>El punto de partida no solo de la consideraci\u00f3n actual de la Espa\u00f1a negra (sucedi\u00f3 el mismo a\u00f1o que Almansa y solo dos antes de Alc\u00e0sser), sino tambi\u00e9n de una triste edad dorada para el sensacionalismo televisivo en torno a estos casos. El crimen de Puerto Hurraco es el cl\u00edmax de una larga rivalidad entre dos clanes extreme\u00f1os, los Izquierdo y los Cabanillas. Dos hermanos de la primera familia salieron de casa con escopetas y mataron a nueve personas, entre ellas un par de ni\u00f1as de los Cabanillas. El origen de la disputa, inducida por un par de hermanas de los asesinos, estaba tres d\u00e9cadas antes por culpa de unas lindes y, en los ochenta, con un desencuentro amoroso que acab\u00f3 a pu\u00f1aladas. La historia fue llevada al cine en 2007 por Carlos Saura en &#8216;El s\u00e9ptimo d\u00eda&#8217;.<\/p>\n<p><!-- BREAK 7 --><\/p>\n<h2 id=\"crimen-almansa-1990-6\" class=\"toc-enabled\"><span class=\"ez-toc-section\" id=\"El_crimen_de_Almansa_1990\"><\/span><span class=\"toc-shortcut-icon\" title=\"Ver \u00cdndice de contenido\"\/>El crimen de Almansa (1990)<span class=\"ez-toc-section-end\"><\/span><\/h2>\n<div class=\"article-asset-image article-asset-small article-asset-center\">\n<div class=\"asset-content\">\n                   <img class=\"centro_sinmarco\" height=\"887\" width=\"768\" loading=\"lazy\" decoding=\"async\" sizes=\"auto, 100vw\" fetchpriority=\"high\" srcset=\"https:\/\/i.blogs.es\/bb3d6e\/f.elconfidencial.com_original_078_cec_49b_078cec49b2d871bfcf0423213dfd8672\/450_1000.jpeg 450w, https:\/\/i.blogs.es\/bb3d6e\/f.elconfidencial.com_original_078_cec_49b_078cec49b2d871bfcf0423213dfd8672\/650_1200.jpeg 681w,https:\/\/i.blogs.es\/bb3d6e\/f.elconfidencial.com_original_078_cec_49b_078cec49b2d871bfcf0423213dfd8672\/1024_2000.jpeg 1024w, https:\/\/i.blogs.es\/bb3d6e\/f.elconfidencial.com_original_078_cec_49b_078cec49b2d871bfcf0423213dfd8672\/1366_2000.jpeg 1366w\" src=\"https:\/\/i.blogs.es\/bb3d6e\/f.elconfidencial.com_original_078_cec_49b_078cec49b2d871bfcf0423213dfd8672\/450_1000.jpeg\" alt=\"F Elconfidencial Com Original 078 Cec 49b 078cec49b2d871bfcf0423213dfd8672\"\/><br \/>\n   <img decoding=\"async\" alt=\"F Elconfidencial Com Original 078 Cec 49b 078cec49b2d871bfcf0423213dfd8672\" class=\"centro_sinmarco\" src=\"https:\/\/i.blogs.es\/bb3d6e\/f.elconfidencial.com_original_078_cec_49b_078cec49b2d871bfcf0423213dfd8672\/450_1000.jpeg\"\/><\/p><\/div>\n<\/div>\n<p>Dos a\u00f1os antes de los sucesos en Alc\u00e0sser que conmocionaron a Espa\u00f1a, este atroz crimen (el peor infanticidio de la historia del pa\u00eds) llamaba la atenci\u00f3n por sus elementos propios de pel\u00edcula de terror: una ni\u00f1a de 11 a\u00f1os era destripada por su madre (conocida curandera de la zona de Almansa, Albacete), una t\u00eda y dos vecinas (una de ellas manten\u00eda una relaci\u00f3n sexoafectiva oculta y con tintes esot\u00e9ricos con la curandera) enmedio de un ritual, porque cre\u00edan que la ni\u00f1a estaba embarazada del demonio. Los hechos sucedieron despu\u00e9s de tres d\u00edas de confinamiento y el consumo de plantas psicotr\u00f3picas. Ninguna de las implicadas fueron a prisi\u00f3n: una qued\u00f3 libre y dos fueron internadas en un centro psiqui\u00e1trico.<\/p>\n<p><!-- BREAK 8 --><\/p>\n<h2 id=\"alcasser-1992-7\" class=\"toc-enabled\"><span class=\"ez-toc-section\" id=\"Alcasser_1992\"><\/span><span class=\"toc-shortcut-icon\" title=\"Ver \u00cdndice de contenido\"\/>Alc\u00e0sser (1992)<span class=\"ez-toc-section-end\"><\/span><\/h2>\n<p>El crimen m\u00e1s medi\u00e1tico de la historia de Espa\u00f1a fue engordado por una televisi\u00f3n enfebrecida por el morbo y la sangre, en un a\u00f1o tan significativo para la historia del pa\u00eds como 1992. El misterio que rodeaba al asesinato de tres adolescentes dispar\u00f3 las teor\u00edas de la conspiraci\u00f3n en programas como el<em> late night<\/em> de Pepe Navarro, y a\u00fan sigue dando de s\u00ed pese a que legalmente el caso est\u00e1 cerrado y su soluci\u00f3n m\u00e1s o menos clara (y, sorpresa, el m\u00f3vil y el desarrollo no tuvo nada de esot\u00e9rico). Curiosamente, nunca se han rodado ficciones sobre el caso, aunque es muy recomendable el extraordinario documental de Netflix &#8216;El caso Alc\u00e0sser&#8217;.<\/p>\n<p><!-- BREAK 9 --><\/p>\n<div class=\"article-asset article-asset-normal article-asset-center\">\n<div class=\"desvio-container\">\n<div class=\"desvio\">\n<div class=\"desvio-figure js-desvio-figure\">\n    <a href=\"https:\/\/www.xataka.com\/streaming\/el-caso-asunta-es-el-gran-desafio-de-las-ficciones-true-crime-espanolas-debido-a-un-caso-lleno-de-claroscuros\" target=\"_blank\" rel=\"noopener\"><br \/>\n     <img loading=\"lazy\" decoding=\"async\" alt=\"'El caso Asunta' es el gran desaf\u00edo de las ficciones true crime espa\u00f1olas. La raz\u00f3n: un caso lleno de enigmas\" width=\"375\" height=\"142\" src=\"https:\/\/i.blogs.es\/3f3871\/captura-de-pantalla-2024-04-26-a-las-12.47.17\/375_142.jpeg\"\/><br \/>\n    <\/a>\n   <\/div>\n<\/p><\/div>\n<\/p><\/div>\n<\/div>\n<h2 id=\"crimen-rol-1994-8\" class=\"toc-enabled\"><span class=\"ez-toc-section\" id=\"El_crimen_del_rol_1994\"><\/span><span class=\"toc-shortcut-icon\" title=\"Ver \u00cdndice de contenido\"\/>El crimen del rol (1994)<span class=\"ez-toc-section-end\"><\/span><\/h2>\n<div class=\"article-asset-image article-asset-normal article-asset-center\">\n<div class=\"asset-content\">\n                   <img class=\"centro_sinmarco\" height=\"405\" width=\"550\" loading=\"lazy\" decoding=\"async\" sizes=\"auto, 100vw\" fetchpriority=\"high\" srcset=\"https:\/\/i.blogs.es\/101f18\/asesino-del-rol\/450_1000.jpeg 450w, https:\/\/i.blogs.es\/101f18\/asesino-del-rol\/650_1200.jpeg 681w,https:\/\/i.blogs.es\/101f18\/asesino-del-rol\/1024_2000.jpeg 1024w, https:\/\/i.blogs.es\/101f18\/asesino-del-rol\/1366_2000.jpeg 1366w\" src=\"https:\/\/i.blogs.es\/101f18\/asesino-del-rol\/450_1000.jpeg\" alt=\"Asesino Del Rol\"\/><br \/>\n   <img decoding=\"async\" alt=\"Asesino Del Rol\" class=\"centro_sinmarco\" src=\"https:\/\/i.blogs.es\/101f18\/asesino-del-rol\/450_1000.jpeg\"\/><\/p><\/div>\n<\/div>\n<p>Y dos a\u00f1os despu\u00e9s de Alc\u00e0sser, otro crimen sacude la sociedad espa\u00f1ola, otra vez haciendo tristemente c\u00e9lebre a la prensa por su falta de escr\u00fapulos y su forma de tergiversar la realidad en busca de enfoques de impacto. El chivo expiatorio esta vez fueron los juegos de rol: dos amigos de 21 y 17 a\u00f1os, inmersos en un juego llamado &#8216;Razas&#8217;, creado por el mayor de ellos, asesinaron a un hombre de 52 a\u00f1os de edad escogido al azar en el madrile\u00f1o barrio de Manoteras. Su muerte fue una terrible agon\u00eda de quince minutos ocasionada por abundantes pu\u00f1aladas, navajazos y golpes. Meses despu\u00e9s, los asesinos fueron descubiertos porque no pudieron evitar alardear ante sus amigos.<\/p>\n<p><!-- BREAK 10 --> <\/p>\n<h2 id=\"dinamita-montilla-1982-2022-9\" class=\"toc-enabled\"><span class=\"ez-toc-section\" id=\"Dinamita_Montilla_1982-2022\"><\/span><span class=\"toc-shortcut-icon\" title=\"Ver \u00cdndice de contenido\"\/>Dinamita Montilla (1982-2022)<span class=\"ez-toc-section-end\"><\/span><\/h2>\n<div class=\"article-asset-image article-asset-normal article-asset-center\">\n<div class=\"asset-content\">\n                   <img class=\"centro_sinmarco\" height=\"1150\" width=\"1856\" loading=\"lazy\" decoding=\"async\" sizes=\"auto, 100vw\" fetchpriority=\"high\" srcset=\"https:\/\/i.blogs.es\/a2bc4e\/captura-de-pantalla-2024-05-22-a-las-13.33.16\/450_1000.jpeg 450w, https:\/\/i.blogs.es\/a2bc4e\/captura-de-pantalla-2024-05-22-a-las-13.33.16\/650_1200.jpeg 681w,https:\/\/i.blogs.es\/a2bc4e\/captura-de-pantalla-2024-05-22-a-las-13.33.16\/1024_2000.jpeg 1024w, https:\/\/i.blogs.es\/a2bc4e\/captura-de-pantalla-2024-05-22-a-las-13.33.16\/1366_2000.jpeg 1366w\" src=\"https:\/\/i.blogs.es\/a2bc4e\/captura-de-pantalla-2024-05-22-a-las-13.33.16\/450_1000.jpeg\" alt=\"Captura De Pantalla 2024 05 22 A Las 13 33 16\"\/><br \/>\n   <img decoding=\"async\" alt=\"Captura De Pantalla 2024 05 22 A Las 13 33 16\" class=\"centro_sinmarco\" src=\"https:\/\/i.blogs.es\/a2bc4e\/captura-de-pantalla-2024-05-22-a-las-13.33.16\/450_1000.jpeg\"\/><\/p><\/div>\n<\/div>\n<p>Un caso extraordinario de asesino en serie cl\u00e1sico en un pa\u00eds como Espa\u00f1a, donde abundan m\u00e1s lo arrebatos pasionales o los parraques transitorios. En los ochenta, un hombre conocido como Dinamita Montilla fue condenado a 123 a\u00f1os de prisi\u00f3n por cuatro cr\u00edmenes sucedidos entre 1985 y 1987: disparos, heridas de arma blanca, cad\u00e1veres carbonizados&#8230; el asesino iba variando su <em>modus operandi<\/em> y solo reconoci\u00f3 uno de los asesinatos. Sali\u00f3 a los 23 a\u00f1os, beneficiado por la sentencia de Estrasburgo que tumb\u00f3 la doctrina Parot. En los \u00faltimos a\u00f1os, Montilla se hab\u00eda abierto una cuenta de Tik Tok sobre senderismo y fue gracias a las pistas sobre su ubicaci\u00f3n que la Guardia Civil le ha detenido de nuevo por la muerte de un monta\u00f1ista en 2022. Es sospechoso de la desaparici\u00f3n de una mujer en 2023.<\/p>\n<p><!-- BREAK 11 --><\/p>\n<p>En Xataka | <a href=\"https:\/\/www.xataka.com\/cine-y-tv\/llevo-toda-vida-consumiendo-documentales-peliculas-true-crime-mi-conclusion-que-genero-esta-agotado\" target=\"_blank\" rel=\"noopener\">Llevo toda la vida consumiendo documentales y pel\u00edculas &#8216;true crime&#8217;. Mi conclusi\u00f3n es que el g\u00e9nero est\u00e1 agotado<\/a><\/p>\n<p><!-- BREAK 12 --><\/p><\/div>\n<p><a href=\"https:\/\/www.xataka.com\/magnet\/true-crimes-pendientes-espana-casos-que-ficcion-televisiva-no-se-ha-atrevido-a-tocar\" class=\" target=\" title=\"los casos que la ficci\u00f3n televisiva a\u00fan no se ha atrevido a tocar\" target=\"_blank\" rel=\"noopener\">Ver fuente<\/a><\/p>\n","protected":false},"excerpt":{"rendered":"<p>La cr\u00f3nica negra espa\u00f1ola est\u00e1 llena de casos absolutamente atroces. Nuestra historia criminal no tiene nada que envidiar, en t\u00e9rminos de violencia, oscuridad y enigmas a los de otros pa\u00edses. Por eso no es extra\u00f1o que cada vez est\u00e9n surgiendo m\u00e1s y m\u00e1s series de tem\u00e1tica true crime analizando y recreando muchos de estos cr\u00edmenes. [&hellip;]<\/p>\n","protected":false},"author":2,"featured_media":3804,"comment_status":"open","ping_status":"closed","sticky":false,"template":"","format":"standard","meta":{"footnotes":""},"categories":[9],"tags":[],"class_list":["post-3803","post","type-post","status-publish","format-standard","has-post-thumbnail","hentry","category-tecnologia"],"_links":{"self":[{"href":"https:\/\/enfoquenoticioso.com\/index.php?rest_route=\/wp\/v2\/posts\/3803","targetHints":{"allow":["GET"]}}],"collection":[{"href":"https:\/\/enfoquenoticioso.com\/index.php?rest_route=\/wp\/v2\/posts"}],"about":[{"href":"https:\/\/enfoquenoticioso.com\/index.php?rest_route=\/wp\/v2\/types\/post"}],"author":[{"embeddable":true,"href":"https:\/\/enfoquenoticioso.com\/index.php?rest_route=\/wp\/v2\/users\/2"}],"replies":[{"embeddable":true,"href":"https:\/\/enfoquenoticioso.com\/index.php?rest_route=%2Fwp%2Fv2%2Fcomments&post=3803"}],"version-history":[{"count":0,"href":"https:\/\/enfoquenoticioso.com\/index.php?rest_route=\/wp\/v2\/posts\/3803\/revisions"}],"wp:featuredmedia":[{"embeddable":true,"href":"https:\/\/enfoquenoticioso.com\/index.php?rest_route=\/wp\/v2\/media\/3804"}],"wp:attachment":[{"href":"https:\/\/enfoquenoticioso.com\/index.php?rest_route=%2Fwp%2Fv2%2Fmedia&parent=3803"}],"wp:term":[{"taxonomy":"category","embeddable":true,"href":"https:\/\/enfoquenoticioso.com\/index.php?rest_route=%2Fwp%2Fv2%2Fcategories&post=3803"},{"taxonomy":"post_tag","embeddable":true,"href":"https:\/\/enfoquenoticioso.com\/index.php?rest_route=%2Fwp%2Fv2%2Ftags&post=3803"}],"curies":[{"name":"wp","href":"https:\/\/api.w.org\/{rel}","templated":true}]}}