{"id":3835,"date":"2024-05-27T20:32:15","date_gmt":"2024-05-27T20:32:15","guid":{"rendered":"https:\/\/enfoquenoticioso.com\/deporte\/valladolid-ascendio-a-laliga-de-espana\/"},"modified":"2024-05-27T20:32:15","modified_gmt":"2024-05-27T20:32:15","slug":"valladolid-ascendio-a-laliga-de-espana","status":"publish","type":"post","link":"https:\/\/enfoquenoticioso.com\/?p=3835","title":{"rendered":"Valladolid ascendi\u00f3 a LaLiga de Espa\u00f1a"},"content":{"rendered":"<div data-td-block-uid=\"tdi_91\">\n<div class=\"tdb-block-inner td-fix-index\">\n<p>El Valladolid regres\u00f3 tan s\u00f3lo un a\u00f1o despu\u00e9s a la m\u00e1xima categor\u00eda del f\u00fatbol espa\u00f1ol tras certificar este domingo el ascenso a LaLiga EA Sports al imponerse por 3-2 al Villarreal B con un gol de penalti del senegal\u00e9s Mamadou Sylla a los 97 minutos.<\/p>\n<p>El cuadro blanquivioleta sali\u00f3 con una novedad, bien recibida por los aficionados, la de Sylla en punta de ataque, y la de Anuar, como extremo izquierdo, para dejar a Ra\u00fal Moro en la derecha. Un equipo de garant\u00edas para afrontar un choque determinante.<\/p>\n<p>Los castellonenses solo dispusieron un cambio respecto a la anterior jornada, con Lekovic por Gelardo en el centro de la defensa. Y dejaron claro, desde el inicio, que no hab\u00edan llegado a Zorrilla a ser convidados de piedra.<\/p>\n<p><strong>Lee tambi\u00e9n: <a href=\"https:\/\/www.liderendeportes.com\/noticias\/futbol\/europeo\/barcelona-gana-su-ultimo-partido-con-xavi-al-mando\/\" target=\"_blank\" rel=\"noopener\">Barcelona gana su \u00faltimo partido con Xavi al mando<\/a><\/strong><\/p>\n<p>Los vallisoletanos se encontraron con un rival bien plantado y hasta el minuto 27 no se pudo ver el primer disparo a puerta, de falta, que fue detenido por el meta visitante, sin demasiada dificultad.<\/p>\n<p>La grada cantaba un gol de Sylla, en el minuto 30, tras saque de falta de Monchu, que cabeceaba al fondo de la red. Pero lo hab\u00eda hecho en fuera de juego, por lo que fue anulado, aunque al menos sirvi\u00f3 para que el p\u00fablico despertase.<\/p>\n<p>El filial del submarino amarillo aplicaba bien las directrices, frenando la movilidad de los jugadores con desborde del Real Valladolid, como Moro, lo que impidi\u00f3 fluidez en la circulaci\u00f3n del bal\u00f3n, y adem\u00e1s no renunciaba a sus opciones de ataque.<\/p>\n<p><strong>EFE<\/strong><\/p>\n<\/div>\n<\/div>\n<p><a href=\"https:\/\/www.liderendeportes.com\/noticias\/futbol\/europeo\/valladolid-ascendio-a-laliga-de-espana\/\" class=\" target=\" title=\"Valladolid ascendi\u00f3 a LaLiga de Espa\u00f1a\" target=\"_blank\" rel=\"noopener\">Ver fuente<\/a><\/p>\n","protected":false},"excerpt":{"rendered":"<p>El Valladolid regres\u00f3 tan s\u00f3lo un a\u00f1o despu\u00e9s a la m\u00e1xima categor\u00eda del f\u00fatbol espa\u00f1ol tras certificar este domingo el ascenso a LaLiga EA Sports al imponerse por 3-2 al Villarreal B con un gol de penalti del senegal\u00e9s Mamadou Sylla a los 97 minutos. El cuadro blanquivioleta sali\u00f3 con una novedad, bien recibida por [&hellip;]<\/p>\n","protected":false},"author":2,"featured_media":3836,"comment_status":"open","ping_status":"closed","sticky":false,"template":"","format":"standard","meta":{"footnotes":""},"categories":[7],"tags":[],"class_list":["post-3835","post","type-post","status-publish","format-standard","has-post-thumbnail","hentry","category-deporte"],"_links":{"self":[{"href":"https:\/\/enfoquenoticioso.com\/index.php?rest_route=\/wp\/v2\/posts\/3835","targetHints":{"allow":["GET"]}}],"collection":[{"href":"https:\/\/enfoquenoticioso.com\/index.php?rest_route=\/wp\/v2\/posts"}],"about":[{"href":"https:\/\/enfoquenoticioso.com\/index.php?rest_route=\/wp\/v2\/types\/post"}],"author":[{"embeddable":true,"href":"https:\/\/enfoquenoticioso.com\/index.php?rest_route=\/wp\/v2\/users\/2"}],"replies":[{"embeddable":true,"href":"https:\/\/enfoquenoticioso.com\/index.php?rest_route=%2Fwp%2Fv2%2Fcomments&post=3835"}],"version-history":[{"count":0,"href":"https:\/\/enfoquenoticioso.com\/index.php?rest_route=\/wp\/v2\/posts\/3835\/revisions"}],"wp:featuredmedia":[{"embeddable":true,"href":"https:\/\/enfoquenoticioso.com\/index.php?rest_route=\/wp\/v2\/media\/3836"}],"wp:attachment":[{"href":"https:\/\/enfoquenoticioso.com\/index.php?rest_route=%2Fwp%2Fv2%2Fmedia&parent=3835"}],"wp:term":[{"taxonomy":"category","embeddable":true,"href":"https:\/\/enfoquenoticioso.com\/index.php?rest_route=%2Fwp%2Fv2%2Fcategories&post=3835"},{"taxonomy":"post_tag","embeddable":true,"href":"https:\/\/enfoquenoticioso.com\/index.php?rest_route=%2Fwp%2Fv2%2Ftags&post=3835"}],"curies":[{"name":"wp","href":"https:\/\/api.w.org\/{rel}","templated":true}]}}