{"id":3841,"date":"2024-05-27T21:15:12","date_gmt":"2024-05-27T21:15:12","guid":{"rendered":"https:\/\/enfoquenoticioso.com\/deporte\/nadal-se-queda-fuera-en-roland-garros\/"},"modified":"2024-05-27T21:15:12","modified_gmt":"2024-05-27T21:15:12","slug":"nadal-se-queda-fuera-en-roland-garros","status":"publish","type":"post","link":"https:\/\/enfoquenoticioso.com\/?p=3841","title":{"rendered":"Nadal se queda fuera en Roland Garros"},"content":{"rendered":"<div>\n<p>Rafa Nadal no pudo tener el regreso que so\u00f1aba al teatro de sus sue\u00f1os de Roland Garros y Alexander Zverev fue un obst\u00e1culo demasiado alto de superar en la primera ronda, este lunes en la posible despedida del espa\u00f1ol de su torneo m\u00e1s emblem\u00e1tico.<\/p>\n<p>El partido de Nadal eclips\u00f3 en gran medida al resto de la jornada, incluidos los buenos inicios en la competici\u00f3n de grandes nombres como Iga Swiatek o Jannik Sinner, que empezaron con muy buenas sensaciones.<\/p>\n<div id=\"ez-toc-container\" class=\"ez-toc-v2_0_81 counter-hierarchy ez-toc-counter ez-toc-grey ez-toc-container-direction\">\n<div class=\"ez-toc-title-container\">\n<p class=\"ez-toc-title\" style=\"cursor:inherit\">Tabla de Contenido<\/p>\n<span class=\"ez-toc-title-toggle\"><a href=\"#\" class=\"ez-toc-pull-right ez-toc-btn ez-toc-btn-xs ez-toc-btn-default ez-toc-toggle\" aria-label=\"Alternar tabla de contenidos\"><span class=\"ez-toc-js-icon-con\"><span class=\"\"><span class=\"eztoc-hide\" style=\"display:none;\">Toggle<\/span><span class=\"ez-toc-icon-toggle-span\"><svg style=\"fill: #999;color:#999\" xmlns=\"http:\/\/www.w3.org\/2000\/svg\" class=\"list-377408\" width=\"20px\" height=\"20px\" viewBox=\"0 0 24 24\" fill=\"none\"><path d=\"M6 6H4v2h2V6zm14 0H8v2h12V6zM4 11h2v2H4v-2zm16 0H8v2h12v-2zM4 16h2v2H4v-2zm16 0H8v2h12v-2z\" fill=\"currentColor\"><\/path><\/svg><svg style=\"fill: #999;color:#999\" class=\"arrow-unsorted-368013\" xmlns=\"http:\/\/www.w3.org\/2000\/svg\" width=\"10px\" height=\"10px\" viewBox=\"0 0 24 24\" version=\"1.2\" baseProfile=\"tiny\"><path d=\"M18.2 9.3l-6.2-6.3-6.2 6.3c-.2.2-.3.4-.3.7s.1.5.3.7c.2.2.4.3.7.3h11c.3 0 .5-.1.7-.3.2-.2.3-.5.3-.7s-.1-.5-.3-.7zM5.8 14.7l6.2 6.3 6.2-6.3c.2-.2.3-.5.3-.7s-.1-.5-.3-.7c-.2-.2-.4-.3-.7-.3h-11c-.3 0-.5.1-.7.3-.2.2-.3.5-.3.7s.1.5.3.7z\"\/><\/svg><\/span><\/span><\/span><\/a><\/span><\/div>\n<nav><ul class='ez-toc-list ez-toc-list-level-1 ' ><li class='ez-toc-page-1 ez-toc-heading-level-2'><a class=\"ez-toc-link ez-toc-heading-1\" href=\"https:\/\/enfoquenoticioso.com\/?p=3841\/#Rafa_vuelve_a_casa\" >Rafa vuelve a casa<\/a><\/li><li class='ez-toc-page-1 ez-toc-heading-level-2'><a class=\"ez-toc-link ez-toc-heading-2\" href=\"https:\/\/enfoquenoticioso.com\/?p=3841\/#Los_favoritos_cumplen\" >Los favoritos cumplen<\/a><\/li><li class='ez-toc-page-1 ez-toc-heading-level-2'><a class=\"ez-toc-link ez-toc-heading-3\" href=\"https:\/\/enfoquenoticioso.com\/?p=3841\/#Primeros_triunfos_latinoamericanos\" >Primeros triunfos latinoamericanos<\/a><\/li><\/ul><\/nav><\/div>\n<h2><span class=\"ez-toc-section\" id=\"Rafa_vuelve_a_casa\"><\/span>Rafa vuelve a casa<span class=\"ez-toc-section-end\"><\/span><\/h2>\n<p>Swiatek, vigente doble campeona en Par\u00eds, incluso se vio relegada inusualmente a un papel de \u2018telonera\u2019 del gran concierto de la velada, ese Nadal-Zverev del que todo el mundo hablaba este lunes en Roland Garros.<\/p>\n<p>La n\u00famero uno mundial jug\u00f3 su partido de primera ronda en la central de Roland Garros ante la francesa Leolia Jeanjean (143\u00aa), a la que venci\u00f3 l\u00f3gicamente 6-1 y 6-2, en el partido inmediatamente anterior al duelo entre el espa\u00f1ol y el alem\u00e1n.<\/p>\n<p>Ella misma, gran fan de Nadal, decidi\u00f3 quedarse como espectadora. Pero no solo ello, sino que otros grandes nombres del torneo como Novak Djokovic o Carlos Alcaraz, que no jugaban este lunes, tampoco quisieron perderse ese partido entre un Zverev en forma, cuarto del mundo y campe\u00f3n recientemente en Roma, y un Nadal con casi 38 a\u00f1os y ca\u00eddo al 275\u00ba lugar del ranking tras apenas haber jugado este a\u00f1o.<\/p>\n<p>El resultado, vistas las trayectorias recientes de cada uno, entr\u00f3 en lo previsible: 6-3, 7-6 (7\/5) y 6-3, en un partido donde desde el principio qued\u00f3 claro que la misi\u00f3n de Nadal iba a resultar imposible de cumplir, para desilusi\u00f3n de una hinchada rendida al \u00eddolo espa\u00f1ol y que le despidi\u00f3 con una enorme ovaci\u00f3n.<\/p>\n<p>\u00abNo puedo decir seguro al 100% que no volver\u00e9 a jugar aqu\u00ed, pero s\u00ed puedo decir al 100% que he disfrutado cada vez que he jugado en esta pista y ante este p\u00fablico\u00bb, dijo Nadal en su intervenci\u00f3n desde la pista despu\u00e9s de perder.<\/p>\n<h2><span class=\"ez-toc-section\" id=\"Los_favoritos_cumplen\"><\/span>Los favoritos cumplen<span class=\"ez-toc-section-end\"><\/span><\/h2>\n<p>M\u00e1s all\u00e1 de ese posible adi\u00f3s de Nadal y la clasificaci\u00f3n de Zverev a segunda ronda, la jornada en Roland Garros no tuvo grandes sobresaltos y los principales nombres en liza sacaron adelante sus partidos.<\/p>\n<p><a href=\"https:\/\/i0.wp.com\/noticiasaldiayalahora.co\/wp-content\/uploads\/2024\/05\/Zverev.webp?ssl=1\" target=\"_blank\" rel=\"noopener\"><img loading=\"lazy\" decoding=\"async\" class=\"alignnone size-full wp-image-529420\" src=\"https:\/\/i0.wp.com\/noticiasaldiayalahora.co\/wp-content\/uploads\/2024\/05\/Zverev.webp?resize=2480%2C1654&amp;ssl=1\" alt=\"\" width=\"2480\" height=\"1654\" data-recalc-dims=\"1\"\/><\/a><\/p>\n<p>\u00abEstoy feliz por estar de vuelta. He hecho un gran partido, aspiro a llegar lo m\u00e1s lejos posible. Llego con mucha confianza\u00bb, afirm\u00f3 Swiatek despu\u00e9s de su victoria ante la local Jeanjean.<\/p>\n<p>Otra de las cabezas de cartel del tenis femenino actual, la estadounidense Coco Gauff, apenas perdi\u00f3 dos juegos en su victoria en primera ronda ante la rusa Julia Avdeeva (208\u00aa), por 6-1 y 6-1.<\/p>\n<p>En el cuadro masculino se esperaba especialmente la reaparici\u00f3n del italiano Jannik Sinner (2\u00ba), campe\u00f3n este a\u00f1o en el Abierto de Australia y Miami, pero v\u00edctima recientemente de una lesi\u00f3n de cadera que le impidi\u00f3 estar ante sus compatriotas en Roma.<\/p>\n<p>\u00c9l mismo hab\u00eda dicho que llegaba corto de partidos y de ritmo competitivo a Par\u00eds, pero en la primera ronda no se not\u00f3, con un 6-3, 6-3 y 6-4 sobre el estadounidense Christopher Banks (43\u00ba).<\/p>\n<p><a href=\"https:\/\/i0.wp.com\/noticiasaldiayalahora.co\/wp-content\/uploads\/2024\/05\/Iga-Swiatek.webp?ssl=1\" target=\"_blank\" rel=\"noopener\"><img loading=\"lazy\" decoding=\"async\" class=\"alignnone size-full wp-image-529421\" src=\"https:\/\/i0.wp.com\/noticiasaldiayalahora.co\/wp-content\/uploads\/2024\/05\/Iga-Swiatek.webp?resize=2480%2C1654&amp;ssl=1\" alt=\"\" width=\"2480\" height=\"1654\" data-recalc-dims=\"1\"\/><\/a><\/p>\n<p>El griego Stefanos Tsitsipas (9\u00ba), otro de los te\u00f3ricos favoritos al t\u00edtulo por su buen desempe\u00f1o sobre tierra batida, no ten\u00eda un partido en principio f\u00e1cil pero lo sac\u00f3 adelante con mucha solvencia, ante el h\u00fangaro Marton Fucsovics (54\u00ba), por 7-6 (9\/7), 6-4 y 6-1.<\/p>\n<h2><span class=\"ez-toc-section\" id=\"Primeros_triunfos_latinoamericanos\"><\/span>Primeros triunfos latinoamericanos<span class=\"ez-toc-section-end\"><\/span><\/h2>\n<p>Despu\u00e9s de un domingo aciago con pleno de derrotas del tenis latinoamericano en Roland Garros, incluyendo las eliminaciones de los chilenos Nicol\u00e1s Jarry (19\u00ba) y Alejandro Tabilo (24\u00ba), este lunes llegaron las primeras alegr\u00edas para la regi\u00f3n.<\/p>\n<p>Los l\u00edderes argentinos en el cuadro masculino consiguieron empezar con victorias.<\/p>\n<p>Sebasti\u00e1n B\u00e1ez, 20\u00ba del mundo, fue el que m\u00e1s apuros tuvo de los dos para lograrlo, ya que necesit\u00f3 cinco sets para deshacerse del brasile\u00f1o Gabriel Heide (174\u00ba) por 4-6, 6-3, 6-1, 4-6 y 6-3, mientras que Cer\u00fandolo (27\u00ba) lo tuvo m\u00e1s sencillo ante el alem\u00e1n Yannick Hanfmann (85\u00ba), al que se impuso 6-3, 6-3, 6-4.<\/p>\n<p>Destac\u00f3 tambi\u00e9n la victoria de la colombiana Mar\u00eda Camila Osorio (77\u00aa), que accedi\u00f3 a segunda ronda tras el abandono de su rival, la ucraniana Anhelina Kalinina (48\u00aa). AFP<\/p>\n<p>\u00a0<\/p>\n<\/div>\n<p><a href=\"https:\/\/noticiasaldiayalahora.co\/deportes\/nadal-se-queda-fuera-en-roland-garros\/\" class=\" target=\" title=\"Nadal se queda fuera en Roland Garros\" target=\"_blank\" rel=\"noopener\">Ver fuente<\/a><\/p>\n","protected":false},"excerpt":{"rendered":"<p>Rafa Nadal no pudo tener el regreso que so\u00f1aba al teatro de sus sue\u00f1os de Roland Garros y Alexander Zverev fue un obst\u00e1culo demasiado alto de superar en la primera ronda, este lunes en la posible despedida del espa\u00f1ol de su torneo m\u00e1s emblem\u00e1tico. El partido de Nadal eclips\u00f3 en gran medida al resto de [&hellip;]<\/p>\n","protected":false},"author":2,"featured_media":3842,"comment_status":"open","ping_status":"closed","sticky":false,"template":"","format":"standard","meta":{"footnotes":""},"categories":[7],"tags":[],"class_list":["post-3841","post","type-post","status-publish","format-standard","has-post-thumbnail","hentry","category-deporte"],"_links":{"self":[{"href":"https:\/\/enfoquenoticioso.com\/index.php?rest_route=\/wp\/v2\/posts\/3841","targetHints":{"allow":["GET"]}}],"collection":[{"href":"https:\/\/enfoquenoticioso.com\/index.php?rest_route=\/wp\/v2\/posts"}],"about":[{"href":"https:\/\/enfoquenoticioso.com\/index.php?rest_route=\/wp\/v2\/types\/post"}],"author":[{"embeddable":true,"href":"https:\/\/enfoquenoticioso.com\/index.php?rest_route=\/wp\/v2\/users\/2"}],"replies":[{"embeddable":true,"href":"https:\/\/enfoquenoticioso.com\/index.php?rest_route=%2Fwp%2Fv2%2Fcomments&post=3841"}],"version-history":[{"count":0,"href":"https:\/\/enfoquenoticioso.com\/index.php?rest_route=\/wp\/v2\/posts\/3841\/revisions"}],"wp:featuredmedia":[{"embeddable":true,"href":"https:\/\/enfoquenoticioso.com\/index.php?rest_route=\/wp\/v2\/media\/3842"}],"wp:attachment":[{"href":"https:\/\/enfoquenoticioso.com\/index.php?rest_route=%2Fwp%2Fv2%2Fmedia&parent=3841"}],"wp:term":[{"taxonomy":"category","embeddable":true,"href":"https:\/\/enfoquenoticioso.com\/index.php?rest_route=%2Fwp%2Fv2%2Fcategories&post=3841"},{"taxonomy":"post_tag","embeddable":true,"href":"https:\/\/enfoquenoticioso.com\/index.php?rest_route=%2Fwp%2Fv2%2Ftags&post=3841"}],"curies":[{"name":"wp","href":"https:\/\/api.w.org\/{rel}","templated":true}]}}