{"id":4062,"date":"2024-05-29T05:10:06","date_gmt":"2024-05-29T05:10:06","guid":{"rendered":"https:\/\/enfoquenoticioso.com\/tecnologia\/una-bestia-insuperable-en-rendimiento-condenada-a-vivir-en-el-cuerpo-de-una-tablet\/"},"modified":"2024-05-29T05:10:06","modified_gmt":"2024-05-29T05:10:06","slug":"una-bestia-insuperable-en-rendimiento-condenada-a-vivir-en-el-cuerpo-de-una-tablet","status":"publish","type":"post","link":"https:\/\/enfoquenoticioso.com\/?p=4062","title":{"rendered":"una bestia insuperable en rendimiento condenada a vivir en el cuerpo de una tablet"},"content":{"rendered":"<div>\n<p>El mejor iPad hasta la fecha es una combinaci\u00f3n de hardware, dise\u00f1o, software y materiales que le encumbra a la categor\u00eda de <strong>mejor tablet por prestaciones<\/strong>. Sin discusi\u00f3n. El problema es: \u00bfalzarte sobre las dem\u00e1s te convierte autom\u00e1ticamente en la mejor elecci\u00f3n para cualquier uso? Lo cierto es que no, he tenido esa constante durante todo el an\u00e1lisis del iPad Pro (2024).<\/p>\n<p><!-- BREAK 1 --> <\/p>\n<p>Llevo usando el iPad como dispositivo de viaje desde hace a\u00f1os y actualmente tengo un <a href=\"https:\/\/www.xataka.com\/analisis\/ipad-pro-2018-analisis-increible-como-hardware-creible-ahora-como-algo-que-tablet\" target=\"_blank\" rel=\"noopener\">iPad Pro (2018)<\/a> de 11 pulgadas que suelo utilizar a diario como complemento, tambi\u00e9n como soporte de trabajo cuando me toca cubrir eventos. Me gusta por su ligereza, por lo bien que funciona para escribir art\u00edculos y por su soluci\u00f3n de emergencia para corregir lo publicado. Y no mucho m\u00e1s: <strong>para trabajar necesito un ordenador<\/strong>, con un iPad me quedo corto. \u00bfSer\u00e1 el nuevo iPad Pro (2024) la tablet que por fin jubilar\u00e1 el uso principal del Mac? Con esta review me propuse averiguarlo.<\/p>\n<p><!-- BREAK 2 --><\/p>\n<div id=\"ez-toc-container\" class=\"ez-toc-v2_0_81 counter-hierarchy ez-toc-counter ez-toc-grey ez-toc-container-direction\">\n<div class=\"ez-toc-title-container\">\n<p class=\"ez-toc-title\" style=\"cursor:inherit\">Tabla de Contenido<\/p>\n<span class=\"ez-toc-title-toggle\"><a href=\"#\" class=\"ez-toc-pull-right ez-toc-btn ez-toc-btn-xs ez-toc-btn-default ez-toc-toggle\" aria-label=\"Alternar tabla de contenidos\"><span class=\"ez-toc-js-icon-con\"><span class=\"\"><span class=\"eztoc-hide\" style=\"display:none;\">Toggle<\/span><span class=\"ez-toc-icon-toggle-span\"><svg style=\"fill: #999;color:#999\" xmlns=\"http:\/\/www.w3.org\/2000\/svg\" class=\"list-377408\" width=\"20px\" height=\"20px\" viewBox=\"0 0 24 24\" fill=\"none\"><path d=\"M6 6H4v2h2V6zm14 0H8v2h12V6zM4 11h2v2H4v-2zm16 0H8v2h12v-2zM4 16h2v2H4v-2zm16 0H8v2h12v-2z\" fill=\"currentColor\"><\/path><\/svg><svg style=\"fill: #999;color:#999\" class=\"arrow-unsorted-368013\" xmlns=\"http:\/\/www.w3.org\/2000\/svg\" width=\"10px\" height=\"10px\" viewBox=\"0 0 24 24\" version=\"1.2\" baseProfile=\"tiny\"><path d=\"M18.2 9.3l-6.2-6.3-6.2 6.3c-.2.2-.3.4-.3.7s.1.5.3.7c.2.2.4.3.7.3h11c.3 0 .5-.1.7-.3.2-.2.3-.5.3-.7s-.1-.5-.3-.7zM5.8 14.7l6.2 6.3 6.2-6.3c.2-.2.3-.5.3-.7s-.1-.5-.3-.7c-.2-.2-.4-.3-.7-.3h-11c-.3 0-.5.1-.7.3-.2.2-.3.5-.3.7s.1.5.3.7z\"\/><\/svg><\/span><\/span><\/span><\/a><\/span><\/div>\n<nav><ul class='ez-toc-list ez-toc-list-level-1 ' ><li class='ez-toc-page-1 ez-toc-heading-level-2'><a class=\"ez-toc-link ez-toc-heading-1\" href=\"https:\/\/enfoquenoticioso.com\/?p=4062\/#Ficha_tecnica_del_iPad_Pro_2024\" >Ficha t\u00e9cnica del iPad Pro (2024)<\/a><\/li><li class='ez-toc-page-1 ez-toc-heading-level-2'><a class=\"ez-toc-link ez-toc-heading-2\" href=\"https:\/\/enfoquenoticioso.com\/?p=4062\/#Diseno_pantalla_y_sonido_un_sobresaliente_se_le_queda_corto\" >Dise\u00f1o, pantalla y sonido: un sobresaliente se le queda corto<\/a><ul class='ez-toc-list-level-3' ><li class='ez-toc-heading-level-3'><a class=\"ez-toc-link ez-toc-heading-3\" href=\"https:\/\/enfoquenoticioso.com\/?p=4062\/#Pantalla\" >Pantalla<\/a><\/li><li class='ez-toc-page-1 ez-toc-heading-level-3'><a class=\"ez-toc-link ez-toc-heading-4\" href=\"https:\/\/enfoquenoticioso.com\/?p=4062\/#Sonido\" >Sonido<\/a><\/li><\/ul><\/li><li class='ez-toc-page-1 ez-toc-heading-level-2'><a class=\"ez-toc-link ez-toc-heading-5\" href=\"https:\/\/enfoquenoticioso.com\/?p=4062\/#Rendimiento_software_y_autonomia_en_sus_virtudes_tambien_andan_sus_carencias\" >Rendimiento, software y autonom\u00eda: en sus virtudes tambi\u00e9n andan sus carencias<\/a><ul class='ez-toc-list-level-3' ><li class='ez-toc-heading-level-3'><a class=\"ez-toc-link ez-toc-heading-6\" href=\"https:\/\/enfoquenoticioso.com\/?p=4062\/#Software\" >Software<\/a><\/li><li class='ez-toc-page-1 ez-toc-heading-level-3'><a class=\"ez-toc-link ez-toc-heading-7\" href=\"https:\/\/enfoquenoticioso.com\/?p=4062\/#Bateria_y_carga\" >Bater\u00eda y carga<\/a><\/li><\/ul><\/li><li class='ez-toc-page-1 ez-toc-heading-level-2'><a class=\"ez-toc-link ez-toc-heading-8\" href=\"https:\/\/enfoquenoticioso.com\/?p=4062\/#Camaras_de_dos_traseras_a_una_bien_puesta_Por_cada_cara\" >C\u00e1maras: de dos traseras a una bien puesta. Por cada cara<\/a><\/li><li class='ez-toc-page-1 ez-toc-heading-level-2'><a class=\"ez-toc-link ez-toc-heading-9\" href=\"https:\/\/enfoquenoticioso.com\/?p=4062\/#Apple_iPad_Pro_2024_la_opinion_y_nota_de_Xataka\" >Apple iPad Pro (2024), la opini\u00f3n y nota de Xataka<\/a><ul class='ez-toc-list-level-3' ><li class='ez-toc-heading-level-3'><a class=\"ez-toc-link ez-toc-heading-10\" href=\"https:\/\/enfoquenoticioso.com\/?p=4062\/#A_favor\" >A favor<\/a><\/li><li class='ez-toc-page-1 ez-toc-heading-level-3'><a class=\"ez-toc-link ez-toc-heading-11\" href=\"https:\/\/enfoquenoticioso.com\/?p=4062\/#En_contra\" >En contra<\/a><\/li><\/ul><\/li><\/ul><\/nav><\/div>\n<h2 id=\"ficha-tecnica-ipad-pro-2024-1\" class=\"toc-enabled\"><span class=\"ez-toc-section\" id=\"Ficha_tecnica_del_iPad_Pro_2024\"><\/span><span class=\"toc-shortcut-icon\" title=\"Ver \u00cdndice de contenido\"\/>Ficha t\u00e9cnica del iPad Pro (2024)<span class=\"ez-toc-section-end\"><\/span><\/h2>\n<div class=\"article-asset-table article-asset-normal\">\n<div class=\"asset-content\">\n<table class=\"tabla-datos\">\n<thead>\n<tr>\n<th class=\"align-left\">\n<\/th>\n<th class=\"align-left\">\n<p>iPad Pro (2024) M4 13 pulgadas<\/p>\n<\/th>\n<\/tr>\n<\/thead>\n<tbody>\n<tr>\n<th class=\"align-left\">\n<p>pantalla<\/p>\n<\/th>\n<td class=\"align-left\">\n<p>OLED Ultra Retina XDR display2<\/p>\n<p>ProMotion<\/p>\n<p>P3 wide color<\/p>\n<p>True Tone<\/p>\n<p>Capa antirreflejos<\/p>\n<p>Nano-texture glass en los modelos de 1TB y 2TB<\/p>\n<p>Brillo pico de 1.600 nits<\/p>\n<\/td>\n<\/tr>\n<tr>\n<th class=\"align-left\">\n<p>procesador<\/p>\n<\/th>\n<td class=\"align-left\">\n<p>Apple Silicon M4<\/p>\n<\/td>\n<\/tr>\n<tr>\n<th class=\"align-left\">\n<p>ram<\/p>\n<\/th>\n<td class=\"align-left\">\n<p>8\/16 GB<\/p>\n<\/td>\n<\/tr>\n<tr>\n<th class=\"align-left\">\n<p>almacenamiento<\/p>\n<\/th>\n<td class=\"align-left\">\n<p>256 GB\/512 GB\/1 TB\/2 TB<\/p>\n<\/td>\n<\/tr>\n<tr>\n<th class=\"align-left\">\n<p>c\u00e1mara trasera<\/p>\n<\/th>\n<td class=\"align-left\">\n<p>12 MP<\/p>\n<p>Apertura f\/1.8<\/p>\n<p>Zoom digital 3x<\/p>\n<p>LiDAR<\/p>\n<\/td>\n<\/tr>\n<tr>\n<th class=\"align-left\">\n<p>c\u00e1mara frontal<\/p>\n<\/th>\n<td class=\"align-left\">\n<p>12 MP, f\/2.4<\/p>\n<p>TrueDepth<\/p>\n<p>Zoom de alejamiento 2x<\/p>\n<p>Encuadre centrado<\/p>\n<\/td>\n<\/tr>\n<tr>\n<th class=\"align-left\">\n<p>bater\u00eda<\/p>\n<\/th>\n<td class=\"align-left\">\n<p>31,29 W\/h<\/p>\n<p>Hasta 10 horas de navegaci\u00f3n web por WiFi<\/p>\n<p>Hasta 9 horas de navegaci\u00f3n web en redes m\u00f3viles para el modelo celular<\/p>\n<\/td>\n<\/tr>\n<tr>\n<th class=\"align-left\">\n<p>sistema operativo<\/p>\n<\/th>\n<td class=\"align-left\">\n<p>iPadOS 17<\/p>\n<\/td>\n<\/tr>\n<tr>\n<th class=\"align-left\">\n<p>conectividad<\/p>\n<\/th>\n<td class=\"align-left\">\n<p>WiFi 6E<\/p>\n<p>Bluetooth 5.3<\/p>\n<p>Conectividad 5G opcional<\/p>\n<\/td>\n<\/tr>\n<tr>\n<th class=\"align-left\">\n<p>otros<\/p>\n<\/th>\n<td class=\"align-left\">\n<p>USB-C 4\/Thunderbolt<\/p>\n<p>Cuatro altavoces con calidad de estudio<\/p>\n<p>Face ID<\/p>\n<p>Modelo 5G s\u00f3lo con eSIM<\/p>\n<\/td>\n<\/tr>\n<tr>\n<th class=\"align-left\">\n<p>DIMENSIONES Y PESO<\/p>\n<\/th>\n<td class=\"align-left\">\n<p>281,6 x 215,5 x 5,1 mm<\/p>\n<p>Versi\u00f3n WiFi: 579 gramos<\/p>\n<p>Versi\u00f3n WiFi + Celular: 582 gramos<\/p>\n<\/td>\n<\/tr>\n<tr>\n<th class=\"align-left\">\n<p>precio<\/p>\n<\/th>\n<td class=\"align-left\">\n<p><a rel=\"nofollow, sponsored, noopener, noreferrer noopener\" target=\"_blank\" class=\"js-ecommerce\" href=\"https:\/\/www.xataka.com\/redirect?url=https%3A%2F%2Fwww.amazon.es%2FApple-iPad-Pro-Pulgadas-Horizontal%2Fdp%2FB0D3J7DR82&amp;category=analisis&amp;ecomPostExpiration=everlasting&amp;postId=301620\" data-vars-affiliate-url=\"https:\/\/www.xataka.com\/redirect?url=https%3A%2F%2Fwww.amazon.es%2FApple-iPad-Pro-Pulgadas-Horizontal%2Fdp%2FB0D3J7DR82&amp;category=analisis&amp;ecomPostExpiration=everlasting&amp;postId=301620\">Desde 1.549 euros<\/a><\/p>\n<\/td>\n<\/tr>\n<\/tbody>\n<\/table><\/div>\n<\/div>\n<p><!-- PIVOT START --><\/p>\n<div class=\"pivot-ecommerce-container m-pivot-ecommerce-redesign article-asset-normal article-asset-center\">\n<div class=\"pivot-ecommerce\">\n<div class=\"pivot-ecommerce-figure\">\n  <a rel=\"nofollow, sponsored, noopener, noreferrer noopener\" target=\"_blank\" href=\"https:\/\/www.xataka.com\/redirect?url=https%3A%2F%2Fwww.amazon.es%2Fdp%2FB0D3J7DR82%3Ftag%3Dxataka-21%26linkCode%3Dogi%26th%3D1%26psc%3D1&amp;category=analisis&amp;pivot=1&amp;ecomPostExpiration=everlasting&amp;postId=301620\"><br \/>\n   <img loading=\"lazy\" decoding=\"async\" alt=\"Apple iPad Pro de 13 Pulgadas (M4): Ultra Retina XDR, 256 GB, c\u00e1mara Frontal de 12 Mpx en Horizontal y Trasera de 12 Mpx, Wi-Fi 6E, autonom\u00eda de Sol a Sol, Vidrio est\u00e1ndar - Negro Espacial\" width=\"500\" height=\"500\" src=\"https:\/\/i.blogs.es\/b593c5\/41jeox4yjnl._sl500_\/original.jpeg\"\/><br \/>\n  <\/a>\n  <\/div>\n<div class=\"pivot-ecommerce-summary\">\n<p class=\"pivot-ecommerce-desc\">Apple iPad Pro de 13 Pulgadas (M4): Ultra Retina XDR, 256 GB, c\u00e1mara Frontal de 12 Mpx en Horizontal y Trasera de 12 Mpx, Wi-Fi 6E, autonom\u00eda de Sol a Sol, Vidrio est\u00e1ndar &#8211; Negro Espacial<\/p>\n<\/p><\/div>\n<\/p><\/div>\n<p>* Alg\u00fan precio puede haber cambiado desde la \u00faltima revisi\u00f3n<\/p>\n<\/p><\/div>\n<p><!-- PIVOT END --><\/p>\n<div class=\"hook js-hook m-hook-redesign\">\n<div class=\"hook-content-container\">\n<div class=\"hook-content\">\n<div class=\"hook-content-img-container js-hook-content-img-container\">\n    <a rel=\"nofollow, noopener, noreferrer\" href=\"https:\/\/bit.ly\/4cVKDSS\" target=\"_blank\"><\/p>\n<div class=\"article-asset-image article-asset-small\">\n<div class=\"asset-content\">\n                 <img loading=\"lazy\" decoding=\"async\" class=\"sf-lazy centro_sinmarco\" width=\"130\" height=\"130\" src=\"data:image\/gif;base64,R0lGODlhAQABAIAAAAAAAP\/\/\/yH5BAEAAAAALAAAAAABAAEAAAIBRAA7\" data-sf-srcset=\"https:\/\/i.blogs.es\/fa6e8f\/producto_backmarket\/450_1000.jpeg 450w, https:\/\/i.blogs.es\/fa6e8f\/producto_backmarket\/650_1200.jpeg 681w,https:\/\/i.blogs.es\/fa6e8f\/producto_backmarket\/1024_2000.jpeg 1024w, https:\/\/i.blogs.es\/fa6e8f\/producto_backmarket\/1366_2000.jpeg 1366w\" data-sf-src=\"https:\/\/i.blogs.es\/fa6e8f\/producto_backmarket\/450_1000.jpeg\" alt=\"Back Market\"\/><br \/>\n   <img decoding=\"async\" alt=\"Back Market\" class=\"centro_sinmarco\" src=\"https:\/\/i.blogs.es\/fa6e8f\/producto_backmarket\/450_1000.jpeg\"\/><\/p><\/div>\n<\/p><\/div>\n<p>    <\/a>\n   <\/div>\n<div>\n<p>Tablets, m\u00f3viles, videoconsolas, port\u00e1tiles&#8230; En Back Market, el marketplace l\u00edder en<strong> tecnolog\u00eda reacondicionada<\/strong>, encontrar\u00e1s todo tipo de dispositivos con un <strong>descuento de hasta el 60%<\/strong>. Todo renovado por expertos, con<strong> 30 d\u00edas de prueba \u00a0y 2 a\u00f1os de garant\u00eda<\/strong>.<\/p>\n<\/p><\/div>\n<\/p><\/div>\n<p>  <span class=\"hook-disclaimer\">Consejo ofrecido por la marca<\/span>\n <\/div>\n<\/div>\n<h2 id=\"diseno-pantalla-sonido-sobresaliente-se-le-queda-corto-2\" class=\"toc-enabled\"><span class=\"ez-toc-section\" id=\"Diseno_pantalla_y_sonido_un_sobresaliente_se_le_queda_corto\"><\/span><span class=\"toc-shortcut-icon\" title=\"Ver \u00cdndice de contenido\"\/>Dise\u00f1o, pantalla y sonido: un sobresaliente se le queda corto<span class=\"ez-toc-section-end\"><\/span><\/h2>\n<div class=\"article-asset-image article-asset-large article-asset-center\">\n<div class=\"asset-content\">\n                   <img class=\"\" height=\"983\" width=\"1500\" loading=\"lazy\" decoding=\"async\" sizes=\"auto, 100vw\" fetchpriority=\"high\" srcset=\"https:\/\/i.blogs.es\/7890da\/pad-pro-2024-32\/450_1000.jpeg 450w, https:\/\/i.blogs.es\/7890da\/pad-pro-2024-32\/650_1200.jpeg 681w,https:\/\/i.blogs.es\/7890da\/pad-pro-2024-32\/1024_2000.jpeg 1024w, https:\/\/i.blogs.es\/7890da\/pad-pro-2024-32\/1366_2000.jpeg 1366w\" src=\"https:\/\/i.blogs.es\/7890da\/pad-pro-2024-32\/450_1000.jpeg\" alt=\"Pad Pro 2024\"\/><br \/>\n   <img decoding=\"async\" alt=\"Pad Pro 2024\" class=\"\" src=\"https:\/\/i.blogs.es\/7890da\/pad-pro-2024-32\/450_1000.jpeg\"\/><\/p><\/div>\n<\/div>\n<p>Buscar una tablet y elegir un iPad suele ser casi una consecuencia, no en vano Apple ha logrado que su l\u00ednea de dispositivos sea referente. Incluso en el dise\u00f1o: gran parte de los tabletas de alta gama se inspiran en el cuerpo de aluminio que presentan los iPad, su esbelto contorno y en la delgadez de su grosor. Despu\u00e9s viene Apple y eleva a la m\u00e1xima potencia estas premisas.<\/p>\n<p><!-- BREAK 3 --> <\/p>\n<div class=\"article-asset article-asset-normal article-asset-center\">\n<div class=\"desvio-container\">\n<div class=\"desvio\">\n<div class=\"desvio-figure js-desvio-figure\">\n    <a href=\"https:\/\/www.xataka.com\/seleccion\/guia-compra-tablets-2020-como-elegir-modelo-ideal\" target=\"_blank\" rel=\"noopener\"><br \/>\n     <img loading=\"lazy\" decoding=\"async\" alt=\"Mejores tablets (2024): cu\u00e1l comprar y 12 modelos recomendados para todos los bolsillos y necesidades\" width=\"375\" height=\"142\" src=\"https:\/\/i.blogs.es\/e51580\/xiaomi-pad-5-15\/375_142.jpg\"\/><br \/>\n    <\/a>\n   <\/div>\n<\/p><\/div>\n<\/p><\/div>\n<\/div>\n<p>Nada m\u00e1s sacar el iPad Pro 2024 de la caja me sorprend\u00ed por su impresionante y m\u00ednimo grosor, es de locos que tanta potencia se esconda en s\u00f3lo cinco mil\u00edmetros. Sin duda es una proeza de la ingenier\u00eda, aunque tampoco tengo claro que cuanto menos grueso resulte mejor, por m\u00e1s que se aligere el peso: <strong>sigue siendo grande e inc\u00f3modo de usar<\/strong> si se mantiene en vilo durante mucho tiempo. Por ejemplo, usando el iPad para leer antes de dormir, uno de mis h\u00e1bitos diarios (esto guarda relaci\u00f3n con el modelo de 13 pulgadas, seguro que el de 11 pulgadas mejora en manejabilidad).<\/p>\n<p><!-- BREAK 4 --><\/p>\n<div class=\"article-asset-image article-asset-large article-asset-center\">\n<div class=\"asset-content\">\n                   <img class=\"\" height=\"1256\" width=\"1752\" loading=\"lazy\" decoding=\"async\" sizes=\"auto, 100vw\" fetchpriority=\"high\" srcset=\"https:\/\/i.blogs.es\/e8327c\/pad-pro-2024-33-portada\/450_1000.jpeg 450w, https:\/\/i.blogs.es\/e8327c\/pad-pro-2024-33-portada\/650_1200.jpeg 681w,https:\/\/i.blogs.es\/e8327c\/pad-pro-2024-33-portada\/1024_2000.jpeg 1024w, https:\/\/i.blogs.es\/e8327c\/pad-pro-2024-33-portada\/1366_2000.jpeg 1366w\" src=\"https:\/\/i.blogs.es\/e8327c\/pad-pro-2024-33-portada\/450_1000.jpeg\" alt=\"Pad Pro 2024\"\/><br \/>\n   <img decoding=\"async\" alt=\"Pad Pro 2024\" class=\"\" src=\"https:\/\/i.blogs.es\/e8327c\/pad-pro-2024-33-portada\/450_1000.jpeg\"\/><\/p><\/div>\n<\/div>\n<p>Es s\u00faper delgado, las 13 pulgadas permiten una ampl\u00edsima superficie de uso a costa de sacrificar comodidad y la construcci\u00f3n es impecable, nada que reprocharle. Cuerpo de aluminio de alta calidad, los marcos frontales son muy reducidos, la c\u00e1mara frontal con TrueDepth se sit\u00faa en uno de los laterales largos (<strong>a menudo me cost\u00f3 desbloquear el iPad al usarlo en vertical<\/strong>) y su sistema de cu\u00e1druple altavoz deja sin palabras. Tanto por calidad como por potencia.<\/p>\n<p><!-- BREAK 5 --><\/p>\n<p>El USB C en la parte baja del iPad Pro 2024 queda perfectamente centrado y su ancho casi ocupa todo el grosor de la tablet; convirtiendo este punto en el <strong>tal\u00f3n de Aquiles del dispositivo<\/strong>: dudo mucho que alguien vaya a doblar accidentalmente el iPad, aunque, de ocurrir, el \u00e1rea del USB C ser\u00eda el punto m\u00e1s fr\u00e1gil. El agujero practicado al cuerpo de aluminio, y el escaso espacio que deja el grosor m\u00ednimo del iPad, pasan factura.<\/p>\n<p><!-- BREAK 6 --> <\/p>\n<div class=\"article-asset-image article-asset-large article-asset-center\">\n<div class=\"asset-content\">\n<div class=\"caption-img \">\n                   <img class=\"\" height=\"811\" width=\"1691\" loading=\"lazy\" decoding=\"async\" sizes=\"auto, 100vw\" fetchpriority=\"high\" srcset=\"https:\/\/i.blogs.es\/63ac98\/pad-pro-2024-33\/450_1000.jpeg 450w, https:\/\/i.blogs.es\/63ac98\/pad-pro-2024-33\/650_1200.jpeg 681w,https:\/\/i.blogs.es\/63ac98\/pad-pro-2024-33\/1024_2000.jpeg 1024w, https:\/\/i.blogs.es\/63ac98\/pad-pro-2024-33\/1366_2000.jpeg 1366w\" src=\"https:\/\/i.blogs.es\/63ac98\/pad-pro-2024-33\/450_1000.jpeg\" alt=\"Pad Pro 2024\"\/><br \/>\n   <img decoding=\"async\" alt=\"Pad Pro 2024\" class=\"\" src=\"https:\/\/i.blogs.es\/63ac98\/pad-pro-2024-33\/450_1000.jpeg\"\/><\/p>\n<p>        <span>El grosor es tan reducido que el puerto USB C queda pr\u00e1cticamente al l\u00edmite de los bordes<\/span>\n   <\/div>\n<\/p><\/div>\n<\/div>\n<p>Los botones quedan anclados en la esquina superior izquierda conforme se mira el iPad de frente y en horizontal, a menudo me ha costado encontrarlos. Mantienen el aluminio en la construcci\u00f3n y rematan las excelentes sensaciones que arroja la tablet al tacto.<\/p>\n<p><!-- BREAK 7 --><\/p>\n<h3 id=\"pantalla-3\" class=\"toc-enabled\"><span class=\"ez-toc-section\" id=\"Pantalla\"><\/span><span class=\"toc-shortcut-icon\" title=\"Ver \u00cdndice de contenido\"\/>Pantalla<span class=\"ez-toc-section-end\"><\/span><\/h3>\n<div class=\"article-asset-image article-asset-large article-asset-center\">\n<div class=\"asset-content\">\n                   <img class=\"\" height=\"1006\" width=\"1500\" loading=\"lazy\" decoding=\"async\" sizes=\"auto, 100vw\" fetchpriority=\"high\" srcset=\"https:\/\/i.blogs.es\/6487dc\/pad-pro-2024-24\/450_1000.jpeg 450w, https:\/\/i.blogs.es\/6487dc\/pad-pro-2024-24\/650_1200.jpeg 681w,https:\/\/i.blogs.es\/6487dc\/pad-pro-2024-24\/1024_2000.jpeg 1024w, https:\/\/i.blogs.es\/6487dc\/pad-pro-2024-24\/1366_2000.jpeg 1366w\" src=\"https:\/\/i.blogs.es\/6487dc\/pad-pro-2024-24\/450_1000.jpeg\" alt=\"Pad Pro 2024\"\/><br \/>\n   <img decoding=\"async\" alt=\"Pad Pro 2024\" class=\"\" src=\"https:\/\/i.blogs.es\/6487dc\/pad-pro-2024-24\/450_1000.jpeg\"\/><\/p><\/div>\n<\/div>\n<p>Las 13 pulgadas del frontal ofrecen una enorme superficie de trabajo, tanto para reproducir contenido multimedia en alta calidad como para hacer uso de la tablet como soporte de dibujo. En este punto, me alegro de que Apple apueste por un panel OLED en vez del miniLED del <a href=\"https:\/\/www.xataka.com\/analisis\/ipad-pro-2022-analisis-caracteristicas-precio-especificaciones\" target=\"_blank\" rel=\"noopener\">iPad Pro (2022)<\/a>: la calidad visual, los contrastes, la reproducci\u00f3n de color y la <strong>ausencia del efecto halo<\/strong> consiguen que el iPad Pro (2024) ser a\u00fan m\u00e1s pro.<\/p>\n<p><!-- BREAK 8 --><\/p>\n<div class=\"article-asset-image article-asset-large article-asset-center\">\n<div class=\"asset-content\">\n<div class=\"caption-img \">\n                   <img class=\"\" height=\"1744\" width=\"1366\" loading=\"lazy\" decoding=\"async\" sizes=\"auto, 100vw\" fetchpriority=\"high\" srcset=\"https:\/\/i.blogs.es\/c9e869\/pad-pro-2024-25\/450_1000.jpeg 450w, https:\/\/i.blogs.es\/c9e869\/pad-pro-2024-25\/650_1200.jpeg 681w,https:\/\/i.blogs.es\/c9e869\/pad-pro-2024-25\/1024_2000.jpeg 1024w, https:\/\/i.blogs.es\/c9e869\/pad-pro-2024-25\/1366_2000.jpeg 1366w\" src=\"https:\/\/i.blogs.es\/c9e869\/pad-pro-2024-25\/450_1000.jpeg\" alt=\"Comparativa de pantalla entre el iPad Pro de 2022 y el de 2024\"\/><br \/>\n   <img decoding=\"async\" alt=\"Comparativa de pantalla entre el iPad Pro de 2022 y el de 2024\" class=\"\" src=\"https:\/\/i.blogs.es\/c9e869\/pad-pro-2024-25\/450_1000.jpeg\"\/><\/p>\n<p>        <span>Arriba, iPad Pro (2022); abajo, iPad Pro (2024). El OLED acaba con los halos del mini-LED<\/span>\n   <\/div>\n<\/p><\/div>\n<\/div>\n<p>El salto a las pantallas OLED (Apple utiliza dos paneles en t\u00e1ndem) \u00a0contribuye a que el grosor sea mucho m\u00e1s fino, detalle clave para la evoluci\u00f3n de la tablet, aunque tambi\u00e9n mejora la visualizaci\u00f3n del panel en la mayor parte de situaciones. Nada m\u00e1s encenderlo se aprecia la nitidez y la viveza de los colores, <strong>la saturaci\u00f3n est\u00e1 muy bien controlada<\/strong>, ProMotion logra que moverse por la interfaz y contenido sea una delicia y la visualizaci\u00f3n en entornos oscuros da un gran salto en calidad. Apple remata el acabado de la tablet con un tratamiento mate antirreflejos que puede apagar ligeramente el contenido en determinados entornos, como los exteriores.<\/p>\n<p><!-- BREAK 9 --><\/p>\n<div class=\"article-asset-summary article-asset-normal article-asset-center\">\n<div class=\"asset-content\">\n<p>La elecci\u00f3n del OLED en lugar del mini-LED es clave para reproducir contenido en entornos oscuros: el alto contraste, y la ausencia del halo rodeando los contornos luminosos, supone un gran salto cualitativo<\/p>\n<\/p><\/div>\n<\/div>\n<p>Con el alt\u00edsimo contraste de la pantalla OLED, y sus negros puros sin efecto halo en las \u00e1reas iluminadas (que tanto acusaba el iPad Pro (2022)), he disfrutado usando el iPad desde para leer antes para dormir como para ver ver pel\u00edculas con la luz apagada. <strong>El brillo m\u00ednimo es algo molesto en completa penumbra<\/strong>, el brillo autom\u00e1tico se adapta bien a los cambios en las condiciones lum\u00ednicas y hasta puede utilizarse el iPad Pro (2024) en exteriores y a plena luz del d\u00eda. Con la luz directa del sol sobre la pantalla presenta serias dificultades, aunque fui capaz de usarla poniendo m\u00e1s atenci\u00f3n en textos y men\u00fas.<\/p>\n<p><!-- BREAK 10 --> <\/p>\n<div class=\"article-asset-image article-asset-large article-asset-center\">\n<div class=\"asset-content\">\n<div class=\"caption-img \">\n                   <img class=\"\" height=\"1062\" width=\"1500\" loading=\"lazy\" decoding=\"async\" sizes=\"auto, 100vw\" fetchpriority=\"high\" srcset=\"https:\/\/i.blogs.es\/d45daf\/pad-pro-2024-15\/450_1000.jpeg 450w, https:\/\/i.blogs.es\/d45daf\/pad-pro-2024-15\/650_1200.jpeg 681w,https:\/\/i.blogs.es\/d45daf\/pad-pro-2024-15\/1024_2000.jpeg 1024w, https:\/\/i.blogs.es\/d45daf\/pad-pro-2024-15\/1366_2000.jpeg 1366w\" src=\"https:\/\/i.blogs.es\/d45daf\/pad-pro-2024-15\/450_1000.jpeg\" alt=\"Pad Pro 2024\"\/><br \/>\n   <img decoding=\"async\" alt=\"Pad Pro 2024\" class=\"\" src=\"https:\/\/i.blogs.es\/d45daf\/pad-pro-2024-15\/450_1000.jpeg\"\/><\/p>\n<p>        <span>La vibraci\u00f3n del l\u00e1piz y la detecci\u00f3n de inclinaci\u00f3n facilitan el uso del nuevo Pencil Pro<\/span>\n   <\/div>\n<\/p><\/div>\n<\/div>\n<p>La pantalla del iPad Pro (2024) responde perfectamente al tacto, tanto de los dedos como del l\u00e1piz. Pude usarla en conjunto con el nuevo Apple Pencil Pro y las sensaciones fueron excelentes, y eso que yo no soy ilustrador: <strong>la detecci\u00f3n de inclinaci\u00f3n ayuda a visualizar el \u00e1ngulo del trazo antes de dibujar<\/strong>, la respuesta h\u00e1ptica a los gestos en el l\u00e1piz es una delicia y la latencia en el desplazamiento del trazo resulta inapreciable.<\/p>\n<p><!-- BREAK 11 --><\/p>\n<div class=\"article-asset-image article-asset-large article-asset-center\">\n<div class=\"asset-content\">\n                   <img class=\"\" height=\"1000\" width=\"1500\" loading=\"lazy\" decoding=\"async\" sizes=\"auto, 100vw\" fetchpriority=\"high\" srcset=\"https:\/\/i.blogs.es\/3a9482\/pad-pro-2024-16\/450_1000.jpeg 450w, https:\/\/i.blogs.es\/3a9482\/pad-pro-2024-16\/650_1200.jpeg 681w,https:\/\/i.blogs.es\/3a9482\/pad-pro-2024-16\/1024_2000.jpeg 1024w, https:\/\/i.blogs.es\/3a9482\/pad-pro-2024-16\/1366_2000.jpeg 1366w\" src=\"https:\/\/i.blogs.es\/3a9482\/pad-pro-2024-16\/450_1000.jpeg\" alt=\"Pad Pro 2024\"\/><br \/>\n   <img decoding=\"async\" alt=\"Pad Pro 2024\" class=\"\" src=\"https:\/\/i.blogs.es\/3a9482\/pad-pro-2024-16\/450_1000.jpeg\"\/><\/p><\/div>\n<\/div>\n<h3 id=\"sonido-4\" class=\"toc-enabled\"><span class=\"ez-toc-section\" id=\"Sonido\"><\/span><span class=\"toc-shortcut-icon\" title=\"Ver \u00cdndice de contenido\"\/>Sonido<span class=\"ez-toc-section-end\"><\/span><\/h3>\n<div class=\"article-asset-image article-asset-large article-asset-center\">\n<div class=\"asset-content\">\n                   <img class=\"\" height=\"1000\" width=\"1500\" loading=\"lazy\" decoding=\"async\" sizes=\"auto, 100vw\" fetchpriority=\"high\" srcset=\"https:\/\/i.blogs.es\/cd392a\/pad-pro-2024-12\/450_1000.jpeg 450w, https:\/\/i.blogs.es\/cd392a\/pad-pro-2024-12\/650_1200.jpeg 681w,https:\/\/i.blogs.es\/cd392a\/pad-pro-2024-12\/1024_2000.jpeg 1024w, https:\/\/i.blogs.es\/cd392a\/pad-pro-2024-12\/1366_2000.jpeg 1366w\" src=\"https:\/\/i.blogs.es\/cd392a\/pad-pro-2024-12\/450_1000.jpeg\" alt=\"Pad Pro 2024\"\/><br \/>\n   <img decoding=\"async\" alt=\"Pad Pro 2024\" class=\"\" src=\"https:\/\/i.blogs.es\/cd392a\/pad-pro-2024-12\/450_1000.jpeg\"\/><\/p><\/div>\n<\/div>\n<p>\u00bfY qu\u00e9 tal el sonido? A la altura de lo que esperar\u00eda en una tablet de este nivel: de sobrada potencia, con alta fidelidad, sus cuatro altavoces transmiten la emoci\u00f3n de las pel\u00edculas incluso en los bajos de las explosiones y ofrecen un volumen muy alto para reproducir cualquier audio. Y <strong>sin estridencias a m\u00e1ximo volumen<\/strong>: por mis mediciones desde un dispositivo externo, el iPad Pro (2024) me alcanz\u00f3 hasta 90 dB tanto en pel\u00edculas como escuchando m\u00fasica<\/p>\n<p><!-- BREAK 12 --><\/p>\n<div class=\"article-asset-summary article-asset-normal article-asset-center\">\n<div class=\"asset-content\">\n<p>Con cuatro altavoces sonando simult\u00e1neamente, las vibraciones de la tablet pueden molestar cuando se sujeta el iPad a volumen alto<\/p>\n<\/p><\/div>\n<\/div>\n<p>El iPad Pro (2024) ofrece audio espacial, permite configurar un nivel m\u00e1ximo de sonido, admite la personalizaci\u00f3n del audio espacial para adaptarlo a las orejas y es de alt\u00edsima calidad tanto a trav\u00e9s de los auriculares Bluetooth como usando la salida USB C de audio. Dado que Apple no incluye puerto de 3,5 mm, hace falta un adaptador USB C. <strong>Es obligatorio el uso de un DAC, tanto incluido en el adaptador como en forma de dispositivo externo<\/strong>: el iPad no dispone de salida anal\u00f3gica de audio.<\/p>\n<p><!-- BREAK 13 --><\/p>\n<div class=\"article-asset-image article-asset-large article-asset-center\">\n<div class=\"asset-content\">\n                   <img class=\"\" height=\"1365\" width=\"2048\" loading=\"lazy\" decoding=\"async\" sizes=\"auto, 100vw\" fetchpriority=\"high\" srcset=\"https:\/\/i.blogs.es\/19d93f\/pad-pro-2024-34\/450_1000.jpeg 450w, https:\/\/i.blogs.es\/19d93f\/pad-pro-2024-34\/650_1200.jpeg 681w,https:\/\/i.blogs.es\/19d93f\/pad-pro-2024-34\/1024_2000.jpeg 1024w, https:\/\/i.blogs.es\/19d93f\/pad-pro-2024-34\/1366_2000.jpeg 1366w\" src=\"https:\/\/i.blogs.es\/19d93f\/pad-pro-2024-34\/450_1000.jpeg\" alt=\"Pad Pro 2024\"\/><br \/>\n   <img decoding=\"async\" alt=\"Pad Pro 2024\" class=\"\" src=\"https:\/\/i.blogs.es\/19d93f\/pad-pro-2024-34\/450_1000.jpeg\"\/><\/p><\/div>\n<\/div>\n<p>Por \u00faltimo, har\u00e9 menci\u00f3n a las llamadas de audio y videollamadas, una de las funciones para las que el iPad Pro (2024) se muestra muy \u00fatil. El modelo que he probado dispone de conectividad m\u00f3vil gracias a la eSIM: basta con escanear una tarjeta, o transferirla desde otro dispositivo Apple, para disfrutar de datos m\u00f3viles en la tablet. Tambi\u00e9n llamadas: \u00e9stas se escuchan n\u00edtidas y cristalinas incluso en entornos con ruido.<\/p>\n<p><!-- BREAK 14 --><\/p>\n<h2 id=\"rendimiento-software-autonomia-sus-virtudes-tambien-andan-sus-carencias-5\" class=\"toc-enabled\"><span class=\"ez-toc-section\" id=\"Rendimiento_software_y_autonomia_en_sus_virtudes_tambien_andan_sus_carencias\"><\/span><span class=\"toc-shortcut-icon\" title=\"Ver \u00cdndice de contenido\"\/>Rendimiento, software y autonom\u00eda: en sus virtudes tambi\u00e9n andan sus carencias<span class=\"ez-toc-section-end\"><\/span><\/h2>\n<div class=\"article-asset-image article-asset-large article-asset-center\">\n<div class=\"asset-content\">\n                   <img class=\"\" height=\"1365\" width=\"2048\" loading=\"lazy\" decoding=\"async\" sizes=\"auto, 100vw\" fetchpriority=\"high\" srcset=\"https:\/\/i.blogs.es\/9acc7d\/pad-pro-2024-35\/450_1000.jpeg 450w, https:\/\/i.blogs.es\/9acc7d\/pad-pro-2024-35\/650_1200.jpeg 681w,https:\/\/i.blogs.es\/9acc7d\/pad-pro-2024-35\/1024_2000.jpeg 1024w, https:\/\/i.blogs.es\/9acc7d\/pad-pro-2024-35\/1366_2000.jpeg 1366w\" src=\"https:\/\/i.blogs.es\/9acc7d\/pad-pro-2024-35\/450_1000.jpeg\" alt=\"Pad Pro 2024\"\/><br \/>\n   <img decoding=\"async\" alt=\"Pad Pro 2024\" class=\"\" src=\"https:\/\/i.blogs.es\/9acc7d\/pad-pro-2024-35\/450_1000.jpeg\"\/><\/p><\/div>\n<\/div>\n<p>Me result\u00f3 muy curioso que Apple se decidiera a estrenar su familia de procesadores con el iPad Pro (2024), pero ah\u00ed est\u00e1: el <a href=\"https:\/\/www.xataka.com\/componentes\/chip-m4-apple-explicado-su-potencia-persigue-exprimir-ultima-gota-pantalla-tandem-oled-ipad-pro\" target=\"_blank\" rel=\"noopener\">Apple M4<\/a> inicia su expansi\u00f3n a los futuros MacBook empezando por la tablet. Esto significaba la m\u00e1xima potencia sobre el papel. Y puedo corroborarlo en la pr\u00e1ctica. El problema es el habitual de los iPad Pro, que tanta potencia <strong>es un derroche<\/strong> en la mayor parte de las ocasiones.<\/p>\n<p><!-- BREAK 15 --> <\/p>\n<p>Ten\u00eda la esperanza de que los iPad Pro, al compartir un SoC con los ordenadores de Apple, terminaran dando el salto a los port\u00e1tiles convertibles, pero est\u00e1 claro que Tim Cook y los suyos no opinan lo mismo: pese a que <strong>macOS podr\u00eda perfectamente funcionar en el iPad Pro (2024)<\/strong>, tanto de forma \u00fanica como en paralelo con iPadOS, Apple mantiene un software pensado exclusivamente para tabletas. Que no tendr\u00eda por qu\u00e9 ser malo, por otra parte.<\/p>\n<p><!-- BREAK 16 --><\/p>\n<div class=\"article-asset-image article-asset-large article-asset-center\">\n<div class=\"asset-content\">\n                   <img class=\"\" height=\"1062\" width=\"1500\" loading=\"lazy\" decoding=\"async\" sizes=\"auto, 100vw\" fetchpriority=\"high\" srcset=\"https:\/\/i.blogs.es\/21cae9\/pad-pro-2024-8\/450_1000.jpeg 450w, https:\/\/i.blogs.es\/21cae9\/pad-pro-2024-8\/650_1200.jpeg 681w,https:\/\/i.blogs.es\/21cae9\/pad-pro-2024-8\/1024_2000.jpeg 1024w, https:\/\/i.blogs.es\/21cae9\/pad-pro-2024-8\/1366_2000.jpeg 1366w\" src=\"https:\/\/i.blogs.es\/21cae9\/pad-pro-2024-8\/450_1000.jpeg\" alt=\"Pad Pro 2024\"\/><br \/>\n   <img decoding=\"async\" alt=\"Pad Pro 2024\" class=\"\" src=\"https:\/\/i.blogs.es\/21cae9\/pad-pro-2024-8\/450_1000.jpeg\"\/><\/p><\/div>\n<\/div>\n<p>He estado arrancando todo tipo de juegos m\u00f3viles, les sub\u00ed al m\u00e1ximo la calidad gr\u00e1fica y en ning\u00fan momento cabecearon lo m\u00e1s m\u00ednimo: la ejecuci\u00f3n es impecable. Sin el m\u00e1s m\u00ednimo retardo, con unas animaciones realmente fluidas (el ProMotion de la pantalla colabora en buena medida) y con la constante sensaci\u00f3n de que el iPad Pro (2024) queda completamente aislado en lo que a posibilidades de software se refiere. <strong>El Apple M4 podr\u00eda masticar AAA sin despeinarse<\/strong>, pero no tiene ecosistema (quitando, quiz\u00e1, a <a href=\"https:\/\/www.xatakamovil.com\/aplicaciones\/obra-maestra-hideo-kojima-llega-al-iphone-death-stranding-esta-app-store-solo-para-iphone-15-pro\" target=\"_blank\" rel=\"noopener\">Death Stranding<\/a>). Y esto se traslada al resto de aplicaciones, exceptuando las de edici\u00f3n de v\u00eddeo, audio e imagen. Con matices, porque en todo momento son apps adaptadas a un entorno de tablet.<\/p>\n<p><!-- BREAK 17 --><\/p>\n<div class=\"article-asset-image article-asset-large article-asset-center\">\n<div class=\"asset-content\">\n                   <img class=\"\" height=\"1188\" width=\"1500\" loading=\"lazy\" decoding=\"async\" sizes=\"auto, 100vw\" fetchpriority=\"high\" srcset=\"https:\/\/i.blogs.es\/f49e99\/pad-pro-2024-38\/450_1000.jpeg 450w, https:\/\/i.blogs.es\/f49e99\/pad-pro-2024-38\/650_1200.jpeg 681w,https:\/\/i.blogs.es\/f49e99\/pad-pro-2024-38\/1024_2000.jpeg 1024w, https:\/\/i.blogs.es\/f49e99\/pad-pro-2024-38\/1366_2000.jpeg 1366w\" src=\"https:\/\/i.blogs.es\/f49e99\/pad-pro-2024-38\/450_1000.jpeg\" alt=\"Pad Pro 2024\"\/><br \/>\n   <img decoding=\"async\" alt=\"Pad Pro 2024\" class=\"\" src=\"https:\/\/i.blogs.es\/f49e99\/pad-pro-2024-38\/450_1000.jpeg\"\/><\/p><\/div>\n<\/div>\n<p>Vayamos a los benchmarks. \u00bfC\u00f3mo se comporta el iPad Pro (2024)? Deja por los suelos a mi MacBook Pro, literalmente, tambi\u00e9n a cualquier otra tablet que pretenda acercarse. Y a una buena cantidad de ordenadores port\u00e1tiles.<\/p>\n<p><!-- BREAK 18 --><\/p>\n<div class=\"article-asset-image article-asset-large article-asset-center\">\n<div class=\"asset-content\">\n<div class=\"caption-img \">\n                   <img class=\"\" height=\"658\" width=\"1500\" loading=\"lazy\" decoding=\"async\" sizes=\"auto, 100vw\" fetchpriority=\"high\" srcset=\"https:\/\/i.blogs.es\/c80a4a\/pad-pro-2024-27\/450_1000.jpeg 450w, https:\/\/i.blogs.es\/c80a4a\/pad-pro-2024-27\/650_1200.jpeg 681w,https:\/\/i.blogs.es\/c80a4a\/pad-pro-2024-27\/1024_2000.jpeg 1024w, https:\/\/i.blogs.es\/c80a4a\/pad-pro-2024-27\/1366_2000.jpeg 1366w\" src=\"https:\/\/i.blogs.es\/c80a4a\/pad-pro-2024-27\/450_1000.jpeg\" alt=\"Pad Pro 2024\"\/><br \/>\n   <img decoding=\"async\" alt=\"Pad Pro 2024\" class=\"\" src=\"https:\/\/i.blogs.es\/c80a4a\/pad-pro-2024-27\/450_1000.jpeg\"\/><\/p>\n<p>        <span>De izquierda a derecha: GeekBench 6, 3D Mark Wild Life Unlimited y 3D Mark Wild Life Stress<\/span>\n   <\/div>\n<\/p><\/div>\n<\/div>\n<div class=\"article-asset-table article-asset-normal m-hr-scroll\">\n<div class=\"asset-content\">\n<table class=\"tabla-datos\">\n<thead>\n<tr>\n<th class=\"align-left\">\n<\/th>\n<th class=\"align-left\">\n<p>Geekbench (6)<\/p>\n<\/th>\n<th class=\"align-left\">\n<p>wild life unlimited<\/p>\n<\/th>\n<th class=\"align-left\">\n<p>wild life stress test<\/p>\n<\/th>\n<\/tr>\n<\/thead>\n<tbody>\n<tr>\n<th class=\"align-left\">\n<p>ipad pro (2024<\/p>\n<\/th>\n<td class=\"align-left\">\n<p><strong>Single core<\/strong>: 3.782<\/p>\n<p><strong>Multicore<\/strong>: 14.521<\/p>\n<\/td>\n<td class=\"align-left\">\n<p>31.635<\/p>\n<\/td>\n<td class=\"align-left\">\n<p><strong>Mejor<\/strong>: 8.077<\/p>\n<p><strong>Peor<\/strong>: 6.601<\/p>\n<p><strong>Estabilidad<\/strong>: 81,7 %<\/p>\n<\/td>\n<\/tr>\n<\/tbody>\n<\/table><\/div>\n<\/div>\n<h3 id=\"software-6\" class=\"toc-enabled\"><span class=\"ez-toc-section\" id=\"Software\"><\/span><span class=\"toc-shortcut-icon\" title=\"Ver \u00cdndice de contenido\"\/>Software<span class=\"ez-toc-section-end\"><\/span><\/h3>\n<p><a href=\"https:\/\/www.xatakamovil.com\/sistemas-operativos\/ipados-17-oficial-estas-todas-novedades-que-llegaran-a-tu-ipad\" target=\"_blank\" rel=\"noopener\">iPadOS 17<\/a> va a las mil maravillas en el iPad Pro (2024), no tuve el m\u00e1s m\u00ednimo cierre ni fallo apreciable. Actualizado a la \u00faltima versi\u00f3n, y con el software perfectamente adaptado para utilizarse en modo escritorio con el nuevo Magic Keyboard (algunos atajos de apps como Photoshop o Lightroom no funcionan, aunque esto no es cosa de Apple), <strong>la experiencia como tablet es exquisita<\/strong>. Con un poco de aprendizaje resulta muy sencillo saltar entre aplicaciones utilizando los gestos en pantalla, el panel dividido es muy \u00fatil en las 13 pulgadas y aprecio en gran medida la compatibilidad con el MacBook; tanto usando la doble pantalla con Sidecar como extendiendo el cursor mediante el Control universal.<\/p>\n<p><!-- BREAK 19 --><\/p>\n<div class=\"article-asset-image article-asset-large article-asset-center\">\n<div class=\"asset-content\">\n<div class=\"caption-img \">\n                   <img class=\"\" height=\"1169\" width=\"1500\" loading=\"lazy\" decoding=\"async\" sizes=\"auto, 100vw\" fetchpriority=\"high\" srcset=\"https:\/\/i.blogs.es\/7b5268\/pad-pro-2024-26\/450_1000.jpeg 450w, https:\/\/i.blogs.es\/7b5268\/pad-pro-2024-26\/650_1200.jpeg 681w,https:\/\/i.blogs.es\/7b5268\/pad-pro-2024-26\/1024_2000.jpeg 1024w, https:\/\/i.blogs.es\/7b5268\/pad-pro-2024-26\/1366_2000.jpeg 1366w\" src=\"https:\/\/i.blogs.es\/7b5268\/pad-pro-2024-26\/450_1000.jpeg\" alt=\"Pad Pro 2024\"\/><br \/>\n   <img decoding=\"async\" alt=\"Pad Pro 2024\" class=\"\" src=\"https:\/\/i.blogs.es\/7b5268\/pad-pro-2024-26\/450_1000.jpeg\"\/><\/p>\n<p>        <span>El iPad Pro (2024) en pleno test de benchmark montado en el Magic Keyboard<\/span>\n   <\/div>\n<\/p><\/div>\n<\/div>\n<p>Utilizo mi iPad Pro a diario como una extensi\u00f3n de mi MacBook, me va perfecto para llevarme la oficina a cualquier parte. El nuevo modelo no es una gran evboluci\u00f3n en este \u00e1mbito, aunque s\u00ed mejora el uso nocturno gracias a la pantalla OLED. iPadOS 17 trae de serie las habituales aplicaciones de Apple, tiene garantizados varios a\u00f1os de actualizaciones (<strong>lo normal son entre seis y siete<\/strong>), a finales de 2024 recibir\u00e1 la apertura a la <a href=\"https:\/\/www.xataka.com\/legislacion-y-derechos\/apple-actualiza-sus-condiciones-casi-ningun-desarrollador-tenga-que-pagar-tasa-tecnologia-basica-al-ahora\" target=\"_blank\" rel=\"noopener\">instalaci\u00f3n de aplicaciones desde fuera de la App Store<\/a> (en Europa) y, en general, es un software que, en combinaci\u00f3n con el hardware, no envejece. Estoy convencido de que este iPad Pro 2024 seguir\u00e1 funcionando correctamente en 2030, al menos mientras no sufra alg\u00fan problema de fabricaci\u00f3n.<\/p>\n<p><!-- BREAK 20 --><\/p>\n<div class=\"article-asset-image article-asset-large article-asset-center\">\n<div class=\"asset-content\">\n                   <img class=\"\" height=\"658\" width=\"1500\" loading=\"lazy\" decoding=\"async\" sizes=\"auto, 100vw\" fetchpriority=\"high\" srcset=\"https:\/\/i.blogs.es\/367da6\/pad-pro-2024-28\/450_1000.jpeg 450w, https:\/\/i.blogs.es\/367da6\/pad-pro-2024-28\/650_1200.jpeg 681w,https:\/\/i.blogs.es\/367da6\/pad-pro-2024-28\/1024_2000.jpeg 1024w, https:\/\/i.blogs.es\/367da6\/pad-pro-2024-28\/1366_2000.jpeg 1366w\" src=\"https:\/\/i.blogs.es\/367da6\/pad-pro-2024-28\/450_1000.jpeg\" alt=\"Pad Pro 2024\"\/><br \/>\n   <img decoding=\"async\" alt=\"Pad Pro 2024\" class=\"\" src=\"https:\/\/i.blogs.es\/367da6\/pad-pro-2024-28\/450_1000.jpeg\"\/><\/p><\/div>\n<\/div>\n<p>Los iPad son muy longevos, sin duda es una buena raz\u00f3n para apostar por ellos: mi iPad Pro de 2018 sigue funcionando como el primer d\u00eda si except\u00fao la l\u00f3gica degradaci\u00f3n de la bater\u00eda. Y me da l\u00e1stima que un producto tan redondo no tenga la opci\u00f3n de ejecutar macOS y las apps de ordenador: quedar atado a aplicaciones m\u00f3viles y de tablets <strong>me parece una eterna oportunidad perdida<\/strong>. S\u00e9 que Apple quiere mantener las dos familias de dispositivos bien diferenciadas, aunque creo que, tarde o temprano, terminar\u00e1 dando su brazo a torcer. Un iPad Pro 2024 con iPadOS y macOS me parecer\u00eda una elecci\u00f3n m\u00e1s acertada que semejante bestia anclado a un ecosistema s\u00f3lo m\u00f3vil.<\/p>\n<p><!-- BREAK 21 --> <\/p>\n<div class=\"article-asset-image article-asset-large article-asset-center\">\n<div class=\"asset-content\">\n                   <img class=\"\" height=\"1000\" width=\"1500\" loading=\"lazy\" decoding=\"async\" sizes=\"auto, 100vw\" fetchpriority=\"high\" srcset=\"https:\/\/i.blogs.es\/336e78\/pad-pro-2024-39\/450_1000.jpeg 450w, https:\/\/i.blogs.es\/336e78\/pad-pro-2024-39\/650_1200.jpeg 681w,https:\/\/i.blogs.es\/336e78\/pad-pro-2024-39\/1024_2000.jpeg 1024w, https:\/\/i.blogs.es\/336e78\/pad-pro-2024-39\/1366_2000.jpeg 1366w\" src=\"https:\/\/i.blogs.es\/336e78\/pad-pro-2024-39\/450_1000.jpeg\" alt=\"Pad Pro 2024\"\/><br \/>\n   <img decoding=\"async\" alt=\"Pad Pro 2024\" class=\"\" src=\"https:\/\/i.blogs.es\/336e78\/pad-pro-2024-39\/450_1000.jpeg\"\/><\/p><\/div>\n<\/div>\n<h3 id=\"bateria-carga-7\" class=\"toc-enabled\"><span class=\"ez-toc-section\" id=\"Bateria_y_carga\"><\/span><span class=\"toc-shortcut-icon\" title=\"Ver \u00cdndice de contenido\"\/>Bater\u00eda y carga<span class=\"ez-toc-section-end\"><\/span><\/h3>\n<p>Turno de hablar de la bater\u00eda. Aqu\u00ed no hay excesiva sorpresa, ya que la capacidad va en consonancia del aguante lejos del enchufe: dado que todo este an\u00e1lisis lo he escrito y editado desde el iPad que lo protagoniza, <strong>el veredicto es un notable alto<\/strong>. La autonom\u00eda no es extraordinaria, tampoco mala: el d\u00eda con el uso avanzado en movimiento es lo habitual, hasta dos d\u00edas con un uso medio. Durante dicho uso medio, las diez\/once horas de pantalla no son extra\u00f1as.<\/p>\n<p><!-- BREAK 22 --><\/p>\n<div class=\"article-asset-image article-asset-large article-asset-center\">\n<div class=\"asset-content\">\n                   <img class=\"\" height=\"658\" width=\"1500\" loading=\"lazy\" decoding=\"async\" sizes=\"auto, 100vw\" fetchpriority=\"high\" srcset=\"https:\/\/i.blogs.es\/fd5caa\/pad-pro-2024-30\/450_1000.jpeg 450w, https:\/\/i.blogs.es\/fd5caa\/pad-pro-2024-30\/650_1200.jpeg 681w,https:\/\/i.blogs.es\/fd5caa\/pad-pro-2024-30\/1024_2000.jpeg 1024w, https:\/\/i.blogs.es\/fd5caa\/pad-pro-2024-30\/1366_2000.jpeg 1366w\" src=\"https:\/\/i.blogs.es\/fd5caa\/pad-pro-2024-30\/450_1000.jpeg\" alt=\"Pad Pro 2024\"\/><br \/>\n   <img decoding=\"async\" alt=\"Pad Pro 2024\" class=\"\" src=\"https:\/\/i.blogs.es\/fd5caa\/pad-pro-2024-30\/450_1000.jpeg\"\/><\/p><\/div>\n<\/div>\n<p>Consumo multimedia, edici\u00f3n de fotograf\u00eda, escritura, mucha navegaci\u00f3n web, soporte para las pr\u00e1cticas deportivas de Fitness+ y juegos de alta carga gr\u00e1fica: es mi uso habitual del iPad cuando no est\u00e1 conectado al ordenador en modo Sidecar. No se comport\u00f3 mal: aproximadamente un 6 % menos de bater\u00eda cada hora con un uso habitual, un <strong>40 % menos de bater\u00eda cada hora a m\u00e1ximo rendimiento<\/strong> (medido con pruebas de 3D Mark) y un 0,5 % m\u00e1s o menos con la pantalla apagada y en espera. Bajo WiFi.<\/p>\n<p><!-- BREAK 23 --><\/p>\n<div class=\"article-asset-summary article-asset-normal article-asset-center\">\n<div class=\"asset-content\">\n<p>El Apple M4 a m\u00e1ximo rendimiento consume m\u00e1s del 30 % de bater\u00eda cada hora. Y el iPad no se calienta en exceso, la refigeraci\u00f3n pasiva es sorprendente<\/p>\n<\/p><\/div>\n<\/div>\n<p>Turno de adentrarse en la carga. \u00c9sta es r\u00e1pida, durante mis pruebas alcanc\u00e9 un m\u00e1ximo que rond\u00f3 los 37 W, es progresiva (el \u00faltimo tramo m\u00e1s all\u00e1 del 20 % cae hasta los 10-15 W) y <strong>no incluye cargador en la caja<\/strong>, s\u00f3lo cable USB C. Apple ha decidido recortar en este elemento tan vital, a m\u00ed me parece una mala noticia; por m\u00e1s que pueda utilizarse el cargador del tel\u00e9fono, que el puerto de carga sea USB C ayuda.<\/p>\n<p><!-- BREAK 24 --><\/p>\n<div class=\"article-asset-image article-asset-large article-asset-center\">\n<div class=\"asset-content\">\n<div class=\"caption-img \">\n                   <img class=\"\" height=\"1025\" width=\"1500\" loading=\"lazy\" decoding=\"async\" sizes=\"auto, 100vw\" fetchpriority=\"high\" srcset=\"https:\/\/i.blogs.es\/18e67e\/pad-pro-2024-29\/450_1000.jpeg 450w, https:\/\/i.blogs.es\/18e67e\/pad-pro-2024-29\/650_1200.jpeg 681w,https:\/\/i.blogs.es\/18e67e\/pad-pro-2024-29\/1024_2000.jpeg 1024w, https:\/\/i.blogs.es\/18e67e\/pad-pro-2024-29\/1366_2000.jpeg 1366w\" src=\"https:\/\/i.blogs.es\/18e67e\/pad-pro-2024-29\/450_1000.jpeg\" alt=\"Pad Pro 2024\"\/><br \/>\n   <img decoding=\"async\" alt=\"Pad Pro 2024\" class=\"\" src=\"https:\/\/i.blogs.es\/18e67e\/pad-pro-2024-29\/450_1000.jpeg\"\/><\/p>\n<p>        <span>Indicador de potencia durante el inicio de la carga del iPad<\/span>\n   <\/div>\n<\/p><\/div>\n<\/div>\n<p>Como es habitual, med\u00ed los tiempos de carga. Para mis pruebas utilic\u00e9 una bater\u00eda Shargeek 170 con carga r\u00e1pida compatible con Power Delivery 3.1. Los tiempos y amperajes que obtuve fueron los siguientes:<\/p>\n<p><!-- BREAK 25 --><\/p>\n<ul>\n<li><strong>5 minutos de carga<\/strong>. 8 % de bater\u00eda.<\/li>\n<li><strong>10 minutos de carga<\/strong>. 13 % de bater\u00eda.<\/li>\n<li><strong>20 minutos de carga<\/strong>. 23 % de bater\u00eda.<\/li>\n<li><strong>30 minutos de carga<\/strong>. 34 % de bater\u00eda.<\/li>\n<li><strong>50 minutos de carga<\/strong>. 56 % de bater\u00eda.<\/li>\n<li><strong>Total<\/strong>: 1 hora y 58 minutos.<\/li>\n<\/ul>\n<h2 id=\"camaras-dos-traseras-a-bien-puesta-cada-cara-8\" class=\"toc-enabled\"><span class=\"ez-toc-section\" id=\"Camaras_de_dos_traseras_a_una_bien_puesta_Por_cada_cara\"><\/span><span class=\"toc-shortcut-icon\" title=\"Ver \u00cdndice de contenido\"\/>C\u00e1maras: de dos traseras a una bien puesta. Por cada cara<span class=\"ez-toc-section-end\"><\/span><\/h2>\n<div class=\"article-asset-image article-asset-large article-asset-center\">\n<div class=\"asset-content\">\n                   <img class=\"\" height=\"1001\" width=\"1500\" loading=\"lazy\" decoding=\"async\" sizes=\"auto, 100vw\" fetchpriority=\"high\" srcset=\"https:\/\/i.blogs.es\/89e724\/ipad-pro-2024-6\/450_1000.jpeg 450w, https:\/\/i.blogs.es\/89e724\/ipad-pro-2024-6\/650_1200.jpeg 681w,https:\/\/i.blogs.es\/89e724\/ipad-pro-2024-6\/1024_2000.jpeg 1024w, https:\/\/i.blogs.es\/89e724\/ipad-pro-2024-6\/1366_2000.jpeg 1366w\" src=\"https:\/\/i.blogs.es\/89e724\/ipad-pro-2024-6\/450_1000.jpeg\" alt=\"Ipad Pro 2024\"\/><br \/>\n   <img decoding=\"async\" alt=\"Ipad Pro 2024\" class=\"\" src=\"https:\/\/i.blogs.es\/89e724\/ipad-pro-2024-6\/450_1000.jpeg\"\/><\/p><\/div>\n<\/div>\n<p>El anterior iPad Pro (2022) hac\u00eda gala de una doble c\u00e1mara trasera aparte del sensor LiDAR. Bajo mi punto de vista, tener esa multiplicidad carec\u00eda de sentido en una tablet: <strong>mejor mantener una buena c\u00e1mara por cada cara del dispositivo<\/strong>. Justo lo que Apple concibe para el nuevo modelo.<\/p>\n<p><!-- BREAK 26 --><\/p>\n<p>Veamos el hardware de captura al detalle, en lo b\u00e1sico no se aleja demasiado de lo que ya vimos en el predecesor.<\/p>\n<p><!-- BREAK 27 --><\/p>\n<ul>\n<li><strong>C\u00e1mara principal trasera de 12 megap\u00edxeles<\/strong>. Apertura f\/1.8, autoenfoque dual pixel PDAF, flash True Tone adaptativo, zoom digital 5x, grabaci\u00f3n de v\u00eddeo hasta 4K y 60 fps.<\/li>\n<li><strong>C\u00e1mara LiDAR<\/strong> para capturar la profundidad de la escena.<\/li>\n<li><strong>C\u00e1mara frontal de 12 megap\u00edxeles<\/strong>. Apertura f\/2.4, campo de visi\u00f3n de 122\u00ba, encuadre centrado para videoconferencias, zoom de alejamiento x2, grabaci\u00f3n de v\u00eddeo en 1080p y 60 fps, sistema de reconocimiento facial True Depth.<\/li>\n<\/ul>\n<p>Una tablet no es el mejor dispositivo para hacer fotos, todos lo tenemos claro, mucho menos un dispositivo de 13 pulgadas. No resulta c\u00f3moda, es todo un riesgo mantenerla en vilo y pulsar sobre la pantalla para enfocar puede convertirse en una odisea. Vamos, que <strong>mejor sacar el tel\u00e9fono<\/strong>. A\u00fan as\u00ed, lo cierto es que el desempe\u00f1o fotogr\u00e1fico no est\u00e1 nada mal a grandes rasgos.<\/p>\n<p><!-- BREAK 28 --> <\/p>\n<div class=\"article-asset-image article-asset-large article-asset-center\">\n<div class=\"asset-content\">\n                   <img class=\"\" height=\"924\" width=\"1500\" loading=\"lazy\" decoding=\"async\" sizes=\"auto, 100vw\" fetchpriority=\"high\" srcset=\"https:\/\/i.blogs.es\/28f6f5\/pad-pro-2024-409\/450_1000.jpeg 450w, https:\/\/i.blogs.es\/28f6f5\/pad-pro-2024-409\/650_1200.jpeg 681w,https:\/\/i.blogs.es\/28f6f5\/pad-pro-2024-409\/1024_2000.jpeg 1024w, https:\/\/i.blogs.es\/28f6f5\/pad-pro-2024-409\/1366_2000.jpeg 1366w\" src=\"https:\/\/i.blogs.es\/28f6f5\/pad-pro-2024-409\/450_1000.jpeg\" alt=\"Pad Pro 2024\"\/><br \/>\n   <img decoding=\"async\" alt=\"Pad Pro 2024\" class=\"\" src=\"https:\/\/i.blogs.es\/28f6f5\/pad-pro-2024-409\/450_1000.jpeg\"\/><\/p><\/div>\n<\/div>\n<p>No esperaba fotones en cualquier condici\u00f3n, s\u00ed me sorprendi\u00f3 con buena iluminaci\u00f3n y en exteriores. Tomas con notable nitidez, incluso en segundo plano; colorimetr\u00eda clavada a las condiciones; el balance de blancos es muy bueno; y hasta <strong>mantiene un rango din\u00e1mico a la altura<\/strong>. Valores notorios en un smartphone que ganan valor trat\u00e1ndose de un iPad.<\/p>\n<p><!-- BREAK 29 --><\/p>\n<div class=\"article-asset-image article-asset-large article-asset-center\">\n<div class=\"asset-content\">\n<div class=\"caption-img \">\n                   <img class=\"\" height=\"1125\" width=\"1500\" loading=\"lazy\" decoding=\"async\" sizes=\"auto, 100vw\" fetchpriority=\"high\" srcset=\"https:\/\/i.blogs.es\/680fee\/pad-pro-2024-36\/450_1000.jpeg 450w, https:\/\/i.blogs.es\/680fee\/pad-pro-2024-36\/650_1200.jpeg 681w,https:\/\/i.blogs.es\/680fee\/pad-pro-2024-36\/1024_2000.jpeg 1024w, https:\/\/i.blogs.es\/680fee\/pad-pro-2024-36\/1366_2000.jpeg 1366w\" src=\"https:\/\/i.blogs.es\/680fee\/pad-pro-2024-36\/450_1000.jpeg\" alt=\"Pad Pro 2024\"\/><br \/>\n   <img decoding=\"async\" alt=\"Pad Pro 2024\" class=\"\" src=\"https:\/\/i.blogs.es\/680fee\/pad-pro-2024-36\/450_1000.jpeg\"\/><\/p>\n<p>        <span>No le puedo sacar ni un pero a esta toma, hasta el rango din\u00e1mico es bueno<\/span>\n   <\/div>\n<\/p><\/div>\n<\/div>\n<p>Apple no concibe el dispositivo como una c\u00e1mara m\u00f3vil, de ah\u00ed que la aplicaci\u00f3n de captura <strong>vea notablemente recortadas sus funciones con respecto al iPhone<\/strong>. El modo retrato s\u00f3lo funciona con la c\u00e1mara delantera, no hay modo de larga exposici\u00f3n ni panor\u00e1mico, la personalizaci\u00f3n de los ajustes de disparo tampoco se encuentra disponible y s\u00ed incluye flash de doble tono. Para situaciones muy oscuras puede hacer el apa\u00f1o, en el resto tiende a quemar la imagen.<\/p>\n<p><!-- BREAK 30 --><\/p>\n<div class=\"article-asset-summary article-asset-normal article-asset-center\">\n<div class=\"asset-content\">\n<p>Pese a que los ajustes de la c\u00e1mara nativa est\u00e1n muy recortados, Apple permite su acceso a trav\u00e9s de apps de terceros, como ProCamera. Incluso el RAW para las fotos, que en la app del iPad no est\u00e1 disponible<\/p>\n<\/p><\/div>\n<\/div>\n<p>Conforme cae la luz la c\u00e1mara trasera pierde notables facultades; vi\u00e9ndose asaltada por el ruido y la p\u00e9rdida de nitidez. <strong>Las acuarelas se aprecian a simple vista incluso en situaciones de media luz<\/strong>, tambi\u00e9n en interiores. Sin que se llegue a perder la calidad de la imagen: la c\u00e1mara trasera del iPad Pro (2024) es un todoterreno nato. S\u00ed que no se le pueden pedir tomas completamente nocturnas, al menos mientras el primer plano no se encuentre a tiro de flash.<\/p>\n<p><!-- BREAK 31 --><\/p>\n<div class=\"article-asset-image article-asset-large article-asset-center\">\n<div class=\"asset-content\">\n<div class=\"caption-img \">\n                   <img class=\"\" height=\"1125\" width=\"1500\" loading=\"lazy\" decoding=\"async\" sizes=\"auto, 100vw\" fetchpriority=\"high\" srcset=\"https:\/\/i.blogs.es\/b5c0f5\/pad-pro-2024-37\/450_1000.jpeg 450w, https:\/\/i.blogs.es\/b5c0f5\/pad-pro-2024-37\/650_1200.jpeg 681w,https:\/\/i.blogs.es\/b5c0f5\/pad-pro-2024-37\/1024_2000.jpeg 1024w, https:\/\/i.blogs.es\/b5c0f5\/pad-pro-2024-37\/1366_2000.jpeg 1366w\" src=\"https:\/\/i.blogs.es\/b5c0f5\/pad-pro-2024-37\/450_1000.jpeg\" alt=\"Pad Pro 2024\"\/><br \/>\n   <img decoding=\"async\" alt=\"Pad Pro 2024\" class=\"\" src=\"https:\/\/i.blogs.es\/b5c0f5\/pad-pro-2024-37\/450_1000.jpeg\"\/><\/p>\n<p>        <span>Modo retrato con la c\u00e1mara delantera<\/span>\n   <\/div>\n<\/p><\/div>\n<\/div>\n<p>Para disparar en modo retrato hay que acudir a la c\u00e1mara frontal, \u00e9sta s\u00ed tiene habilitado el desenfoque del fondo (con la trasera puede aplicarse utilizando apps como Focos, los resultados son muy buenos). El recorte es muy bueno, tambi\u00e9n el bokeh, aunque <strong>las tomas acusan cierta p\u00e9rdida de detalle<\/strong>, especialmente con el zoom de retrato. Sin el recorte este aspecto mejora. Y sin que se aprecie deformaci\u00f3n \u00f3ptica en los bordes, la correcci\u00f3n por software es la adecuada (aparece seleccionada por defecto en los ajustes de c\u00e1mara).<\/p>\n<p><!-- BREAK 32 --><\/p>\n<p>A continuaci\u00f3n dejo una muestra de fotos tomadas con el iPad Pro 2024 en una variada selecci\u00f3n de situaciones, tanto con la c\u00e1mara trasera como con la delantera. Para ver las im\u00e1genes basta con acudir a este <a rel=\"noopener, noreferrer\" href=\"https:\/\/photos.app.goo.gl\/w4uRtQPRsBCfGmDQ7\" target=\"_blank\">\u00e1lbum de Google Fotos<\/a>.<\/p>\n<p><!-- BREAK 33 --><\/p>\n<h2 id=\"apple-ipad-pro-2024-opinion-nota-xataka-9\" class=\"toc-enabled\"><span class=\"ez-toc-section\" id=\"Apple_iPad_Pro_2024_la_opinion_y_nota_de_Xataka\"><\/span><span class=\"toc-shortcut-icon\" title=\"Ver \u00cdndice de contenido\"\/>Apple iPad Pro (2024), la opini\u00f3n y nota de Xataka<span class=\"ez-toc-section-end\"><\/span><\/h2>\n<div class=\"article-asset-image article-asset-large article-asset-center\">\n<div class=\"asset-content\">\n                   <img class=\"\" height=\"967\" width=\"1500\" loading=\"lazy\" decoding=\"async\" sizes=\"auto, 100vw\" fetchpriority=\"high\" srcset=\"https:\/\/i.blogs.es\/c8365c\/ipad-pro-2024-5\/450_1000.jpeg 450w, https:\/\/i.blogs.es\/c8365c\/ipad-pro-2024-5\/650_1200.jpeg 681w,https:\/\/i.blogs.es\/c8365c\/ipad-pro-2024-5\/1024_2000.jpeg 1024w, https:\/\/i.blogs.es\/c8365c\/ipad-pro-2024-5\/1366_2000.jpeg 1366w\" src=\"https:\/\/i.blogs.es\/c8365c\/ipad-pro-2024-5\/450_1000.jpeg\" alt=\"Ipad Pro 2024\"\/><br \/>\n   <img decoding=\"async\" alt=\"Ipad Pro 2024\" class=\"\" src=\"https:\/\/i.blogs.es\/c8365c\/ipad-pro-2024-5\/450_1000.jpeg\"\/><\/p><\/div>\n<\/div>\n<p>Es el mejor iPad hasta la fecha y el mejor tablet que se puede comprar. L\u00e1stima que no sea el mejor tablet convertible, con esta evoluci\u00f3n Apple seguramente barrer\u00eda el mercado. \u00c9sta es una de las pocas carencias que le veo al iPad Pro (2024): <strong>me parece demasiado caro para ser \u00abs\u00f3lo\u00bb una tablet<\/strong>. Se queda lejos del dispositivo con mejor relaci\u00f3n calidad\/precio para consumo multimedia y tampoco es una m\u00e1quina de trabajo si lo que se requiere es correr software exigente. S\u00ed, hay apps de dise\u00f1o, edici\u00f3n de v\u00eddeo o de creaci\u00f3n de m\u00fasica, pero la mayor\u00eda pierden capacidades en su adaptaci\u00f3n a iPadOS. No todas, claro.<\/p>\n<p><!-- BREAK 34 --><\/p>\n<div class=\"article-asset-image article-asset-large article-asset-center\">\n<div class=\"asset-content\">\n                   <img class=\"\" height=\"928\" width=\"1500\" loading=\"lazy\" decoding=\"async\" sizes=\"auto, 100vw\" fetchpriority=\"high\" srcset=\"https:\/\/i.blogs.es\/46b7a5\/pad-pro-2024-9\/450_1000.jpeg 450w, https:\/\/i.blogs.es\/46b7a5\/pad-pro-2024-9\/650_1200.jpeg 681w,https:\/\/i.blogs.es\/46b7a5\/pad-pro-2024-9\/1024_2000.jpeg 1024w, https:\/\/i.blogs.es\/46b7a5\/pad-pro-2024-9\/1366_2000.jpeg 1366w\" src=\"https:\/\/i.blogs.es\/46b7a5\/pad-pro-2024-9\/450_1000.jpeg\" alt=\"Pad Pro 2024\"\/><br \/>\n   <img decoding=\"async\" alt=\"Pad Pro 2024\" class=\"\" src=\"https:\/\/i.blogs.es\/46b7a5\/pad-pro-2024-9\/450_1000.jpeg\"\/><\/p><\/div>\n<\/div>\n<p>He realizado este an\u00e1lisis utilizando el iPad Pro (2024) para la escritura, revelado y edici\u00f3n de fotos, maquet\u00e9 el art\u00edculo completamente en Safari, tambi\u00e9n lo publiqu\u00e9 desde la tablet; a excepci\u00f3n de los mockups para las capturas de pantalla, que us\u00e9 Photoshop en mi MacBook Pro, y cierta edici\u00f3n final de las fotos: con el guardado desde Photoshop para iPad <strong>las fotos perdieron color y exposici\u00f3n<\/strong>; por lo que tuve que hacer doble trabajo d\u00e1ndoles un \u00faltimo retoque desde Photoshop para macOS.<\/p>\n<p><!-- BREAK 35 --><\/p>\n<div class=\"article-asset-summary article-asset-normal article-asset-center\">\n<div class=\"asset-content\">\n<p>Hice todo el an\u00e1lisis desde el iPad Pro (2024) con el Magic Keyboard. Pese a que el resultado fue satisfactorio en su mayor\u00eda, necesit\u00e9 m\u00e1s tiempo para el mismo trabajo desde un entorno de escritorio \u00a0<\/p>\n<\/p><\/div>\n<\/div>\n<div class=\"article-asset-image article-asset-large article-asset-center\">\n<div class=\"asset-content\">\n                   <img class=\"\" height=\"1019\" width=\"1500\" loading=\"lazy\" decoding=\"async\" sizes=\"auto, 100vw\" fetchpriority=\"high\" srcset=\"https:\/\/i.blogs.es\/791bf1\/pad-pro-2024-41\/450_1000.jpeg 450w, https:\/\/i.blogs.es\/791bf1\/pad-pro-2024-41\/650_1200.jpeg 681w,https:\/\/i.blogs.es\/791bf1\/pad-pro-2024-41\/1024_2000.jpeg 1024w, https:\/\/i.blogs.es\/791bf1\/pad-pro-2024-41\/1366_2000.jpeg 1366w\" src=\"https:\/\/i.blogs.es\/791bf1\/pad-pro-2024-41\/450_1000.jpeg\" alt=\"Pad Pro 2024\"\/><br \/>\n   <img decoding=\"async\" alt=\"Pad Pro 2024\" class=\"\" src=\"https:\/\/i.blogs.es\/791bf1\/pad-pro-2024-41\/450_1000.jpeg\"\/><\/p><\/div>\n<\/div>\n<p>La sensaci\u00f3n que persiste fue que el iPad, por muy Pro que sea, resulta un dispositivo perfecto para salir del paso, no como base completa para realizar un trabajo desde el inicio hasta el final. Obviamente, <strong>habr\u00e1 personas a las que les baste el iPad para trabajar<\/strong>, pero no lo veo como dispositivo \u00fanico para la mayor parte de entornos laborales. Como secundario es otra historia.<\/p>\n<p><!-- BREAK 36 --> <\/p>\n<p>\u00bfQue quieres una tablet para consumo multimedia? La calidad del panel es una delicia, pero por el precio me parece mucho m\u00e1s acertado un <a href=\"https:\/\/www.xataka.com\/analisis\/ipad-air-m2-analisis-caracteristicas-precio-especificaciones\" target=\"_blank\" rel=\"noopener\">iPad Air<\/a>, incluso un <a href=\"https:\/\/www.xataka.com\/analisis\/ipad-2022-analisis-caracteristicas-precio-especificaciones\" target=\"_blank\" rel=\"noopener\">iPad b\u00e1sico<\/a>. \u00bfPara jugar? Si lo tuyo son juegos m\u00f3viles no es mala opci\u00f3n, pero lo mismo: <strong>apta s\u00f3lo para presupuestos holgados<\/strong>. \u00bfQue no quieres reparar en gastos y buscas una tablet que aguante casi como el primer d\u00eda durante varios a\u00f1os? Adelante, yo la he disfrutado cada d\u00eda de este an\u00e1lisis. Porque durar va a durar lo suyo.<\/p>\n<p><!-- BREAK 37 --><\/p>\n<div class=\"article-asset-image article-asset-large article-asset-center\">\n<div class=\"asset-content\">\n                   <img class=\"\" height=\"1133\" width=\"1700\" loading=\"lazy\" decoding=\"async\" sizes=\"auto, 100vw\" fetchpriority=\"high\" srcset=\"https:\/\/i.blogs.es\/b1e9e2\/ipad-pro-2024-2\/450_1000.jpeg 450w, https:\/\/i.blogs.es\/b1e9e2\/ipad-pro-2024-2\/650_1200.jpeg 681w,https:\/\/i.blogs.es\/b1e9e2\/ipad-pro-2024-2\/1024_2000.jpeg 1024w, https:\/\/i.blogs.es\/b1e9e2\/ipad-pro-2024-2\/1366_2000.jpeg 1366w\" src=\"https:\/\/i.blogs.es\/b1e9e2\/ipad-pro-2024-2\/450_1000.jpeg\" alt=\"Ipad Pro 2024\"\/><br \/>\n   <img decoding=\"async\" alt=\"Ipad Pro 2024\" class=\"\" src=\"https:\/\/i.blogs.es\/b1e9e2\/ipad-pro-2024-2\/450_1000.jpeg\"\/><\/p><\/div>\n<\/div>\n<p>El Apple M4 es una bestia en todos los entornos, el sistema se muestra fluido al extremo, la pantalla es justo lo que necesitaba un iPad del m\u00e1ximo calibre, est\u00e1 cargado con un sistema de sonido y conectividad de alto nivel, la delgadez extrema aligera de manera notable el peso <strong>sin hacerla mucho m\u00e1s manejable<\/strong> (en el modelo de 11 pulgadas la cosa cambia), la autonom\u00eda cumple con lo esperado y hasta la fotograf\u00eda sobresale de la media en cualquier tablet. Es una tablet con may\u00fasculas cuando podr\u00eda ser un todo en uno sobresaliente. Una l\u00e1stima, el Apple M4 me parece infrautilizado.<\/p>\n<p><!-- BREAK 38 --><\/p>\n<div class=\"article-asset-review article-asset-large article-asset-center\">\n<div class=\"module-content\">\n<div class=\"nota-analisis\">\n<p class=\"total total-9\"> 9,3 <\/p>\n<div class=\"parcial\">\n<p>\n      Dise\u00f1o<br \/>\n      <strong>9,25<\/strong><br \/>\n      <span style=\"width: 90%\"\/>\n     <\/p>\n<p>\n      Pantalla<br \/>\n      <strong>9,5<\/strong><br \/>\n      <span style=\"width: 90%\"\/>\n     <\/p>\n<p>\n      Rendimiento<br \/>\n      <strong>9,75<\/strong><br \/>\n      <span style=\"width: 90%\"\/>\n     <\/p>\n<p>\n      Software<br \/>\n      <strong>9<\/strong><br \/>\n      <span style=\"width: 90%\"\/>\n     <\/p>\n<p>\n      Autonom\u00eda<br \/>\n      <strong>8,75<\/strong><br \/>\n      <span style=\"width: 80%\"\/>\n     <\/p>\n<\/p><\/div>\n<div class=\"positivo\">\n<h3><span class=\"ez-toc-section\" id=\"A_favor\"><\/span>A favor<span class=\"ez-toc-section-end\"><\/span><\/h3>\n<ul>\n<li> La potencia del Apple M4 es demencial. <\/li>\n<li> Excelente pantalla. <\/li>\n<li> El sonido queda a la altura del excelente panel OLED. <\/li>\n<\/ul><\/div>\n<div class=\"negativo\">\n<h3><span class=\"ez-toc-section\" id=\"En_contra\"><\/span>En contra<span class=\"ez-toc-section-end\"><\/span><\/h3>\n<ul>\n<li> Demasiado cara para ser \u00abs\u00f3lo\u00bb una tablet. <\/li>\n<li> Ser\u00eda imbatible con macOS funcionando en paralelo a iPadOS. <\/li>\n<li> Apple ha retirado el cargador. <\/li>\n<\/ul><\/div>\n<\/p><\/div>\n<\/p><\/div>\n<\/div>\n<p><!-- PIVOT START --><\/p>\n<div class=\"pivot-ecommerce-container m-pivot-ecommerce-redesign article-asset-normal article-asset-center\">\n<div class=\"pivot-ecommerce\">\n<div class=\"pivot-ecommerce-figure\">\n  <a rel=\"nofollow, sponsored, noopener, noreferrer noopener\" target=\"_blank\" href=\"https:\/\/www.xataka.com\/redirect?url=https%3A%2F%2Fwww.amazon.es%2Fdp%2FB0D3J7DR82%3Ftag%3Dxataka-21%26linkCode%3Dogi%26th%3D1%26psc%3D1&amp;category=analisis&amp;pivot=1&amp;ecomPostExpiration=everlasting&amp;postId=301620\"><br \/>\n   <img loading=\"lazy\" decoding=\"async\" alt=\"Apple iPad Pro de 13 Pulgadas (M4): Ultra Retina XDR, 256 GB, c\u00e1mara Frontal de 12 Mpx en Horizontal y Trasera de 12 Mpx, Wi-Fi 6E, autonom\u00eda de Sol a Sol, Vidrio est\u00e1ndar - Negro Espacial\" width=\"500\" height=\"500\" src=\"https:\/\/i.blogs.es\/b593c5\/41jeox4yjnl._sl500_\/original.jpeg\"\/><br \/>\n  <\/a>\n  <\/div>\n<div class=\"pivot-ecommerce-summary\">\n<p class=\"pivot-ecommerce-desc\">Apple iPad Pro de 13 Pulgadas (M4): Ultra Retina XDR, 256 GB, c\u00e1mara Frontal de 12 Mpx en Horizontal y Trasera de 12 Mpx, Wi-Fi 6E, autonom\u00eda de Sol a Sol, Vidrio est\u00e1ndar &#8211; Negro Espacial<\/p>\n<\/p><\/div>\n<\/p><\/div>\n<p>* Alg\u00fan precio puede haber cambiado desde la \u00faltima revisi\u00f3n<\/p>\n<\/p><\/div>\n<p><!-- PIVOT END --><\/p>\n<p>El dispositivo ha sido cedido para la prueba por parte de <a rel=\"nofollow, sponsored, noopener, noreferrer noopener\" target=\"_blank\" class=\"js-ecommerce\" href=\"https:\/\/www.xataka.com\/redirect?url=https%3A%2F%2Fwww.apple.com%2Fes%2Fipad%2F&amp;category=analisis&amp;ecomPostExpiration=everlasting&amp;postId=301620\" data-vars-affiliate-url=\"https:\/\/www.xataka.com\/redirect?url=https%3A%2F%2Fwww.apple.com%2Fes%2Fipad%2F&amp;category=analisis&amp;ecomPostExpiration=everlasting&amp;postId=301620\">Apple<\/a>. Puedes consultar nuestra <a href=\"https:\/\/www.xataka.com\/relaciones-empresas\/\" target=\"_blank\" rel=\"noopener\">pol\u00edtica de relaciones con empresas<\/a>.<\/p>\n<p><!-- BREAK 39 --><\/p><\/div>\n<p><a href=\"https:\/\/www.xataka.com\/analisis\/ipad-pro-2024-analisis-caracteristicas-precio-especificaciones\" class=\" target=\" title=\"una bestia insuperable en rendimiento condenada a vivir en el cuerpo de una tablet\" target=\"_blank\" rel=\"noopener\">Ver fuente<\/a><\/p>\n","protected":false},"excerpt":{"rendered":"<p>El mejor iPad hasta la fecha es una combinaci\u00f3n de hardware, dise\u00f1o, software y materiales que le encumbra a la categor\u00eda de mejor tablet por prestaciones. Sin discusi\u00f3n. El problema es: \u00bfalzarte sobre las dem\u00e1s te convierte autom\u00e1ticamente en la mejor elecci\u00f3n para cualquier uso? Lo cierto es que no, he tenido esa constante durante [&hellip;]<\/p>\n","protected":false},"author":2,"featured_media":4063,"comment_status":"open","ping_status":"closed","sticky":false,"template":"","format":"standard","meta":{"footnotes":""},"categories":[9],"tags":[],"class_list":["post-4062","post","type-post","status-publish","format-standard","has-post-thumbnail","hentry","category-tecnologia"],"_links":{"self":[{"href":"https:\/\/enfoquenoticioso.com\/index.php?rest_route=\/wp\/v2\/posts\/4062","targetHints":{"allow":["GET"]}}],"collection":[{"href":"https:\/\/enfoquenoticioso.com\/index.php?rest_route=\/wp\/v2\/posts"}],"about":[{"href":"https:\/\/enfoquenoticioso.com\/index.php?rest_route=\/wp\/v2\/types\/post"}],"author":[{"embeddable":true,"href":"https:\/\/enfoquenoticioso.com\/index.php?rest_route=\/wp\/v2\/users\/2"}],"replies":[{"embeddable":true,"href":"https:\/\/enfoquenoticioso.com\/index.php?rest_route=%2Fwp%2Fv2%2Fcomments&post=4062"}],"version-history":[{"count":0,"href":"https:\/\/enfoquenoticioso.com\/index.php?rest_route=\/wp\/v2\/posts\/4062\/revisions"}],"wp:featuredmedia":[{"embeddable":true,"href":"https:\/\/enfoquenoticioso.com\/index.php?rest_route=\/wp\/v2\/media\/4063"}],"wp:attachment":[{"href":"https:\/\/enfoquenoticioso.com\/index.php?rest_route=%2Fwp%2Fv2%2Fmedia&parent=4062"}],"wp:term":[{"taxonomy":"category","embeddable":true,"href":"https:\/\/enfoquenoticioso.com\/index.php?rest_route=%2Fwp%2Fv2%2Fcategories&post=4062"},{"taxonomy":"post_tag","embeddable":true,"href":"https:\/\/enfoquenoticioso.com\/index.php?rest_route=%2Fwp%2Fv2%2Ftags&post=4062"}],"curies":[{"name":"wp","href":"https:\/\/api.w.org\/{rel}","templated":true}]}}