{"id":4072,"date":"2024-05-29T06:29:13","date_gmt":"2024-05-29T06:29:13","guid":{"rendered":"https:\/\/enfoquenoticioso.com\/deporte\/caracas-se-despidio-de-la-libertadores-con-derrota\/"},"modified":"2024-05-29T06:29:13","modified_gmt":"2024-05-29T06:29:13","slug":"caracas-se-despidio-de-la-libertadores-con-derrota","status":"publish","type":"post","link":"https:\/\/enfoquenoticioso.com\/?p=4072","title":{"rendered":"Caracas se despidi\u00f3 de la Libertadores con derrota"},"content":{"rendered":"<div data-td-block-uid=\"tdi_91\">\n<div class=\"tdb-block-inner td-fix-index\">\n<p>El Caracas F\u00fatbol Club finaliz\u00f3 este martes su participaci\u00f3n en la Copa Libertadores. El conjunto avile\u00f1o cay\u00f3 4-0 frente a Atl\u00e9tico Mineiro en condici\u00f3n de visitante.<\/p>\n<p>Pedro Delmino, Allison Santana y Hulk fueron los autores de los tantos del club brasile\u00f1o.<\/p>\n<p>Los dirigidos por Henry Mel\u00e9ndez cayeron en desventaja muy temprano en el duelo, ya que Wuilker Fari\u00f1ez fue expulsado a los 10 minutos y de ah\u00ed en adelante con un jugador menos, el rojo fue superado.<\/p>\n<figure class=\"wp-block-embed is-type-rich is-provider-twitter wp-block-embed-twitter\">\n<div class=\"wp-block-embed__wrapper\">\n<blockquote class=\"twitter-tweet\" data-width=\"550\" data-dnt=\"true\">\n<p lang=\"es\" dir=\"ltr\">\u274cSe acab\u00f3 la <a href=\"https:\/\/twitter.com\/Libertadores?ref_src=twsrc%5Etfw\" target=\"_blank\" rel=\"noopener\">@libertadores<\/a> para Caracas\u274c<\/p>\n<p>\ud83d\udccc Los rojos del \u00c1vila cayeron por goleada ante Atl\u00e9tico Mineiro 0-4 en Belo Horizonte<\/p>\n<p>\ud83d\udccc El conjunto capitalino se qued\u00f3 fuera de la competici\u00f3n terminando como \u00faltimo de su grupo logrando sumar tan s\u00f3lo 1 pto <\/p>\n<p>\ud83d\udcf8 <a href=\"https:\/\/twitter.com\/Caracas_FC?ref_src=twsrc%5Etfw\" target=\"_blank\" rel=\"noopener\">@Caracas_FC<\/a> <a href=\"https:\/\/t.co\/rkh06Bx2hw\">pic.twitter.com\/rkh06Bx2hw<\/a><\/p>\n<p>\u2014 L\u00edder en Deportes (@LiderEsDeporte) <a href=\"https:\/\/twitter.com\/LiderEsDeporte\/status\/1795607229833548178?ref_src=twsrc%5Etfw\" target=\"_blank\" rel=\"noopener\">May 29, 2024<\/a><\/p><\/blockquote>\n<\/div>\n<\/figure>\n<p>El Caracas finaliza su participaci\u00f3n en la Libertadores con un solo punto en seis encuentros. Ahora le queda disputar la Copa Venezuela y posteriormente el torneo Clausura.<\/p>\n<p><strong>Lee tambi\u00e9n: <a href=\"https:\/\/www.liderendeportes.com\/noticias\/futbol\/suramericano\/caracas-busca-cerrar-la-libertadores-con-mejor-cara\/\" target=\"_blank\" rel=\"noopener\">Caracas busca cerrar la Libertadores con mejor cara<\/a><\/strong><\/p>\n<p>El \u00fanico encuentro en el que pudo sumar fue ante Rosario Central en condici\u00f3n de local.\u00a0<\/p>\n<p>En el otro partido del grupo, Pe\u00f1arol venci\u00f3 a Rosario Central y se clasific\u00f3 a octavos de final. El conjunto argentino disputar\u00e1 la Copa Sudamericana.<\/p>\n<\/div>\n<\/div>\n<p><script async src=\"\/\/platform.twitter.com\/widgets.js\" charset=\"utf-8\"><\/script><br \/>\n<br \/><a href=\"https:\/\/www.liderendeportes.com\/noticias\/futbol\/suramericano\/caracas-se-despidio-de-la-libertadores-con-derrota\/\" class=\" target=\" title=\"Caracas se despidi\u00f3 de la Libertadores con derrota\" target=\"_blank\" rel=\"noopener\">Ver fuente<\/a><\/p>\n","protected":false},"excerpt":{"rendered":"<p>El Caracas F\u00fatbol Club finaliz\u00f3 este martes su participaci\u00f3n en la Copa Libertadores. El conjunto avile\u00f1o cay\u00f3 4-0 frente a Atl\u00e9tico Mineiro en condici\u00f3n de visitante. Pedro Delmino, Allison Santana y Hulk fueron los autores de los tantos del club brasile\u00f1o. Los dirigidos por Henry Mel\u00e9ndez cayeron en desventaja muy temprano en el duelo, ya [&hellip;]<\/p>\n","protected":false},"author":2,"featured_media":4073,"comment_status":"open","ping_status":"closed","sticky":false,"template":"","format":"standard","meta":{"footnotes":""},"categories":[7],"tags":[],"class_list":["post-4072","post","type-post","status-publish","format-standard","has-post-thumbnail","hentry","category-deporte"],"_links":{"self":[{"href":"https:\/\/enfoquenoticioso.com\/index.php?rest_route=\/wp\/v2\/posts\/4072","targetHints":{"allow":["GET"]}}],"collection":[{"href":"https:\/\/enfoquenoticioso.com\/index.php?rest_route=\/wp\/v2\/posts"}],"about":[{"href":"https:\/\/enfoquenoticioso.com\/index.php?rest_route=\/wp\/v2\/types\/post"}],"author":[{"embeddable":true,"href":"https:\/\/enfoquenoticioso.com\/index.php?rest_route=\/wp\/v2\/users\/2"}],"replies":[{"embeddable":true,"href":"https:\/\/enfoquenoticioso.com\/index.php?rest_route=%2Fwp%2Fv2%2Fcomments&post=4072"}],"version-history":[{"count":0,"href":"https:\/\/enfoquenoticioso.com\/index.php?rest_route=\/wp\/v2\/posts\/4072\/revisions"}],"wp:featuredmedia":[{"embeddable":true,"href":"https:\/\/enfoquenoticioso.com\/index.php?rest_route=\/wp\/v2\/media\/4073"}],"wp:attachment":[{"href":"https:\/\/enfoquenoticioso.com\/index.php?rest_route=%2Fwp%2Fv2%2Fmedia&parent=4072"}],"wp:term":[{"taxonomy":"category","embeddable":true,"href":"https:\/\/enfoquenoticioso.com\/index.php?rest_route=%2Fwp%2Fv2%2Fcategories&post=4072"},{"taxonomy":"post_tag","embeddable":true,"href":"https:\/\/enfoquenoticioso.com\/index.php?rest_route=%2Fwp%2Fv2%2Ftags&post=4072"}],"curies":[{"name":"wp","href":"https:\/\/api.w.org\/{rel}","templated":true}]}}