{"id":45731,"date":"2025-01-23T09:22:21","date_gmt":"2025-01-23T09:22:21","guid":{"rendered":"https:\/\/enfoquenoticioso.com\/entretenimiento\/critica-canina-nightbitch-soy-de-cine\/"},"modified":"2025-01-23T09:22:21","modified_gmt":"2025-01-23T09:22:21","slug":"critica-canina-nightbitch-soy-de-cine","status":"publish","type":"post","link":"https:\/\/enfoquenoticioso.com\/?p=45731","title":{"rendered":"Cr\u00edtica &#8216;Canina&#8217; (&#8216;Nightbitch&#8217;) &#8211; SOY DE CINE"},"content":{"rendered":"<div id=\"mvp-content-main\">\n<div class=\"custom-star-rating\" style=\"text-align:center; margin-bottom: 20px;\">\n<div id=\"ez-toc-container\" class=\"ez-toc-v2_0_81 counter-hierarchy ez-toc-counter ez-toc-grey ez-toc-container-direction\">\n<div class=\"ez-toc-title-container\">\n<p class=\"ez-toc-title\" style=\"cursor:inherit\">Tabla de Contenido<\/p>\n<span class=\"ez-toc-title-toggle\"><a href=\"#\" class=\"ez-toc-pull-right ez-toc-btn ez-toc-btn-xs ez-toc-btn-default ez-toc-toggle\" aria-label=\"Alternar tabla de contenidos\"><span class=\"ez-toc-js-icon-con\"><span class=\"\"><span class=\"eztoc-hide\" style=\"display:none;\">Toggle<\/span><span class=\"ez-toc-icon-toggle-span\"><svg style=\"fill: #999;color:#999\" xmlns=\"http:\/\/www.w3.org\/2000\/svg\" class=\"list-377408\" width=\"20px\" height=\"20px\" viewBox=\"0 0 24 24\" fill=\"none\"><path d=\"M6 6H4v2h2V6zm14 0H8v2h12V6zM4 11h2v2H4v-2zm16 0H8v2h12v-2zM4 16h2v2H4v-2zm16 0H8v2h12v-2z\" fill=\"currentColor\"><\/path><\/svg><svg style=\"fill: #999;color:#999\" class=\"arrow-unsorted-368013\" xmlns=\"http:\/\/www.w3.org\/2000\/svg\" width=\"10px\" height=\"10px\" viewBox=\"0 0 24 24\" version=\"1.2\" baseProfile=\"tiny\"><path d=\"M18.2 9.3l-6.2-6.3-6.2 6.3c-.2.2-.3.4-.3.7s.1.5.3.7c.2.2.4.3.7.3h11c.3 0 .5-.1.7-.3.2-.2.3-.5.3-.7s-.1-.5-.3-.7zM5.8 14.7l6.2 6.3 6.2-6.3c.2-.2.3-.5.3-.7s-.1-.5-.3-.7c-.2-.2-.4-.3-.7-.3h-11c-.3 0-.5.1-.7.3-.2.2-.3.5-.3.7s.1.5.3.7z\"\/><\/svg><\/span><\/span><\/span><\/a><\/span><\/div>\n<nav><ul class='ez-toc-list ez-toc-list-level-1 ' ><ul class='ez-toc-list-level-3' ><li class='ez-toc-heading-level-3'><a class=\"ez-toc-link ez-toc-heading-1\" href=\"https:\/\/enfoquenoticioso.com\/?p=45731\/#Valoracion\" >Valoraci\u00f3n<\/a><\/li><\/ul><\/li><li class='ez-toc-page-1 ez-toc-heading-level-2'><a class=\"ez-toc-link ez-toc-heading-2\" href=\"https:\/\/enfoquenoticioso.com\/?p=45731\/#Critica\" >Cr\u00edtica<\/a><ul class='ez-toc-list-level-3' ><li class='ez-toc-heading-level-3'><a class=\"ez-toc-link ez-toc-heading-3\" href=\"https:\/\/enfoquenoticioso.com\/?p=45731\/#Entre_el_humor_y_el_surrealismo\" >Entre el humor y el surrealismo<\/a><\/li><li class='ez-toc-page-1 ez-toc-heading-level-3'><a class=\"ez-toc-link ez-toc-heading-4\" href=\"https:\/\/enfoquenoticioso.com\/?p=45731\/#El_final_de_Canina\" >El final de Canina<\/a><\/li><li class='ez-toc-page-1 ez-toc-heading-level-3'><a class=\"ez-toc-link ez-toc-heading-5\" href=\"https:\/\/enfoquenoticioso.com\/?p=45731\/#En_definitiva%E2%80%A6\" >En definitiva\u2026<\/a><\/li><\/ul><\/li><\/ul><\/nav><\/div>\n<h3 style=\"text-align:center;\"><span class=\"ez-toc-section\" id=\"Valoracion\"><\/span>Valoraci\u00f3n<span class=\"ez-toc-section-end\"><\/span><\/h3>\n<p><span class=\"star\">\u2605<\/span><span class=\"star\">\u2605<\/span><span class=\"star\">\u2605<\/span><span class=\"star\">\u2606<\/span><span class=\"star\">\u2606<\/span><\/p>\n<\/div>\n<p>La esperada <em><strong>Canina <\/strong><\/em>(<em><strong>Nightbitch<\/strong><\/em>) se estrena en <strong><a href=\"https:\/\/somosdecine.com\/streaming\/disney-plus\/\" target=\"_blank\" rel=\"noopener\">Disney+<\/a><\/strong> tras su paso por festivales nacionales como Sitges. Dirigida por Marielle Heller y basada en la novela de Raquel Yoder, Canina se presenta como una s\u00e1tira surrealista que mezcla comedia, drama y \u00bfpor qu\u00e9 no decirlo? quiz\u00e1 tambi\u00e9n algo de terror. <\/p>\n<p><span id=\"more-46007\"\/><\/p>\n<div class=\"ficha-pelicula-completa\" style=\"margin-bottom: 40px;\">\n        <!-- T&iacute;tulo --><\/p>\n<p>        <!-- Imagen y detalles (Dise&ntilde;o flexible) --><\/p>\n<div class=\"ficha-contenedor\" style=\"display: flex; gap: 20px; align-items: flex-start; flex-wrap: wrap;\">\n<div class=\"ficha-imagen\" style=\"flex: 0 0 250px; max-width: 250px;\">\n                    <a href=\"https:\/\/somosdecine.com\/peliculas\/canina-2024\/\" target=\"_blank\" rel=\"noopener\"><br \/>\n                        <img decoding=\"async\" alt=\"Canina\" style=\"width: 100%; height: auto; border-radius: 5px;\" src=\"https:\/\/somosdecine.com\/wp-content\/uploads\/canina-2025-poster.webp\"\/><img decoding=\"async\" src=\"https:\/\/somosdecine.com\/wp-content\/uploads\/canina-2025-poster.webp\" alt=\"Canina\" style=\"width: 100%; height: auto; border-radius: 5px;\"\/><br \/>\n                    <\/a>\n                <\/div>\n<div class=\"ficha-detalles\" style=\"flex: 1; min-width: 300px; text-align: left;\">\n<ul style=\"list-style: none; padding: 0; margin: 0;\">\n<li><strong>Fecha de estreno:<\/strong> 24 de enerode 2025 en Disney+<\/li>\n<li><strong>G\u00e9nero:<\/strong> Comedia, Drama<\/li>\n<li><strong>Pa\u00eds:<\/strong> Estados Unidos<\/li>\n<li><strong>A\u00f1o:<\/strong> 2024<\/li>\n<li><strong>Duraci\u00f3n:<\/strong> 99 min<\/li>\n<li><strong>Direcci\u00f3n:<\/strong> Marielle Heller<\/li>\n<li><strong>Reparto:<\/strong> Amy Adams, Scoot McNairy, Mary Holland, Ella Thomas, Jessica Harper<\/li>\n<\/ul><\/div>\n<\/p><\/div>\n<p>        <!-- Descripci&oacute;n --><\/p>\n<div class=\"descripcion-pelicula\" style=\"margin-top: 20px; text-align: justify; font-size: 1em; line-height: 1.6;\">\n<p align=\"justify\"><em>Canina<\/em>\u00a0narra la historia de una mujer (Amy Adams) que pausa su carrera profesional para ejercer de madre y ama de casa, pero pronto su nueva vida da un giro surrealista.<\/p>\n<p align=\"justify\">Amy Adams nominada como mejor actriz principal de cine en los Globos de Oro por \u201cCanina\u201d y en seis ocasiones a los Premios de la Academia\u00ae, es la protagonista junto a Scoot McNairy, Arleigh Snowden y Emmett Snowdenen su debut cinematogr\u00e1fico.<\/p>\n<p><em>Canina<\/em> est\u00e1 dirigida por Marielle Heller<strong>,<\/strong> que aporta su visi\u00f3n sat\u00edrica y singular a la aclamada novela de Raquel Yoder.<\/p>\n<\/p><\/div>\n<p>        <!-- Bot&oacute;n de enlace --><br \/>\n        <a href=\"https:\/\/somosdecine.com\/peliculas\/canina-2024\/\" style=\"display: inline-block; margin-top: 20px; color: #0073aa; text-decoration: none; font-weight: bold;\" target=\"_blank\" rel=\"noopener\">Ver ficha completa<\/a>\n    <\/div>\n<p>    <!-- Estilos para m&oacute;vil --><\/p>\n<h2 class=\"wp-block-heading\"><span class=\"ez-toc-section\" id=\"Critica\"><\/span><span class=\"ez-toc-section\" id=\"Critica\"\/>Cr\u00edtica<span class=\"ez-toc-section-end\"\/><span class=\"ez-toc-section-end\"><\/span><\/h2>\n<p><strong>Marielle Heller<\/strong>, responsable de <em>Un amigo extraordinario<\/em> (2019), regresa con una propuesta realmente interesante, aunque algo irregular. <em><strong>Canina<\/strong><\/em>, basada en la novela de <strong>Raquel Yoder<\/strong>, aborda <strong>el lado m\u00e1s complejo y menos rom\u00e1ntico de la maternidad<\/strong>, despoj\u00e1ndola del idealismo con el que tantas veces ha sido representada en el cine. <strong>Amy Adams<\/strong>, quien interpreta a una mujer que pone en pausa su carrera art\u00edstica para dedicarse a cuidar de su hijo, nos brinda una actuaci\u00f3n francamente deslumbrante. La actriz es capaz de transitar entre <strong>la resignaci\u00f3n, la paranoia y la frustraci\u00f3n<\/strong>, meti\u00e9ndonos de lleno en el sufrimiento invisible de una mujer que, al priorizar las necesidades de su familia, <strong>termina olvid\u00e1ndose de s\u00ed misma.<\/strong><\/p>\n<p>Desde sus primeros compaces, <em>Canina <\/em>expone las frustraciones y contradicciones que rodean a la maternidad. La pel\u00edcula muestra a una protagonista que lo da todo por su hijo, mientras su marido, interpretado por Scoot McNairy (<a href=\"https:\/\/somosdecine.com\/no-hables-con-extranos-2024-pelicula-critica\/\" target=\"_blank\" rel=\"noopener\"><em><strong>No hables con extra\u00f1os<\/strong><\/em>, 2024<\/a>), permanece mayormente ausente. Este desequilibrio en las responsabilidades dom\u00e9sticas llena de frustraci\u00f3n al espectador, que comparte la sensaci\u00f3n de desamparo de Adams. M\u00e1s all\u00e1 de eso, la cinta tambi\u00e9n lanza preguntas inquietantes:<strong> \u00bfcu\u00e1nto valemos si dejamos de lado nuestras pasiones? \u00bfQu\u00e9 ocurre cuando los dem\u00e1s no aprecia un esfuerzo que, parad\u00f3jicamente, sostiene la vida misma?<\/strong><\/p>\n<h3 class=\"wp-block-heading\"><span class=\"ez-toc-section\" id=\"Entre_el_humor_y_el_surrealismo\"><\/span><span class=\"ez-toc-section\" id=\"Entre_el_humor_y_el_surrealismo\"\/>Entre el humor y el surrealismo<span class=\"ez-toc-section-end\"\/><span class=\"ez-toc-section-end\"><\/span><\/h3>\n<p>El inicio de <em>Canina <\/em>brilla gracias a un equilibrio delicado entre <strong>la comedia negra y el drama<\/strong>. Marielle Heller encuentra momentos de humor incisivo que permiten que el espectador respire entre las tensiones del d\u00eda a d\u00eda de la protagonista. Sin embargo, a medida que la trama avanza y el surrealismo comienza a ganar terreno, ese equilibrio se tambalea. El film empieza siendo un comentario cr\u00edtico y sutil sobre las din\u00e1micas patriarcales y la p\u00e9rdida de la identidad femenina, pero a medida que el metraje avanza acaba adentr\u00e1ndose en un terreno algo grotesco y reiterativo. Y esque la met\u00e1fora visual que utiliza Heller funciona con fuerza durante el primer acto, pero poco a poco se vuelve excesiva y, en ocasiones, repetitiva. Mientras que las primeras escenas nos invitan a reflexionar, las \u00faltimas, quiz\u00e1, pueden llegar a resultar algo dispersas y restan fuerza al mensaje inicial.<\/p>\n<h3 class=\"wp-block-heading\"><span class=\"ez-toc-section\" id=\"El_final_de_Canina\"><\/span><span class=\"ez-toc-section\" id=\"El_final_de_Canina\"\/>El final de Canina<span class=\"ez-toc-section-end\"\/><span class=\"ez-toc-section-end\"><\/span><\/h3>\n<p>Es en su desenlace donde <em>Canina <\/em>se encuentra, en mi opini\u00f3n, con sus mayores problemas. Tras construir un discurso tan valiente como necesario (aunque no demasiado novedoso, todo hay que decirlo), la pel\u00edcula parece echarse atr\u00e1s en el \u00faltimo momento, optando por un cierre que deja de lado ese impacto emocional que ha ido construyendo a lo largo de la misma. Este cambio de tono no refuerza el mensaje, sino que deja al espectador con una sensaci\u00f3n de insatisfacci\u00f3n, como si no hubi\u00e9ramos aprendido nada durante el viaje.<\/p>\n<h3 class=\"wp-block-heading\"><span class=\"ez-toc-section\" id=\"En_definitiva%E2%80%A6\"><\/span><span class=\"ez-toc-section\" id=\"En_definitiva%E2%80%A6\"\/>En definitiva\u2026<span class=\"ez-toc-section-end\"\/><span class=\"ez-toc-section-end\"><\/span><\/h3>\n<p>Aunque <em>Canina <\/em>no es una obra perfecta, no deja de ser una propuesta interesante que puede dar mucho que hablar. <strong>Amy Adams nos brinda, sin duda alguna, una de las mejores interpretaciones de su carrera<\/strong>. Marielle Heller, por su parte, sigue siendo una cineasta digna de atenci\u00f3n que puede llevar temas sociales de calado al gran p\u00fablico con un estilo propio.<\/p>\n<p>Es cierto que la cinta se pierde en su ambici\u00f3n y no logra mantener el equilibrio entre su cr\u00edtica inicial y su giro hacia lo surrealista. Eso s\u00ed, la pel\u00edcula consigue mostrar, con crudeza y honestidad, el lado m\u00e1s ingrato de la maternidad y el precio personal que muchas mujeres pagan al dedicarse por completo a sus familias.<\/p>\n<p><!-- CONTENT END 2 -->\n\t\t\t\t\t\t\t\t\t\t\t\t\t\t\t\t\t\t\t\t\t\t\t\t\t\t\t<\/div>\n<p><a href=\"https:\/\/somosdecine.com\/canina-nightbitch-pelicula-critica\/\" class=\" target=\" title=\"Cr\u00edtica &#039;Canina&#039; (&#039;Nightbitch&#039;) - SOY DE CINE\" target=\"_blank\" rel=\"noopener\">Ver fuente<\/a><\/p>\n","protected":false},"excerpt":{"rendered":"<p>Valoraci\u00f3n \u2605\u2605\u2605\u2606\u2606 La esperada Canina (Nightbitch) se estrena en Disney+ tras su paso por festivales nacionales como Sitges. Dirigida por Marielle Heller y basada en la novela de Raquel Yoder, Canina se presenta como una s\u00e1tira surrealista que mezcla comedia, drama y \u00bfpor qu\u00e9 no decirlo? quiz\u00e1 tambi\u00e9n algo de terror. Fecha de estreno: 24 [&hellip;]<\/p>\n","protected":false},"author":2,"featured_media":45732,"comment_status":"open","ping_status":"closed","sticky":false,"template":"","format":"standard","meta":{"footnotes":""},"categories":[8],"tags":[],"class_list":["post-45731","post","type-post","status-publish","format-standard","has-post-thumbnail","hentry","category-entretenimiento"],"_links":{"self":[{"href":"https:\/\/enfoquenoticioso.com\/index.php?rest_route=\/wp\/v2\/posts\/45731","targetHints":{"allow":["GET"]}}],"collection":[{"href":"https:\/\/enfoquenoticioso.com\/index.php?rest_route=\/wp\/v2\/posts"}],"about":[{"href":"https:\/\/enfoquenoticioso.com\/index.php?rest_route=\/wp\/v2\/types\/post"}],"author":[{"embeddable":true,"href":"https:\/\/enfoquenoticioso.com\/index.php?rest_route=\/wp\/v2\/users\/2"}],"replies":[{"embeddable":true,"href":"https:\/\/enfoquenoticioso.com\/index.php?rest_route=%2Fwp%2Fv2%2Fcomments&post=45731"}],"version-history":[{"count":0,"href":"https:\/\/enfoquenoticioso.com\/index.php?rest_route=\/wp\/v2\/posts\/45731\/revisions"}],"wp:featuredmedia":[{"embeddable":true,"href":"https:\/\/enfoquenoticioso.com\/index.php?rest_route=\/wp\/v2\/media\/45732"}],"wp:attachment":[{"href":"https:\/\/enfoquenoticioso.com\/index.php?rest_route=%2Fwp%2Fv2%2Fmedia&parent=45731"}],"wp:term":[{"taxonomy":"category","embeddable":true,"href":"https:\/\/enfoquenoticioso.com\/index.php?rest_route=%2Fwp%2Fv2%2Fcategories&post=45731"},{"taxonomy":"post_tag","embeddable":true,"href":"https:\/\/enfoquenoticioso.com\/index.php?rest_route=%2Fwp%2Fv2%2Ftags&post=45731"}],"curies":[{"name":"wp","href":"https:\/\/api.w.org\/{rel}","templated":true}]}}