{"id":45735,"date":"2025-01-23T10:10:43","date_gmt":"2025-01-23T10:10:43","guid":{"rendered":"https:\/\/enfoquenoticioso.com\/entretenimiento\/tengo-el-corazon-partido-telecinco-cambia-de-opinion-sobre-ana-rosa-quintana-por-no-alcanzar-las-audiencias-esperadas\/"},"modified":"2025-01-23T10:10:43","modified_gmt":"2025-01-23T10:10:43","slug":"tengo-el-corazon-partido-telecinco-cambia-de-opinion-sobre-ana-rosa-quintana-por-no-alcanzar-las-audiencias-esperadas","status":"publish","type":"post","link":"https:\/\/enfoquenoticioso.com\/?p=45735","title":{"rendered":"\u00abTengo el coraz\u00f3n partido\u00bb. Telecinco cambia de opini\u00f3n sobre Ana Rosa Quintana por no alcanzar las audiencias esperadas"},"content":{"rendered":"<div>\n<p>La parrilla de Telecinco est\u00e1 a punto de sufrir un terremoto: tras reconfigurarla en 2023 para pasar a Ana Rosa Quintana a la franja de tarde con <a href=\"https:\/\/www.espinof.com\/tag\/tardear\" target=\"_blank\" rel=\"noopener\">&#8216;TardeAR&#8217;<\/a>, la presentadora <strong>volver\u00e1 a las ma\u00f1anas con &#8216;El programa de Ana Rosa&#8217; a partir del pr\u00f3ximo 3 de febrero<\/strong>.<\/p>\n<p><!-- BREAK 1 --> <\/p>\n<div id=\"ez-toc-container\" class=\"ez-toc-v2_0_81 counter-hierarchy ez-toc-counter ez-toc-grey ez-toc-container-direction\">\n<div class=\"ez-toc-title-container\">\n<p class=\"ez-toc-title\" style=\"cursor:inherit\">Tabla de Contenido<\/p>\n<span class=\"ez-toc-title-toggle\"><a href=\"#\" class=\"ez-toc-pull-right ez-toc-btn ez-toc-btn-xs ez-toc-btn-default ez-toc-toggle\" aria-label=\"Alternar tabla de contenidos\"><span class=\"ez-toc-js-icon-con\"><span class=\"\"><span class=\"eztoc-hide\" style=\"display:none;\">Toggle<\/span><span class=\"ez-toc-icon-toggle-span\"><svg style=\"fill: #999;color:#999\" xmlns=\"http:\/\/www.w3.org\/2000\/svg\" class=\"list-377408\" width=\"20px\" height=\"20px\" viewBox=\"0 0 24 24\" fill=\"none\"><path d=\"M6 6H4v2h2V6zm14 0H8v2h12V6zM4 11h2v2H4v-2zm16 0H8v2h12v-2zM4 16h2v2H4v-2zm16 0H8v2h12v-2z\" fill=\"currentColor\"><\/path><\/svg><svg style=\"fill: #999;color:#999\" class=\"arrow-unsorted-368013\" xmlns=\"http:\/\/www.w3.org\/2000\/svg\" width=\"10px\" height=\"10px\" viewBox=\"0 0 24 24\" version=\"1.2\" baseProfile=\"tiny\"><path d=\"M18.2 9.3l-6.2-6.3-6.2 6.3c-.2.2-.3.4-.3.7s.1.5.3.7c.2.2.4.3.7.3h11c.3 0 .5-.1.7-.3.2-.2.3-.5.3-.7s-.1-.5-.3-.7zM5.8 14.7l6.2 6.3 6.2-6.3c.2-.2.3-.5.3-.7s-.1-.5-.3-.7c-.2-.2-.4-.3-.7-.3h-11c-.3 0-.5.1-.7.3-.2.2-.3.5-.3.7s.1.5.3.7z\"\/><\/svg><\/span><\/span><\/span><\/a><\/span><\/div>\n<nav><ul class='ez-toc-list ez-toc-list-level-1 ' ><li class='ez-toc-page-1 ez-toc-heading-level-2'><a class=\"ez-toc-link ez-toc-heading-1\" href=\"https:\/\/enfoquenoticioso.com\/?p=45735\/#%C2%ABVuelvo_a_las_mananas_de_Telecinco%C2%BB\" >\u00abVuelvo a las ma\u00f1anas de Telecinco\u00bb<\/a><\/li><\/ul><\/nav><\/div>\n<h2><span class=\"ez-toc-section\" id=\"%C2%ABVuelvo_a_las_mananas_de_Telecinco%C2%BB\"><\/span>\u00abVuelvo a las ma\u00f1anas de Telecinco\u00bb<span class=\"ez-toc-section-end\"><\/span><\/h2>\n<p><a class=\"text-outboundlink\" href=\"https:\/\/www.espinof.com\/telecinco\/he-visto-salvame-entero-primera-vez-su-programa-final-ha-sido-experiencia-extenuante-caotica-como-emotiva\" data-vars-post-title=\"He visto &#039;S\u00e1lvame&#039; entero por primera vez en su programa final y ha sido una experiencia tan extenuante y ca\u00f3tica como emotiva \" data-vars-post-url=\"https:\/\/www.espinof.com\/telecinco\/he-visto-salvame-entero-primera-vez-su-programa-final-ha-sido-experiencia-extenuante-caotica-como-emotiva\" target=\"_blank\" rel=\"noopener\">La cancelaci\u00f3n de &#8216;S\u00e1lvame&#8217;<\/a> llev\u00f3 a Mediaset a replantearse su parrilla y mover a Ana Rosa Quintana a las tardes para intentar enganchar a las audiencias. Esto sucedi\u00f3 en septiembre de 2023 y ahora, <strong>16 meses despu\u00e9s, el grupo audiovisual ha reculado en su decisi\u00f3n<\/strong>.<\/p>\n<p><!-- BREAK 2 --><\/p>\n<p>La presentadora volver\u00e1 a las ma\u00f1anas de Telecinco a partir del<strong> lunes 3 de febrero a las 9:00 en &#8216;El programa de Ana Rosa&#8217;<\/strong>. El <em>magazine <\/em>se emitir\u00e1 de lunes a viernes y tratar\u00e1 temas de actualidad, pero con nuevas secciones y colaboradores respecto a la que fue su temporada anterior.<\/p>\n<p><!-- BREAK 3 --> <\/p>\n<div class=\"article-asset-image article-asset-normal article-asset-center\">\n<div class=\"asset-content\">\n                   <img class=\"centro_sinmarco\" height=\"553\" width=\"983\" loading=\"lazy\" decoding=\"async\" sizes=\"auto, 100vw\" fetchpriority=\"high\" srcset=\"https:\/\/i.blogs.es\/97737b\/ana-rosa-1-\/450_1000.jpeg 450w, https:\/\/i.blogs.es\/97737b\/ana-rosa-1-\/650_1200.jpeg 681w,https:\/\/i.blogs.es\/97737b\/ana-rosa-1-\/1024_2000.jpeg 1024w, https:\/\/i.blogs.es\/97737b\/ana-rosa-1-\/1366_2000.jpeg 1366w\" src=\"https:\/\/i.blogs.es\/97737b\/ana-rosa-1-\/450_1000.jpeg\" alt=\"Ana Rosa 1\"\/><br \/>\n   <img decoding=\"async\" alt=\"Ana Rosa 1\" class=\"centro_sinmarco\" src=\"https:\/\/i.blogs.es\/97737b\/ana-rosa-1-\/450_1000.jpeg\"\/><\/p><\/div>\n<\/div>\n<p>Este replanteamiento radical de su parrilla viene motivado porque &#8216;TardeAR&#8217;, el programa donde hasta entonces ha estado dando sus opiniones Quintana, <strong>no ha terminado de alcanzar las cifras de audiencia esperadas<\/strong>, y las ma\u00f1anas de la cadena tampoco han sido las mismas desde el desplazamiento de la presentadora.<\/p>\n<p><!-- BREAK 4 --><\/p>\n<p>La propia presentadora <strong>se enter\u00f3 del cambio de programaci\u00f3n ayer<\/strong> y dio la noticia durante el programa del mi\u00e9rcoles:<\/p>\n<blockquote><p>\u00abVuelvo a las ma\u00f1anas de Telecinco. Me he enterado esta ma\u00f1ana y es una estrategia de programaci\u00f3n de esta cadena. Llevo 21 a\u00f1os en esta cadena y estoy aqu\u00ed para jugar a favor y empujar todo lo que pueda. (&#8230;) Tengo el coraz\u00f3n partido porque estoy s\u00faper contenta con todos aqu\u00ed, he descubierto a un mont\u00f3n de amigos. Tambi\u00e9n es verdad que me reencuentro con el equipo de las ma\u00f1anas con el que he estado 18 a\u00f1os. Vamos a estar m\u00e1s o menos en los mismos horarios, nos vamos a ver\u00bb.<\/p><\/blockquote>\n<div class=\"article-asset article-asset-normal article-asset-center\">\n<div class=\"desvio-container\">\n<div class=\"desvio\">\n<div class=\"desvio-figure js-desvio-figure\">\n    <a href=\"https:\/\/www.espinof.com\/telecinco\/creo-que-telecinco-puede-tener-salvacion-para-ello-tiene-que-hacer-estos-10-cambios-que-no-esta-dispuesta-a-pasar\" class=\"pivot-outboundlink\" data-vars-post-title=\"Creo que Telecinco puede tener salvaci\u00f3n, pero para ello tiene que hacer estos 10 cambios... por los que no est\u00e1 dispuesta a pasar\" target=\"_blank\" rel=\"noopener\"><br \/>\n     <img loading=\"lazy\" decoding=\"async\" alt=\"Creo que Telecinco puede tener salvaci\u00f3n, pero para ello tiene que hacer estos 10 cambios... por los que no est\u00e1 dispuesta a pasar\" width=\"375\" height=\"142\" src=\"https:\/\/i.blogs.es\/293272\/salvame\/375_142.jpeg\"\/><br \/>\n    <\/a>\n   <\/div>\n<\/p><\/div>\n<\/p><\/div>\n<\/div>\n<p>As\u00ed pues, en menos de dos semanas, Quintana arrancar\u00e1 en &#8216;El programa de AR&#8217; despu\u00e9s de &#8216;La mirada cr\u00edtica&#8217;, en una versi\u00f3n reformulada y presentada por Ana Terradillos, y antes del &#8216;Vamos a ver&#8217; de Joaqu\u00edn Prat. En cuanto a <strong>&#8216;TardeAR&#8217;, seguir\u00e1 en su horario habitual, pero con Ver\u00f3nica Dulanto y Frank Blanco<\/strong> como presentadores.<\/p>\n<p><!-- BREAK 5 --><\/p>\n<p>En Espinof | <a class=\"text-outboundlink\" href=\"https:\/\/www.espinof.com\/reality\/toda-lejia-mundo-lavais-esa-cadena-alba-carrillo-destroza-a-mediaset-estas-sus-acusaciones-polemicas\" data-vars-post-title=\"&quot;Ni con toda la lej\u00eda del mundo lav\u00e1is esa cadena&quot;. Alba Carrillo destroza a Mediaset y estas son sus acusaciones m\u00e1s pol\u00e9micas\" data-vars-post-url=\"https:\/\/www.espinof.com\/reality\/toda-lejia-mundo-lavais-esa-cadena-alba-carrillo-destroza-a-mediaset-estas-sus-acusaciones-polemicas\" target=\"_blank\" rel=\"noopener\">\u00abNi con toda la lej\u00eda del mundo lav\u00e1is esa cadena\u00bb. Alba Carrillo destroza a Mediaset y estas son sus acusaciones m\u00e1s pol\u00e9micas<\/a><\/p>\n<p>En Espinof | <a class=\"text-outboundlink\" href=\"https:\/\/www.espinof.com\/listas\/mejores-series-ciencia-ficcion-fantasia-2024\" data-vars-post-title=\"Las 17 mejores series de ciencia ficci\u00f3n y fantas\u00eda de 2024 y d\u00f3nde verlas\" data-vars-post-url=\"https:\/\/www.espinof.com\/listas\/mejores-series-ciencia-ficcion-fantasia-2024\" target=\"_blank\" rel=\"noopener\">Las mejores series de ciencia ficci\u00f3n y fantas\u00eda de 2024<\/a><\/p>\n<\/p><\/div>\n<p><a href=\"https:\/\/www.espinof.com\/reality\/tengo-corazon-partido-telecinco-cambia-opinion-ana-rosa-quintana-no-alcanzar-audiencias-esperadas\" class=\" target=\" title=\"\" Tengo el  Telecinco cambia de sobre Ana Rosa Quintana por no alcanzar las audiencias target=\"_blank\" rel=\"noopener\">Ver fuente<\/a><\/p>\n","protected":false},"excerpt":{"rendered":"<p>La parrilla de Telecinco est\u00e1 a punto de sufrir un terremoto: tras reconfigurarla en 2023 para pasar a Ana Rosa Quintana a la franja de tarde con &#8216;TardeAR&#8217;, la presentadora volver\u00e1 a las ma\u00f1anas con &#8216;El programa de Ana Rosa&#8217; a partir del pr\u00f3ximo 3 de febrero. \u00abVuelvo a las ma\u00f1anas de Telecinco\u00bb La cancelaci\u00f3n [&hellip;]<\/p>\n","protected":false},"author":2,"featured_media":45736,"comment_status":"open","ping_status":"closed","sticky":false,"template":"","format":"standard","meta":{"footnotes":""},"categories":[8],"tags":[],"class_list":["post-45735","post","type-post","status-publish","format-standard","has-post-thumbnail","hentry","category-entretenimiento"],"_links":{"self":[{"href":"https:\/\/enfoquenoticioso.com\/index.php?rest_route=\/wp\/v2\/posts\/45735","targetHints":{"allow":["GET"]}}],"collection":[{"href":"https:\/\/enfoquenoticioso.com\/index.php?rest_route=\/wp\/v2\/posts"}],"about":[{"href":"https:\/\/enfoquenoticioso.com\/index.php?rest_route=\/wp\/v2\/types\/post"}],"author":[{"embeddable":true,"href":"https:\/\/enfoquenoticioso.com\/index.php?rest_route=\/wp\/v2\/users\/2"}],"replies":[{"embeddable":true,"href":"https:\/\/enfoquenoticioso.com\/index.php?rest_route=%2Fwp%2Fv2%2Fcomments&post=45735"}],"version-history":[{"count":0,"href":"https:\/\/enfoquenoticioso.com\/index.php?rest_route=\/wp\/v2\/posts\/45735\/revisions"}],"wp:featuredmedia":[{"embeddable":true,"href":"https:\/\/enfoquenoticioso.com\/index.php?rest_route=\/wp\/v2\/media\/45736"}],"wp:attachment":[{"href":"https:\/\/enfoquenoticioso.com\/index.php?rest_route=%2Fwp%2Fv2%2Fmedia&parent=45735"}],"wp:term":[{"taxonomy":"category","embeddable":true,"href":"https:\/\/enfoquenoticioso.com\/index.php?rest_route=%2Fwp%2Fv2%2Fcategories&post=45735"},{"taxonomy":"post_tag","embeddable":true,"href":"https:\/\/enfoquenoticioso.com\/index.php?rest_route=%2Fwp%2Fv2%2Ftags&post=45735"}],"curies":[{"name":"wp","href":"https:\/\/api.w.org\/{rel}","templated":true}]}}