{"id":45743,"date":"2025-01-23T10:56:39","date_gmt":"2025-01-23T10:56:39","guid":{"rendered":"https:\/\/enfoquenoticioso.com\/entretenimiento\/estrenos-de-skyshowtime-en-febrero-de-2025-peliculas-y-series\/"},"modified":"2025-01-23T10:56:39","modified_gmt":"2025-01-23T10:56:39","slug":"estrenos-de-skyshowtime-en-febrero-de-2025-peliculas-y-series","status":"publish","type":"post","link":"https:\/\/enfoquenoticioso.com\/?p=45743","title":{"rendered":"Estrenos de SkyShowtime en febrero de 2025: pel\u00edculas y series"},"content":{"rendered":"<p>Para estar al corriente de <strong>los nuevos estrenos de <a href=\"\/streaming\/skyshowtime\/\">SkyShowtime<\/a> en febrero de 2025<\/strong> sigue leyendo. En este post te traigo las novedades de la plataforma de streaming de cara a las pr\u00f3ximas semanas, continuando el nuevo a\u00f1o con varias propuestas de lo m\u00e1s interesantes.<\/p>\n<p><span id=\"more-46089\"><\/span><\/p>\n<div id=\"ez-toc-container\" class=\"ez-toc-v2_0_81 counter-hierarchy ez-toc-counter ez-toc-grey ez-toc-container-direction\">\n<div class=\"ez-toc-title-container\">\n<p class=\"ez-toc-title\" style=\"cursor:inherit\">Tabla de Contenido<\/p>\n<span class=\"ez-toc-title-toggle\"><a href=\"#\" class=\"ez-toc-pull-right ez-toc-btn ez-toc-btn-xs ez-toc-btn-default ez-toc-toggle\" aria-label=\"Alternar tabla de contenidos\"><span class=\"ez-toc-js-icon-con\"><span class=\"\"><span class=\"eztoc-hide\" style=\"display:none;\">Toggle<\/span><span class=\"ez-toc-icon-toggle-span\"><svg style=\"fill: #999;color:#999\" xmlns=\"http:\/\/www.w3.org\/2000\/svg\" class=\"list-377408\" width=\"20px\" height=\"20px\" viewBox=\"0 0 24 24\" fill=\"none\"><path d=\"M6 6H4v2h2V6zm14 0H8v2h12V6zM4 11h2v2H4v-2zm16 0H8v2h12v-2zM4 16h2v2H4v-2zm16 0H8v2h12v-2z\" fill=\"currentColor\"><\/path><\/svg><svg style=\"fill: #999;color:#999\" class=\"arrow-unsorted-368013\" xmlns=\"http:\/\/www.w3.org\/2000\/svg\" width=\"10px\" height=\"10px\" viewBox=\"0 0 24 24\" version=\"1.2\" baseProfile=\"tiny\"><path d=\"M18.2 9.3l-6.2-6.3-6.2 6.3c-.2.2-.3.4-.3.7s.1.5.3.7c.2.2.4.3.7.3h11c.3 0 .5-.1.7-.3.2-.2.3-.5.3-.7s-.1-.5-.3-.7zM5.8 14.7l6.2 6.3 6.2-6.3c.2-.2.3-.5.3-.7s-.1-.5-.3-.7c-.2-.2-.4-.3-.7-.3h-11c-.3 0-.5.1-.7.3-.2.2-.3.5-.3.7s.1.5.3.7z\"\/><\/svg><\/span><\/span><\/span><\/a><\/span><\/div>\n<nav><ul class='ez-toc-list ez-toc-list-level-1 ' ><li class='ez-toc-page-1 ez-toc-heading-level-2'><a class=\"ez-toc-link ez-toc-heading-1\" href=\"https:\/\/enfoquenoticioso.com\/?p=45743\/#Peliculas_de_estreno_en_SkyShowtime_en_febrero_de_2025\" >Pel\u00edculas de estreno en SkyShowtime en febrero de 2025<\/a><ul class='ez-toc-list-level-3' ><li class='ez-toc-heading-level-3'><a class=\"ez-toc-link ez-toc-heading-2\" href=\"https:\/\/enfoquenoticioso.com\/?p=45743\/#Gru_4_Mi_villano_favorito\" >Gru 4: Mi villano favorito<\/a><\/li><li class='ez-toc-page-1 ez-toc-heading-level-3'><a class=\"ez-toc-link ez-toc-heading-3\" href=\"https:\/\/enfoquenoticioso.com\/?p=45743\/#Bikeriders_La_ley_del_asfalto\" >Bikeriders: La ley del asfalto<\/a><\/li><li class='ez-toc-page-1 ez-toc-heading-level-3'><a class=\"ez-toc-link ez-toc-heading-4\" href=\"https:\/\/enfoquenoticioso.com\/?p=45743\/#Star_Trek_Seccion_31\" >Star Trek: Secci\u00f3n 31<\/a><\/li><\/ul><\/li><li class='ez-toc-page-1 ez-toc-heading-level-2'><a class=\"ez-toc-link ez-toc-heading-5\" href=\"https:\/\/enfoquenoticioso.com\/?p=45743\/#Series_de_estreno_en_SkyShowtime_en_febrero_de_2025\" >Series de estreno en SkyShowtime en febrero de 2025<\/a><ul class='ez-toc-list-level-3' ><li class='ez-toc-heading-level-3'><a class=\"ez-toc-link ez-toc-heading-6\" href=\"https:\/\/enfoquenoticioso.com\/?p=45743\/#Schmeichel\" >Schmeichel<\/a><\/li><li class='ez-toc-page-1 ez-toc-heading-level-3'><a class=\"ez-toc-link ez-toc-heading-7\" href=\"https:\/\/enfoquenoticioso.com\/?p=45743\/#La_agencia\" >La agencia<\/a><\/li><li class='ez-toc-page-1 ez-toc-heading-level-3'><a class=\"ez-toc-link ez-toc-heading-8\" href=\"https:\/\/enfoquenoticioso.com\/?p=45743\/#Sleboda\" >\u015aleboda<\/a><\/li><li class='ez-toc-page-1 ez-toc-heading-level-3'><a class=\"ez-toc-link ez-toc-heading-9\" href=\"https:\/\/enfoquenoticioso.com\/?p=45743\/#Receta_para_un_asesinato\" >Receta para un asesinato<\/a><\/li><li class='ez-toc-page-1 ez-toc-heading-level-3'><a class=\"ez-toc-link ez-toc-heading-10\" href=\"https:\/\/enfoquenoticioso.com\/?p=45743\/#Lockerbie_En_busqueda_de_la_verdad\" >Lockerbie: En b\u00fasqueda de la verdad<\/a><\/li><\/ul><\/li><\/ul><\/nav><\/div>\n<h2 class=\"wp-block-heading\"><span class=\"ez-toc-section\" id=\"Peliculas_de_estreno_en_SkyShowtime_en_febrero_de_2025\"><\/span>Pel\u00edculas de estreno en SkyShowtime en febrero de 2025<span class=\"ez-toc-section-end\"><\/span><\/h2>\n<p>Tendremos <strong>pel\u00edculas de SkyShowtime en febrero de 2025<\/strong> que combinan g\u00e9neros como el familiar y la ciencia ficci\u00f3n. Estas son las destacadas del mes:<\/p>\n<div class=\"ficha-pelicula-completa\" style=\"margin-bottom: 40px\">\n        <!-- T\u00edtulo --><\/p>\n<h3 style=\"font-size: 1.2em;margin-bottom: 15px;color: #333\"><span class=\"ez-toc-section\" id=\"Gru_4_Mi_villano_favorito\"><\/span>\n            <a href=\"https:\/\/somosdecine.com\/peliculas\/gru-4-mi-villano-favorito-2024\/\" style=\"text-decoration: none;color: #0073aa\" target=\"_blank\" rel=\"noopener\"><br \/>\n                Gru 4: Mi villano favorito            <\/a><br \/>\n        <span class=\"ez-toc-section-end\"><\/span><\/h3>\n<p>        <!-- Imagen y detalles (Dise\u00f1o flexible) --><\/p>\n<div class=\"ficha-contenedor\" style=\"gap: 20px;align-items: flex-start;flex-wrap: wrap\">\n<div class=\"ficha-imagen\" style=\"flex: 0 0 250px;max-width: 250px\">\n                    <a href=\"https:\/\/somosdecine.com\/peliculas\/gru-4-mi-villano-favorito-2024\/\" target=\"_blank\" rel=\"noopener\"><br \/>\n                        <img decoding=\"async\" src=\"https:\/\/somosdecine.com\/wp-content\/uploads\/gru-4-mi-villano-favorito-2024.webp\" alt=\"Gru 4: Mi villano favorito\" style=\"width: 100%;height: auto;border-radius: 5px\" \/><br \/>\n                    <\/a>\n                <\/div>\n<div class=\"ficha-detalles\" style=\"flex: 1;min-width: 300px;text-align: left\">\n<ul style=\"padding: 0;margin: 0\">\n<li><strong>Fecha de estreno:<\/strong> 10 de febrero de 2025 en SkyShowtime<\/li>\n<li><strong>G\u00e9nero:<\/strong> Animaci\u00f3n, Comedia, Infantil<\/li>\n<li><strong>Pa\u00eds:<\/strong> Estados Unidos<\/li>\n<li><strong>A\u00f1o:<\/strong> 2024<\/li>\n<li><strong>Duraci\u00f3n:<\/strong> 95 min<\/li>\n<li><strong>Direcci\u00f3n:<\/strong> Chris Renaud, Patrick Delage<\/li>\n<li><strong>Reparto:<\/strong> Steve Carell, Kristen Wiig, Will Ferrell, Sof\u00eda Vergara, Miranda Cosgrove, Dana Gaier<\/li>\n<li><strong>M\u00fasica:<\/strong> Heitor Pereira<\/li>\n<\/ul><\/div>\n<\/p><\/div>\n<p>        <!-- Descripci\u00f3n --><\/p>\n<div class=\"descripcion-pelicula\" style=\"margin-top: 20px;text-align: justify;font-size: 1em;line-height: 1.6\">\n<p>Despu\u00e9s de siete a\u00f1os, nuestro supervillano favorito, ahora convertido en agente de la Liga Antivillanos, vuelve con una impactante y fren\u00e9tica entrega de caos al m\u00e1s puro estilo Minion en la esperad\u00edsima nueva pel\u00edcula de Illumination: Gru 4: Mi villano favorito.<\/p>\n<p>Tras el bombazo en taquilla de Illumination con Minions: El origen de Gru, que recaud\u00f3 m\u00e1s de mil millones de d\u00f3lares en todo mundo, la mayor saga de animaci\u00f3n de la historia abre un nuevo cap\u00edtulo en el que Gru (con voz en VO del nominado al Oscar\u00ae Steve Carrell y de Florentino Fern\u00e1ndez en la versi\u00f3n doblada al espa\u00f1ol), Lucy (con voz en VO de la nominada al Oscar\u00ae Kristen Wiig y de Patricia Conde en la versi\u00f3n doblada al espa\u00f1ol) y las ni\u00f1as \u2014Margo (Miranda Cosgrove en VO), Edith (Dana Gaier en VO) y Agnes (Madison Polan en VO)\u2014 dan la bienvenida a un nuevo miembro en la familia: Gru Junior, que parece llegar con el prop\u00f3sito de ser un suplicio para su padre.<\/p>\n<p>Gru tendr\u00e1 que enfrentarse en esta ocasi\u00f3n a su nueva n\u00e9mesis Maxime Le Mal (con voz en VO del icono de la comedia Will Ferrell) y su sofisticada y mal\u00e9vola novia Valentina (con voz en VO de la nominada al Emmy Sofia Vergara), lo que obligar\u00e1 a la familia a tener que darse a la fuga.<\/p>\n<p>La pel\u00edcula nos presenta en la versi\u00f3n original a un nuevo elenco de personajes con las voces de Joey King (Bullet Train), el ganador de varios Emmy Stephen Colbert (The Late Show with Stephen Colbert) y Chloe Fineman (Saturday Night Live). Pierre Coffin regresa como la emblem\u00e1tica voz de los Minions y el nominado al Oscar\u00ae Steve Coogan pone de nuevo voz en VO a Sila McCulloch.<\/p>\n<p>Cargada de acci\u00f3n trepidante y rebosante del caracter\u00edstico humor subversivo de Illumination, Gru 4: Mi villano favorito est\u00e1 dirigida por el cocreador de los Minions, el nominado al Oscar\u00ae Chris Renaud (Gru 2, mi villano favorito, Mascotas), y producida por el visionario fundador y director ejecutivo de Illumination, Chris Meledandri, as\u00ed como por Brett Hoffman (productor ejecutivo de Super Mario Bros: La pel\u00edcula y Minions: El origen de Gru). Codirige la cinta Patrick Delage (director de animaci\u00f3n de \u00a1Canta! 2 y Mascotas 2) y el guion es de Mike White, ganador de dos Emmy y creador de la serie The White Lotus, y del veterano guionista de todas las anteriores entregas de Gru, mi villano favorito, Ken Daurio.<\/p>\n<\/p><\/div>\n<p>        <!-- Bot\u00f3n de enlace --><br \/>\n        <a href=\"https:\/\/somosdecine.com\/peliculas\/gru-4-mi-villano-favorito-2024\/\" style=\"margin-top: 20px;color: #0073aa;text-decoration: none;font-weight: bold\" target=\"_blank\" rel=\"noopener\">Ver ficha completa<\/a>\n    <\/div>\n<p>    <!-- Estilos para m\u00f3vil --><\/p>\n<p>        @media (max-width: 768px) {<br \/>\n            .ficha-contenedor {<br \/>\n                flex-direction: column; \/* Cambiar a dise\u00f1o vertical *\/<br \/>\n                align-items: center; \/* Centrar contenido *\/<br \/>\n            }<\/p>\n<p>            .ficha-imagen {<br \/>\n                margin-bottom: 20px; \/* Separaci\u00f3n entre imagen y detalles *\/<br \/>\n                max-width: 100%; \/* Imagen ocupa todo el ancho *\/<br \/>\n            }<\/p>\n<p>            .ficha-detalles {<br \/>\n                text-align: center; \/* Centrar texto *\/<br \/>\n                font-size: 1em; \/* Tama\u00f1o equilibrado *\/<br \/>\n                line-height: 1.5em; \/* Espaciado de l\u00edneas *\/<br \/>\n            }<\/p>\n<p>            .descripcion-pelicula {<br \/>\n                font-size: 1em; \/* Igual tama\u00f1o que en desktop *\/<br \/>\n                text-align: justify; \/* Justificar texto *\/<br \/>\n            }<br \/>\n        }<\/p>\n<div class=\"ficha-pelicula-completa\" style=\"margin-bottom: 40px\">\n        <!-- T\u00edtulo --><\/p>\n<h3 style=\"font-size: 1.2em;margin-bottom: 15px;color: #333\"><span class=\"ez-toc-section\" id=\"Bikeriders_La_ley_del_asfalto\"><\/span>\n            <a href=\"https:\/\/somosdecine.com\/peliculas\/bikeriders-la-ley-del-asfalto-2023\/\" style=\"text-decoration: none;color: #0073aa\" target=\"_blank\" rel=\"noopener\"><br \/>\n                Bikeriders: La ley del asfalto            <\/a><br \/>\n        <span class=\"ez-toc-section-end\"><\/span><\/h3>\n<p>        <!-- Imagen y detalles (Dise\u00f1o flexible) --><\/p>\n<div class=\"ficha-contenedor\" style=\"gap: 20px;align-items: flex-start;flex-wrap: wrap\">\n<div class=\"ficha-imagen\" style=\"flex: 0 0 250px;max-width: 250px\">\n                    <a href=\"https:\/\/somosdecine.com\/peliculas\/bikeriders-la-ley-del-asfalto-2023\/\" target=\"_blank\" rel=\"noopener\"><br \/>\n                        <img decoding=\"async\" src=\"https:\/\/somosdecine.com\/wp-content\/uploads\/bikeriders-la-ley-del-asfalto-2023-.webp\" alt=\"Bikeriders: La ley del asfalto\" style=\"width: 100%;height: auto;border-radius: 5px\" \/><br \/>\n                    <\/a>\n                <\/div>\n<div class=\"ficha-detalles\" style=\"flex: 1;min-width: 300px;text-align: left\">\n<ul style=\"padding: 0;margin: 0\">\n<li><strong>Fecha de estreno:<\/strong> 15 de febrero de 2025 en SkyShowtime<\/li>\n<li><strong>G\u00e9nero:<\/strong> Drama<\/li>\n<li><strong>Pa\u00eds:<\/strong> Estados Unidos<\/li>\n<li><strong>A\u00f1o:<\/strong> 2023<\/li>\n<li><strong>Duraci\u00f3n:<\/strong> 116 min<\/li>\n<li><strong>Direcci\u00f3n:<\/strong> Jeff Nichols<\/li>\n<li><strong>Reparto:<\/strong> Austin Butler, Jodie Comer, Tom Hardy, Michael Shannon, Mike Faist, Boyd Holbrook<\/li>\n<li><strong>M\u00fasica:<\/strong> David Wingo<\/li>\n<\/ul><\/div>\n<\/p><\/div>\n<p>        <!-- Descripci\u00f3n --><\/p>\n<div class=\"descripcion-pelicula\" style=\"margin-top: 20px;text-align: justify;font-size: 1em;line-height: 1.6\">\n<p>Bikeriders. La ley del asfalto est\u00e1 ambientada en los a\u00f1os 60 y narra la evoluci\u00f3n de un club de motoristas del Medio Oeste estadounidense, \u00abLos V\u00e1ndalos\u00bb. Lo que comienza como un espacio de encuentro para forasteros locales se transforma, en el transcurso de una d\u00e9cada, en una banda m\u00e1s oscura y peligrosa, que amenaza con destruir los ideales que un d\u00eda definieron al grupo. La historia explora las relaciones personales, las lealtades y las tensiones que surgen en esta peculiar comunidad, todo ello en el contexto de una \u00e9poca de cambio social y cultural.<\/p>\n<p>Sobre la pel\u00edcula<\/p>\n<p>Jeff Nichols (Loving, Take Shelter) dirige este drama cargado de nostalgia y estilo visual, inspirado en el libro de Danny Lyon, que documenta la vida de los motociclistas de los a\u00f1os 60. Con un elenco liderado por Austin Butler (Elvis), Jodie Comer (Killing Eve) y Tom Hardy (Mad Max: Fury Road), la pel\u00edcula ofrece un retrato crudo y emotivo de la subcultura de los motoristas. Destacan las interpretaciones y la recreaci\u00f3n detallada de la \u00e9poca, acompa\u00f1adas de una banda sonora compuesta por David Wingo.<\/p>\n<\/p><\/div>\n<p>        <!-- Bot\u00f3n de enlace --><br \/>\n        <a href=\"https:\/\/somosdecine.com\/peliculas\/bikeriders-la-ley-del-asfalto-2023\/\" style=\"margin-top: 20px;color: #0073aa;text-decoration: none;font-weight: bold\" target=\"_blank\" rel=\"noopener\">Ver ficha completa<\/a>\n    <\/div>\n<p>    <!-- Estilos para m\u00f3vil --><\/p>\n<p>        @media (max-width: 768px) {<br \/>\n            .ficha-contenedor {<br \/>\n                flex-direction: column; \/* Cambiar a dise\u00f1o vertical *\/<br \/>\n                align-items: center; \/* Centrar contenido *\/<br \/>\n            }<\/p>\n<p>            .ficha-imagen {<br \/>\n                margin-bottom: 20px; \/* Separaci\u00f3n entre imagen y detalles *\/<br \/>\n                max-width: 100%; \/* Imagen ocupa todo el ancho *\/<br \/>\n            }<\/p>\n<p>            .ficha-detalles {<br \/>\n                text-align: center; \/* Centrar texto *\/<br \/>\n                font-size: 1em; \/* Tama\u00f1o equilibrado *\/<br \/>\n                line-height: 1.5em; \/* Espaciado de l\u00edneas *\/<br \/>\n            }<\/p>\n<p>            .descripcion-pelicula {<br \/>\n                font-size: 1em; \/* Igual tama\u00f1o que en desktop *\/<br \/>\n                text-align: justify; \/* Justificar texto *\/<br \/>\n            }<br \/>\n        }<\/p>\n<div class=\"ficha-pelicula-completa\" style=\"margin-bottom: 40px\">\n        <!-- T\u00edtulo --><\/p>\n<h3 style=\"font-size: 1.2em;margin-bottom: 15px;color: #333\"><span class=\"ez-toc-section\" id=\"Star_Trek_Seccion_31\"><\/span>\n            <a href=\"https:\/\/somosdecine.com\/peliculas\/star-trek-seccion-31-2025\/\" style=\"text-decoration: none;color: #0073aa\" target=\"_blank\" rel=\"noopener\"><br \/>\n                Star Trek: Secci\u00f3n 31            <\/a><br \/>\n        <span class=\"ez-toc-section-end\"><\/span><\/h3>\n<p>        <!-- Imagen y detalles (Dise\u00f1o flexible) --><\/p>\n<div class=\"ficha-contenedor\" style=\"gap: 20px;align-items: flex-start;flex-wrap: wrap\">\n<div class=\"ficha-imagen\" style=\"flex: 0 0 250px;max-width: 250px\">\n                    <a href=\"https:\/\/somosdecine.com\/peliculas\/star-trek-seccion-31-2025\/\" target=\"_blank\" rel=\"noopener\"><br \/>\n                        <img decoding=\"async\" src=\"https:\/\/somosdecine.com\/wp-content\/uploads\/star-trek-seccion-31-2025.webp\" alt=\"Star Trek: Secci\u00f3n 31\" style=\"width: 100%;height: auto;border-radius: 5px\" \/><br \/>\n                    <\/a>\n                <\/div>\n<div class=\"ficha-detalles\" style=\"flex: 1;min-width: 300px;text-align: left\">\n<ul style=\"padding: 0;margin: 0\">\n<li><strong>Fecha de estreno:<\/strong> 21 de febrero de 2025 en SkyShowtime<\/li>\n<li><strong>G\u00e9nero:<\/strong> Ciencia ficci\u00f3n, Acci\u00f3n<\/li>\n<li><strong>Pa\u00eds:<\/strong> Estados Unidos<\/li>\n<li><strong>A\u00f1o:<\/strong> 2025<\/li>\n<li><strong>Direcci\u00f3n:<\/strong> Olatunde Osunsanmi<\/li>\n<li><strong>Reparto:<\/strong> Michelle Yeoh, Omari Hardwick, Sam Richardson, Robert Kazinsky, Kacey Rohl, Sven Ruygrok, James Hiroyuki Liao, Humberly Gonz\u00e1lez, Miku Martineau<\/li>\n<\/ul><\/div>\n<\/p><\/div>\n<p>        <!-- Descripci\u00f3n --><\/p>\n<div class=\"descripcion-pelicula\" style=\"margin-top: 20px;text-align: justify;font-size: 1em;line-height: 1.6\">\n<p>En Star Trek: Secci\u00f3n 31, Michelle Yeoh retoma su papel como Philippa Georgiou, la emperadora del Universo Espejo. Georgiou se une a una divisi\u00f3n secreta de la Flota Estelar encargada de proteger la Federaci\u00f3n Unida de Planetas mientras lidia con los pecados de su pasado. La historia mezcla intriga, acci\u00f3n y los elementos filos\u00f3ficos caracter\u00edsticos del universo Star Trek, adentr\u00e1ndose en el lado m\u00e1s oscuro de la Flota Estelar.<\/p>\n<p>Sobre la pel\u00edcula<\/p>\n<p>Esta es la primera pel\u00edcula de Star Trek en casi una d\u00e9cada, desde el estreno de Star Trek: M\u00e1s all\u00e1 (2016). Dirigida por Olatunde Osunsanmi, habitual de la franquicia, la cinta re\u00fane a Michelle Yeoh con un elenco diverso que incluye a Omari Hardwick (Power), Sam Richardson (Ted Lasso) y Robert Kazinsky (Pacific Rim). La pel\u00edcula explora temas como la redenci\u00f3n y el sacrificio, mientras mantiene el esp\u00edritu de exploraci\u00f3n y diplomacia de la franquicia.<\/p>\n<\/p><\/div>\n<p>        <!-- Bot\u00f3n de enlace --><br \/>\n        <a href=\"https:\/\/somosdecine.com\/peliculas\/star-trek-seccion-31-2025\/\" style=\"margin-top: 20px;color: #0073aa;text-decoration: none;font-weight: bold\" target=\"_blank\" rel=\"noopener\">Ver ficha completa<\/a>\n    <\/div>\n<p>    <!-- Estilos para m\u00f3vil --><\/p>\n<p>        @media (max-width: 768px) {<br \/>\n            .ficha-contenedor {<br \/>\n                flex-direction: column; \/* Cambiar a dise\u00f1o vertical *\/<br \/>\n                align-items: center; \/* Centrar contenido *\/<br \/>\n            }<\/p>\n<p>            .ficha-imagen {<br \/>\n                margin-bottom: 20px; \/* Separaci\u00f3n entre imagen y detalles *\/<br \/>\n                max-width: 100%; \/* Imagen ocupa todo el ancho *\/<br \/>\n            }<\/p>\n<p>            .ficha-detalles {<br \/>\n                text-align: center; \/* Centrar texto *\/<br \/>\n                font-size: 1em; \/* Tama\u00f1o equilibrado *\/<br \/>\n                line-height: 1.5em; \/* Espaciado de l\u00edneas *\/<br \/>\n            }<\/p>\n<p>            .descripcion-pelicula {<br \/>\n                font-size: 1em; \/* Igual tama\u00f1o que en desktop *\/<br \/>\n                text-align: justify; \/* Justificar texto *\/<br \/>\n            }<br \/>\n        }<\/p>\n<h2 class=\"wp-block-heading\"><span class=\"ez-toc-section\" id=\"Series_de_estreno_en_SkyShowtime_en_febrero_de_2025\"><\/span>Series de estreno en SkyShowtime en febrero de 2025<span class=\"ez-toc-section-end\"><\/span><\/h2>\n<p>Entre las <strong>series de estreno de Skyshowtime en enero de 2025<\/strong> encontramos alguna producci\u00f3n realmente esperada, hablemos de ellas.<\/p>\n<div class=\"ficha-serie-completa\" style=\"margin-bottom: 40px\">\n<h3 style=\"font-size: 1.2em;margin-bottom: 15px;color: #333\"><span class=\"ez-toc-section\" id=\"Schmeichel\"><\/span>\n            <a href=\"https:\/\/somosdecine.com\/series\/schmeichel-2025\/\" style=\"text-decoration: none;color: #0073aa\" target=\"_blank\" rel=\"noopener\"><br \/>\n                Schmeichel            <\/a><br \/>\n        <span class=\"ez-toc-section-end\"><\/span><\/h3>\n<div class=\"ficha-contenedor\" style=\"gap: 20px;align-items: flex-start;flex-wrap: wrap\">\n<div class=\"ficha-imagen\" style=\"flex: 0 0 250px;max-width: 250px\">\n                    <a href=\"https:\/\/somosdecine.com\/series\/schmeichel-2025\/\" target=\"_blank\" rel=\"noopener\"><br \/>\n                        <img decoding=\"async\" src=\"https:\/\/somosdecine.com\/wp-content\/uploads\/schmeichel-2025.webp\" alt=\"Schmeichel\" style=\"width: 100%;height: auto;border-radius: 5px\" \/><br \/>\n                    <\/a>\n                <\/div>\n<div class=\"ficha-detalles\" style=\"flex: 1;min-width: 300px;text-align: left\">\n<ul style=\"padding: 0;margin: 0\">\n<li><strong>Fecha de estreno:<\/strong> 9 de febrero de 2025 en SkyShowtime<\/li>\n<li><strong>G\u00e9nero:<\/strong> Documental, Deportes<\/li>\n<li><strong>Pa\u00eds:<\/strong> Reino Unido<\/li>\n<li><strong>A\u00f1o de lanzamiento:<\/strong> 2025<\/li>\n<li><strong>Direcci\u00f3n:<\/strong> Owen Davies<\/li>\n<li><strong>Plataforma:<\/strong><br \/>\n                            SkyShowtime                        <\/li>\n<\/ul><\/div>\n<\/p><\/div>\n<div class=\"descripcion-serie\" style=\"margin-top: 20px;text-align: justify;font-size: 1em;line-height: 1.6\">\n<p>Peter Schmeichel es un gigante del f\u00fatbol, considerado uno de los mejores porteros de todos los tiempos, si no el mejor. Con una carrera profesional que abarca 22 a\u00f1os, Schmeichel es el portero m\u00e1s condecorado de la historia de la Premier League. Esta leyenda del f\u00fatbol form\u00f3 parte de la selecci\u00f3n de Dinamarca que gan\u00f3 la Eurocopa contra todo pron\u00f3stico en 1992 y fue capit\u00e1n del Manchester United en la final de la Champions League, victoria con la que el equipo conseguir\u00eda el triplete en 1999.<\/p>\n<p>Schmeichel es una incre\u00edble historia personal sobre el \u00e9xito, el fracaso y la redenci\u00f3n, de mano del galardonado cineasta y editor Owen Davies, cuyos cr\u00e9ditos incluyen los documentales The Three Kings, Drive to Survive y Fallen Idol.<\/p>\n<\/p><\/div>\n<p>        <a href=\"https:\/\/somosdecine.com\/series\/schmeichel-2025\/\" style=\"margin-top: 20px;color: #0073aa;text-decoration: none;font-weight: bold\" target=\"_blank\" rel=\"noopener\">Ver ficha completa<\/a>\n    <\/div>\n<div class=\"ficha-serie-completa\" style=\"margin-bottom: 40px\">\n<h3 style=\"font-size: 1.2em;margin-bottom: 15px;color: #333\"><span class=\"ez-toc-section\" id=\"La_agencia\"><\/span>\n            <a href=\"https:\/\/somosdecine.com\/series\/la-agencia-2024\/\" style=\"text-decoration: none;color: #0073aa\" target=\"_blank\" rel=\"noopener\"><br \/>\n                La agencia            <\/a><br \/>\n        <span class=\"ez-toc-section-end\"><\/span><\/h3>\n<div class=\"ficha-contenedor\" style=\"gap: 20px;align-items: flex-start;flex-wrap: wrap\">\n<div class=\"ficha-imagen\" style=\"flex: 0 0 250px;max-width: 250px\">\n                    <a href=\"https:\/\/somosdecine.com\/series\/la-agencia-2024\/\" target=\"_blank\" rel=\"noopener\"><br \/>\n                        <img decoding=\"async\" src=\"https:\/\/somosdecine.com\/wp-content\/uploads\/la-agencia-2025.webp\" alt=\"La agencia\" style=\"width: 100%;height: auto;border-radius: 5px\" \/><br \/>\n                    <\/a>\n                <\/div>\n<div class=\"ficha-detalles\" style=\"flex: 1;min-width: 300px;text-align: left\">\n<ul style=\"padding: 0;margin: 0\">\n<li><strong>Fecha de estreno:<\/strong> 10 de febrero de 2025 en SkyShowtime<\/li>\n<li><strong>G\u00e9nero:<\/strong> Drama, Thriller, Espionaje<\/li>\n<li><strong>Pa\u00eds:<\/strong> Francia, Estados Unidos<\/li>\n<li><strong>A\u00f1o de lanzamiento:<\/strong> 2024<\/li>\n<li><strong>Direcci\u00f3n:<\/strong> Craig Gillespie, Stephanie Laing, Greg Yaitanes, Jonathan Tropper<\/li>\n<li><strong>Reparto:<\/strong> Michael Fassbender, Richard Gere, Jeffrey Wright, Jodie Turner-Smith, Katherine Waterston, John Magaro, Harriet Sansom Harris, Saura Lightfoot-Leon, India Fowler, Reza Brojerdi, Alex Reznik, Bilal Hasna, Sabrina Wu, Kurt Egyiawan, Ambreen Razia, Adam Nagaitis, Tom Vaughan-Lawlor<\/li>\n<li><strong>Plataforma:<\/strong><br \/>\n                            SkyShowtime                        <\/li>\n<\/ul><\/div>\n<\/p><\/div>\n<div class=\"descripcion-serie\" style=\"margin-top: 20px;text-align: justify;font-size: 1em;line-height: 1.6\">\n<p>El thriller pol\u00edtico La Agencia sigue a Martian (Michael Fassbender), un agente encubierto de la CIA, al que se le ordena abandonar su vida secreta y regresar a la comisar\u00eda de Londres. Cuando el amor que dej\u00f3 atr\u00e1s reaparece, el romance se reaviva. Su carrera, su verdadera identidad y su misi\u00f3n se enfrentan a su coraz\u00f3n; lanzando a ambos a un juego mortal de intriga y espionaje internacional.<\/p>\n<p>Richard Gere interpreta a Bosko, el jefe de la Estaci\u00f3n de Londres con un pasado lleno de historias tras servir como agente encubierto durante 8 a\u00f1os.<\/p>\n<\/p><\/div>\n<p>        <a href=\"https:\/\/somosdecine.com\/series\/la-agencia-2024\/\" style=\"margin-top: 20px;color: #0073aa;text-decoration: none;font-weight: bold\" target=\"_blank\" rel=\"noopener\">Ver ficha completa<\/a>\n    <\/div>\n<div class=\"ficha-serie-completa\" style=\"margin-bottom: 40px\">\n<h3 style=\"font-size: 1.2em;margin-bottom: 15px;color: #333\"><span class=\"ez-toc-section\" id=\"Sleboda\"><\/span>\n            <a href=\"https:\/\/somosdecine.com\/series\/sleboda-2024\/\" style=\"text-decoration: none;color: #0073aa\" target=\"_blank\" rel=\"noopener\"><br \/>\n                \u015aleboda            <\/a><br \/>\n        <span class=\"ez-toc-section-end\"><\/span><\/h3>\n<div class=\"ficha-contenedor\" style=\"gap: 20px;align-items: flex-start;flex-wrap: wrap\">\n<div class=\"ficha-imagen\" style=\"flex: 0 0 250px;max-width: 250px\">\n                    <a href=\"https:\/\/somosdecine.com\/series\/sleboda-2024\/\" target=\"_blank\" rel=\"noopener\"><br \/>\n                        <img decoding=\"async\" src=\"https:\/\/somosdecine.com\/wp-content\/uploads\/sleboda-2024.webp\" alt=\"\u015aleboda\" style=\"width: 100%;height: auto;border-radius: 5px\" \/><br \/>\n                    <\/a>\n                <\/div>\n<div class=\"ficha-detalles\" style=\"flex: 1;min-width: 300px;text-align: left\">\n<ul style=\"padding: 0;margin: 0\">\n<li><strong>Fecha de estreno:<\/strong> 20 de febrero de 2025 en SkyShowtime<\/li>\n<li><strong>G\u00e9nero:<\/strong> Drama, Misterio, Thriller<\/li>\n<li><strong>Pa\u00eds:<\/strong> Polonia<\/li>\n<li><strong>A\u00f1o de lanzamiento:<\/strong> 2024<\/li>\n<li><strong>Reparto:<\/strong> Magdalena Lamparska, Maciej Musia\u0142, Leszek Lichota, Anna Nehrebecka, Helena Englert, Maria D\u0119bska, Andrzej Chyra, J\u00f3zef Paw\u0142owski, Jan Englert, Piotr Pacek, Tomasz Karolak, Joanna Balasz, Andrzej Zieli\u0144ski<\/li>\n<li><strong>Plataforma:<\/strong><br \/>\n                            SkyShowtime                        <\/li>\n<\/ul><\/div>\n<\/p><\/div>\n<div class=\"descripcion-serie\" style=\"margin-top: 20px;text-align: justify;font-size: 1em;line-height: 1.6\">\n<p><em>\u015aleboda<\/em> narra la historia de Anka Serafin, una joven doctora en antropolog\u00eda cultural de Cracovia, que huye a las monta\u00f1as con la intenci\u00f3n de encontrarse a s\u00ed misma. Un d\u00eda, mientras est\u00e1 dando un paseo, se topa con un cad\u00e1ver.<\/p>\n<p>Pronto, se ver\u00e1 involucrada en la resoluci\u00f3n de un misterioso asesinato. Anka se encuentra con Sebastian Strzygo\u0144 (Musia\u0142), un periodista descarado en busca de una primicia, y J\u0119drek Chowaniec (Pacek), un agente de polic\u00eda del pueblo con quien mantuvo un romance adolescente. Las monta\u00f1as Tatra, hermosas a la par que tenebrosas, se revelan a Anka.<\/p>\n<p>En su b\u00fasqueda por desvelar la verdad sobre el asesinato, Anka aprende mucho sobre s\u00ed misma. Lo que descubre cambiar\u00e1 su vida para siempre.<\/p>\n<\/p><\/div>\n<p>        <a href=\"https:\/\/somosdecine.com\/series\/sleboda-2024\/\" style=\"margin-top: 20px;color: #0073aa;text-decoration: none;font-weight: bold\" target=\"_blank\" rel=\"noopener\">Ver ficha completa<\/a>\n    <\/div>\n<div class=\"ficha-serie-completa\" style=\"margin-bottom: 40px\">\n<h3 style=\"font-size: 1.2em;margin-bottom: 15px;color: #333\"><span class=\"ez-toc-section\" id=\"Receta_para_un_asesinato\"><\/span>\n            <a href=\"https:\/\/somosdecine.com\/series\/receta-para-un-asesinato-2025\/\" style=\"text-decoration: none;color: #0073aa\" target=\"_blank\" rel=\"noopener\"><br \/>\n                Receta para un asesinato            <\/a><br \/>\n        <span class=\"ez-toc-section-end\"><\/span><\/h3>\n<div class=\"ficha-contenedor\" style=\"gap: 20px;align-items: flex-start;flex-wrap: wrap\">\n<div class=\"ficha-imagen\" style=\"flex: 0 0 250px;max-width: 250px\">\n                    <a href=\"https:\/\/somosdecine.com\/series\/receta-para-un-asesinato-2025\/\" target=\"_blank\" rel=\"noopener\"><br \/>\n                        <img decoding=\"async\" src=\"https:\/\/somosdecine.com\/wp-content\/uploads\/receta-para-un-asesinato-2025.webp\" alt=\"Receta para un asesinato\" style=\"width: 100%;height: auto;border-radius: 5px\" \/><br \/>\n                    <\/a>\n                <\/div>\n<div class=\"ficha-detalles\" style=\"flex: 1;min-width: 300px;text-align: left\">\n<ul style=\"padding: 0;margin: 0\">\n<li><strong>Fecha de estreno:<\/strong> 23 de febrero de 2025 en SkyShowtime<\/li>\n<li><strong>G\u00e9nero:<\/strong> Documental, True Crime<\/li>\n<li><strong>Pa\u00eds:<\/strong> Espa\u00f1a<\/li>\n<li><strong>A\u00f1o de lanzamiento:<\/strong> 2025<\/li>\n<li><strong>Direcci\u00f3n:<\/strong> Jos\u00e9 G\u00f3mez<\/li>\n<li><strong>Plataforma:<\/strong><br \/>\n                            SkyShowtime                        <\/li>\n<\/ul><\/div>\n<\/p><\/div>\n<div class=\"descripcion-serie\" style=\"margin-top: 20px;text-align: justify;font-size: 1em;line-height: 1.6\">\n<p><em>Receta para un asesinato<\/em> es un documental que narra la violenta muerte del cirujano colombiano Edwin Arrieta en una tranquila isla tailandesa a manos de Daniel Sancho, un aspirante a chef de 29 a\u00f1os conocido por sus v\u00eddeos en YouTube.<\/p>\n<p>Sancho, hijo de Rodolfo Sancho, uno de los actores espa\u00f1oles m\u00e1s conocidos, fue juzgado en un tribunal tailand\u00e9s y condenado a cadena perpetua el pasado verano. A pesar de haber sido un juicio cubierto ampliamente por los medios de comunicaci\u00f3n de todo el mundo, sigue habiendo misterios sobre la naturaleza de la relaci\u00f3n entre Sancho y Arrieta. La serie, compuesta por 5 episodios, explora la verdad detr\u00e1s no s\u00f3lo de su relaci\u00f3n sino tambi\u00e9n de las dobles vidas llevadas por cada uno de ellos, mientras que examina la relaci\u00f3n t\u00f3xica, el impactante descubrimiento de un cad\u00e1ver descuartizado y la posterior investigaci\u00f3n. El documentalista y cineasta Jos\u00e9 G\u00f3mez (11M) arroja luz sobre el papel del sistema judicial tailand\u00e9s, los medios de comunicaci\u00f3n, e incluso los propios espectadores.<\/p>\n<p><em>Receta para un asesinato<\/em> consta de cinco episodios de 30 minutos de duraci\u00f3n, y ha sido producida por Get Me Out Productions LLC para SkyShowtime y dirigida por Jos\u00e9 G\u00f3mez.<\/p>\n<\/p><\/div>\n<p>        <a href=\"https:\/\/somosdecine.com\/series\/receta-para-un-asesinato-2025\/\" style=\"margin-top: 20px;color: #0073aa;text-decoration: none;font-weight: bold\" target=\"_blank\" rel=\"noopener\">Ver ficha completa<\/a>\n    <\/div>\n<div class=\"ficha-serie-completa\" style=\"margin-bottom: 40px\">\n<h3 style=\"font-size: 1.2em;margin-bottom: 15px;color: #333\"><span class=\"ez-toc-section\" id=\"Lockerbie_En_busqueda_de_la_verdad\"><\/span>\n            <a href=\"https:\/\/somosdecine.com\/series\/lockerbie-en-busqueda-de-la-verdad-2025\/\" style=\"text-decoration: none;color: #0073aa\" target=\"_blank\" rel=\"noopener\"><br \/>\n                Lockerbie: En b\u00fasqueda de la verdad            <\/a><br \/>\n        <span class=\"ez-toc-section-end\"><\/span><\/h3>\n<div class=\"ficha-contenedor\" style=\"gap: 20px;align-items: flex-start;flex-wrap: wrap\">\n<div class=\"ficha-imagen\" style=\"flex: 0 0 250px;max-width: 250px\">\n                    <a href=\"https:\/\/somosdecine.com\/series\/lockerbie-en-busqueda-de-la-verdad-2025\/\" target=\"_blank\" rel=\"noopener\"><br \/>\n                        <img decoding=\"async\" src=\"https:\/\/somosdecine.com\/wp-content\/uploads\/lockerbie-en-busqueda-de-la-verdad-2025.webp\" alt=\"Lockerbie: En b\u00fasqueda de la verdad\" style=\"width: 100%;height: auto;border-radius: 5px\" \/><br \/>\n                    <\/a>\n                <\/div>\n<div class=\"ficha-detalles\" style=\"flex: 1;min-width: 300px;text-align: left\">\n<ul style=\"padding: 0;margin: 0\">\n<li><strong>Fecha de estreno:<\/strong> 28 de febrero de 2025 en SkyShowtime<\/li>\n<li><strong>G\u00e9nero:<\/strong> Drama, Thriller, Historia<\/li>\n<li><strong>Pa\u00eds:<\/strong> Reino Unido, Estados Unidos<\/li>\n<li><strong>A\u00f1o de lanzamiento:<\/strong> 2025<\/li>\n<li><strong>Reparto:<\/strong> Colin Firth, Catherine McCormack, Sam Troughton, Ardalan Esmaili, Simon Delaney, Jemma Carlton, Harry Redding, Selwa Jghalef, Darren Strange, Maxine Evans, Pauline Goldsmith, Michael S. Siegel, Tara Abboud, Ghazi Al Ruffai<\/li>\n<li><strong>Plataforma:<\/strong><br \/>\n                            SkyShowtime                        <\/li>\n<\/ul><\/div>\n<\/p><\/div>\n<div class=\"descripcion-serie\" style=\"margin-top: 20px;text-align: justify;font-size: 1em;line-height: 1.6\">\n<p>El 21 de diciembre de 1988, 259 pasajeros y miembros de la tripulaci\u00f3n murieron cuando el vuelo 103 de Pan Am explot\u00f3 sobre Lockerbie 38 minutos despu\u00e9s de despegar, y otros 11 residentes fallecieron cuando el avi\u00f3n cay\u00f3 sobre la tranquila localidad escocesa. Tras el desastre y la muerte de su hija, el Dr. Jim Swire (Colin Firth) es nombrado portavoz de las familias de las v\u00edctimas del Reino Unido, que se han unido para exigir verdad y justicia.<\/p>\n<p>Viajando a trav\u00e9s de continentes y divisiones pol\u00edticas, Jim se embarca en un viaje implacable que no s\u00f3lo pone en peligro su estabilidad, su familia y su vida, sino que anula por completo su confianza en el sistema judicial. A medida que la verdad se desplaza bajo los pies de Jim, su visi\u00f3n del mundo queda mancillada para siempre. Lockerbie: En b\u00fasqueda de la verdad trata los acontecimientos de la cat\u00e1strofe y sus secuelas, y ofrece un relato \u00edntimo de un hombre, un marido y un padre que lo arriesga todo en memoria de su hija y en la b\u00fasqueda inquebrantable de la verdad y la justicia.<\/p>\n<\/p><\/div>\n<p>        <a href=\"https:\/\/somosdecine.com\/series\/lockerbie-en-busqueda-de-la-verdad-2025\/\" style=\"margin-top: 20px;color: #0073aa;text-decoration: none;font-weight: bold\" target=\"_blank\" rel=\"noopener\">Ver ficha completa<\/a>\n    <\/div>\n<p>Hasta aqu\u00ed el <strong>repaso a los estrenos de SkyShowtime en febrero de 2025<\/strong>. Como ves, la plataforma sigue apostando por las series como formato principal a la hora de traer nuevo contenido original, algunas de ellas muy esperadas. Consulta <a href=\"\/estrenos\/\">nuestra secci\u00f3n de estrenos<\/a> para conocer otras novedades en plataformas y salas cines.<\/p>\n<p>La entrada <a href=\"https:\/\/somosdecine.com\/estrenos-skyshowtime-febrero-2025\/\" target=\"_blank\" rel=\"noopener\">Estrenos de SkyShowtime en febrero de 2025: pel\u00edculas y series<\/a> se public\u00f3 primero en <a href=\"https:\/\/somosdecine.com\" target=\"_blank\" rel=\"noopener\">SOY DE CINE<\/a>.<\/p>\n<p><a href=\"https:\/\/somosdecine.com\/estrenos-skyshowtime-febrero-2025\/\" class=\" target=\" title=\"Estrenos de SkyShowtime en febrero de 2025: pel\u00edculas y series\" target=\"_blank\" rel=\"noopener\">Ver fuente<\/a><\/p>\n","protected":false},"excerpt":{"rendered":"<p>Para estar al corriente de los nuevos estrenos de SkyShowtime en febrero de 2025 sigue leyendo. En este post te traigo las novedades de la plataforma de streaming de cara a las pr\u00f3ximas semanas, continuando el nuevo a\u00f1o con varias propuestas de lo m\u00e1s interesantes. Pel\u00edculas de estreno en SkyShowtime en febrero de 2025 Tendremos [&hellip;]<\/p>\n","protected":false},"author":2,"featured_media":45744,"comment_status":"open","ping_status":"closed","sticky":false,"template":"","format":"standard","meta":{"footnotes":""},"categories":[8],"tags":[],"class_list":["post-45743","post","type-post","status-publish","format-standard","has-post-thumbnail","hentry","category-entretenimiento"],"_links":{"self":[{"href":"https:\/\/enfoquenoticioso.com\/index.php?rest_route=\/wp\/v2\/posts\/45743","targetHints":{"allow":["GET"]}}],"collection":[{"href":"https:\/\/enfoquenoticioso.com\/index.php?rest_route=\/wp\/v2\/posts"}],"about":[{"href":"https:\/\/enfoquenoticioso.com\/index.php?rest_route=\/wp\/v2\/types\/post"}],"author":[{"embeddable":true,"href":"https:\/\/enfoquenoticioso.com\/index.php?rest_route=\/wp\/v2\/users\/2"}],"replies":[{"embeddable":true,"href":"https:\/\/enfoquenoticioso.com\/index.php?rest_route=%2Fwp%2Fv2%2Fcomments&post=45743"}],"version-history":[{"count":0,"href":"https:\/\/enfoquenoticioso.com\/index.php?rest_route=\/wp\/v2\/posts\/45743\/revisions"}],"wp:featuredmedia":[{"embeddable":true,"href":"https:\/\/enfoquenoticioso.com\/index.php?rest_route=\/wp\/v2\/media\/45744"}],"wp:attachment":[{"href":"https:\/\/enfoquenoticioso.com\/index.php?rest_route=%2Fwp%2Fv2%2Fmedia&parent=45743"}],"wp:term":[{"taxonomy":"category","embeddable":true,"href":"https:\/\/enfoquenoticioso.com\/index.php?rest_route=%2Fwp%2Fv2%2Fcategories&post=45743"},{"taxonomy":"post_tag","embeddable":true,"href":"https:\/\/enfoquenoticioso.com\/index.php?rest_route=%2Fwp%2Fv2%2Ftags&post=45743"}],"curies":[{"name":"wp","href":"https:\/\/api.w.org\/{rel}","templated":true}]}}