{"id":45758,"date":"2025-01-23T12:26:23","date_gmt":"2025-01-23T12:26:23","guid":{"rendered":"https:\/\/enfoquenoticioso.com\/entretenimiento\/la-paja-mas-triste-que-me-he-hecho-en-la-vida-la-tragicomica-confesion-de-dani-rovira-a-david-broncano\/"},"modified":"2025-01-23T12:26:23","modified_gmt":"2025-01-23T12:26:23","slug":"la-paja-mas-triste-que-me-he-hecho-en-la-vida-la-tragicomica-confesion-de-dani-rovira-a-david-broncano","status":"publish","type":"post","link":"https:\/\/enfoquenoticioso.com\/?p=45758","title":{"rendered":"\u00abLa paja m\u00e1s triste que me he hecho en la vida\u00bb. La tragic\u00f3mica confesi\u00f3n de Dani Rovira a David Broncano"},"content":{"rendered":"<div>\n<p>Anoche, Dani Rovira visit\u00f3 <a class=\"text-outboundlink\" href=\"https:\/\/www.espinof.com\/criticas\/revuelta-siquiera-intenta-luchar-hormiguero-sigue-teniendo-espiritu-programa-nicho-hecho-cuatro-amigos-garaje\" data-vars-post-title=\"&#039;La revuelta&#039; ni siquiera intenta luchar contra &#039;El hormiguero&#039; y sigue teniendo el esp\u00edritu de programa de nicho hecho por cuatro amigos en un garaje\" data-vars-post-url=\"https:\/\/www.espinof.com\/criticas\/revuelta-siquiera-intenta-luchar-hormiguero-sigue-teniendo-espiritu-programa-nicho-hecho-cuatro-amigos-garaje\" target=\"_blank\" rel=\"noopener\">&#8216;La revuelta&#8217;<\/a> para presentar su nuevo espect\u00e1culo, &#8216;Vale la pena&#8217;. El actor le cont\u00f3 a David Broncano la an\u00e9cdota de \u00abla paja m\u00e1s triste que se ha hecho en la vida\u00bb, que <strong>fue una hora antes de su primera sesi\u00f3n de quimioterapia<\/strong>.<\/p>\n<p><!-- BREAK 1 --> <\/p>\n<div id=\"ez-toc-container\" class=\"ez-toc-v2_0_81 counter-hierarchy ez-toc-counter ez-toc-grey ez-toc-container-direction\">\n<div class=\"ez-toc-title-container\">\n<p class=\"ez-toc-title\" style=\"cursor:inherit\">Tabla de Contenido<\/p>\n<span class=\"ez-toc-title-toggle\"><a href=\"#\" class=\"ez-toc-pull-right ez-toc-btn ez-toc-btn-xs ez-toc-btn-default ez-toc-toggle\" aria-label=\"Alternar tabla de contenidos\"><span class=\"ez-toc-js-icon-con\"><span class=\"\"><span class=\"eztoc-hide\" style=\"display:none;\">Toggle<\/span><span class=\"ez-toc-icon-toggle-span\"><svg style=\"fill: #999;color:#999\" xmlns=\"http:\/\/www.w3.org\/2000\/svg\" class=\"list-377408\" width=\"20px\" height=\"20px\" viewBox=\"0 0 24 24\" fill=\"none\"><path d=\"M6 6H4v2h2V6zm14 0H8v2h12V6zM4 11h2v2H4v-2zm16 0H8v2h12v-2zM4 16h2v2H4v-2zm16 0H8v2h12v-2z\" fill=\"currentColor\"><\/path><\/svg><svg style=\"fill: #999;color:#999\" class=\"arrow-unsorted-368013\" xmlns=\"http:\/\/www.w3.org\/2000\/svg\" width=\"10px\" height=\"10px\" viewBox=\"0 0 24 24\" version=\"1.2\" baseProfile=\"tiny\"><path d=\"M18.2 9.3l-6.2-6.3-6.2 6.3c-.2.2-.3.4-.3.7s.1.5.3.7c.2.2.4.3.7.3h11c.3 0 .5-.1.7-.3.2-.2.3-.5.3-.7s-.1-.5-.3-.7zM5.8 14.7l6.2 6.3 6.2-6.3c.2-.2.3-.5.3-.7s-.1-.5-.3-.7c-.2-.2-.4-.3-.7-.3h-11c-.3 0-.5.1-.7.3-.2.2-.3.5-.3.7s.1.5.3.7z\"\/><\/svg><\/span><\/span><\/span><\/a><\/span><\/div>\n<nav><ul class='ez-toc-list ez-toc-list-level-1 ' ><li class='ez-toc-page-1 ez-toc-heading-level-2'><a class=\"ez-toc-link ez-toc-heading-1\" href=\"https:\/\/enfoquenoticioso.com\/?p=45758\/#%C2%AB%C2%BFNo_me_vais_a_dar_una_magdalena_antes_de_la_paja%C2%BB\" >\u00ab\u00bfNo me vais a dar una magdalena antes de la paja?\u00bb<\/a><\/li><li class='ez-toc-page-1 ez-toc-heading-level-2'><a class=\"ez-toc-link ez-toc-heading-2\" href=\"https:\/\/enfoquenoticioso.com\/?p=45758\/#%C2%BFComo_fueron_las_audiencias\" >\u00bfC\u00f3mo fueron las audiencias?<\/a><\/li><\/ul><\/nav><\/div>\n<h2><span class=\"ez-toc-section\" id=\"%C2%AB%C2%BFNo_me_vais_a_dar_una_magdalena_antes_de_la_paja%C2%BB\"><\/span>\u00ab\u00bfNo me vais a dar una magdalena antes de la paja?\u00bb<span class=\"ez-toc-section-end\"><\/span><\/h2>\n<p>Aparte de Mari\u00e1n Mouri\u00f1o (presidenta del club de f\u00fatbol Celta de Vigo), Dani Rovira fue el otro invitado anoche en &#8216;La revuelta&#8217;. El actor y el presentador <strong>bromearon sobre los 11 a\u00f1os que hace ya del fen\u00f3meno<\/strong> <a class=\"text-outboundlink\" href=\"https:\/\/www.espinof.com\/criticas\/ocho-apellidos-vascos-simpatica-comedia-costumbrista\" data-vars-post-title=\"&#039;Ocho apellidos vascos&#039;, simp\u00e1tica comedia costumbrista\" data-vars-post-url=\"https:\/\/www.espinof.com\/criticas\/ocho-apellidos-vascos-simpatica-comedia-costumbrista\" target=\"_blank\" rel=\"noopener\">&#8216;Ocho apellidos vascos&#8217;<\/a> y tambi\u00e9n entraron en el tema del sexo.<\/p>\n<p><!-- BREAK 2 --><\/p>\n<div class=\"article-asset-image article-asset-large article-asset-center\">\n<div class=\"asset-content\">\n                   <img class=\"\" height=\"900\" width=\"1600\" loading=\"lazy\" decoding=\"async\" sizes=\"auto, 100vw\" fetchpriority=\"high\" srcset=\"https:\/\/i.blogs.es\/82785d\/la-revuelta\/450_1000.jpeg 450w, https:\/\/i.blogs.es\/82785d\/la-revuelta\/650_1200.jpeg 681w,https:\/\/i.blogs.es\/82785d\/la-revuelta\/1024_2000.jpeg 1024w, https:\/\/i.blogs.es\/82785d\/la-revuelta\/1366_2000.jpeg 1366w\" src=\"https:\/\/i.blogs.es\/82785d\/la-revuelta\/450_1000.jpeg\" alt=\"La Revuelta\"\/><br \/>\n   <img decoding=\"async\" alt=\"La Revuelta\" class=\"\" src=\"https:\/\/i.blogs.es\/82785d\/la-revuelta\/450_1000.jpeg\"\/><\/p><\/div>\n<\/div>\n<p>\u00abHe hecho la paja con gripe, la paja fumado y la paja quimio\u00bb comenz\u00f3 Rovira y continu\u00f3: <strong>\u00abSeis meses (de quimioterapia) y encima, no me la voy a pelar&#8230; Te alegraba un poco la vida\u00bb<\/strong>. El presentador le pregunt\u00f3 m\u00e1s sobre esta tragic\u00f3mica historia y \u00e9l se la relat\u00f3:<\/p>\n<p><!-- BREAK 3 --> <\/p>\n<blockquote><p>\u00abLa paja m\u00e1s triste que me he hecho en la vida fue una hora antes de mi primera quimio. En el hospital, me dice el m\u00e9dico: &#8216;Dani, estar\u00eda bien que congelaras esperma porque a lo mejor, con la quimio, te quedas est\u00e9ril&#8217;. Me ves a m\u00ed, en el ba\u00f1o de la sala de quimios, haci\u00e9ndome una pajuela en pandemia, con las dos mascarillas\u00bb.<\/p><\/blockquote>\n<div class=\"article-asset article-asset-normal article-asset-center\">\n<div class=\"desvio-container\">\n<div class=\"desvio\">\n<div class=\"desvio-figure js-desvio-figure\">\n    <a href=\"https:\/\/www.espinof.com\/reality\/revuelta-fariba-sheikhan-ganan-duelo-hormiguero-ajustado-margen-bake-off-sigue-perdiendo-audiencia\" class=\"pivot-outboundlink\" data-vars-post-title=\"&#039;La revuelta&#039; y Fariba Sheikhan ganan el duelo contra &#039;El hormiguero&#039; por un ajustado margen, y &#039;Bake Off&#039; sigue perdiendo audiencia\" target=\"_blank\" rel=\"noopener\"><br \/>\n     <img loading=\"lazy\" decoding=\"async\" alt=\"'La revuelta' y Fariba Sheikhan ganan el duelo contra 'El hormiguero' por un ajustado margen, y 'Bake Off' sigue perdiendo audiencia\" width=\"375\" height=\"142\" src=\"https:\/\/i.blogs.es\/270691\/broncano\/375_142.jpeg\"\/><br \/>\n    <\/a>\n   <\/div>\n<\/p><\/div>\n<\/p><\/div>\n<\/div>\n<p>\u00abMe hab\u00edan sacado sangre\u00bb a\u00f1adi\u00f3 Rovira. <strong>\u00abEstabas flojo, te podr\u00edas haber desmayado\u00bb<\/strong> rio Broncano. \u00ab\u00bfNo me vais a dar una magdalena antes de la paja? Estaba triste y con un poco de miedo\u00bb apunt\u00f3 Rovira, que concluy\u00f3 contando c\u00f3mo, la persona que se llev\u00f3 la muestra a otro hospital, le llam\u00f3 luego para preguntarle que si lo hab\u00eda echado todo dentro: <strong>\u00abQue si eso era todo, encima\u00bb<\/strong>.<\/p>\n<p><!-- BREAK 4 --><\/p>\n<h2><span class=\"ez-toc-section\" id=\"%C2%BFComo_fueron_las_audiencias\"><\/span>\u00bfC\u00f3mo fueron las audiencias?<span class=\"ez-toc-section-end\"><\/span><\/h2>\n<div class=\"article-asset-image article-asset-large article-asset-center\">\n<div class=\"asset-content\">\n                   <img class=\"\" height=\"675\" width=\"1200\" loading=\"lazy\" decoding=\"async\" sizes=\"auto, 100vw\" fetchpriority=\"high\" srcset=\"https:\/\/i.blogs.es\/ed7300\/revilla\/450_1000.jpeg 450w, https:\/\/i.blogs.es\/ed7300\/revilla\/650_1200.jpeg 681w,https:\/\/i.blogs.es\/ed7300\/revilla\/1024_2000.jpeg 1024w, https:\/\/i.blogs.es\/ed7300\/revilla\/1366_2000.jpeg 1366w\" src=\"https:\/\/i.blogs.es\/ed7300\/revilla\/450_1000.jpeg\" alt=\"Revilla\"\/><br \/>\n   <img decoding=\"async\" alt=\"Revilla\" class=\"\" src=\"https:\/\/i.blogs.es\/ed7300\/revilla\/450_1000.jpeg\"\/><\/p><\/div>\n<\/div>\n<p>Las audiencias del 22 de enero dieron la victoria a <a class=\"text-outboundlink\" href=\"https:\/\/www.espinof.com\/tag\/el-hormiguero\" data-vars-post-title=\"El Hormiguero\" data-vars-post-url=\"https:\/\/www.espinof.com\/tag\/el-hormiguero\" target=\"_blank\" rel=\"noopener\">&#8216;El hormiguero&#8217;<\/a>, que <strong>se coron\u00f3 con la visita de Miguel \u00c1ngel Revilla y 16,9% de <\/strong><em><strong>share <\/strong><\/em><strong>y 2.207.000 espectadores<\/strong> (16,9% y 2.207.000 en estricta competencia). &#8216;La revuelta&#8217; se qued\u00f3 en un segundo puesto con 13,5% y 1.756.000 (13,7% y 1.787.000 en la franja en que coincid\u00edan) y Antena 3 redonde\u00f3 su noche con &#8216;El capit\u00e1n en Am\u00e9rica&#8217; y sus 15,6% de cuota y 1.271.000.<\/p>\n<p><!-- BREAK 5 --><\/p>\n<p>En Espinof | <a class=\"text-outboundlink\" href=\"https:\/\/www.espinof.com\/reality\/revuelta-sorprende-su-entrevista-emotiva-otro-pais-yo-estaria-criando-malvas\" data-vars-post-title=\"&#039;La revuelta&#039; sorprende con su entrevista m\u00e1s emotiva. &quot;En otro pa\u00eds, yo estar\u00eda criando malvas&quot;\" data-vars-post-url=\"https:\/\/www.espinof.com\/reality\/revuelta-sorprende-su-entrevista-emotiva-otro-pais-yo-estaria-criando-malvas\" target=\"_blank\" rel=\"noopener\">&#8216;La revuelta&#8217; sorprende con su entrevista m\u00e1s emotiva. \u00abEn otro pa\u00eds, yo estar\u00eda criando malvas\u00bb<\/a><\/p>\n<p>En Espinof | <a class=\"text-outboundlink\" href=\"https:\/\/www.espinof.com\/listas\/mejores-series-ciencia-ficcion-fantasia-2024\" data-vars-post-title=\"Las 17 mejores series de ciencia ficci\u00f3n y fantas\u00eda de 2024 y d\u00f3nde verlas\" data-vars-post-url=\"https:\/\/www.espinof.com\/listas\/mejores-series-ciencia-ficcion-fantasia-2024\" target=\"_blank\" rel=\"noopener\">Las mejores series de ciencia ficci\u00f3n y fantas\u00eda de 2024<\/a><\/p>\n<\/p><\/div>\n<p><a href=\"https:\/\/www.espinof.com\/reality\/paja-triste-que-me-he-hecho-vida-tragicomica-confesion-dani-rovira-a-david-broncano\" class=\" target=\" title=\"\" La paja  triste que me he hecho en la   de Dani Rovira David target=\"_blank\" rel=\"noopener\">Ver fuente<\/a><\/p>\n","protected":false},"excerpt":{"rendered":"<p>Anoche, Dani Rovira visit\u00f3 &#8216;La revuelta&#8217; para presentar su nuevo espect\u00e1culo, &#8216;Vale la pena&#8217;. El actor le cont\u00f3 a David Broncano la an\u00e9cdota de \u00abla paja m\u00e1s triste que se ha hecho en la vida\u00bb, que fue una hora antes de su primera sesi\u00f3n de quimioterapia. \u00ab\u00bfNo me vais a dar una magdalena antes de [&hellip;]<\/p>\n","protected":false},"author":2,"featured_media":45759,"comment_status":"open","ping_status":"closed","sticky":false,"template":"","format":"standard","meta":{"footnotes":""},"categories":[8],"tags":[],"class_list":["post-45758","post","type-post","status-publish","format-standard","has-post-thumbnail","hentry","category-entretenimiento"],"_links":{"self":[{"href":"https:\/\/enfoquenoticioso.com\/index.php?rest_route=\/wp\/v2\/posts\/45758","targetHints":{"allow":["GET"]}}],"collection":[{"href":"https:\/\/enfoquenoticioso.com\/index.php?rest_route=\/wp\/v2\/posts"}],"about":[{"href":"https:\/\/enfoquenoticioso.com\/index.php?rest_route=\/wp\/v2\/types\/post"}],"author":[{"embeddable":true,"href":"https:\/\/enfoquenoticioso.com\/index.php?rest_route=\/wp\/v2\/users\/2"}],"replies":[{"embeddable":true,"href":"https:\/\/enfoquenoticioso.com\/index.php?rest_route=%2Fwp%2Fv2%2Fcomments&post=45758"}],"version-history":[{"count":0,"href":"https:\/\/enfoquenoticioso.com\/index.php?rest_route=\/wp\/v2\/posts\/45758\/revisions"}],"wp:featuredmedia":[{"embeddable":true,"href":"https:\/\/enfoquenoticioso.com\/index.php?rest_route=\/wp\/v2\/media\/45759"}],"wp:attachment":[{"href":"https:\/\/enfoquenoticioso.com\/index.php?rest_route=%2Fwp%2Fv2%2Fmedia&parent=45758"}],"wp:term":[{"taxonomy":"category","embeddable":true,"href":"https:\/\/enfoquenoticioso.com\/index.php?rest_route=%2Fwp%2Fv2%2Fcategories&post=45758"},{"taxonomy":"post_tag","embeddable":true,"href":"https:\/\/enfoquenoticioso.com\/index.php?rest_route=%2Fwp%2Fv2%2Ftags&post=45758"}],"curies":[{"name":"wp","href":"https:\/\/api.w.org\/{rel}","templated":true}]}}