{"id":45833,"date":"2025-01-23T20:44:19","date_gmt":"2025-01-23T20:44:19","guid":{"rendered":"https:\/\/enfoquenoticioso.com\/entretenimiento\/karla-sofia-gascon-hace-historia-en-los-oscars-como-la-primera-actriz-abiertamente-trans-en-ser-nominada\/"},"modified":"2025-01-23T20:44:19","modified_gmt":"2025-01-23T20:44:19","slug":"karla-sofia-gascon-hace-historia-en-los-oscars-como-la-primera-actriz-abiertamente-trans-en-ser-nominada","status":"publish","type":"post","link":"https:\/\/enfoquenoticioso.com\/?p=45833","title":{"rendered":"Karla Sof\u00eda Gasc\u00f3n hace historia en los Oscars como la primera actriz abiertamente trans en ser nominada"},"content":{"rendered":"<div>\n<p>La Academia de Hollywood acaba de anunciar <a class=\"text-outboundlink\" href=\"https:\/\/www.espinof.com\/fecha-de-estreno\/premios-oscar-2025-nominados-favoritos-fecha-gala-otros-detalles-gran-evento-cinematografico\" data-vars-post-title=\"Premios Oscar 2025: nominados, favoritos, fecha de la gala y otros detalles del gran evento cinematogr\u00e1fico\" data-vars-post-url=\"https:\/\/www.espinof.com\/fecha-de-estreno\/premios-oscar-2025-nominados-favoritos-fecha-gala-otros-detalles-gran-evento-cinematografico\" target=\"_blank\" rel=\"noopener\">las nominaciones a los Premios \u00d3scar 2025<\/a> y est\u00e1 claro que <a class=\"text-outboundlink\" href=\"https:\/\/www.espinof.com\/criticas\/emilia-perez-libertad-absoluta-como-sinonimo-buen-cine\" data-vars-post-title=\"&#039;Emilia P\u00e9rez&#039;. La libertad absoluta como sin\u00f3nimo de buen cine\" data-vars-post-url=\"https:\/\/www.espinof.com\/criticas\/emilia-perez-libertad-absoluta-como-sinonimo-buen-cine\" target=\"_blank\" rel=\"noopener\">&#8216;Emilia P\u00e9rez&#8217;<\/a> es una de las pel\u00edculas favoritas. El exc\u00e9ntrico musical de Jacques Audiard, adem\u00e1s, acaba de hacer historia con <strong>Karla Sof\u00eda Gasc\u00f3n, la primera actriz abiertamente trans en ser nominada a estos premios<\/strong>.<\/p>\n<p><!-- BREAK 1 --> <\/p>\n<div id=\"ez-toc-container\" class=\"ez-toc-v2_0_81 counter-hierarchy ez-toc-counter ez-toc-grey ez-toc-container-direction\">\n<div class=\"ez-toc-title-container\">\n<p class=\"ez-toc-title\" style=\"cursor:inherit\">Tabla de Contenido<\/p>\n<span class=\"ez-toc-title-toggle\"><a href=\"#\" class=\"ez-toc-pull-right ez-toc-btn ez-toc-btn-xs ez-toc-btn-default ez-toc-toggle\" aria-label=\"Alternar tabla de contenidos\"><span class=\"ez-toc-js-icon-con\"><span class=\"\"><span class=\"eztoc-hide\" style=\"display:none;\">Toggle<\/span><span class=\"ez-toc-icon-toggle-span\"><svg style=\"fill: #999;color:#999\" xmlns=\"http:\/\/www.w3.org\/2000\/svg\" class=\"list-377408\" width=\"20px\" height=\"20px\" viewBox=\"0 0 24 24\" fill=\"none\"><path d=\"M6 6H4v2h2V6zm14 0H8v2h12V6zM4 11h2v2H4v-2zm16 0H8v2h12v-2zM4 16h2v2H4v-2zm16 0H8v2h12v-2z\" fill=\"currentColor\"><\/path><\/svg><svg style=\"fill: #999;color:#999\" class=\"arrow-unsorted-368013\" xmlns=\"http:\/\/www.w3.org\/2000\/svg\" width=\"10px\" height=\"10px\" viewBox=\"0 0 24 24\" version=\"1.2\" baseProfile=\"tiny\"><path d=\"M18.2 9.3l-6.2-6.3-6.2 6.3c-.2.2-.3.4-.3.7s.1.5.3.7c.2.2.4.3.7.3h11c.3 0 .5-.1.7-.3.2-.2.3-.5.3-.7s-.1-.5-.3-.7zM5.8 14.7l6.2 6.3 6.2-6.3c.2-.2.3-.5.3-.7s-.1-.5-.3-.7c-.2-.2-.4-.3-.7-.3h-11c-.3 0-.5.1-.7.3-.2.2-.3.5-.3.7s.1.5.3.7z\"\/><\/svg><\/span><\/span><\/span><\/a><\/span><\/div>\n<nav><ul class='ez-toc-list ez-toc-list-level-1 ' ><li class='ez-toc-page-1 ez-toc-heading-level-2'><a class=\"ez-toc-link ez-toc-heading-1\" href=\"https:\/\/enfoquenoticioso.com\/?p=45833\/#Mas_records_para_%E2%80%98Emilia_Perez\" >M\u00e1s r\u00e9cords para &#8216;Emilia P\u00e9rez&#8217;<\/a><\/li><\/ul><\/nav><\/div>\n<h2><span class=\"ez-toc-section\" id=\"Mas_records_para_%E2%80%98Emilia_Perez\"><\/span>M\u00e1s r\u00e9cords para &#8216;Emilia P\u00e9rez&#8217;<span class=\"ez-toc-section-end\"><\/span><\/h2>\n<p>Pese a que tambi\u00e9n ha venido acompa\u00f1ada de <a class=\"text-outboundlink\" href=\"https:\/\/www.espinof.com\/directores-y-guionistas\/jaques-audiard-pide-perdon-a-mexico-se-disculpa-su-pelicula-emilia-perez-me-sorprende-muchisimo\" data-vars-post-title=\"Jaques Audiard pide perd\u00f3n a M\u00e9xico y se disculpa sobre su pel\u00edcula &#039;Emilia P\u00e9rez&#039;: &quot;Me sorprende much\u00edsimo&quot; \" data-vars-post-url=\"https:\/\/www.espinof.com\/directores-y-guionistas\/jaques-audiard-pide-perdon-a-mexico-se-disculpa-su-pelicula-emilia-perez-me-sorprende-muchisimo\" target=\"_blank\" rel=\"noopener\">pol\u00e9mica extracinematogr\u00e1fica<\/a>, <strong>&#8216;Emilia P\u00e9rez&#8217; est\u00e1 viviendo un momento dulce en la temporada de premios<\/strong>. Tras ganar el premio del jurado y el reconocimiento a las cuatro actrices principales <a class=\"text-outboundlink\" href=\"https:\/\/www.espinof.com\/festival-cannes\/ganadores-festival-cannes-2024-sean-baker-se-lleva-palma-oro-anora\" data-vars-post-title=\"Sean Baker triunfa en el Festival de Cannes 2024 con &#039;Anora&#039;, y &#039;Emilia P\u00e9rez&#039; da la sorpresa en el palmar\u00e9s\" data-vars-post-url=\"https:\/\/www.espinof.com\/festival-cannes\/ganadores-festival-cannes-2024-sean-baker-se-lleva-palma-oro-anora\" target=\"_blank\" rel=\"noopener\">en Cannes<\/a> y rascar unos cuantos en <a class=\"text-outboundlink\" href=\"https:\/\/www.espinof.com\/globos-de-oro\/globos-oro-abren-veda-para-the-brutalist-emilia-perez-gala-correcta-que-peco-copiar-ganadores-emmy\" data-vars-post-title=\"Los Globos de Oro copiaron a los Emmy en los premios televisivos, pero abrieron la veda de los \u00d3scar en una gala correcta que no pasar\u00e1 a la historia\" data-vars-post-url=\"https:\/\/www.espinof.com\/globos-de-oro\/globos-oro-abren-veda-para-the-brutalist-emilia-perez-gala-correcta-que-peco-copiar-ganadores-emmy\" target=\"_blank\" rel=\"noopener\">los Globos de Oro<\/a>, le ha llegado el turno a los Premios \u00d3scar.<\/p>\n<p><!-- BREAK 2 --><\/p>\n<p>Para la ceremonia de 2025, <strong>el musical criminal de Jacques Audiard optar\u00e1 a m\u00faltiples categor\u00edas<\/strong>: la de Mejor pel\u00edcula, Mejor actriz de reparto (Zoe Salda\u00f1a), Mejor fotograf\u00eda, Mejor direcci\u00f3n, Mejor montaje, Mejor pel\u00edcula internacional, Mejor maquillaje y peluquer\u00eda, Mejor m\u00fasica, Mejor canci\u00f3n, Mejor sonido, Mejor guion adaptado y Mejor actriz principal.<\/p>\n<p><!-- BREAK 3 --> <\/p>\n<div class=\"article-asset article-asset-normal article-asset-center\">\n<div class=\"desvio-container\">\n<div class=\"desvio\">\n<div class=\"desvio-figure js-desvio-figure\">\n    <a href=\"https:\/\/www.espinof.com\/reality\/creo-que-va-a-hacer-historia-broncano-queda-impresionado-records-emilia-perez-karla-sofia-gascon-le-da-zasca-no-hacer-deberes\" class=\"pivot-outboundlink\" data-vars-post-title=\"&quot;Creo que va a hacer historia&quot;. Broncano queda impresionado con los records de &#039;Emilia P\u00e9rez&#039; y Karla Sof\u00eda Gasc\u00f3n le da un zasca por no hacer los deberes\" target=\"_blank\" rel=\"noopener\"><br \/>\n     <img loading=\"lazy\" decoding=\"async\" alt=\"&quot;Creo que va a hacer historia&quot;. Broncano queda impresionado con los records de 'Emilia P\u00e9rez' y Karla Sof\u00eda Gasc\u00f3n le da un zasca por no hacer los deberes\" width=\"375\" height=\"142\" src=\"https:\/\/i.blogs.es\/73471e\/broncano\/375_142.jpeg\"\/><br \/>\n    <\/a>\n   <\/div>\n<\/p><\/div>\n<\/p><\/div>\n<\/div>\n<p>Esta \u00faltima nominaci\u00f3n a Karla Sof\u00eda Gasc\u00f3n ha sido una de las m\u00e1s notables, ya que supone un hecho hist\u00f3rico en los \u00d3scar: es <strong>la primera vez que la Academia ha nominado a una actriz abiertamente trans<\/strong>. Si bien tenemos tambi\u00e9n el caso del actor Elliot Page, cuando fue nominado en 2007 por &#8216;Juno&#8217; todav\u00eda no se hab\u00eda declarado p\u00fablicamente trans (y de hecho, por aquel entonces todav\u00eda compet\u00eda en la categor\u00eda de actriz).<\/p>\n<p><!-- BREAK 4 --><\/p>\n<p>Tambi\u00e9n <strong>no faltan los ejemplos de actores cisg\u00e9nero que han ganado un \u00d3scar interpretando papeles trans<\/strong>, como Jared Leto en 2013 por <a class=\"text-outboundlink\" href=\"https:\/\/www.espinof.com\/criticas\/dallas-buyers-club-la-lucha-por-la-vida\" data-vars-post-title=\"&#039;Dallas Buyers Club&#039;, la lucha por la vida \" data-vars-post-url=\"https:\/\/www.espinof.com\/criticas\/dallas-buyers-club-la-lucha-por-la-vida\" target=\"_blank\" rel=\"noopener\">&#8216;Dallas Buyers Club&#8217;<\/a> o Hillary Swank en 1999 por <a class=\"text-outboundlink\" href=\"https:\/\/www.espinof.com\/proyectos\/boys-dont-cry-el-camino-al-cielo\" data-vars-post-title=\"&#039;Boys don&#039;t cry&#039;: El camino al cielo\" data-vars-post-url=\"https:\/\/www.espinof.com\/proyectos\/boys-dont-cry-el-camino-al-cielo\" target=\"_blank\" rel=\"noopener\">&#8216;Boys Don&#8217;t Cry&#8217;<\/a> (Eddie Redmayne tambi\u00e9n estuvo nominado aunque no gan\u00f3 por <a class=\"text-outboundlink\" href=\"https:\/\/www.espinof.com\/criticas\/la-chica-danesa-aburrida-correccion\" data-vars-post-title=\"&#039;La chica danesa&#039;, aburrida correcci\u00f3n\" data-vars-post-url=\"https:\/\/www.espinof.com\/criticas\/la-chica-danesa-aburrida-correccion\" target=\"_blank\" rel=\"noopener\">&#8216;La chica danesa&#8217;<\/a>). Si Gasc\u00f3n gana, volver\u00eda a hacer historia como la primera actriz trans en hacerse con la estatuilla.<\/p>\n<p><!-- BREAK 5 --><\/p>\n<p>La actriz espa\u00f1ola comenz\u00f3 a ganar notoriedad trabajando en telenovelas mexicanas, pero es &#8216;Emilia P\u00e9rez&#8217; la pel\u00edcula que la ha puesto en todos los radares cin\u00e9filos. Aunque <strong>se plante\u00f3 la posibilidad de fichar a un actor cis<\/strong> para su papel en la cinta antes de que el personaje se reconozca como trans, la actriz <a class=\"text-outboundlink\" href=\"https:\/\/www.espinof.com\/actores-y-actrices\/director-emilia-perez-no-queria-que-karla-sofia-gascon-interpretara-papel-masculino-actriz-consiguio-convencerlo\" data-vars-post-title=\"El director de &#039;Emilia P\u00e9rez&#039; no quer\u00eda que Karla Sof\u00eda Gasc\u00f3n interpretara el papel masculino, pero la actriz consigui\u00f3 convencerlo. &quot;Conozco mis capacidades&quot;\" data-vars-post-url=\"https:\/\/www.espinof.com\/actores-y-actrices\/director-emilia-perez-no-queria-que-karla-sofia-gascon-interpretara-papel-masculino-actriz-consiguio-convencerlo\" target=\"_blank\" rel=\"noopener\">ten\u00eda claro<\/a> que quer\u00eda hacer ambos papeles:<\/p>\n<p><!-- BREAK 6 --> <\/p>\n<blockquote><p>\u00abDesde un punto de vista algo egoc\u00e9ntrico, te puedo decir que me vuelve loca que la gente no se d\u00e9 cuenta de que soy yo interpretando a ambos personajes. Pero a la vez tambi\u00e9n me siento muy orgullosa\u00bb cont\u00f3 a <a rel=\"noopener, noreferrer\" href=\"https:\/\/www.nytimes.com\/2025\/01\/23\/movies\/karla-sofia-gascon-oscar-history-trans-actress.html#:~:text=Awards%20Season%20Coverage-,Karla%20Sof%C3%ADa%20Gasc%C3%B3n%20Makes%20Oscar%20History%20as%20First%20Openly%20Trans,coming%20out%20publicly%20as%20trans\" target=\"_blank\">The New York Times<\/a>.<\/p><\/blockquote>\n<p>En Espinof | <a class=\"text-outboundlink\" href=\"https:\/\/www.espinof.com\/divulgacion\/chandales-terciopelo-elegancia-parisina-como-emilia-perez-moldeo-dualidad-su-protagonista-dos-referentes-particulares\" data-vars-post-title=\"Ch\u00e1ndales de terciopelo y elegancia parisina. C\u00f3mo &#039;Emilia P\u00e9rez&#039; molde\u00f3 la dualidad de su protagonista con dos referentes de lo m\u00e1s particulares \" data-vars-post-url=\"https:\/\/www.espinof.com\/divulgacion\/chandales-terciopelo-elegancia-parisina-como-emilia-perez-moldeo-dualidad-su-protagonista-dos-referentes-particulares\" target=\"_blank\" rel=\"noopener\">Ch\u00e1ndales \u00a0de terciopelo y elegancia parisina. C\u00f3mo &#8216;Emilia P\u00e9rez&#8217; molde\u00f3 la \u00a0dualidad de su protagonista con dos referentes de lo m\u00e1s particulares<\/a><\/p>\n<p><!-- BREAK 7 --><\/p>\n<p>En Espinof | <a class=\"text-outboundlink\" href=\"https:\/\/www.espinof.com\/listas\/mejores-series-ciencia-ficcion-fantasia-2024\" data-vars-post-title=\"Las 17 mejores series de ciencia ficci\u00f3n y fantas\u00eda de 2024 y d\u00f3nde verlas\" data-vars-post-url=\"https:\/\/www.espinof.com\/listas\/mejores-series-ciencia-ficcion-fantasia-2024\" target=\"_blank\" rel=\"noopener\">Las mejores series de ciencia ficci\u00f3n y fantas\u00eda de 2024<\/a><\/p>\n<\/p><\/div>\n<p><a href=\"https:\/\/www.espinof.com\/premios-oscar\/karla-sofia-gascon-hace-historia-oscars-como-primera-actriz-abiertamente-trans-ser-nominada\" class=\" target=\" title=\"Karla Sof\u00eda Gasc\u00f3n hace historia en los Oscars como la primera actriz abiertamente trans en ser nominada\" target=\"_blank\" rel=\"noopener\">Ver fuente<\/a><\/p>\n","protected":false},"excerpt":{"rendered":"<p>La Academia de Hollywood acaba de anunciar las nominaciones a los Premios \u00d3scar 2025 y est\u00e1 claro que &#8216;Emilia P\u00e9rez&#8217; es una de las pel\u00edculas favoritas. El exc\u00e9ntrico musical de Jacques Audiard, adem\u00e1s, acaba de hacer historia con Karla Sof\u00eda Gasc\u00f3n, la primera actriz abiertamente trans en ser nominada a estos premios. M\u00e1s r\u00e9cords para [&hellip;]<\/p>\n","protected":false},"author":2,"featured_media":45834,"comment_status":"open","ping_status":"closed","sticky":false,"template":"","format":"standard","meta":{"footnotes":""},"categories":[8],"tags":[],"class_list":["post-45833","post","type-post","status-publish","format-standard","has-post-thumbnail","hentry","category-entretenimiento"],"_links":{"self":[{"href":"https:\/\/enfoquenoticioso.com\/index.php?rest_route=\/wp\/v2\/posts\/45833","targetHints":{"allow":["GET"]}}],"collection":[{"href":"https:\/\/enfoquenoticioso.com\/index.php?rest_route=\/wp\/v2\/posts"}],"about":[{"href":"https:\/\/enfoquenoticioso.com\/index.php?rest_route=\/wp\/v2\/types\/post"}],"author":[{"embeddable":true,"href":"https:\/\/enfoquenoticioso.com\/index.php?rest_route=\/wp\/v2\/users\/2"}],"replies":[{"embeddable":true,"href":"https:\/\/enfoquenoticioso.com\/index.php?rest_route=%2Fwp%2Fv2%2Fcomments&post=45833"}],"version-history":[{"count":0,"href":"https:\/\/enfoquenoticioso.com\/index.php?rest_route=\/wp\/v2\/posts\/45833\/revisions"}],"wp:featuredmedia":[{"embeddable":true,"href":"https:\/\/enfoquenoticioso.com\/index.php?rest_route=\/wp\/v2\/media\/45834"}],"wp:attachment":[{"href":"https:\/\/enfoquenoticioso.com\/index.php?rest_route=%2Fwp%2Fv2%2Fmedia&parent=45833"}],"wp:term":[{"taxonomy":"category","embeddable":true,"href":"https:\/\/enfoquenoticioso.com\/index.php?rest_route=%2Fwp%2Fv2%2Fcategories&post=45833"},{"taxonomy":"post_tag","embeddable":true,"href":"https:\/\/enfoquenoticioso.com\/index.php?rest_route=%2Fwp%2Fv2%2Ftags&post=45833"}],"curies":[{"name":"wp","href":"https:\/\/api.w.org\/{rel}","templated":true}]}}