{"id":45845,"date":"2025-01-23T22:11:43","date_gmt":"2025-01-23T22:11:43","guid":{"rendered":"https:\/\/enfoquenoticioso.com\/entretenimiento\/todas-las-opciones-espanolas-de-los-oscar-se-han-caido-en-las-nominaciones-todas-menos-una\/"},"modified":"2025-01-23T22:11:43","modified_gmt":"2025-01-23T22:11:43","slug":"todas-las-opciones-espanolas-de-los-oscar-se-han-caido-en-las-nominaciones-todas-menos-una","status":"publish","type":"post","link":"https:\/\/enfoquenoticioso.com\/?p=45845","title":{"rendered":"Todas las opciones espa\u00f1olas de los \u00d3scar se han ca\u00eddo en las nominaciones. Todas, menos una"},"content":{"rendered":"<div>\n<p>Cuando la Academia espa\u00f1ola decidi\u00f3 enviar <a class=\"text-outboundlink\" href=\"https:\/\/www.espinof.com\/criticas\/segundo-premio-mejor-biopic-musical-hecho-espana-no-hace-falta-ser-fan-planetas-para-emocionarse-su-casting-perfecto\" data-vars-post-title=\"&#039;Segundo Premio&#039; es el mejor biopic musical hecho en Espa\u00f1a. No hace falta ser fan de Los Planetas para emocionarse con su casting perfecto\" data-vars-post-url=\"https:\/\/www.espinof.com\/criticas\/segundo-premio-mejor-biopic-musical-hecho-espana-no-hace-falta-ser-fan-planetas-para-emocionarse-su-casting-perfecto\" target=\"_blank\" rel=\"noopener\">&#8216;Segundo premio&#8217;<\/a> a los \u00d3scar, en un a\u00f1o muy potente para el cine internacional (ah\u00ed est\u00e1n cosas como <a class=\"text-outboundlink\" href=\"https:\/\/www.espinof.com\/criticas\/emilia-perez-mejores-peliculas-ano-jacques-audiard-basa-su-musical-imprevisibilidad-triunfa-cine-algoritmico-festival-san-sebastian-2024\" data-vars-post-title=\"&#039;Emilia P\u00e9rez&#039; es una de las mejores pel\u00edculas del a\u00f1o: Jacques Audiard basa su musical en la imprevisibilidad y triunfa ante el cine algor\u00edtmico | Festival de San Sebasti\u00e1n 2024\" data-vars-post-url=\"https:\/\/www.espinof.com\/criticas\/emilia-perez-mejores-peliculas-ano-jacques-audiard-basa-su-musical-imprevisibilidad-triunfa-cine-algoritmico-festival-san-sebastian-2024\" target=\"_blank\" rel=\"noopener\">&#8216;Emilia P\u00e9rez&#8217;<\/a>, &#8216;A\u00fan estoy aqu\u00ed&#8217;, <a class=\"text-outboundlink\" href=\"https:\/\/www.espinof.com\/criticas\/flow-peliculas-animacion-imprescindibles-ano-emotiva-odisea-animal-que-ha-conquistado-a-globos-oro\" data-vars-post-title=\"&#039;Flow&#039; es una de las pel\u00edculas de animaci\u00f3n imprescindibles del a\u00f1o. Una emotiva odisea animal que ya ha conquistado a los Globos de Oro \" data-vars-post-url=\"https:\/\/www.espinof.com\/criticas\/flow-peliculas-animacion-imprescindibles-ano-emotiva-odisea-animal-que-ha-conquistado-a-globos-oro\" target=\"_blank\" rel=\"noopener\">&#8216;Flow&#8217;<\/a> o <a class=\"text-outboundlink\" href=\"https:\/\/www.espinof.com\/criticas\/fruto-higuera-sagrada-pelicula-valiente-decada-tambien-thriller-perfecto-para-acallar-cualquier-queja-cine-irani-festival-san-sebastian-2024\" data-vars-post-title=\"&#039;La semilla de la higuera sagrada&#039; es la pel\u00edcula m\u00e1s valiente de la d\u00e9cada, pero tambi\u00e9n un thriller perfecto para acallar cualquier queja sobre el cine iran\u00ed | Festival de San Sebasti\u00e1n 2024\" data-vars-post-url=\"https:\/\/www.espinof.com\/criticas\/fruto-higuera-sagrada-pelicula-valiente-decada-tambien-thriller-perfecto-para-acallar-cualquier-queja-cine-irani-festival-san-sebastian-2024\" target=\"_blank\" rel=\"noopener\">&#8216;La semilla de la higuera sagrada&#8217;<\/a>, entre otras), la mayor\u00eda ya imagin\u00e1bamos que <strong>el 3 de marzo no estar\u00edamos precisamente comi\u00e9ndonos las u\u00f1as<\/strong> por ver si Isaki Lacuesta sub\u00eda al escenario del Dolby Theatre a recoger su \u00d3scar. No por mala, ojo. Es que, como viene siendo habitual, en Espa\u00f1a escogemos la pel\u00edcula que m\u00e1s nos gusta a nosotros (una biograf\u00eda sui generis de Los Planetas), <strong>aunque los americanos no la entiendan<\/strong>. Y as\u00ed nos luce el pelo.<\/p>\n<p><!-- BREAK 1 --> <\/p>\n<div id=\"ez-toc-container\" class=\"ez-toc-v2_0_81 counter-hierarchy ez-toc-counter ez-toc-grey ez-toc-container-direction\">\n<div class=\"ez-toc-title-container\">\n<p class=\"ez-toc-title\" style=\"cursor:inherit\">Tabla de Contenido<\/p>\n<span class=\"ez-toc-title-toggle\"><a href=\"#\" class=\"ez-toc-pull-right ez-toc-btn ez-toc-btn-xs ez-toc-btn-default ez-toc-toggle\" aria-label=\"Alternar tabla de contenidos\"><span class=\"ez-toc-js-icon-con\"><span class=\"\"><span class=\"eztoc-hide\" style=\"display:none;\">Toggle<\/span><span class=\"ez-toc-icon-toggle-span\"><svg style=\"fill: #999;color:#999\" xmlns=\"http:\/\/www.w3.org\/2000\/svg\" class=\"list-377408\" width=\"20px\" height=\"20px\" viewBox=\"0 0 24 24\" fill=\"none\"><path d=\"M6 6H4v2h2V6zm14 0H8v2h12V6zM4 11h2v2H4v-2zm16 0H8v2h12v-2zM4 16h2v2H4v-2zm16 0H8v2h12v-2z\" fill=\"currentColor\"><\/path><\/svg><svg style=\"fill: #999;color:#999\" class=\"arrow-unsorted-368013\" xmlns=\"http:\/\/www.w3.org\/2000\/svg\" width=\"10px\" height=\"10px\" viewBox=\"0 0 24 24\" version=\"1.2\" baseProfile=\"tiny\"><path d=\"M18.2 9.3l-6.2-6.3-6.2 6.3c-.2.2-.3.4-.3.7s.1.5.3.7c.2.2.4.3.7.3h11c.3 0 .5-.1.7-.3.2-.2.3-.5.3-.7s-.1-.5-.3-.7zM5.8 14.7l6.2 6.3 6.2-6.3c.2-.2.3-.5.3-.7s-.1-.5-.3-.7c-.2-.2-.4-.3-.7-.3h-11c-.3 0-.5.1-.7.3-.2.2-.3.5-.3.7s.1.5.3.7z\"\/><\/svg><\/span><\/span><\/span><\/a><\/span><\/div>\n<nav><ul class='ez-toc-list ez-toc-list-level-1 ' ><li class='ez-toc-page-1 ez-toc-heading-level-2'><a class=\"ez-toc-link ez-toc-heading-1\" href=\"https:\/\/enfoquenoticioso.com\/?p=45845\/#Adams_apple_reduction_yes_yes_yes_yes\" >Adam&#8217;s apple reduction, yes, yes, yes, yes<\/a><\/li><\/ul><\/nav><\/div>\n<h2><span class=\"ez-toc-section\" id=\"Adams_apple_reduction_yes_yes_yes_yes\"><\/span>Adam&#8217;s apple reduction, yes, yes, yes, yes<span class=\"ez-toc-section-end\"><\/span><\/h2>\n<p>Obviamente, hay que hablar de la gran ganadora de la noche, incluso aunque al final no acabe por llevarse el premio a su casa: <strong>Karla Sofia Gasc\u00f3n, nacida en Alcobendas y residente en Madrid<\/strong>, que no solo es espa\u00f1ola, sino tambi\u00e9n la primera mujer trans en ser nominada a los \u00d3scar. No os preocup\u00e9is, si este dato os molesta mucho por el motivo que sea <strong>pod\u00e9is lanzar bilis en los comentarios hacia el absurdo vac\u00edo de Internet.<\/strong><\/p>\n<p><!-- BREAK 2 --><\/p>\n<div class=\"article-asset article-asset-normal article-asset-center\">\n<div class=\"desvio-container\">\n<div class=\"desvio\">\n<div class=\"desvio-figure js-desvio-figure\">\n    <a href=\"https:\/\/www.espinof.com\/fecha-de-estreno\/premios-oscar-2025-nominados-favoritos-fecha-gala-otros-detalles-gran-evento-cinematografico\" class=\"pivot-outboundlink\" data-vars-post-title=\"Premios Oscar 2025: nominados, favoritos, fecha de la gala y otros detalles del gran evento cinematogr\u00e1fico\" target=\"_blank\" rel=\"noopener\"><br \/>\n     <img loading=\"lazy\" decoding=\"async\" alt=\"Premios Oscar 2025: nominados, favoritos, fecha de la gala y otros detalles del gran evento cinematogr\u00e1fico\" width=\"375\" height=\"142\" src=\"https:\/\/i.blogs.es\/a234a8\/oscar-2025\/375_142.jpeg\"\/><br \/>\n    <\/a>\n   <\/div>\n<\/p><\/div>\n<\/p><\/div>\n<\/div>\n<p>Y ya est\u00e1. Podr\u00edamos hablar tambi\u00e9n de Julia Floch Carbonel, nominada a mejor maquillaje y peluquer\u00eda tambi\u00e9n por &#8216;Emilia P\u00e9rez&#8217;, que <strong>es hija de espa\u00f1oles pero ha desarrollado toda su carrera en Francia<\/strong>, desde su primer trabajo en 2006, con pel\u00edculas como <a class=\"text-outboundlink\" href=\"https:\/\/www.espinof.com\/criticas\/paris-distrito-13-audiard-reflexiona-amor-sexo-estabilidad-generacion-millennial-fabulosa-pelicula\" data-vars-post-title=\"&#039;Par\u00eds, distrito 13&#039;: Jacques Audiard reflexiona sobre el amor, el sexo y la estabilidad de la generaci\u00f3n millennial en una pel\u00edcula fabulosa\" data-vars-post-url=\"https:\/\/www.espinof.com\/criticas\/paris-distrito-13-audiard-reflexiona-amor-sexo-estabilidad-generacion-millennial-fabulosa-pelicula\" target=\"_blank\" rel=\"noopener\">&#8216;Par\u00eds, Distrito 13&#8217;<\/a> o <a class=\"text-outboundlink\" href=\"https:\/\/www.espinof.com\/criticas\/dogman-nos-regala-mejores-interpretaciones-ano-luc-besson-se-queda-a-medias-no-ensena-todo-sus-colmillos\" data-vars-post-title=\"&#039;Dogman&#039; nos regala una de las mejores interpretaciones del a\u00f1o, pero Luc Besson se queda a medias y no ense\u00f1a del todo sus colmillos\" data-vars-post-url=\"https:\/\/www.espinof.com\/criticas\/dogman-nos-regala-mejores-interpretaciones-ano-luc-besson-se-queda-a-medias-no-ensena-todo-sus-colmillos\" target=\"_blank\" rel=\"noopener\">&#8216;Dogman&#8217;<\/a>. Si necesitas apoyar a alguien de tu pa\u00eds como si fuera un partido de f\u00fatbol, <strong>siempre te puedes agarrar a un clavo ardiendo.<\/strong><\/p>\n<p><!-- BREAK 3 --> <\/p>\n<p>Aunque al principio de la temporada de premios <strong>muchos confi\u00e1bamos en que Pedro Almod\u00f3var iba a llegar fortalecido a los \u00d3scar<\/strong> con <a class=\"text-outboundlink\" href=\"https:\/\/www.espinof.com\/criticas\/habitacion-al-lado-notable-no-esta-al-nivel-mejores-peliculas-pedro-almodovar-tilda-swinton-julianne-moore-brillan-esta-medida-reflexion-muerte\" data-vars-post-title=\"&#039;La habitaci\u00f3n de al lado&#039; es notable pero no est\u00e1 al nivel de las mejores pel\u00edculas de Pedro Almod\u00f3var. Tilda Swinton y Julianne Moore brillan en esta medida reflexi\u00f3n sobre la muerte\" data-vars-post-url=\"https:\/\/www.espinof.com\/criticas\/habitacion-al-lado-notable-no-esta-al-nivel-mejores-peliculas-pedro-almodovar-tilda-swinton-julianne-moore-brillan-esta-medida-reflexion-muerte\" target=\"_blank\" rel=\"noopener\">&#8216;La habitaci\u00f3n de al lado&#8217;<\/a>, lo cierto es que se ha ido totalmente de vac\u00edo (quiz\u00e1 hubiera conseguido la nominaci\u00f3n a mejor pel\u00edcula internacional, si la hubi\u00e9ramos enviado). Ha ocurrido lo mismo con otras opciones como <a class=\"text-outboundlink\" href=\"https:\/\/www.espinof.com\/criticas\/como-santos-inocentes-fuera-pelicula-terror-se-estrena-forma-inminente-espera-ultima-sorpresa-cine-espanol-ano\" data-vars-post-title=\"Es como si \u2018Los santos inocentes\u2019 fuera una pel\u00edcula de terror y se estrena de forma inminente. \u2018La espera\u2019 es la \u00faltima sorpresa del cine espa\u00f1ol del a\u00f1o\" data-vars-post-url=\"https:\/\/www.espinof.com\/criticas\/como-santos-inocentes-fuera-pelicula-terror-se-estrena-forma-inminente-espera-ultima-sorpresa-cine-espanol-ano\" target=\"_blank\" rel=\"noopener\">&#8216;La espera&#8217;<\/a>, que <strong>lleg\u00f3 a estar entre las posibles nominadas a mejor pel\u00edcula<\/strong> pero cuya nominaci\u00f3n supon\u00eda un imposible triple no ya desde otro campo, sino desde otro estadio distinto. De hecho, la elegida para la gloria, &#8216;Segundo premio&#8217;, ni siquiera acab\u00f3 entrando en la shortlist.\u00a0<\/p>\n<p><!-- BREAK 4 --><\/p>\n<div class=\"article-asset article-asset-normal article-asset-center\">\n<div class=\"desvio-container\">\n<div class=\"desvio\">\n<div class=\"desvio-figure js-desvio-figure\">\n    <a href=\"https:\/\/www.espinof.com\/cine-espanol\/solo-dos-nominaciones-veinte-anos-creo-que-esta-demostrado-que-seleccion-espana-para-oscar-a-mejor-pelicula-internacional-modelo-arcaico-lleno-errores\" class=\"pivot-outboundlink\" data-vars-post-title=\"Con solo dos nominaciones en veinte a\u00f1os, creo que est\u00e1 demostrado que la selecci\u00f3n de Espa\u00f1a para el \u00d3scar a mejor pel\u00edcula internacional es un modelo arcaico y lleno de errores\" target=\"_blank\" rel=\"noopener\"><br \/>\n     <img loading=\"lazy\" decoding=\"async\" alt=\"Con solo dos nominaciones en veinte a\u00f1os, creo que est\u00e1 demostrado que la selecci\u00f3n de Espa\u00f1a para el \u00d3scar a mejor pel\u00edcula internacional es un modelo arcaico y lleno de errores\" width=\"375\" height=\"142\" src=\"https:\/\/i.blogs.es\/8c24eb\/cinco-lobitos\/375_142.jpeg\"\/><br \/>\n    <\/a>\n   <\/div>\n<\/p><\/div>\n<\/p><\/div>\n<\/div>\n<p><strong>Tampoco han tenido suerte los cortometrajes<\/strong>, a pesar de llegar a la shortlist, de \u00c1lex Lora (&#8216;La gran obra&#8217;) y Dani Feixas (&#8216;Par\u00eds 70&#8217;). Vamos, que todas las esperanzas est\u00e1n puestas en Karla Sof\u00eda Gasc\u00f3n. <strong>\u00bfSe traer\u00e1 el \u00d3scar a Madrid, para pasearlo por las distintas presentaciones de &#8216;Emilia P\u00e9rez&#8217; en cines?<\/strong> Crucemos los dedos.<\/p>\n<p><!-- BREAK 5 --><\/p>\n<p>En Espinof | <a class=\"text-outboundlink\" href=\"https:\/\/www.espinof.com\/premios-oscar\/unica-gala-oscar-que-nadie-supo-que-estaba-nominado-excepto-esposa-presidente-academia\" data-vars-post-title=\"La \u00fanica gala de los \u00d3scar en la que nadie supo que estaba nominado... excepto la esposa del Presidente de la Academia \" data-vars-post-url=\"https:\/\/www.espinof.com\/premios-oscar\/unica-gala-oscar-que-nadie-supo-que-estaba-nominado-excepto-esposa-presidente-academia\" target=\"_blank\" rel=\"noopener\">La \u00fanica gala de los \u00d3scar en la que nadie supo que estaba nominado&#8230; excepto la esposa del Presidente de la Academia<\/a><\/p>\n<p>En Espinof | <a class=\"text-outboundlink\" href=\"https:\/\/www.espinof.com\/listas\/9-mejores-peliculas-espanolas-2024-ahora\" data-vars-post-title=\"Las 19 mejores pel\u00edculas espa\u00f1olas de 2024\" data-vars-post-url=\"https:\/\/www.espinof.com\/listas\/9-mejores-peliculas-espanolas-2024-ahora\" target=\"_blank\" rel=\"noopener\">Las 19 mejores pel\u00edculas espa\u00f1olas de 2024<\/a><\/p>\n<\/p><\/div>\n<p><a href=\"https:\/\/www.espinof.com\/premios-oscar\/todas-opciones-espanolas-oscar-se-han-caido-nominaciones-todas\" class=\" target=\" title=\"Todas las opciones espa\u00f1olas de los \u00d3scar se han ca\u00eddo en las nominaciones. Todas, menos una\" target=\"_blank\" rel=\"noopener\">Ver fuente<\/a><\/p>\n","protected":false},"excerpt":{"rendered":"<p>Cuando la Academia espa\u00f1ola decidi\u00f3 enviar &#8216;Segundo premio&#8217; a los \u00d3scar, en un a\u00f1o muy potente para el cine internacional (ah\u00ed est\u00e1n cosas como &#8216;Emilia P\u00e9rez&#8217;, &#8216;A\u00fan estoy aqu\u00ed&#8217;, &#8216;Flow&#8217; o &#8216;La semilla de la higuera sagrada&#8217;, entre otras), la mayor\u00eda ya imagin\u00e1bamos que el 3 de marzo no estar\u00edamos precisamente comi\u00e9ndonos las u\u00f1as por [&hellip;]<\/p>\n","protected":false},"author":2,"featured_media":45846,"comment_status":"open","ping_status":"closed","sticky":false,"template":"","format":"standard","meta":{"footnotes":""},"categories":[8],"tags":[],"class_list":["post-45845","post","type-post","status-publish","format-standard","has-post-thumbnail","hentry","category-entretenimiento"],"_links":{"self":[{"href":"https:\/\/enfoquenoticioso.com\/index.php?rest_route=\/wp\/v2\/posts\/45845","targetHints":{"allow":["GET"]}}],"collection":[{"href":"https:\/\/enfoquenoticioso.com\/index.php?rest_route=\/wp\/v2\/posts"}],"about":[{"href":"https:\/\/enfoquenoticioso.com\/index.php?rest_route=\/wp\/v2\/types\/post"}],"author":[{"embeddable":true,"href":"https:\/\/enfoquenoticioso.com\/index.php?rest_route=\/wp\/v2\/users\/2"}],"replies":[{"embeddable":true,"href":"https:\/\/enfoquenoticioso.com\/index.php?rest_route=%2Fwp%2Fv2%2Fcomments&post=45845"}],"version-history":[{"count":0,"href":"https:\/\/enfoquenoticioso.com\/index.php?rest_route=\/wp\/v2\/posts\/45845\/revisions"}],"wp:featuredmedia":[{"embeddable":true,"href":"https:\/\/enfoquenoticioso.com\/index.php?rest_route=\/wp\/v2\/media\/45846"}],"wp:attachment":[{"href":"https:\/\/enfoquenoticioso.com\/index.php?rest_route=%2Fwp%2Fv2%2Fmedia&parent=45845"}],"wp:term":[{"taxonomy":"category","embeddable":true,"href":"https:\/\/enfoquenoticioso.com\/index.php?rest_route=%2Fwp%2Fv2%2Fcategories&post=45845"},{"taxonomy":"post_tag","embeddable":true,"href":"https:\/\/enfoquenoticioso.com\/index.php?rest_route=%2Fwp%2Fv2%2Ftags&post=45845"}],"curies":[{"name":"wp","href":"https:\/\/api.w.org\/{rel}","templated":true}]}}