{"id":45863,"date":"2025-01-24T00:42:03","date_gmt":"2025-01-24T00:42:03","guid":{"rendered":"https:\/\/enfoquenoticioso.com\/entretenimiento\/la-presencia-de-emilia-perez-en-los-oscars-es-tan-historica-como-problematica-la-primera-nominada-a-mejor-pelicula-abiertamente-trans-es-un-drama-moralmente-confuso\/"},"modified":"2025-01-24T00:42:03","modified_gmt":"2025-01-24T00:42:03","slug":"la-presencia-de-emilia-perez-en-los-oscars-es-tan-historica-como-problematica-la-primera-nominada-a-mejor-pelicula-abiertamente-trans-es-un-drama-moralmente-confuso","status":"publish","type":"post","link":"https:\/\/enfoquenoticioso.com\/?p=45863","title":{"rendered":"La presencia de &#8216;Emilia P\u00e9rez&#8217; en los Oscars es tan hist\u00f3rica como problem\u00e1tica. La primera nominada a Mejor Pel\u00edcula abiertamente trans es un drama moralmente confuso"},"content":{"rendered":"<div>\n<p>Tras un exitoso recorrido en los premios, no ha supuesto demasiada sorpresa que los <a href=\"https:\/\/www.espinof.com\/tag\/oscars-2025\" target=\"_blank\" rel=\"noopener\">Oscars<\/a> hayan recibido con los brazos abiertos a <a href=\"https:\/\/www.espinof.com\/tag\/emilia-perez\" target=\"_blank\" rel=\"noopener\">&#8216;Emilia P\u00e9rez&#8217;<\/a>. La cinta francesa ha sido la m\u00e1s celebrada este a\u00f1o con nada menos que 13 nominaciones, entre las que se encuentran cuatro de las gordas: <strong>Mejor Pel\u00edcula<\/strong>, <strong>Mejor Director<\/strong> para Jacques Audiard, <strong>Mejor Actriz Principal<\/strong> para <a class=\"text-outboundlink\" href=\"https:\/\/www.espinof.com\/premios-oscar\/karla-sofia-gascon-hace-historia-oscars-como-primera-actriz-abiertamente-trans-ser-nominada\" data-vars-post-title=\"Karla Sof\u00eda Gasc\u00f3n hace historia en los Oscars como la primera actriz abiertamente trans en ser nominada \" data-vars-post-url=\"https:\/\/www.espinof.com\/premios-oscar\/karla-sofia-gascon-hace-historia-oscars-como-primera-actriz-abiertamente-trans-ser-nominada\" target=\"_blank\" rel=\"noopener\">Karla Sof\u00eda Gasc\u00f3n<\/a> y Mejor Guion Adaptado.<\/p>\n<p><!-- BREAK 1 --> <\/p>\n<p>Este momento es hist\u00f3rico. <strong>Hasta la fecha ha habido muy poca presencia del colectivo trans en estos premios<\/strong>. En 2018, <a class=\"text-outboundlink\" href=\"https:\/\/www.espinof.com\/criticas\/una-mujer-fantastica-hermosa-radiografia-de-la-diversidad-femenina-con-una-daniela-vega-extraordinaria\" data-vars-post-title=\"&#039;Una mujer fant\u00e1stica&#039;, hermosa radiograf\u00eda de la diversidad femenina con una Daniela Vega extraordinaria\" data-vars-post-url=\"https:\/\/www.espinof.com\/criticas\/una-mujer-fantastica-hermosa-radiografia-de-la-diversidad-femenina-con-una-daniela-vega-extraordinaria\" target=\"_blank\" rel=\"noopener\">&#8216;Una mujer fant\u00e1stica&#8217;<\/a> gan\u00f3 el Oscar a Mejor Pel\u00edcula Internacional, pero era una anomal\u00eda. Este a\u00f1o, a &#8216;Emilia P\u00e9rez&#8217; casi se le une <a class=\"text-outboundlink\" href=\"https:\/\/www.espinof.com\/actores-y-actrices\/will-ferrell-se-planta-transfobia-no-entiende-donde-esta-supuesta-amenaza-que-te-da-alguien-feliz\" data-vars-post-title=\"Will Ferrell se planta ante la transfobia y no entiende d\u00f3nde est\u00e1 la supuesta amenaza: &quot;\u00bfQu\u00e9 m\u00e1s te da si alguien es feliz?&quot;\" data-vars-post-url=\"https:\/\/www.espinof.com\/actores-y-actrices\/will-ferrell-se-planta-transfobia-no-entiende-donde-esta-supuesta-amenaza-que-te-da-alguien-feliz\" target=\"_blank\" rel=\"noopener\">&#8216;Will &amp; Harper&#8217;<\/a>, un emotivo road trip en formato documental que estaba en la shortlist de los premios, y en el que Will Ferrell aprende sobre la experiencia trans de la mano de una amiga que ha transicionado recientemente.<\/p>\n<p><!-- BREAK 2 --><\/p>\n<div class=\"article-asset article-asset-normal article-asset-center\">\n<div class=\"desvio-container\">\n<div class=\"desvio\">\n<div class=\"desvio-figure js-desvio-figure\">\n    <a href=\"https:\/\/www.xataka.com\/servicios\/submarino-nuclear-uk-encontro-barco-ruso-a-cables-submarinos-nacion-segunda-vez-tres-meses\" class=\"pivot-outboundlink\" target=\"_blank\" data-vars-post-title=\"Un submarino nuclear brit\u00e1nico ha descubierto a un barco ruso frente a sus cables submarinos. La segunda vez en tres meses\" rel=\"noopener\"><br \/>\n     <img loading=\"lazy\" decoding=\"async\" alt=\"Un submarino nuclear brit\u00e1nico ha descubierto a un barco ruso frente a sus cables submarinos. La segunda vez en tres meses\" width=\"375\" height=\"142\" src=\"https:\/\/i.blogs.es\/641c08\/astute-class-submarine-copy\/375_142.jpeg\"\/><br \/>\n    <\/a>\n   <\/div>\n<\/p><\/div>\n<\/p><\/div>\n<\/div>\n<p><strong>De primeras podr\u00eda parecer una gran victoria para el colectivo<\/strong>. No en vano &#8216;Emilia P\u00e9rez&#8217; ha sido desestimada por buena parte de los espectadores m\u00e1s conservadores meramente por su tem\u00e1tica. Pero la realidad es que el discurso desde sectores progresistas no es especialmente favorecedor. Si bien la pel\u00edcula cuenta con la indiscutible presencia de Karla Sof\u00eda Gasc\u00f3n, una cara refrescante en el panorama interpretativo, ni su director ni nadie m\u00e1s conocido en el equipo es trans, y esto queda bastante patente cuando la tienes delante.<\/p>\n<p><!-- BREAK 3 --> <\/p>\n<div class=\"article-asset-image article-asset-normal article-asset-center\">\n<div class=\"asset-content\">\n                   <img class=\"centro_sinmarco\" height=\"1404\" width=\"2496\" loading=\"lazy\" decoding=\"async\" sizes=\"auto, 100vw\" fetchpriority=\"high\" srcset=\"https:\/\/i.blogs.es\/e8ac1c\/perez\/450_1000.jpeg 450w, https:\/\/i.blogs.es\/e8ac1c\/perez\/650_1200.jpeg 681w,https:\/\/i.blogs.es\/e8ac1c\/perez\/1024_2000.jpeg 1024w, https:\/\/i.blogs.es\/e8ac1c\/perez\/1366_2000.jpeg 1366w\" src=\"https:\/\/i.blogs.es\/e8ac1c\/perez\/450_1000.jpeg\" alt=\"Perez\"\/><br \/>\n   <img decoding=\"async\" alt=\"Perez\" class=\"centro_sinmarco\" src=\"https:\/\/i.blogs.es\/e8ac1c\/perez\/450_1000.jpeg\"\/><\/p><\/div>\n<\/div>\n<p><strong>El problema est\u00e1 principalmente en su guion<\/strong>. En su intento por hacer un relato maniqueo y arquet\u00edpico (se nota su herencia del teatro) acaba simplificando de mala manera temas muy complejos. Hay algo negligente e incluso mezquino en la idea de crear un personaje masculino que es poco menos que el diablo, solo para convertirlo en una mujer bondadosa y maternal en el momento en el que transiciona. Transici\u00f3n que, por cierto, coincide convenientemente con el hecho de que Manitas necesita desaparecer, algo que enmara\u00f1a a\u00fan m\u00e1s la percepci\u00f3n del personaje.<\/p>\n<p><!-- BREAK 4 --><\/p>\n<p><strong>El tratamiento de lo trans es muy cuestionable en otros aspectos<\/strong>. Hay una visi\u00f3n puramente quir\u00fargica de lo que implica transicionar. Casi como un bot\u00f3n de encendido o apagado que no contempla de ning\u00fan modo lo psicol\u00f3gico. Por no hablar de que la pel\u00edcula hace un gran esfuerzo para vertebrar una narrativa que venda a Manitas y Emilia como dos personas diferentes, pero en varios momentos clave no duda en retratar escenas emotivas para ella con personajes que siguen leyendo su identidad como masculina.<\/p>\n<p><!-- BREAK 5 --><\/p>\n<div class=\"article-asset-image article-asset-normal article-asset-center\">\n<div class=\"asset-content\">\n                   <img class=\"centro_sinmarco\" height=\"990\" width=\"1440\" loading=\"lazy\" decoding=\"async\" sizes=\"auto, 100vw\" fetchpriority=\"high\" srcset=\"https:\/\/i.blogs.es\/b0ede8\/selena\/450_1000.jpeg 450w, https:\/\/i.blogs.es\/b0ede8\/selena\/650_1200.jpeg 681w,https:\/\/i.blogs.es\/b0ede8\/selena\/1024_2000.jpeg 1024w, https:\/\/i.blogs.es\/b0ede8\/selena\/1366_2000.jpeg 1366w\" src=\"https:\/\/i.blogs.es\/b0ede8\/selena\/450_1000.jpeg\" alt=\"Selena\"\/><br \/>\n   <img decoding=\"async\" alt=\"Selena\" class=\"centro_sinmarco\" src=\"https:\/\/i.blogs.es\/b0ede8\/selena\/450_1000.jpeg\"\/><\/p><\/div>\n<\/div>\n<p>Esto es algo sobre lo que el propio colectivo se ha verbalizado. En la web <a rel=\"noopener, noreferrer\" href=\"https:\/\/www.them.us\/story\/emilia-perez-awards-season-discussion-transgender-representation\" target=\"_blank\">Them<\/a>, especializada en la cultura desde un punto de vista trans, escriben que aunque celebran la importancia que ha ganado Gasc\u00f3n en el periodo de premios, <em>\u00abojal\u00e1 fuera para un rol mejor escrito\u00bb<\/em>. En <a rel=\"noopener, noreferrer\" href=\"https:\/\/glaad.org\/emilia-perez-is-not-good-trans-representation\/\" target=\"_blank\">Glaad<\/a> escribieron que se trataba de un <strong>\u00abretrato retr\u00f3grado\u00bb<\/strong>: <em>\u00abLa pel\u00edcula desprende un tipo de confianza que resulta nauseabunda, y est\u00e1 muy segura de s\u00ed misma cuando no deber\u00eda estarlo\u00bb<\/em>. Para ello ejemplifican detalles de guion que delatan la falta de conocimiento de la materia e inciden en estereotipos, como la hija de Emilia diciendo: <em>\u00abhueles como un hombre\u00bb.<\/em><\/p>\n<p><!-- BREAK 6 --> <\/p>\n<p><strong>Las redes tambi\u00e9n est\u00e1n llenas de usuarios que no entienden el bombo<\/strong> que se ha llevado la pel\u00edcula en la temporada de premios, y m\u00e1s a\u00fan por su supuestamente acertada representaci\u00f3n. En X, <a rel=\"noopener, noreferrer\" href=\"https:\/\/x.com\/LaGuapiss\/status\/1877069426014515604\">una usuaria<\/a> escribi\u00f3 que <em>\u00abcomo mujer trans mexicana, puedo decir que la construcci\u00f3n del personaje de Emilia Perez en la pel\u00edcula usa estereotipos da\u00f1inos en su origen que pueden profundizar violencias que nosotras vivimos en este pa\u00eds a diario.\u00bb<\/em> <a rel=\"noopener, noreferrer\" href=\"https:\/\/x.com\/clintworthing\/status\/1876391144432775658\">Otro usuario<\/a> escrib\u00eda: <em>\u00abEs una pel\u00edcula para gente cis que quiere pulsar el bot\u00f3n de \u00abOs entiendo\u00bb sobre la experiencia tanto mexicana como trans sin hacer ninguna reflexi\u00f3n real o informarse\u00bb<\/em>. Es una recepci\u00f3n que deja claro que para la mayor\u00eda de los afectados esto no solo no es un triunfo, sino un paso atr\u00e1s para el colectivo.<\/p>\n<p><!-- BREAK 7 --><\/p>\n<div class=\"article-asset-image article-asset-normal article-asset-center\">\n<div class=\"asset-content\">\n                   <img class=\"centro_sinmarco\" height=\"2160\" width=\"3840\" loading=\"lazy\" decoding=\"async\" sizes=\"auto, 100vw\" fetchpriority=\"high\" srcset=\"https:\/\/i.blogs.es\/b3388b\/perez-2-\/450_1000.jpeg 450w, https:\/\/i.blogs.es\/b3388b\/perez-2-\/650_1200.jpeg 681w,https:\/\/i.blogs.es\/b3388b\/perez-2-\/1024_2000.jpeg 1024w, https:\/\/i.blogs.es\/b3388b\/perez-2-\/1366_2000.jpeg 1366w\" src=\"https:\/\/i.blogs.es\/b3388b\/perez-2-\/450_1000.jpeg\" alt=\"Perez\"\/><br \/>\n   <img decoding=\"async\" alt=\"Perez\" class=\"centro_sinmarco\" src=\"https:\/\/i.blogs.es\/b3388b\/perez-2-\/450_1000.jpeg\"\/><\/p><\/div>\n<\/div>\n<p>Y todo esto sin tener en cuenta <strong>los muchos otros terrenos pantanosos en los que la pel\u00edcula se mete<\/strong>. En M\u00e9xico <a class=\"text-outboundlink\" href=\"https:\/\/www.espinof.com\/directores-y-guionistas\/jaques-audiard-pide-perdon-a-mexico-se-disculpa-su-pelicula-emilia-perez-me-sorprende-muchisimo\" data-vars-post-title=\"Jaques Audiard pide perd\u00f3n a M\u00e9xico y se disculpa sobre su pel\u00edcula &#039;Emilia P\u00e9rez&#039;: &quot;Me sorprende much\u00edsimo&quot; \" data-vars-post-url=\"https:\/\/www.espinof.com\/directores-y-guionistas\/jaques-audiard-pide-perdon-a-mexico-se-disculpa-su-pelicula-emilia-perez-me-sorprende-muchisimo\" target=\"_blank\" rel=\"noopener\">le han llovido cr\u00edticas<\/a> por lo evidente que es aqu\u00ed la visi\u00f3n del pa\u00eds desde el punto de vista del extranjero. De su tr\u00edo principal, ni una sola actriz es mexicana. Pero fuera de lo chocante que pueda ser escuchar la interpretaci\u00f3n de Selena G\u00f3mez hablando en espa\u00f1ol, lo m\u00e1s problem\u00e1tico es la superficialidad con la que trata un tema tan sensible como el de los desaparecidos por el narcotr\u00e1fico.<\/p>\n<p><!-- BREAK 8 --><\/p>\n<p>Este fuerte protagonismo de &#8216;Emilia P\u00e9rez&#8217; en los Oscars <strong>es a\u00fan m\u00e1s tr\u00e1gico cuando consideramos lo que se ha quedado fuera<\/strong>. La historia trans que m\u00e1s ha emocionado este a\u00f1o a espectadores dentro y fuera del colectivo ha sido <a class=\"text-outboundlink\" href=\"https:\/\/www.espinof.com\/criticas\/brillo-television-fenomeno-a24-este-ano-colorido-dardo-a-nostalgia-90-que-busca-desesperadamente-ser-culto\" data-vars-post-title=\"&#039;El brillo de la televisi\u00f3n&#039;, el fen\u00f3meno de A24 de este a\u00f1o es un colorido dardo a la nostalgia de los 90 que busca desesperadamente ser de culto\" data-vars-post-url=\"https:\/\/www.espinof.com\/criticas\/brillo-television-fenomeno-a24-este-ano-colorido-dardo-a-nostalgia-90-que-busca-desesperadamente-ser-culto\" target=\"_blank\" rel=\"noopener\">&#8216;El brillo del televisor&#8217;<\/a>, una pel\u00edcula fant\u00e1stica e injustamente olvidada en los premios que, al contrario que &#8216;Emilia P\u00e9rez&#8217;, s\u00ed es tambi\u00e9n un excelente ejemplo de representaci\u00f3n bien ejecutada, teniendo detr\u00e1s una persona no binaria en la direcci\u00f3n y en el guion, y con su argumento incidiendo en temas cruciales dentro de la experiencia trans como la disforia corporal.<\/p>\n<p><!-- BREAK 9 --><\/p>\n<p>En Espinof | <a class=\"text-outboundlink\" href=\"https:\/\/www.espinof.com\/fecha-de-estreno\/premios-oscar-2025-nominados-favoritos-fecha-gala-otros-detalles-gran-evento-cinematografico\" data-vars-post-title=\"Premios Oscar 2025: nominados, favoritos, fecha de la gala y otros detalles del gran evento cinematogr\u00e1fico\" data-vars-post-url=\"https:\/\/www.espinof.com\/fecha-de-estreno\/premios-oscar-2025-nominados-favoritos-fecha-gala-otros-detalles-gran-evento-cinematografico\" target=\"_blank\" rel=\"noopener\">Premios Oscar 2025: nominados, favoritos, fecha de la gala y otros detalles del gran evento cinematogr\u00e1fico<\/a><\/p>\n<p>En Espinof | <a class=\"text-outboundlink\" href=\"https:\/\/www.espinof.com\/premios-oscar\/emilia-perez-repite-proeza-barbie-nominaciones-a-oscar-muestra-que-musicales-han-invadido-a-industria-cine\" data-vars-post-title=\"Emilia P\u00e9rez repite la proeza de Barbie en las nominaciones a los \u00d3scar. Una muestra de que los musicales han invadido a la industria del cine\" data-vars-post-url=\"https:\/\/www.espinof.com\/premios-oscar\/emilia-perez-repite-proeza-barbie-nominaciones-a-oscar-muestra-que-musicales-han-invadido-a-industria-cine\" target=\"_blank\" rel=\"noopener\">Emilia P\u00e9rez repite la proeza de Barbie en las nominaciones a los \u00d3scar. Una muestra de que los musicales han invadido a la industria del cine<\/a><\/p>\n<p><!-- BREAK 10 --> <\/p><\/div>\n<p><a href=\"https:\/\/www.espinof.com\/premios-oscar\/presencia-emilia-perez-oscars-historica-como-problematica-primera-nominada-a-mejor-pelicula-abiertamente-trans-drama-moralmente-confuso\" class=\" target=\" title=\"La presencia de &#039;Emilia P\u00e9rez&#039; en los Oscars es tan hist\u00f3rica como problem\u00e1tica. La primera nominada a Mejor Pel\u00edcula abiertamente trans es un drama moralmente confuso\" target=\"_blank\" rel=\"noopener\">Ver fuente<\/a><\/p>\n","protected":false},"excerpt":{"rendered":"<p>Tras un exitoso recorrido en los premios, no ha supuesto demasiada sorpresa que los Oscars hayan recibido con los brazos abiertos a &#8216;Emilia P\u00e9rez&#8217;. La cinta francesa ha sido la m\u00e1s celebrada este a\u00f1o con nada menos que 13 nominaciones, entre las que se encuentran cuatro de las gordas: Mejor Pel\u00edcula, Mejor Director para Jacques [&hellip;]<\/p>\n","protected":false},"author":2,"featured_media":45864,"comment_status":"open","ping_status":"closed","sticky":false,"template":"","format":"standard","meta":{"footnotes":""},"categories":[8],"tags":[],"class_list":["post-45863","post","type-post","status-publish","format-standard","has-post-thumbnail","hentry","category-entretenimiento"],"_links":{"self":[{"href":"https:\/\/enfoquenoticioso.com\/index.php?rest_route=\/wp\/v2\/posts\/45863","targetHints":{"allow":["GET"]}}],"collection":[{"href":"https:\/\/enfoquenoticioso.com\/index.php?rest_route=\/wp\/v2\/posts"}],"about":[{"href":"https:\/\/enfoquenoticioso.com\/index.php?rest_route=\/wp\/v2\/types\/post"}],"author":[{"embeddable":true,"href":"https:\/\/enfoquenoticioso.com\/index.php?rest_route=\/wp\/v2\/users\/2"}],"replies":[{"embeddable":true,"href":"https:\/\/enfoquenoticioso.com\/index.php?rest_route=%2Fwp%2Fv2%2Fcomments&post=45863"}],"version-history":[{"count":0,"href":"https:\/\/enfoquenoticioso.com\/index.php?rest_route=\/wp\/v2\/posts\/45863\/revisions"}],"wp:featuredmedia":[{"embeddable":true,"href":"https:\/\/enfoquenoticioso.com\/index.php?rest_route=\/wp\/v2\/media\/45864"}],"wp:attachment":[{"href":"https:\/\/enfoquenoticioso.com\/index.php?rest_route=%2Fwp%2Fv2%2Fmedia&parent=45863"}],"wp:term":[{"taxonomy":"category","embeddable":true,"href":"https:\/\/enfoquenoticioso.com\/index.php?rest_route=%2Fwp%2Fv2%2Fcategories&post=45863"},{"taxonomy":"post_tag","embeddable":true,"href":"https:\/\/enfoquenoticioso.com\/index.php?rest_route=%2Fwp%2Fv2%2Ftags&post=45863"}],"curies":[{"name":"wp","href":"https:\/\/api.w.org\/{rel}","templated":true}]}}