{"id":45868,"date":"2025-01-24T01:26:32","date_gmt":"2025-01-24T01:26:32","guid":{"rendered":"https:\/\/enfoquenoticioso.com\/entretenimiento\/tenian-demasiado-miedo-la-pelicula-de-la-que-nadie-queria-hablar-en-hollywood-ha-dado-la-campanada-en-las-nominaciones-al-oscar\/"},"modified":"2025-01-24T01:26:32","modified_gmt":"2025-01-24T01:26:32","slug":"tenian-demasiado-miedo-la-pelicula-de-la-que-nadie-queria-hablar-en-hollywood-ha-dado-la-campanada-en-las-nominaciones-al-oscar","status":"publish","type":"post","link":"https:\/\/enfoquenoticioso.com\/?p=45868","title":{"rendered":"\u00abTen\u00edan demasiado miedo\u00bb. La pel\u00edcula de la que nadie quer\u00eda hablar en Hollywood ha dado la campanada en las nominaciones al \u00d3scar"},"content":{"rendered":"<div>\n<p>Las <a class=\"text-outboundlink\" href=\"https:\/\/www.espinof.com\/fecha-de-estreno\/premios-oscar-2025-nominados-favoritos-fecha-gala-otros-detalles-gran-evento-cinematografico\" data-vars-post-title=\"Premios Oscar 2025: nominados, favoritos, fecha de la gala y otros detalles del gran evento cinematogr\u00e1fico\" data-vars-post-url=\"https:\/\/www.espinof.com\/fecha-de-estreno\/premios-oscar-2025-nominados-favoritos-fecha-gala-otros-detalles-gran-evento-cinematografico\" target=\"_blank\" rel=\"noopener\">nominaciones al \u00d3scar<\/a> se han convertido en el principal tema de conversaci\u00f3n del d\u00eda para los amantes del s\u00e9ptimo arte. Obviamente no ha llovido al gusto de todos, pero hay <strong>una pel\u00edcula que parec\u00eda tenerlo todo en contra<\/strong> y que finalmente ha conseguido dos nominaciones para sus actores. Me refiero a, claro est\u00e1, <a class=\"text-outboundlink\" href=\"https:\/\/www.espinof.com\/criticas\/the-apprentice-historia-trump-notable-historia-origenes-villano-empresarial-que-brilla-jeremy-strong-que-sebastian-stan\" data-vars-post-title=\"&#039;The Apprentice. La historia de Trump&#039;, una notable historia de or\u00edgenes de un villano empresarial donde Jeremy Strong roba el protagonismo a Sebastian Stan\" data-vars-post-url=\"https:\/\/www.espinof.com\/criticas\/the-apprentice-historia-trump-notable-historia-origenes-villano-empresarial-que-brilla-jeremy-strong-que-sebastian-stan\" target=\"_blank\" rel=\"noopener\">&#8216;The Apprentice. La historia de Trump&#8217;<\/a>.<\/p>\n<p><!-- BREAK 1 --> <\/p>\n<p>No es que fuera una completa locura la posibilidad de que fuesen nominados, pero las candidaturas tanto de <strong>Sebastian Stan<\/strong> a mejor actor protagonista como de <strong>Jeremy Strong<\/strong> en mejor actor de reparto s\u00ed que pueden considerarse al menos como peque\u00f1as sorpresas. Y es que en Hollywood parec\u00eda existir un miedo claro a tocar cualquier cosa que rodease a la pel\u00edcula dirigida por <strong>Ali Abbasi<\/strong>.<\/p>\n<p><!-- BREAK 2 --><\/p>\n<p>&#8216;The Apprentice. La historia de Trump&#8217; ha tenido que hacer frente a multitud de problemas, empezando por el hecho de que <strong>Donald Trump<\/strong> enviase una carta de cese y desistimiento a sus autores para as\u00ed intentar bloquear su estreno en Estados Unidos. Finalmente pudo llegar a los cines de dicho pa\u00eds en octubre, pero fue un fracaso, ya que apenas logr\u00f3 recaudar 4 millones de d\u00f3lares.<\/p>\n<p><!-- BREAK 3 --> <\/p>\n<div id=\"ez-toc-container\" class=\"ez-toc-v2_0_81 counter-hierarchy ez-toc-counter ez-toc-grey ez-toc-container-direction\">\n<div class=\"ez-toc-title-container\">\n<p class=\"ez-toc-title\" style=\"cursor:inherit\">Tabla de Contenido<\/p>\n<span class=\"ez-toc-title-toggle\"><a href=\"#\" class=\"ez-toc-pull-right ez-toc-btn ez-toc-btn-xs ez-toc-btn-default ez-toc-toggle\" aria-label=\"Alternar tabla de contenidos\"><span class=\"ez-toc-js-icon-con\"><span class=\"\"><span class=\"eztoc-hide\" style=\"display:none;\">Toggle<\/span><span class=\"ez-toc-icon-toggle-span\"><svg style=\"fill: #999;color:#999\" xmlns=\"http:\/\/www.w3.org\/2000\/svg\" class=\"list-377408\" width=\"20px\" height=\"20px\" viewBox=\"0 0 24 24\" fill=\"none\"><path d=\"M6 6H4v2h2V6zm14 0H8v2h12V6zM4 11h2v2H4v-2zm16 0H8v2h12v-2zM4 16h2v2H4v-2zm16 0H8v2h12v-2z\" fill=\"currentColor\"><\/path><\/svg><svg style=\"fill: #999;color:#999\" class=\"arrow-unsorted-368013\" xmlns=\"http:\/\/www.w3.org\/2000\/svg\" width=\"10px\" height=\"10px\" viewBox=\"0 0 24 24\" version=\"1.2\" baseProfile=\"tiny\"><path d=\"M18.2 9.3l-6.2-6.3-6.2 6.3c-.2.2-.3.4-.3.7s.1.5.3.7c.2.2.4.3.7.3h11c.3 0 .5-.1.7-.3.2-.2.3-.5.3-.7s-.1-.5-.3-.7zM5.8 14.7l6.2 6.3 6.2-6.3c.2-.2.3-.5.3-.7s-.1-.5-.3-.7c-.2-.2-.4-.3-.7-.3h-11c-.3 0-.5.1-.7.3-.2.2-.3.5-.3.7s.1.5.3.7z\"\/><\/svg><\/span><\/span><\/span><\/a><\/span><\/div>\n<nav><ul class='ez-toc-list ez-toc-list-level-1 ' ><li class='ez-toc-page-1 ez-toc-heading-level-2'><a class=\"ez-toc-link ez-toc-heading-1\" href=\"https:\/\/enfoquenoticioso.com\/?p=45868\/#%C2%ABEscoria_humana%C2%BB\" >\u00abEscoria humana\u00bb<\/a><\/li><\/ul><\/nav><\/div>\n<h2><span class=\"ez-toc-section\" id=\"%C2%ABEscoria_humana%C2%BB\"><\/span>\u00abEscoria humana\u00bb<span class=\"ez-toc-section-end\"><\/span><\/h2>\n<p>Adem\u00e1s, coincidiendo con su lanzamiento,<strong> el propio Trump no tuvo problemas en arremeter frontalmente contra ella<\/strong>, afirmando que era \u00ab<em>un golpe de efecto barato, difamatorio y pol\u00edticamente repugnante<\/em>\u00bb o que \u00ab<em>es tan triste que a la escoria Humana, como las personas involucradas en esta empresa que esperemos no tenga \u00e9xito, se les permita decir y hacer lo que quieran con el fin de da\u00f1ar a un Movimiento Pol\u00edtico, que es mucho m\u00e1s grande que cualquiera de nosotros<\/em>\u00ab. Mucho da\u00f1o tampoco hizo, ya que Trump acab\u00f3 ganando las elecciones.<\/p>\n<p><!-- BREAK 4 --><\/p>\n<div class=\"article-asset article-asset-normal article-asset-center\">\n<div class=\"desvio-container\">\n<div class=\"desvio\">\n<div class=\"desvio-figure js-desvio-figure\">\n    <a href=\"https:\/\/www.espinof.com\/otros\/13-apariciones-estelares-de-donald-trump-en-el-cine-y-la-television\" class=\"pivot-outboundlink\" data-vars-post-title=\"13 apariciones estelares de Donald Trump en el cine y la televisi\u00f3n\" target=\"_blank\" rel=\"noopener\"><br \/>\n     <img loading=\"lazy\" decoding=\"async\" alt=\"13 apariciones estelares de Donald Trump en el cine y la televisi\u00f3n\" width=\"375\" height=\"142\" src=\"https:\/\/i.blogs.es\/e336f8\/donald-trump-wwe\/375_142.jpg\"\/><br \/>\n    <\/a>\n   <\/div>\n<\/p><\/div>\n<\/p><\/div>\n<\/div>\n<p>Antes de eso, la pel\u00edcula se present\u00f3 oficialmente en el Festival de Cannes, siendo evidente que exist\u00eda el objetivo de que intentase llegar a la carrera al \u00d3scar. Ah\u00ed es donde tuvo que hacer a otro obst\u00e1culo insalvable: a Sebastian Stan le ofrecieron la posibilidad de participar en una ronda de charlas que Variety monta cada a\u00f1o con los actores que m\u00e1s suenan de cara al \u00d3scar. <strong>El problema fue que nadie quiso ofrecerse a hablar con Stan sobre la pel\u00edcula<\/strong>, por lo que su participaci\u00f3n se tuvo que descartar a la fuerza.<\/p>\n<p><!-- BREAK 5 --><\/p>\n<div class=\"article-asset-image article-asset-normal article-asset-center\">\n<div class=\"asset-content\">\n                   <img class=\"centro_sinmarco\" height=\"4024\" width=\"6048\" loading=\"lazy\" decoding=\"async\" sizes=\"auto, 100vw\" fetchpriority=\"high\" srcset=\"https:\/\/i.blogs.es\/f96180\/the-apprentice-donald-trump\/450_1000.jpeg 450w, https:\/\/i.blogs.es\/f96180\/the-apprentice-donald-trump\/650_1200.jpeg 681w,https:\/\/i.blogs.es\/f96180\/the-apprentice-donald-trump\/1024_2000.jpeg 1024w, https:\/\/i.blogs.es\/f96180\/the-apprentice-donald-trump\/1366_2000.jpeg 1366w\" src=\"https:\/\/i.blogs.es\/f96180\/the-apprentice-donald-trump\/450_1000.jpeg\" alt=\"The Apprentice Donald Trump\"\/><br \/>\n   <img decoding=\"async\" alt=\"The Apprentice Donald Trump\" class=\"centro_sinmarco\" src=\"https:\/\/i.blogs.es\/f96180\/the-apprentice-donald-trump\/450_1000.jpeg\"\/><\/p><\/div>\n<\/div>\n<p>El propio Stan <a class=\"text-outboundlink\" href=\"https:\/\/www.espinof.com\/actores-y-actrices\/hacer-donald-trump-fue-duro-que-he-hecho-nunca-para-sebastian-stan-actor-se-lamenta-que-sus-companeros-no-le-apoyaran-publicamente\" data-vars-post-title=\"A Sebastian Stan le entristece que nadie le haya defendido en su papel de Trump por miedo a represalias: &quot;No podemos normalizar de qu\u00e9 se puede hablar y de que no&quot;\" data-vars-post-url=\"https:\/\/www.espinof.com\/actores-y-actrices\/hacer-donald-trump-fue-duro-que-he-hecho-nunca-para-sebastian-stan-actor-se-lamenta-que-sus-companeros-no-le-apoyaran-publicamente\" target=\"_blank\" rel=\"noopener\">confes\u00f3 recientemente<\/a> que le entristec\u00eda que algo as\u00ed sucediera, apuntando que \u00ab<em>no podemos normalizar de qu\u00e9 s\u00ed se puede hablar y de qu\u00e9 no\u00bb<\/em>, detallando lo sucedido <a rel=\"noopener, noreferrer\" href=\"https:\/\/www.theguardian.com\/film\/2024\/nov\/21\/the-apprentice-actor-sebastian-stan-says-hollywood-stars-are-afraid-of-trump\" target=\"_blank\">con estas palabras<\/a>:<\/p>\n<p><!-- BREAK 6 --> <\/p>\n<blockquote><p>Ten\u00edan demasiado miedo de ir a hablar de esta pel\u00edcula, as\u00ed que no pude hacerlo. Y no importa, no pasa nada. No es para se\u00f1alar a nadie: tengo que hacer muchas cosas grandes.<\/p><\/blockquote>\n<blockquote><p>No es se\u00f1alar a nadie en concreto; no pudimos pasar de los publicistas o de la gente que los representa porque ten\u00edan demasiado miedo de hablar de esta pel\u00edcula.<\/p><\/blockquote>\n<p>Ahora estando nominado ser\u00e1 mucho m\u00e1s complicado omitirle de esa forma tan fea. Lo m\u00e1s seguro es que ni Stan ni Strong consigan la estatuilla, pero <strong>sus nominaciones s\u00ed van a evitar que &#8216;The Apprentice. La historia de Trump&#8217; \u00a0caiga en el olvido antes de tiempo<\/strong>.<\/p>\n<p><!-- BREAK 7 --><\/p>\n<p>En Espinof | <a class=\"text-outboundlink\" href=\"https:\/\/www.espinof.com\/listas\/peliculas-esperadas-2025\" data-vars-post-title=\"Las 47 pel\u00edculas m\u00e1s esperadas de 2025 y los mejores estrenos del a\u00f1o: &#039;Avatar 3&#039;, el regreso de John Wick, &#039;Misi\u00f3n Imposible 8&#039;, &#039;Jurassic World 4&#039; y muchas m\u00e1s\" data-vars-post-url=\"https:\/\/www.espinof.com\/listas\/peliculas-esperadas-2025\" target=\"_blank\" rel=\"noopener\">Las 47 pel\u00edculas m\u00e1s esperadas de 2025 y los mejores estrenos del a\u00f1o: &#8216;Avatar 3&#8217;, el regreso de John Wick, &#8216;Misi\u00f3n Imposible 8&#8217;, &#8216;Jurassic World 4&#8217; y muchas m\u00e1s<\/a><\/p>\n<p><!-- BREAK 8 --><\/p>\n<p>En Espinof | <a class=\"text-outboundlink\" href=\"https:\/\/www.espinof.com\/listas\/oscars-2025-donde-ver-streaming-peliculas-nominadas-dune-2-no-other-land-favoritas-para-arrasar-ultima-cita-temporada-premios\" data-vars-post-title=\"Oscars 2025, d\u00f3nde ver en streaming las pel\u00edculas nominadas: &#039;Dune 2&#039;, &#039;No Other Land&#039; y m\u00e1s favoritas para arrasar en la \u00faltima cita de la temporada de premios \" data-vars-post-url=\"https:\/\/www.espinof.com\/listas\/oscars-2025-donde-ver-streaming-peliculas-nominadas-dune-2-no-other-land-favoritas-para-arrasar-ultima-cita-temporada-premios\" target=\"_blank\" rel=\"noopener\">Oscars 2025, d\u00f3nde ver en streaming las pel\u00edculas nominadas: &#8216;Dune 2&#8217;, &#8216;No Other Land&#8217; y m\u00e1s favoritas para arrasar en la \u00faltima cita de la temporada de premios<\/a><\/p>\n<p><!-- BREAK 9 --><\/p><\/div>\n<p><a href=\"https:\/\/www.espinof.com\/premios-oscar\/tenian-demasiado-miedo-pelicula-que-nadie-queria-hablar-hollywood-ha-dado-campanada-nominaciones-al-oscar\" class=\" target=\" title=\"\"  demasiado La  de la que nadie  hablar en Hollywood ha dado campanada las nominaciones al target=\"_blank\" rel=\"noopener\">Ver fuente<\/a><\/p>\n","protected":false},"excerpt":{"rendered":"<p>Las nominaciones al \u00d3scar se han convertido en el principal tema de conversaci\u00f3n del d\u00eda para los amantes del s\u00e9ptimo arte. Obviamente no ha llovido al gusto de todos, pero hay una pel\u00edcula que parec\u00eda tenerlo todo en contra y que finalmente ha conseguido dos nominaciones para sus actores. Me refiero a, claro est\u00e1, &#8216;The [&hellip;]<\/p>\n","protected":false},"author":2,"featured_media":45869,"comment_status":"open","ping_status":"closed","sticky":false,"template":"","format":"standard","meta":{"footnotes":""},"categories":[8],"tags":[],"class_list":["post-45868","post","type-post","status-publish","format-standard","has-post-thumbnail","hentry","category-entretenimiento"],"_links":{"self":[{"href":"https:\/\/enfoquenoticioso.com\/index.php?rest_route=\/wp\/v2\/posts\/45868","targetHints":{"allow":["GET"]}}],"collection":[{"href":"https:\/\/enfoquenoticioso.com\/index.php?rest_route=\/wp\/v2\/posts"}],"about":[{"href":"https:\/\/enfoquenoticioso.com\/index.php?rest_route=\/wp\/v2\/types\/post"}],"author":[{"embeddable":true,"href":"https:\/\/enfoquenoticioso.com\/index.php?rest_route=\/wp\/v2\/users\/2"}],"replies":[{"embeddable":true,"href":"https:\/\/enfoquenoticioso.com\/index.php?rest_route=%2Fwp%2Fv2%2Fcomments&post=45868"}],"version-history":[{"count":0,"href":"https:\/\/enfoquenoticioso.com\/index.php?rest_route=\/wp\/v2\/posts\/45868\/revisions"}],"wp:featuredmedia":[{"embeddable":true,"href":"https:\/\/enfoquenoticioso.com\/index.php?rest_route=\/wp\/v2\/media\/45869"}],"wp:attachment":[{"href":"https:\/\/enfoquenoticioso.com\/index.php?rest_route=%2Fwp%2Fv2%2Fmedia&parent=45868"}],"wp:term":[{"taxonomy":"category","embeddable":true,"href":"https:\/\/enfoquenoticioso.com\/index.php?rest_route=%2Fwp%2Fv2%2Fcategories&post=45868"},{"taxonomy":"post_tag","embeddable":true,"href":"https:\/\/enfoquenoticioso.com\/index.php?rest_route=%2Fwp%2Fv2%2Ftags&post=45868"}],"curies":[{"name":"wp","href":"https:\/\/api.w.org\/{rel}","templated":true}]}}