{"id":45884,"date":"2025-01-24T02:48:31","date_gmt":"2025-01-24T02:48:31","guid":{"rendered":"https:\/\/enfoquenoticioso.com\/entretenimiento\/todas-las-polemicas-de-emilia-perez-que-acumula-mas-nominaciones-a-los-oscar-que-el-retorno-del-rey-a-pesar-de-usar-ia-y-ser-acusada-de-racismo-y-transfobia\/"},"modified":"2025-01-24T02:48:31","modified_gmt":"2025-01-24T02:48:31","slug":"todas-las-polemicas-de-emilia-perez-que-acumula-mas-nominaciones-a-los-oscar-que-el-retorno-del-rey-a-pesar-de-usar-ia-y-ser-acusada-de-racismo-y-transfobia","status":"publish","type":"post","link":"https:\/\/enfoquenoticioso.com\/?p=45884","title":{"rendered":"Todas las pol\u00e9micas de &#8216;Emilia P\u00e9rez&#8217;, que acumula m\u00e1s nominaciones a los \u00d3scar que &#8216;El retorno del rey&#8217; a pesar de usar IA y ser acusada de racismo y transfobia"},"content":{"rendered":"<div>\n<p>La pel\u00edcula francesa <a class=\"text-outboundlink\" href=\"https:\/\/www.espinof.com\/premios-oscar\/presencia-emilia-perez-oscars-historica-como-problematica-primera-nominada-a-mejor-pelicula-abiertamente-trans-drama-moralmente-confuso\" data-vars-post-title=\"La presencia de &#039;Emilia P\u00e9rez&#039; en los Oscars es tan hist\u00f3rica como problem\u00e1tica. La primera nominada a Mejor Pel\u00edcula abiertamente trans es un drama moralmente confuso\" data-vars-post-url=\"https:\/\/www.espinof.com\/premios-oscar\/presencia-emilia-perez-oscars-historica-como-problematica-primera-nominada-a-mejor-pelicula-abiertamente-trans-drama-moralmente-confuso\" target=\"_blank\" rel=\"noopener\">&#8216;Emilia P\u00e9rez<\/a>&#8216;, dirigida por Jacques Audiard, se ha convertido en un pararrayos para las cr\u00edticas a pesar de su aclamaci\u00f3n por parte de la cr\u00edtica y su r\u00e9cord de <a class=\"text-outboundlink\" href=\"https:\/\/www.espinof.com\/fecha-de-estreno\/premios-oscar-2025-nominados-favoritos-fecha-gala-otros-detalles-gran-evento-cinematografico\" data-vars-post-title=\"Premios Oscar 2025: nominados, favoritos, fecha de la gala y otros detalles del gran evento cinematogr\u00e1fico\" data-vars-post-url=\"https:\/\/www.espinof.com\/fecha-de-estreno\/premios-oscar-2025-nominados-favoritos-fecha-gala-otros-detalles-gran-evento-cinematografico\" target=\"_blank\" rel=\"noopener\">13 nominaciones a los Oscar<\/a>. La pel\u00edcula, <strong>un musical sobre un narcotraficante mexicano que se transforma en mujer<\/strong>, ha suscitado un intenso escrutinio desde m\u00faltiples perspectivas, cuestionando sus m\u00e9ritos art\u00edsticos y la representaci\u00f3n tanto de la cultura mexicana como de las experiencias transg\u00e9nero.<\/p>\n<p><!-- BREAK 1 --> <\/p>\n<p>A pesar de todo, Karla Sof\u00eda Gasc\u00f3n se ha acabado convirtiendo en la primera actriz abiertamente trans nominada a un Oscar. No vamos a entrar en las pol\u00e9micas que acumula, m\u00e1s all\u00e1 de su condici\u00f3n de g\u00e9nero, debidas a su personalidad, algo que pudo atisbarse cuando fue como <a class=\"text-outboundlink\" href=\"https:\/\/www.espinof.com\/reality\/creo-que-va-a-hacer-historia-broncano-queda-impresionado-records-emilia-perez-karla-sofia-gascon-le-da-zasca-no-hacer-deberes\" data-vars-post-title=\"&quot;Creo que va a hacer historia&quot;. Broncano queda impresionado con los records de &#039;Emilia P\u00e9rez&#039; y Karla Sof\u00eda Gasc\u00f3n le da un zasca por no hacer los deberes\" data-vars-post-url=\"https:\/\/www.espinof.com\/reality\/creo-que-va-a-hacer-historia-broncano-queda-impresionado-records-emilia-perez-karla-sofia-gascon-le-da-zasca-no-hacer-deberes\" target=\"_blank\" rel=\"noopener\">invitada al programa &#8216;El hormiguero&#8217;<\/a>, donde rebati\u00f3 en varias ocasiones a Motos por su manera de llevar la entrevista. M\u00e1s all\u00e1 de las cr\u00edticas sobre su actitud en el programa, la actriz ha reaccion\u00f3 a comentarios tr\u00e1nsfobos que ha recibido en redes sociales, donde ha sido fuertemente atacada, aunque <strong>muchos de los comentarios vienen de su posici\u00f3n privilegiada y que no entiende la realidad de otras mujeres como ella de otro escal\u00f3n social.<\/strong><\/p>\n<p><!-- BREAK 2 --><\/p>\n<div id=\"ez-toc-container\" class=\"ez-toc-v2_0_81 counter-hierarchy ez-toc-counter ez-toc-grey ez-toc-container-direction\">\n<div class=\"ez-toc-title-container\">\n<p class=\"ez-toc-title\" style=\"cursor:inherit\">Tabla de Contenido<\/p>\n<span class=\"ez-toc-title-toggle\"><a href=\"#\" class=\"ez-toc-pull-right ez-toc-btn ez-toc-btn-xs ez-toc-btn-default ez-toc-toggle\" aria-label=\"Alternar tabla de contenidos\"><span class=\"ez-toc-js-icon-con\"><span class=\"\"><span class=\"eztoc-hide\" style=\"display:none;\">Toggle<\/span><span class=\"ez-toc-icon-toggle-span\"><svg style=\"fill: #999;color:#999\" xmlns=\"http:\/\/www.w3.org\/2000\/svg\" class=\"list-377408\" width=\"20px\" height=\"20px\" viewBox=\"0 0 24 24\" fill=\"none\"><path d=\"M6 6H4v2h2V6zm14 0H8v2h12V6zM4 11h2v2H4v-2zm16 0H8v2h12v-2zM4 16h2v2H4v-2zm16 0H8v2h12v-2z\" fill=\"currentColor\"><\/path><\/svg><svg style=\"fill: #999;color:#999\" class=\"arrow-unsorted-368013\" xmlns=\"http:\/\/www.w3.org\/2000\/svg\" width=\"10px\" height=\"10px\" viewBox=\"0 0 24 24\" version=\"1.2\" baseProfile=\"tiny\"><path d=\"M18.2 9.3l-6.2-6.3-6.2 6.3c-.2.2-.3.4-.3.7s.1.5.3.7c.2.2.4.3.7.3h11c.3 0 .5-.1.7-.3.2-.2.3-.5.3-.7s-.1-.5-.3-.7zM5.8 14.7l6.2 6.3 6.2-6.3c.2-.2.3-.5.3-.7s-.1-.5-.3-.7c-.2-.2-.4-.3-.7-.3h-11c-.3 0-.5.1-.7.3-.2.2-.3.5-.3.7s.1.5.3.7z\"\/><\/svg><\/span><\/span><\/span><\/a><\/span><\/div>\n<nav><ul class='ez-toc-list ez-toc-list-level-1 ' ><li class='ez-toc-page-1 ez-toc-heading-level-2'><a class=\"ez-toc-link ez-toc-heading-1\" href=\"https:\/\/enfoquenoticioso.com\/?p=45884\/#Contraataque_a_la_representacion_de_la_cultura_mexicana\" >Contraataque a la representaci\u00f3n de la cultura mexicana<\/a><\/li><li class='ez-toc-page-1 ez-toc-heading-level-2'><a class=\"ez-toc-link ez-toc-heading-2\" href=\"https:\/\/enfoquenoticioso.com\/?p=45884\/#Polemica_por_la_representacion_transgenero\" >Pol\u00e9mica por la representaci\u00f3n transg\u00e9nero<\/a><\/li><li class='ez-toc-page-1 ez-toc-heading-level-2'><a class=\"ez-toc-link ez-toc-heading-3\" href=\"https:\/\/enfoquenoticioso.com\/?p=45884\/#La_polemica_de_la_IA\" >La pol\u00e9mica de la IA<\/a><\/li><li class='ez-toc-page-1 ez-toc-heading-level-2'><a class=\"ez-toc-link ez-toc-heading-4\" href=\"https:\/\/enfoquenoticioso.com\/?p=45884\/#Una_disculpa_razonable\" >Una disculpa razonable<\/a><\/li><\/ul><\/nav><\/div>\n<h2><span class=\"ez-toc-section\" id=\"Contraataque_a_la_representacion_de_la_cultura_mexicana\"><\/span>Contraataque a la representaci\u00f3n de la cultura mexicana<span class=\"ez-toc-section-end\"><\/span><\/h2>\n<p>El retrato que la pel\u00edcula hace de M\u00e9xico ha provocado una gran indignaci\u00f3n entre los cr\u00edticos y espectadores mexicanos. H\u00e9ctor Guill\u00e9n, guionista mexicano, calific\u00f3 dram\u00e1ticamente la pel\u00edcula de \u00abburla eurocentrista racista\u00bb, subrayando la profunda <strong>incomodidad que supone que una producci\u00f3n francesa represente un trauma nacional tan delicado<\/strong>. El tratamiento que hace la pel\u00edcula de la guerra contra el narcotr\u00e1fico en M\u00e9xico, que se ha cobrado casi 500.000 vidas desde 2006, como una narraci\u00f3n musical ha resultado especialmente ofensivo para muchos.<\/p>\n<p><!-- BREAK 3 --> <\/p>\n<div class=\"article-asset article-asset-normal article-asset-center\">\n<div class=\"desvio-container\">\n<div class=\"desvio\">\n<div class=\"desvio-figure js-desvio-figure\">\n    <a href=\"https:\/\/www.espinof.com\/premios-oscar\/sorpresas-decepciones-imperdonables-olvidos-nominaciones-a-oscar-2025\" class=\"pivot-outboundlink\" data-vars-post-title=\"Las sorpresas, las decepciones y los imperdonables olvidos de las nominaciones a los \u00d3scar 2025 \" target=\"_blank\" rel=\"noopener\"><br \/>\n     <img loading=\"lazy\" decoding=\"async\" alt=\"Las sorpresas, las decepciones y los imperdonables olvidos de las nominaciones a los \u00d3scar 2025 \" width=\"375\" height=\"142\" src=\"https:\/\/i.blogs.es\/3eeb05\/margaret-qualley-lily-rose-depp-josh-o-connor-oscars\/375_142.jpeg\"\/><br \/>\n    <\/a>\n   <\/div>\n<\/p><\/div>\n<\/p><\/div>\n<\/div>\n<p>Muchos cr\u00edticos argumentan que la pel\u00edcula trivializa temas serios, utilizando a M\u00e9xico como un tel\u00f3n de fondo superficial mientras demuestra una comprensi\u00f3n aut\u00e9ntica m\u00ednima. La falta de actores mexicanos en los papeles clave de la producci\u00f3n, combinada con representaciones estereotipadas, se ha percibido como especialmente problem\u00e1tica.<strong> La pel\u00edcula parece estar \u00abdise\u00f1ada para la exportaci\u00f3n\u00bb, como los souvenirs tur\u00edsticos<\/strong> que representan superficialmente una cultura sin una comprensi\u00f3n genuina.<\/p>\n<p><!-- BREAK 4 --><\/p>\n<div class=\"article-asset-image article-asset-normal article-asset-center\">\n<div class=\"asset-content\">\n                   <img class=\"centro_sinmarco\" height=\"825\" width=\"1440\" loading=\"lazy\" decoding=\"async\" sizes=\"auto, 100vw\" fetchpriority=\"high\" srcset=\"https:\/\/i.blogs.es\/e625cf\/pinche\/450_1000.jpeg 450w, https:\/\/i.blogs.es\/e625cf\/pinche\/650_1200.jpeg 681w,https:\/\/i.blogs.es\/e625cf\/pinche\/1024_2000.jpeg 1024w, https:\/\/i.blogs.es\/e625cf\/pinche\/1366_2000.jpeg 1366w\" src=\"https:\/\/i.blogs.es\/e625cf\/pinche\/450_1000.jpeg\" alt=\"Pinche\"\/><br \/>\n   <img decoding=\"async\" alt=\"Pinche\" class=\"centro_sinmarco\" src=\"https:\/\/i.blogs.es\/e625cf\/pinche\/450_1000.jpeg\"\/><\/p><\/div>\n<\/div>\n<p>Dentro de estos comentarios, la autenticidad ling\u00fc\u00edstica de la pel\u00edcula ha sido muy criticada. Actores como Selena G\u00f3mez y Zoe Salda\u00f1a han sido criticados por su pronunciaci\u00f3n y acento espa\u00f1oles, <strong>con la frase \u00abHasta me duele la pinche vulva nada m\u00e1s de acordarme de ti\u00bb alcanzando grandes cotas de mofa y viralizaci\u00f3n<\/strong> que han intensificado la rabia. Aunque la producci\u00f3n ofrece algunas explicaciones coherentes, como que el personaje de Salda\u00f1a naci\u00f3 en la Rep\u00fablica Dominicana, muchos las consideran excusas convenientes para evitar una autenticidad ling\u00fc\u00edstica genuina.<\/p>\n<p><!-- BREAK 5 --><\/p>\n<h2><span class=\"ez-toc-section\" id=\"Polemica_por_la_representacion_transgenero\"><\/span>Pol\u00e9mica por la representaci\u00f3n transg\u00e9nero<span class=\"ez-toc-section-end\"><\/span><\/h2>\n<p>El uso de la jerga mexicana en el guion parece desnortado, y los cr\u00edticos sugieren que los guionistas metieron coloquialismos mexicanos en una batidora, sin entender su contexto o uso adecuados. Este mal manejo ling\u00fc\u00edstico subraya a\u00fan m\u00e1s la percepci\u00f3n de superficialidad cultural, aunque quiz\u00e1 <strong>la cr\u00edtica m\u00e1s mordaz proceda de la comunidad transexual, que considera la pel\u00edcula un importante paso atr\u00e1s en la representaci\u00f3n trans<\/strong>. Numerosos cr\u00edticos queer han analizado la problem\u00e1tica representaci\u00f3n de la pel\u00edcula, destacando numerosos tropos y estereotipos perjudiciales.<\/p>\n<p><!-- BREAK 6 --> <\/p>\n<div class=\"article-asset article-asset-normal article-asset-center\">\n<div class=\"desvio-container\">\n<div class=\"desvio\">\n<div class=\"desvio-figure js-desvio-figure\">\n    <a href=\"https:\/\/www.espinof.com\/actores-y-actrices\/director-emilia-perez-no-queria-que-karla-sofia-gascon-interpretara-papel-masculino-actriz-consiguio-convencerlo\" class=\"pivot-outboundlink\" data-vars-post-title=\"El director de &#039;Emilia P\u00e9rez&#039; no quer\u00eda que Karla Sof\u00eda Gasc\u00f3n interpretara el papel masculino, pero la actriz consigui\u00f3 convencerlo. &quot;Conozco mis capacidades&quot;\" target=\"_blank\" rel=\"noopener\"><br \/>\n     <img loading=\"lazy\" decoding=\"async\" alt=\"El director de 'Emilia P\u00e9rez' no quer\u00eda que Karla Sof\u00eda Gasc\u00f3n interpretara el papel masculino, pero la actriz consigui\u00f3 convencerlo. &quot;Conozco mis capacidades&quot;\" width=\"375\" height=\"142\" src=\"https:\/\/i.blogs.es\/a8f51d\/emiliaperez\/375_142.jpeg\"\/><br \/>\n    <\/a>\n   <\/div>\n<\/p><\/div>\n<\/p><\/div>\n<\/div>\n<p>Se acusa a la pel\u00edcula de tratar la transici\u00f3n como u<strong>na transformaci\u00f3n moral, sugiriendo que cambiar de cuerpo absuelve de alg\u00fan modo los pecados pasados. <\/strong>Los cr\u00edticos se\u00f1alan opciones narrativas muy superadas, como presentar la transici\u00f3n de la protagonista como potencialmente enga\u00f1osa, volver a comportamientos \u00abmasculinos\u00bb \u00a0cuando est\u00e1 emocionalmente cargada y confundir constantemente el g\u00e9nero y el nombre del personaje. Drew Burnett Gregory, de <a rel=\"noopener, noreferrer\" href=\"https:\/\/www.autostraddle.com\/emilia-perez-trans-review\/\" target=\"_blank\">Autostraddle<\/a>, resumi\u00f3 sucintamente los problemas de representaci\u00f3n trans de la pel\u00edcula.<\/p>\n<p><!-- BREAK 7 --><\/p>\n<div class=\"article-asset-image article-asset-normal article-asset-center\">\n<div class=\"asset-content\">\n                   <img class=\"centro_sinmarco\" height=\"1333\" width=\"2000\" loading=\"lazy\" decoding=\"async\" sizes=\"auto, 100vw\" fetchpriority=\"high\" srcset=\"https:\/\/i.blogs.es\/8c1d93\/trans\/450_1000.jpeg 450w, https:\/\/i.blogs.es\/8c1d93\/trans\/650_1200.jpeg 681w,https:\/\/i.blogs.es\/8c1d93\/trans\/1024_2000.jpeg 1024w, https:\/\/i.blogs.es\/8c1d93\/trans\/1366_2000.jpeg 1366w\" src=\"https:\/\/i.blogs.es\/8c1d93\/trans\/450_1000.jpeg\" alt=\"Trans\"\/><br \/>\n   <img decoding=\"async\" alt=\"Trans\" class=\"centro_sinmarco\" src=\"https:\/\/i.blogs.es\/8c1d93\/trans\/450_1000.jpeg\"\/><\/p><\/div>\n<\/div>\n<p>El autor se\u00f1alando que <strong>toca casi todos los tropos negativos trans:<\/strong><\/p>\n<blockquote><p>&#8211; El asesino es una mujer trans<\/p><\/blockquote>\n<blockquote><p>&#8211; Mujer trans tr\u00e1gica<\/p><\/blockquote>\n<blockquote><p>&#8211; Mujer trans abandona a su mujer y a sus hijos para transicionar<\/p><\/blockquote>\n<blockquote><p>&#8211; La transici\u00f3n, tratada como una muerte<\/p><\/blockquote>\n<blockquote><p>&#8211; Nombramiento incorrecto y cambio de g\u00e9nero en momentos cruciales<br \/>&#8211; Mujer trans descrita como &#8216;mitad hombre\/mitad mujer&#8217;.<\/p><\/blockquote>\n<h2><span class=\"ez-toc-section\" id=\"La_polemica_de_la_IA\"><\/span>La pol\u00e9mica de la IA<span class=\"ez-toc-section-end\"><\/span><\/h2>\n<p>M\u00e1s all\u00e1 de los problemas de representaci\u00f3n, la pel\u00edcula se ha enfrentado tambi\u00e9n \u00a0a cr\u00edticas art\u00edsticas. Algunos cr\u00edticos, aunque reconocen la ambici\u00f3n de la pel\u00edcula, argumentan que no consigue una profundidad significativa. Los elementos musicales, aunque audaces, se consideran incoherentes, y la narraci\u00f3n se esfuerza por dotar de una aut\u00e9ntica interioridad a sus personajes, pero lo m\u00e1s imperdonable, <strong>al parecer se vio envuelta en una pol\u00e9mica sobre uso de la inteligencia artificial.<\/strong><\/p>\n<p><!-- BREAK 8 --><\/p>\n<div class=\"article-asset article-asset-normal article-asset-center\">\n<div class=\"desvio-container\">\n<div class=\"desvio\">\n<div class=\"desvio-figure js-desvio-figure\">\n    <a href=\"https:\/\/www.espinof.com\/directores-y-guionistas\/director-the-brutalist-sale-al-paso-polemica-uso-ia-pelicula-solo-sintoma-grave-problema-al-que-se-enfrenta-academia-hollywood\" class=\"pivot-outboundlink\" data-vars-post-title=\"El director de &#039;The Brutalist&#039; sale al paso de la pol\u00e9mica por el uso de IA en la pel\u00edcula, pero es s\u00f3lo un s\u00edntoma del grave problema al que se enfrenta la Academia de Hollywood \" target=\"_blank\" rel=\"noopener\"><br \/>\n     <img loading=\"lazy\" decoding=\"async\" alt=\"El director de 'The Brutalist' sale al paso de la pol\u00e9mica por el uso de IA en la pel\u00edcula, pero es s\u00f3lo un s\u00edntoma del grave problema al que se enfrenta la Academia de Hollywood \" width=\"375\" height=\"142\" src=\"https:\/\/i.blogs.es\/d72b23\/captura-de-pantalla-2025-01-21-a-las-16.53.58\/375_142.jpeg\"\/><br \/>\n    <\/a>\n   <\/div>\n<\/p><\/div>\n<\/p><\/div>\n<\/div>\n<p>El mezclador de sonido Cyril Holtz revel\u00f3 qu<strong>e se utilizaron t\u00e9cnicas de clonaci\u00f3n de voz para mezclar la voz de la actriz principal, Karla Sof\u00eda Gasc\u00f3n<\/strong>, con la de la estrella del pop francesa Camille. Esta revelaci\u00f3n se produjo en un momento delicado, tras importantes huelgas en Hollywood centradas en parte en el potencial de la IA para sustituir el trabajo creativo humano, y coinciden con la pol\u00e9mica con &#8216;The Brutalist&#8217;, tambi\u00e9n relacionada con la voz.<\/p>\n<p><!-- BREAK 9 --><\/p>\n<div class=\"article-asset-image article-asset-normal article-asset-center\">\n<div class=\"asset-content\">\n                   <img class=\"centro_sinmarco\" height=\"1404\" width=\"2496\" loading=\"lazy\" decoding=\"async\" sizes=\"auto, 100vw\" fetchpriority=\"high\" srcset=\"https:\/\/i.blogs.es\/0adce9\/emilia\/450_1000.jpeg 450w, https:\/\/i.blogs.es\/0adce9\/emilia\/650_1200.jpeg 681w,https:\/\/i.blogs.es\/0adce9\/emilia\/1024_2000.jpeg 1024w, https:\/\/i.blogs.es\/0adce9\/emilia\/1366_2000.jpeg 1366w\" src=\"https:\/\/i.blogs.es\/0adce9\/emilia\/450_1000.jpeg\" alt=\"Emilia\"\/><br \/>\n   <img decoding=\"async\" alt=\"Emilia\" class=\"centro_sinmarco\" src=\"https:\/\/i.blogs.es\/0adce9\/emilia\/450_1000.jpeg\"\/><\/p><\/div>\n<\/div>\n<p>A pesar de las cr\u00edticas generalizadas, la pel\u00edcula ha cosechado importantes elogios de la cr\u00edtica. Gan\u00f3 el premio del jurado en Cannes, recibi\u00f3 cuatro Globos de Oro y obtuvo trece nominaciones a los Oscar, muchos defienden la ambici\u00f3n art\u00edstica de la pel\u00edcula, <strong>argumentando que ofrece una nueva visi\u00f3n de las historias de los c\u00e1rteles y las narrativas transg\u00e9nero, aunque los que<\/strong> la apoyan tambi\u00e9n reconocen la legitimidad de las cr\u00edticas, ya que refleja conversaciones m\u00e1s amplias sobre la representaci\u00f3n, la autenticidad cultural y qui\u00e9n tiene derecho a contar historias complejas y delicadas.<\/p>\n<p><!-- BREAK 10 --> <\/p>\n<h2><span class=\"ez-toc-section\" id=\"Una_disculpa_razonable\"><\/span>Una disculpa razonable<span class=\"ez-toc-section-end\"><\/span><\/h2>\n<p>&#8216;Emilia P\u00e9rez&#8217; ha suscitado importantes di\u00e1logos sobre la representaci\u00f3n cultural, la narrativa transg\u00e9nero y las complejidades del cine internacional. Aunque celebrada en muchos c\u00edrculos, sigue siendo cuestionada sus opciones narrativas, la representaci\u00f3n y su paso por la temporada de premios, que plantea un importante debate sobre la representaci\u00f3n en el cine contempor\u00e1neo. Aunque algunas acusaciones han sido rebatidas por el director, a quien se le calificaba de \u00abnunca haber pisado M\u00e9xico\u00bb.<strong> Audiard, luego, cont\u00f3 a la BBC que fue varias veces a M\u00e9xico con la intenci\u00f3n de rodar all\u00ed la pel\u00edcula, as\u00ed como de elegir a los actores principales.<\/strong><\/p>\n<p><!-- BREAK 11 --><\/p>\n<blockquote><p>\u00abTen\u00eda la idea de hacer una \u00f3pera de Emilia P\u00e9rez y luego me asust\u00e9 un poco, sent\u00ed que necesitaba inyectarle algo de realismo, as\u00ed que fui a M\u00e9xico, y tambi\u00e9n exploramos all\u00ed durante el proceso de casting, quiz\u00e1 dos o tres veces y algo no funcionaba. Y me di cuenta de que las im\u00e1genes que ten\u00eda en la cabeza de c\u00f3mo ser\u00eda la pel\u00edcula no coincid\u00edan con la realidad de las calles de M\u00e9xico. Era demasiado pedestre, demasiado real. Ten\u00eda una visi\u00f3n mucho m\u00e1s estilizada en mi mente. As\u00ed que la llevamos a Par\u00eds y reinyectamos en ella el ADN de una \u00f3pera. Puede que sea un poco pretencioso por mi parte, pero \u00bfnecesitaba Shakespeare ir hasta Verona para escribir una historia sobre ese lugar?\u201d.<\/p><\/blockquote>\n<div class=\"article-asset article-asset-normal article-asset-center\">\n<div class=\"desvio-container\">\n<div class=\"desvio\">\n<div class=\"desvio-figure js-desvio-figure\">\n    <a href=\"https:\/\/www.espinof.com\/premios-oscar\/karla-sofia-gascon-hace-historia-oscars-como-primera-actriz-abiertamente-trans-ser-nominada\" class=\"pivot-outboundlink\" data-vars-post-title=\"Karla Sof\u00eda Gasc\u00f3n hace historia en los Oscars como la primera actriz abiertamente trans en ser nominada \" target=\"_blank\" rel=\"noopener\"><br \/>\n     <img loading=\"lazy\" decoding=\"async\" alt=\"Karla Sof\u00eda Gasc\u00f3n hace historia en los Oscars como la primera actriz abiertamente trans en ser nominada \" width=\"375\" height=\"142\" src=\"https:\/\/i.blogs.es\/5621ae\/karla-sofia-gascon\/375_142.jpeg\"\/><br \/>\n    <\/a>\n   <\/div>\n<\/p><\/div>\n<\/p><\/div>\n<\/div>\n<p>Sin embargo, en una rueda de prensa en M\u00e9xico, Audiard se <a rel=\"noopener, noreferrer\" href=\"https:\/\/www.theguardian.com\/film\/2025\/jan\/16\/jacques-audiard-emilia-perez-director-apologises\" target=\"_blank\">disculp\u00f3<\/a> ante sus cr\u00edticos, <strong>afirmando que la pel\u00edcula es \u00f3pera, y por tanto no es realista y que:<\/strong><\/p>\n<p><!-- BREAK 12 --><\/p>\n<blockquote><p>\u00abHay dos temas delicados en esta pel\u00edcula: la identidad transexual y los desaparecidos en M\u00e9xico. Y es algo que no puedo explicar del todo racionalmente, pero hab\u00eda un v\u00ednculo entre los dos en el que imaginaba que esta historia de si este g\u00e1ngster, que es responsable de este mal, se redime a s\u00ed mismo y por extensi\u00f3n a todo M\u00e9xico, a trav\u00e9s de esta transici\u00f3n, a trav\u00e9s de cambiarse a s\u00ed mismo.<\/p><\/blockquote>\n<blockquote><p>Y creo que el uso de la \u00f3pera, del canto, y del baile, permite una cierta distancia y por la cual hace que el mensaje sea mucho m\u00e1s eficaz. Penetra mucho m\u00e1s profundamente que si lo documentaras de una manera muy realista. Si hay cosas que parecen chocantes en Emilia P\u00e9rez entonces lo siento mucho&#8230; El cine no da respuestas, s\u00f3lo hace preguntas. Pero quiz\u00e1 las preguntas de Emilia P\u00e9rez sean incorrectas\u00bb.<\/p><\/blockquote>\n<p>En Espinof | <a class=\"text-outboundlink\" href=\"https:\/\/www.espinof.com\/listas\/oscars-2025-donde-ver-streaming-peliculas-nominadas-dune-2-no-other-land-favoritas-para-arrasar-ultima-cita-temporada-premios\" data-vars-post-title=\"Oscars 2025, d\u00f3nde ver en streaming las pel\u00edculas nominadas: &#039;Dune 2&#039;, &#039;No Other Land&#039; y m\u00e1s favoritas para arrasar en la \u00faltima cita de la temporada de premios \" data-vars-post-url=\"https:\/\/www.espinof.com\/listas\/oscars-2025-donde-ver-streaming-peliculas-nominadas-dune-2-no-other-land-favoritas-para-arrasar-ultima-cita-temporada-premios\" target=\"_blank\" rel=\"noopener\">Oscars 2025, d\u00f3nde ver en streaming las pel\u00edculas nominadas: &#8216;Dune 2&#8217;, &#8216;No Other Land&#8217; y m\u00e1s favoritas para arrasar en la \u00faltima cita de la temporada de premios<\/a><\/p>\n<p><!-- BREAK 13 --><\/p>\n<p>En Espinof | <a class=\"text-outboundlink\" href=\"https:\/\/www.espinof.com\/premios-oscar\/emilia-perez-repite-proeza-barbie-nominaciones-a-oscar-muestra-que-musicales-han-invadido-a-industria-cine\" data-vars-post-title=\"&#039;Emilia P\u00e9rez&#039; repite la proeza de Barbie en las nominaciones a los Oscars. Una muestra de que los musicales han invadido a la industria del cine\" data-vars-post-url=\"https:\/\/www.espinof.com\/premios-oscar\/emilia-perez-repite-proeza-barbie-nominaciones-a-oscar-muestra-que-musicales-han-invadido-a-industria-cine\" target=\"_blank\" rel=\"noopener\">Emilia P\u00e9rez repite la proeza de Barbie en las nominaciones a los \u00d3scar. Una muestra de que los musicales han invadido a la industria del cine<\/a><\/p>\n<p><!-- BREAK 14 --><\/p><\/div>\n<p><a href=\"https:\/\/www.espinof.com\/premios-oscar\/todas-polemicas-emilia-perez-que-acumula-nominaciones-a-oscar-que-retorno-rey-a-pesar-usar-ia-ser-acusada-racismo-transfobia\" class=\" target=\" title=\"Todas las pol\u00e9micas de &#039;Emilia P\u00e9rez&#039;, que acumula m\u00e1s nominaciones a los \u00d3scar que &#039;El retorno del rey&#039; a pesar de usar IA y ser acusada de racismo y transfobia\" target=\"_blank\" rel=\"noopener\">Ver fuente<\/a><\/p>\n","protected":false},"excerpt":{"rendered":"<p>La pel\u00edcula francesa &#8216;Emilia P\u00e9rez&#8216;, dirigida por Jacques Audiard, se ha convertido en un pararrayos para las cr\u00edticas a pesar de su aclamaci\u00f3n por parte de la cr\u00edtica y su r\u00e9cord de 13 nominaciones a los Oscar. La pel\u00edcula, un musical sobre un narcotraficante mexicano que se transforma en mujer, ha suscitado un intenso escrutinio [&hellip;]<\/p>\n","protected":false},"author":2,"featured_media":45885,"comment_status":"open","ping_status":"closed","sticky":false,"template":"","format":"standard","meta":{"footnotes":""},"categories":[8],"tags":[],"class_list":["post-45884","post","type-post","status-publish","format-standard","has-post-thumbnail","hentry","category-entretenimiento"],"_links":{"self":[{"href":"https:\/\/enfoquenoticioso.com\/index.php?rest_route=\/wp\/v2\/posts\/45884","targetHints":{"allow":["GET"]}}],"collection":[{"href":"https:\/\/enfoquenoticioso.com\/index.php?rest_route=\/wp\/v2\/posts"}],"about":[{"href":"https:\/\/enfoquenoticioso.com\/index.php?rest_route=\/wp\/v2\/types\/post"}],"author":[{"embeddable":true,"href":"https:\/\/enfoquenoticioso.com\/index.php?rest_route=\/wp\/v2\/users\/2"}],"replies":[{"embeddable":true,"href":"https:\/\/enfoquenoticioso.com\/index.php?rest_route=%2Fwp%2Fv2%2Fcomments&post=45884"}],"version-history":[{"count":0,"href":"https:\/\/enfoquenoticioso.com\/index.php?rest_route=\/wp\/v2\/posts\/45884\/revisions"}],"wp:featuredmedia":[{"embeddable":true,"href":"https:\/\/enfoquenoticioso.com\/index.php?rest_route=\/wp\/v2\/media\/45885"}],"wp:attachment":[{"href":"https:\/\/enfoquenoticioso.com\/index.php?rest_route=%2Fwp%2Fv2%2Fmedia&parent=45884"}],"wp:term":[{"taxonomy":"category","embeddable":true,"href":"https:\/\/enfoquenoticioso.com\/index.php?rest_route=%2Fwp%2Fv2%2Fcategories&post=45884"},{"taxonomy":"post_tag","embeddable":true,"href":"https:\/\/enfoquenoticioso.com\/index.php?rest_route=%2Fwp%2Fv2%2Ftags&post=45884"}],"curies":[{"name":"wp","href":"https:\/\/api.w.org\/{rel}","templated":true}]}}