{"id":45941,"date":"2025-01-24T09:25:45","date_gmt":"2025-01-24T09:25:45","guid":{"rendered":"https:\/\/enfoquenoticioso.com\/entretenimiento\/estrenos-apple-tv-en-febrero-de-2025\/"},"modified":"2025-01-24T09:25:45","modified_gmt":"2025-01-24T09:25:45","slug":"estrenos-apple-tv-en-febrero-de-2025","status":"publish","type":"post","link":"https:\/\/enfoquenoticioso.com\/?p=45941","title":{"rendered":"Estrenos Apple TV+ en febrero de 2025"},"content":{"rendered":"<p>Hoy te damos a conocer <strong>los estrenos de <a href=\"\/streaming\/apple-tv\/\">Apple TV+<\/a> en febrero de 2025<\/strong>. Como sabes, la plataforma de streaming se ha aliado con <a href=\"\/streaming\/movistar-plus\/\">Movistar plus+<\/a> para ampliar el alcance de sus producciones, por lo que si dispones de alguna de ellas, tendr\u00e1s varias novedades interesantes de cara a las pr\u00f3ximas semanas. <strong>A continuaci\u00f3n te hablar\u00e9 de las series de Apple TV+ en febrero de 2025.<\/strong><\/p>\n<p><span id=\"more-46141\"><\/span><\/p>\n<div class=\"ficha-serie-completa\" style=\"margin-bottom: 40px\">\n<div id=\"ez-toc-container\" class=\"ez-toc-v2_0_81 counter-hierarchy ez-toc-counter ez-toc-grey ez-toc-container-direction\">\n<div class=\"ez-toc-title-container\">\n<p class=\"ez-toc-title\" style=\"cursor:inherit\">Tabla de Contenido<\/p>\n<span class=\"ez-toc-title-toggle\"><a href=\"#\" class=\"ez-toc-pull-right ez-toc-btn ez-toc-btn-xs ez-toc-btn-default ez-toc-toggle\" aria-label=\"Alternar tabla de contenidos\"><span class=\"ez-toc-js-icon-con\"><span class=\"\"><span class=\"eztoc-hide\" style=\"display:none;\">Toggle<\/span><span class=\"ez-toc-icon-toggle-span\"><svg style=\"fill: #999;color:#999\" xmlns=\"http:\/\/www.w3.org\/2000\/svg\" class=\"list-377408\" width=\"20px\" height=\"20px\" viewBox=\"0 0 24 24\" fill=\"none\"><path d=\"M6 6H4v2h2V6zm14 0H8v2h12V6zM4 11h2v2H4v-2zm16 0H8v2h12v-2zM4 16h2v2H4v-2zm16 0H8v2h12v-2z\" fill=\"currentColor\"><\/path><\/svg><svg style=\"fill: #999;color:#999\" class=\"arrow-unsorted-368013\" xmlns=\"http:\/\/www.w3.org\/2000\/svg\" width=\"10px\" height=\"10px\" viewBox=\"0 0 24 24\" version=\"1.2\" baseProfile=\"tiny\"><path d=\"M18.2 9.3l-6.2-6.3-6.2 6.3c-.2.2-.3.4-.3.7s.1.5.3.7c.2.2.4.3.7.3h11c.3 0 .5-.1.7-.3.2-.2.3-.5.3-.7s-.1-.5-.3-.7zM5.8 14.7l6.2 6.3 6.2-6.3c.2-.2.3-.5.3-.7s-.1-.5-.3-.7c-.2-.2-.4-.3-.7-.3h-11c-.3 0-.5.1-.7.3-.2.2-.3.5-.3.7s.1.5.3.7z\"\/><\/svg><\/span><\/span><\/span><\/a><\/span><\/div>\n<nav><ul class='ez-toc-list ez-toc-list-level-1 ' ><li class='ez-toc-page-1 ez-toc-heading-level-2'><a class=\"ez-toc-link ez-toc-heading-1\" href=\"https:\/\/enfoquenoticioso.com\/?p=45941\/#A_muerte\" >A muerte<\/a><\/li><li class='ez-toc-page-1 ez-toc-heading-level-2'><a class=\"ez-toc-link ez-toc-heading-2\" href=\"https:\/\/enfoquenoticioso.com\/?p=45941\/#El_abismo_secreto\" >El abismo secreto<\/a><\/li><li class='ez-toc-page-1 ez-toc-heading-level-2'><a class=\"ez-toc-link ez-toc-heading-3\" href=\"https:\/\/enfoquenoticioso.com\/?p=45941\/#Apariencias_temporada_2\" >Apariencias, temporada 2<\/a><\/li><li class='ez-toc-page-1 ez-toc-heading-level-2'><a class=\"ez-toc-link ez-toc-heading-4\" href=\"https:\/\/enfoquenoticioso.com\/?p=45941\/#Major_League_Soccer_Mas_alla_del_cesped\" >Major League Soccer: M\u00e1s all\u00e1 del c\u00e9sped<\/a><\/li><li class='ez-toc-page-1 ez-toc-heading-level-2'><a class=\"ez-toc-link ez-toc-heading-5\" href=\"https:\/\/enfoquenoticioso.com\/?p=45941\/#KRANK_Berlin_al_limite\" >KRANK: Berl\u00edn al l\u00edmite<\/a><\/li><\/ul><\/nav><\/div>\n<h2 style=\"font-size: 1.2em;margin-bottom: 15px;color: #333\"><span class=\"ez-toc-section\" id=\"A_muerte\"><\/span>\n            <a href=\"https:\/\/somosdecine.com\/series\/a-muerte-2025\/\" style=\"text-decoration: none;color: #0073aa\" target=\"_blank\" rel=\"noopener\"><br \/>\n                A muerte            <\/a><br \/>\n        <span class=\"ez-toc-section-end\"><\/span><\/h2>\n<div class=\"ficha-contenedor\" style=\"gap: 20px;align-items: flex-start;flex-wrap: wrap\">\n<div class=\"ficha-imagen\" style=\"flex: 0 0 250px;max-width: 250px\">\n                    <a href=\"https:\/\/somosdecine.com\/series\/a-muerte-2025\/\" target=\"_blank\" rel=\"noopener\"><br \/>\n                        <img decoding=\"async\" src=\"https:\/\/somosdecine.com\/wp-content\/uploads\/a-muerte-2025.webp\" alt=\"A muerte\" style=\"width: 100%;height: auto;border-radius: 5px\" \/><br \/>\n                    <\/a>\n                <\/div>\n<div class=\"ficha-detalles\" style=\"flex: 1;min-width: 300px;text-align: left\">\n<ul style=\"padding: 0;margin: 0\">\n<li><strong>Fecha de estreno:<\/strong> 5 de febrero de 2025 en Apple TV+<\/li>\n<li><strong>G\u00e9nero:<\/strong> Comedia rom\u00e1ntica, Drama<\/li>\n<li><strong>Pa\u00eds:<\/strong> Espa\u00f1a<\/li>\n<li><strong>A\u00f1o de lanzamiento:<\/strong> 2025<\/li>\n<li><strong>Direcci\u00f3n:<\/strong> Dani de la Orden<\/li>\n<li><strong>Reparto:<\/strong> Ver\u00f3nica Echegui, Joan Amarg\u00f3s, Paula Malia, Cristian Valencia, Claudia Melo, Roger Coma, Joan Sol\u00e9, Juli\u00e1n Villagr\u00e1n, David Bag\u00e9s<\/li>\n<li><strong>Plataforma:<\/strong><br \/>\n                            Apple TV+                        <\/li>\n<\/ul><\/div>\n<\/p><\/div>\n<div class=\"descripcion-serie\" style=\"margin-top: 20px;text-align: justify;font-size: 1em;line-height: 1.6\">\n<p>A muerte cuenta la historia del prudente Ra\u00fal (Amarg\u00f3s), que tras su diagn\u00f3stico de c\u00e1ncer de coraz\u00f3n se reencuentra con Marta (Echegui), de esp\u00edritu libre y recientemente embarazada. Los dos retoman una amistad que comenz\u00f3 en la infancia, y esta relaci\u00f3n causada por el destino comienza a poner a prueba sus creencias sobre el amor. \u00bfPuede enamorarse Marta, f\u00f3bica al compromiso? Y, \u00bfpodr\u00e1 Ra\u00fal conocer al amor de su vida?<\/p>\n<p>El reparto coral tambi\u00e9n incluye a Paula Malia (\u00abValeria\u00bb), Cristian Valencia (Barcelona, noche de invierno), Claudia Melo (\u00abAmar es para siempre\u00bb), Roger Coma (\u00abGran Hotel\u00bb), Joan Sol\u00e9 (\u00abCardo\u00bb), Juli\u00e1n Villagr\u00e1n (\u00abLa chica de nieve\u00bb) y David Bag\u00e9s (\u00abLa \u00faltima noche en Tremor\u00bb).<\/p>\n<p>A muerte est\u00e1 creada y dirigida por Dani de la Orden, con Montse Garc\u00eda (\u00abLa Ruta\u00bb, \u00abAlba\u00bb, \u00abLa edad de la ira\u00bb), Ana Eiras (Loco por ella) y Elena Bort (\u00abAna Tramel. El Juego\u00bb) como productoras ejecutivas.<\/p>\n<\/p><\/div>\n<p>        <a href=\"https:\/\/somosdecine.com\/series\/a-muerte-2025\/\" style=\"margin-top: 20px;color: #0073aa;text-decoration: none;font-weight: bold\" target=\"_blank\" rel=\"noopener\">Ver ficha completa<\/a>\n    <\/div>\n<div class=\"ficha-pelicula-completa\" style=\"margin-bottom: 40px\">\n        <!-- T\u00edtulo --><\/p>\n<h2 style=\"font-size: 1.2em;margin-bottom: 15px;color: #333\"><span class=\"ez-toc-section\" id=\"El_abismo_secreto\"><\/span>\n            <a href=\"https:\/\/somosdecine.com\/peliculas\/el-abismo-secreto-2025\/\" style=\"text-decoration: none;color: #0073aa\" target=\"_blank\" rel=\"noopener\"><br \/>\n                El abismo secreto            <\/a><br \/>\n        <span class=\"ez-toc-section-end\"><\/span><\/h2>\n<p>        <!-- Imagen y detalles (Dise\u00f1o flexible) --><\/p>\n<div class=\"ficha-contenedor\" style=\"gap: 20px;align-items: flex-start;flex-wrap: wrap\">\n<div class=\"ficha-imagen\" style=\"flex: 0 0 250px;max-width: 250px\">\n                    <a href=\"https:\/\/somosdecine.com\/peliculas\/el-abismo-secreto-2025\/\" target=\"_blank\" rel=\"noopener\"><br \/>\n                        <img decoding=\"async\" src=\"https:\/\/somosdecine.com\/wp-content\/uploads\/el-abismo-secreto-2025.webp\" alt=\"El abismo secreto\" style=\"width: 100%;height: auto;border-radius: 5px\" \/><br \/>\n                    <\/a>\n                <\/div>\n<div class=\"ficha-detalles\" style=\"flex: 1;min-width: 300px;text-align: left\">\n<ul style=\"padding: 0;margin: 0\">\n<li><strong>Fecha de estreno:<\/strong> 14 de febrero de 2025 en Apple TV+<\/li>\n<li><strong>G\u00e9nero:<\/strong> Acci\u00f3n, Thriller, Terror<\/li>\n<li><strong>Pa\u00eds:<\/strong> Reino Unido<\/li>\n<li><strong>A\u00f1o:<\/strong> 2025<\/li>\n<li><strong>Duraci\u00f3n:<\/strong> 127 min<\/li>\n<li><strong>Direcci\u00f3n:<\/strong> Scott Derrickson<\/li>\n<li><strong>Reparto:<\/strong> Miles Teller, Anya Taylor-Joy, Sigourney Weaver<\/li>\n<li><strong>M\u00fasica:<\/strong> Trent Reznor, Atticus Ross<\/li>\n<\/ul><\/div>\n<\/p><\/div>\n<p>        <!-- Descripci\u00f3n --><\/p>\n<div class=\"descripcion-pelicula\" style=\"margin-top: 20px;text-align: justify;font-size: 1em;line-height: 1.6\">\n<p>En El Abismo secreto, dos agentes bien cualificados (Miles Teller y Anya Taylor-Joy) reciben la misi\u00f3n de ocupar posiciones en un gran desfiladero de alto secreto que protege el mundo de la maldad desconocida y misteriosa que habita en su interior. Un v\u00ednculo los une en su alejada vigilancia de un enemigo invisible. Cuando por fin conocen el engima de esa amenaza catacl\u00edsmica para la humanidad, tendr\u00e1n que trabajar juntos en un combate que los pondr\u00e1 a prueba f\u00edsica y mentalmente para evitar que la amenaza escape del desfiladero.<\/p>\n<\/p><\/div>\n<p>        <!-- Bot\u00f3n de enlace --><br \/>\n        <a href=\"https:\/\/somosdecine.com\/peliculas\/el-abismo-secreto-2025\/\" style=\"margin-top: 20px;color: #0073aa;text-decoration: none;font-weight: bold\" target=\"_blank\" rel=\"noopener\">Ver ficha completa<\/a>\n    <\/div>\n<p>    <!-- Estilos para m\u00f3vil --><\/p>\n<p>        @media (max-width: 768px) {<br \/>\n            .ficha-contenedor {<br \/>\n                flex-direction: column; \/* Cambiar a dise\u00f1o vertical *\/<br \/>\n                align-items: center; \/* Centrar contenido *\/<br \/>\n            }<\/p>\n<p>            .ficha-imagen {<br \/>\n                margin-bottom: 20px; \/* Separaci\u00f3n entre imagen y detalles *\/<br \/>\n                max-width: 100%; \/* Imagen ocupa todo el ancho *\/<br \/>\n            }<\/p>\n<p>            .ficha-detalles {<br \/>\n                text-align: center; \/* Centrar texto *\/<br \/>\n                font-size: 1em; \/* Tama\u00f1o equilibrado *\/<br \/>\n                line-height: 1.5em; \/* Espaciado de l\u00edneas *\/<br \/>\n            }<\/p>\n<p>            .descripcion-pelicula {<br \/>\n                font-size: 1em; \/* Igual tama\u00f1o que en desktop *\/<br \/>\n                text-align: justify; \/* Justificar texto *\/<br \/>\n            }<br \/>\n        }<\/p>\n<div class=\"ficha-serie-completa\" style=\"margin-bottom: 40px\">\n<h2 style=\"font-size: 1.2em;margin-bottom: 15px;color: #333\"><span class=\"ez-toc-section\" id=\"Apariencias_temporada_2\"><\/span>\n            <a href=\"https:\/\/somosdecine.com\/series\/apariencias-2022\/\" style=\"text-decoration: none;color: #0073aa\" target=\"_blank\" rel=\"noopener\"><br \/>\n                Apariencias, temporada 2            <\/a><br \/>\n        <span class=\"ez-toc-section-end\"><\/span><\/h2>\n<div class=\"ficha-contenedor\" style=\"gap: 20px;align-items: flex-start;flex-wrap: wrap\">\n<div class=\"ficha-imagen\" style=\"flex: 0 0 250px;max-width: 250px\">\n                    <a href=\"https:\/\/somosdecine.com\/series\/apariencias-2022\/\" target=\"_blank\" rel=\"noopener\"><br \/>\n                        <img decoding=\"async\" src=\"https:\/\/somosdecine.com\/wp-content\/uploads\/apariencias-2022.webp\" alt=\"Apariencias\" style=\"width: 100%;height: auto;border-radius: 5px\" \/><br \/>\n                    <\/a>\n                <\/div>\n<div class=\"ficha-detalles\" style=\"flex: 1;min-width: 300px;text-align: left\">\n<ul style=\"padding: 0;margin: 0\">\n<li><strong>Fecha de estreno:<\/strong> 21 de febrero de 2025 en Apple TV+<\/li>\n<li><strong>G\u00e9nero:<\/strong> Drama, Suspense<\/li>\n<li><strong>Pa\u00eds:<\/strong> Estados Unidos<\/li>\n<li><strong>A\u00f1o de lanzamiento:<\/strong> 2022<\/li>\n<li><strong>Direcci\u00f3n:<\/strong> Sam Miller<\/li>\n<li><strong>Reparto:<\/strong> Gugu Mbatha-Raw, Oliver Jackson-Cohen, Stephan James, Ari Graynor, Fran\u00e7ois Arnaud, Marianne Jean-Baptiste, Phil Dunster, Millie Brady<\/li>\n<li><strong>Plataforma:<\/strong><br \/>\n                            Netflix                        <\/li>\n<\/ul><\/div>\n<\/p><\/div>\n<div class=\"descripcion-serie\" style=\"margin-top: 20px;text-align: justify;font-size: 1em;line-height: 1.6\">\n<p>Apariencias es un thriller psicol\u00f3gico ambientado en el lujoso San Francisco. La serie sigue a Sophie (Gugu Mbatha-Raw), una mujer que sufre una lesi\u00f3n traum\u00e1tica en la cabeza que le provoca una severa p\u00e9rdida de memoria, supuestamente tras un intento de suicidio. Mientras Sophie intenta reconstruir su vida con la ayuda de su esposo y amigos, empieza a cuestionar si la verdad que le han contado es realmente la verdad que vivi\u00f3.<\/p>\n<p>A medida que se desvelan los secretos de su vida, la serie explora temas de identidad, memoria y auto-descubrimiento, mientras plantea preguntas como: \u00ab\u00bfEstamos predestinados a ser quienes somos o podemos elegir nuestra identidad?\u00bb.<\/p>\n<\/p><\/div>\n<p>        <a href=\"https:\/\/somosdecine.com\/series\/apariencias-2022\/\" style=\"margin-top: 20px;color: #0073aa;text-decoration: none;font-weight: bold\" target=\"_blank\" rel=\"noopener\">Ver ficha completa<\/a>\n    <\/div>\n<div class=\"ficha-serie-completa\" style=\"margin-bottom: 40px\">\n<h2 style=\"font-size: 1.2em;margin-bottom: 15px;color: #333\"><span class=\"ez-toc-section\" id=\"Major_League_Soccer_Mas_alla_del_cesped\"><\/span>\n            <a href=\"https:\/\/somosdecine.com\/series\/major-league-soccer-mas-alla-del-cesped-2025\/\" style=\"text-decoration: none;color: #0073aa\" target=\"_blank\" rel=\"noopener\"><br \/>\n                Major League Soccer: M\u00e1s all\u00e1 del c\u00e9sped            <\/a><br \/>\n        <span class=\"ez-toc-section-end\"><\/span><\/h2>\n<div class=\"ficha-contenedor\" style=\"gap: 20px;align-items: flex-start;flex-wrap: wrap\">\n<div class=\"ficha-imagen\" style=\"flex: 0 0 250px;max-width: 250px\">\n                    <a href=\"https:\/\/somosdecine.com\/series\/major-league-soccer-mas-alla-del-cesped-2025\/\" target=\"_blank\" rel=\"noopener\"><br \/>\n                        <img decoding=\"async\" src=\"https:\/\/somosdecine.com\/wp-content\/uploads\/onside-major-league-soccer-2025.webp\" alt=\"Major League Soccer: M\u00e1s all\u00e1 del c\u00e9sped\" style=\"width: 100%;height: auto;border-radius: 5px\" \/><br \/>\n                    <\/a>\n                <\/div>\n<div class=\"ficha-detalles\" style=\"flex: 1;min-width: 300px;text-align: left\">\n<ul style=\"padding: 0;margin: 0\">\n<li><strong>Fecha de estreno:<\/strong> 21 de febrero de 2025 en Apple TV+<\/li>\n<li><strong>G\u00e9nero:<\/strong> Documental, Deportes<\/li>\n<li><strong>Pa\u00eds:<\/strong> Estados Unidos<\/li>\n<li><strong>A\u00f1o de lanzamiento:<\/strong> 2025<\/li>\n<li><strong>Direcci\u00f3n:<\/strong> Steve Rankin (Showrunner)<\/li>\n<li><strong>Plataforma:<\/strong><br \/>\n                            Apple TV+                        <\/li>\n<\/ul><\/div>\n<\/p><\/div>\n<div class=\"descripcion-serie\" style=\"margin-top: 20px;text-align: justify;font-size: 1em;line-height: 1.6\">\n<p>Major League Soccer: M\u00e1s all\u00e1 del c\u00e9sped es una docuserie que ofrece una visi\u00f3n definitiva e in\u00e9dita del interior de la Major League Soccer. Adem\u00e1s, destaca todos los momentos m\u00e1s importantes de la temporada 2024.<\/p>\n<p>Con acceso sin precedentes a jugadores, entrenadores y clubes, la serie explora los momentos m\u00e1s emocionantes y las historias cautivadoras que hicieron inolvidable la temporada 2024, y va m\u00e1s all\u00e1 del campo de juego al mostrar las personalidades que impulsan la Major League Soccer (MLS).<\/p>\n<p>La serie es una producci\u00f3n para Apple de Box to Box Films en asociaci\u00f3n con la Major League Soccer. Los productores ejecutivos son el ganador del Premio de la Academia y del BAFTA, James Gay-Rees (\u201cSenna,\u201d \u201cFormula 1: La emoci\u00f3n de un Gran Prix,\u201d \u201cAmy\u201d), el ganador del Emmy, Paul Martin (Apple TV+\u2019s \u201cMake or Break: en la cresta de la ola\u201d \u201cFormula 1: La emoci\u00f3n de un Gran Prix\u201d) y Hillary Olsen (\u201cEl juego definitivo, dentro de la NHL\u201d), junto con el showrunner Steve Rankin (\u201cAventura en pelotas,\u201d \u201cEl \u00faltimo superviviente\u201d).<\/p>\n<\/p><\/div>\n<p>        <a href=\"https:\/\/somosdecine.com\/series\/major-league-soccer-mas-alla-del-cesped-2025\/\" style=\"margin-top: 20px;color: #0073aa;text-decoration: none;font-weight: bold\" target=\"_blank\" rel=\"noopener\">Ver ficha completa<\/a>\n    <\/div>\n<div class=\"ficha-serie-completa\" style=\"margin-bottom: 40px\">\n<h2 style=\"font-size: 1.2em;margin-bottom: 15px;color: #333\"><span class=\"ez-toc-section\" id=\"KRANK_Berlin_al_limite\"><\/span>\n            <a href=\"https:\/\/somosdecine.com\/series\/krank-berlin-al-limite-2025\/\" style=\"text-decoration: none;color: #0073aa\" target=\"_blank\" rel=\"noopener\"><br \/>\n                KRANK: Berl\u00edn al l\u00edmite            <\/a><br \/>\n        <span class=\"ez-toc-section-end\"><\/span><\/h2>\n<div class=\"ficha-contenedor\" style=\"gap: 20px;align-items: flex-start;flex-wrap: wrap\">\n<div class=\"ficha-imagen\" style=\"flex: 0 0 250px;max-width: 250px\">\n                    <a href=\"https:\/\/somosdecine.com\/series\/krank-berlin-al-limite-2025\/\" target=\"_blank\" rel=\"noopener\"><br \/>\n                        <img decoding=\"async\" src=\"https:\/\/somosdecine.com\/wp-content\/uploads\/krank-berlin-al-limite-2025.webp\" alt=\"KRANK: Berl\u00edn al l\u00edmite\" style=\"width: 100%;height: auto;border-radius: 5px\" \/><br \/>\n                    <\/a>\n                <\/div>\n<div class=\"ficha-detalles\" style=\"flex: 1;min-width: 300px;text-align: left\">\n<ul style=\"padding: 0;margin: 0\">\n<li><strong>Fecha de estreno:<\/strong> 26 de febrero de 2025 en Apple TV+<\/li>\n<li><strong>G\u00e9nero:<\/strong> Drama<\/li>\n<li><strong>Pa\u00eds:<\/strong> Alemania<\/li>\n<li><strong>A\u00f1o de lanzamiento:<\/strong> 2025<\/li>\n<li><strong>Direcci\u00f3n:<\/strong> Alex Schaad, Fabian M\u00f6hrke<\/li>\n<li><strong>Reparto:<\/strong> Haley Louise Jones, Slavko Popadi\u0107, \u015eafak \u015eeng\u00fcl, Aram Tafreshian, Samirah Breuer, Bernhard Sch\u00fctz, Peter Lohmeyer, Benjamin Radjaipour<\/li>\n<li><strong>Plataforma:<\/strong><br \/>\n                            Apple TV+                        <\/li>\n<\/ul><\/div>\n<\/p><\/div>\n<div class=\"descripcion-serie\" style=\"margin-top: 20px;text-align: justify;font-size: 1em;line-height: 1.6\">\n<p>Esta trepidante serie de m\u00e9dica de ocho episodios est\u00e1 cocreada por el ex-m\u00e9dico de urgencias convertido en guionista Samuel Jefferson junto con Viktor Jakovleski. <em>KRANK: Berl\u00edn al l\u00edmite<\/em> est\u00e1 protagonizada por Haley Louise Jones (\u00abMi dulce ni\u00f1a\u00bb) y Slavko Popadi\u0107 (\u00abMaleantes\u00bb), junto a un reparto que incluye a \u015eafak \u015eeng\u00fcl, Aram Tafreshian, Samirah Breuer, Bernhard Sch\u00fctz, Peter Lohmeye y Benjamin Radjaipour.<\/p>\n<p>Gestionar una ca\u00f3tica sala de urgencias en el hospital m\u00e1s duro y abarrotado de Berl\u00edn no es una tarea f\u00e1cil para la joven doctora Parker, que busca comenzar de nuevo en la ciudad despu\u00e9s de que su vida en M\u00fanich se fuera al garete. Cuando intenta implementar las reformas necesarias, Parker se enfrenta a la resistencia del personal del hospital (mal pagado, mal equipado y cr\u00f3nicamente cansado), que solo sobrevive gracias a una dosis indispensable de humor negro. Pero frente a un sistema de salud cada vez m\u00e1s precario, el maltrecho equipo debe dejar de lado sus diferencias y unirse para salvar vidas.<\/p>\n<\/p><\/div>\n<p>        <a href=\"https:\/\/somosdecine.com\/series\/krank-berlin-al-limite-2025\/\" style=\"margin-top: 20px;color: #0073aa;text-decoration: none;font-weight: bold\" target=\"_blank\" rel=\"noopener\">Ver ficha completa<\/a>\n    <\/div>\n<p><strong>\u00bfQu\u00e9 estreno de Apple TV+ esperas con mayor inter\u00e9s?<\/strong> Si quieres estar al corriente de muchas m\u00e1s novedades en plataformas de streaming, visita ahora <a href=\"\/estrenos\/\">la secci\u00f3n de estrenos de nuestra web<\/a>, all\u00ed abundan art\u00edculos como este.<\/p>\n<p>La entrada <a href=\"https:\/\/somosdecine.com\/estrenos-apple-tv-febrero-2025\/\" target=\"_blank\" rel=\"noopener\">Estrenos Apple TV+ en febrero de 2025<\/a> se public\u00f3 primero en <a href=\"https:\/\/somosdecine.com\" target=\"_blank\" rel=\"noopener\">SOY DE CINE<\/a>.<\/p>\n<p><a href=\"https:\/\/somosdecine.com\/estrenos-apple-tv-febrero-2025\/\" class=\" target=\" title=\"Estrenos Apple TV+ en febrero de 2025\" target=\"_blank\" rel=\"noopener\">Ver fuente<\/a><\/p>\n","protected":false},"excerpt":{"rendered":"<p>Hoy te damos a conocer los estrenos de Apple TV+ en febrero de 2025. Como sabes, la plataforma de streaming se ha aliado con Movistar plus+ para ampliar el alcance de sus producciones, por lo que si dispones de alguna de ellas, tendr\u00e1s varias novedades interesantes de cara a las pr\u00f3ximas semanas. A continuaci\u00f3n te [&hellip;]<\/p>\n","protected":false},"author":2,"featured_media":29223,"comment_status":"open","ping_status":"closed","sticky":false,"template":"","format":"standard","meta":{"footnotes":""},"categories":[8],"tags":[],"class_list":["post-45941","post","type-post","status-publish","format-standard","has-post-thumbnail","hentry","category-entretenimiento"],"_links":{"self":[{"href":"https:\/\/enfoquenoticioso.com\/index.php?rest_route=\/wp\/v2\/posts\/45941","targetHints":{"allow":["GET"]}}],"collection":[{"href":"https:\/\/enfoquenoticioso.com\/index.php?rest_route=\/wp\/v2\/posts"}],"about":[{"href":"https:\/\/enfoquenoticioso.com\/index.php?rest_route=\/wp\/v2\/types\/post"}],"author":[{"embeddable":true,"href":"https:\/\/enfoquenoticioso.com\/index.php?rest_route=\/wp\/v2\/users\/2"}],"replies":[{"embeddable":true,"href":"https:\/\/enfoquenoticioso.com\/index.php?rest_route=%2Fwp%2Fv2%2Fcomments&post=45941"}],"version-history":[{"count":0,"href":"https:\/\/enfoquenoticioso.com\/index.php?rest_route=\/wp\/v2\/posts\/45941\/revisions"}],"wp:featuredmedia":[{"embeddable":true,"href":"https:\/\/enfoquenoticioso.com\/index.php?rest_route=\/wp\/v2\/media\/29223"}],"wp:attachment":[{"href":"https:\/\/enfoquenoticioso.com\/index.php?rest_route=%2Fwp%2Fv2%2Fmedia&parent=45941"}],"wp:term":[{"taxonomy":"category","embeddable":true,"href":"https:\/\/enfoquenoticioso.com\/index.php?rest_route=%2Fwp%2Fv2%2Fcategories&post=45941"},{"taxonomy":"post_tag","embeddable":true,"href":"https:\/\/enfoquenoticioso.com\/index.php?rest_route=%2Fwp%2Fv2%2Ftags&post=45941"}],"curies":[{"name":"wp","href":"https:\/\/api.w.org\/{rel}","templated":true}]}}