{"id":45952,"date":"2025-01-24T10:39:56","date_gmt":"2025-01-24T10:39:56","guid":{"rendered":"https:\/\/enfoquenoticioso.com\/entretenimiento\/alejandro-sanz-hace-que-pablo-motos-le-escriba-una-carta-a-david-broncano-para-enterrar-el-hacha-de-guerra-que-te-pasa-con-el\/"},"modified":"2025-01-24T10:39:56","modified_gmt":"2025-01-24T10:39:56","slug":"alejandro-sanz-hace-que-pablo-motos-le-escriba-una-carta-a-david-broncano-para-enterrar-el-hacha-de-guerra-que-te-pasa-con-el","status":"publish","type":"post","link":"https:\/\/enfoquenoticioso.com\/?p=45952","title":{"rendered":"Alejandro Sanz hace que Pablo Motos le escriba una carta a David Broncano para enterrar el hacha de guerra. \u00ab\u00bfQu\u00e9 te pasa con \u00e9l?\u00bb"},"content":{"rendered":"<div>\n<p>Para ser un programa de humor, se viven muchos momentos tensos en <a class=\"text-outboundlink\" href=\"https:\/\/www.espinof.com\/tag\/el-hormiguero\" data-vars-post-title=\"El Hormiguero\" data-vars-post-url=\"https:\/\/www.espinof.com\/tag\/el-hormiguero\" target=\"_blank\" rel=\"noopener\">&#8216;El hormiguero&#8217;<\/a> cuando el tema de <a href=\"https:\/\/www.espinof.com\/tag\/la-revuelta\" target=\"_blank\" rel=\"noopener\">&#8216;La revuelta&#8217;<\/a> sobrevuela su plat\u00f3. Sin ir m\u00e1s lejos, en el programa de ayer Pablo Motos se puso en tensi\u00f3n cuando <strong>Alejandro Sanz plante\u00f3 de cachondeo que le escribiera una carta a David Broncano<\/strong>.<\/p>\n<p><!-- BREAK 1 --> <\/p>\n<div id=\"ez-toc-container\" class=\"ez-toc-v2_0_81 counter-hierarchy ez-toc-counter ez-toc-grey ez-toc-container-direction\">\n<div class=\"ez-toc-title-container\">\n<p class=\"ez-toc-title\" style=\"cursor:inherit\">Tabla de Contenido<\/p>\n<span class=\"ez-toc-title-toggle\"><a href=\"#\" class=\"ez-toc-pull-right ez-toc-btn ez-toc-btn-xs ez-toc-btn-default ez-toc-toggle\" aria-label=\"Alternar tabla de contenidos\"><span class=\"ez-toc-js-icon-con\"><span class=\"\"><span class=\"eztoc-hide\" style=\"display:none;\">Toggle<\/span><span class=\"ez-toc-icon-toggle-span\"><svg style=\"fill: #999;color:#999\" xmlns=\"http:\/\/www.w3.org\/2000\/svg\" class=\"list-377408\" width=\"20px\" height=\"20px\" viewBox=\"0 0 24 24\" fill=\"none\"><path d=\"M6 6H4v2h2V6zm14 0H8v2h12V6zM4 11h2v2H4v-2zm16 0H8v2h12v-2zM4 16h2v2H4v-2zm16 0H8v2h12v-2z\" fill=\"currentColor\"><\/path><\/svg><svg style=\"fill: #999;color:#999\" class=\"arrow-unsorted-368013\" xmlns=\"http:\/\/www.w3.org\/2000\/svg\" width=\"10px\" height=\"10px\" viewBox=\"0 0 24 24\" version=\"1.2\" baseProfile=\"tiny\"><path d=\"M18.2 9.3l-6.2-6.3-6.2 6.3c-.2.2-.3.4-.3.7s.1.5.3.7c.2.2.4.3.7.3h11c.3 0 .5-.1.7-.3.2-.2.3-.5.3-.7s-.1-.5-.3-.7zM5.8 14.7l6.2 6.3 6.2-6.3c.2-.2.3-.5.3-.7s-.1-.5-.3-.7c-.2-.2-.4-.3-.7-.3h-11c-.3 0-.5.1-.7.3-.2.2-.3.5-.3.7s.1.5.3.7z\"\/><\/svg><\/span><\/span><\/span><\/a><\/span><\/div>\n<nav><ul class='ez-toc-list ez-toc-list-level-1 ' ><li class='ez-toc-page-1 ez-toc-heading-level-2'><a class=\"ez-toc-link ez-toc-heading-1\" href=\"https:\/\/enfoquenoticioso.com\/?p=45952\/#%C2%ABEn_el_fondo_estais_deseandolo%C2%BB\" >\u00abEn el fondo, est\u00e1is dese\u00e1ndolo\u00bb<\/a><\/li><\/ul><\/nav><\/div>\n<h2><span class=\"ez-toc-section\" id=\"%C2%ABEn_el_fondo_estais_deseandolo%C2%BB\"><\/span>\u00abEn el fondo, est\u00e1is dese\u00e1ndolo\u00bb<span class=\"ez-toc-section-end\"><\/span><\/h2>\n<p>Desde antes de que se estrenara &#8216;La revuelta&#8217; que &#8216;El hormiguero&#8217; tiene cruzado a David Broncano (y aun m\u00e1s desde <a class=\"text-outboundlink\" href=\"https:\/\/www.espinof.com\/la-1\/pablo-motos-cree-que-ha-salido-victorioso-nueva-batalla-david-broncano-no-sabe-que-revuelta-ha-ganado-guerra\" data-vars-post-title=\"Pablo Motos cree que ha salido victorioso de una nueva batalla contra David Broncano. No sabe que &#039;La revuelta&#039; ya ha ganado la guerra \" data-vars-post-url=\"https:\/\/www.espinof.com\/la-1\/pablo-motos-cree-que-ha-salido-victorioso-nueva-batalla-david-broncano-no-sabe-que-revuelta-ha-ganado-guerra\" target=\"_blank\" rel=\"noopener\">la berrea del ciervo<\/a>). En general, Pablo Motos intenta evitar el tema todo lo posible, pero <strong>ayer se vio arrinconado cuando Alejandro Sanz sac\u00f3 el tema abiertamente<\/strong>.<\/p>\n<p><!-- BREAK 2 --><\/p>\n<div class=\"article-asset article-asset-normal article-asset-center\">\n<div class=\"desvio-container\">\n<div class=\"desvio\">\n<div class=\"desvio-figure js-desvio-figure\">\n    <a href=\"https:\/\/www.espinof.com\/reality\/no-he-hecho-caso-a-medicos-lucas-rompe-a-llorar-cuando-pablo-motos-le-pregunta-su-operacion-nariz\" class=\"pivot-outboundlink\" data-vars-post-title=\"&quot;No he hecho caso a los m\u00e9dicos&quot;. Lucas rompe a llorar cuando Pablo Motos le pregunta por su operaci\u00f3n de nariz\" target=\"_blank\" rel=\"noopener\"><br \/>\n     <img loading=\"lazy\" decoding=\"async\" alt=\"&quot;No he hecho caso a los m\u00e9dicos&quot;. Lucas rompe a llorar cuando Pablo Motos le pregunta por su operaci\u00f3n de nariz\" width=\"375\" height=\"142\" src=\"https:\/\/i.blogs.es\/273504\/el-hormiguero\/375_142.jpeg\"\/><br \/>\n    <\/a>\n   <\/div>\n<\/p><\/div>\n<\/p><\/div>\n<\/div>\n<p><strong>\u00ab\u00bfPor qu\u00e9 no hablamos de ti? \u00bfQu\u00e9 te pasa con David?\u00bb<\/strong> dijo el cantante cuando el presentador le quiso preguntar por una colaboraci\u00f3n que \u00e9l no quer\u00eda hacer p\u00fablica. <strong>\u00abNo me pasa nada\u00bb<\/strong> asegur\u00f3 Motos con una sonrisa tensa.<\/p>\n<p><!-- BREAK 3 --> <\/p>\n<p>\u00abT\u00fa sabes que yo juego al tenis con \u00e9l de vez en cuando y est\u00e1 muy triste con esto porque \u00e9l desear\u00eda que os llevarais bien. <strong>Si quieres mandarle una notita o algo, yo voy el lunes al programa<\/strong>&#8230; como me obligaste a venir aqu\u00ed antes de ir all\u00ed\u00bb continu\u00f3 Sanz, que pidi\u00f3 un folio para la susodicha nota.<\/p>\n<p><!-- BREAK 4 --><\/p>\n<div class=\"article-asset-image article-asset-normal article-asset-center\">\n<div class=\"asset-content\">\n                   <img class=\"centro_sinmarco\" height=\"683\" width=\"1277\" loading=\"lazy\" decoding=\"async\" sizes=\"auto, 100vw\" fetchpriority=\"high\" srcset=\"https:\/\/i.blogs.es\/2f59de\/el-hormiguero-\/450_1000.jpeg 450w, https:\/\/i.blogs.es\/2f59de\/el-hormiguero-\/650_1200.jpeg 681w,https:\/\/i.blogs.es\/2f59de\/el-hormiguero-\/1024_2000.jpeg 1024w, https:\/\/i.blogs.es\/2f59de\/el-hormiguero-\/1366_2000.jpeg 1366w\" src=\"https:\/\/i.blogs.es\/2f59de\/el-hormiguero-\/450_1000.jpeg\" alt=\"El Hormiguero\"\/><br \/>\n   <img decoding=\"async\" alt=\"El Hormiguero\" class=\"centro_sinmarco\" src=\"https:\/\/i.blogs.es\/2f59de\/el-hormiguero-\/450_1000.jpeg\"\/><\/p><\/div>\n<\/div>\n<p>\u00abYo quiero pacificaros. Adem\u00e1s, creo que en el fondo los dos est\u00e1is dese\u00e1ndolo\u00bb le dijo el cantante. <strong>\u00abYo no tengo nada (en contra). Lo que se ha inventado la prensa y lo que te est\u00e1s inventando t\u00fa\u00bb<\/strong> insisti\u00f3 Motos, aunque termin\u00f3 cediendo a las exigencias de su invitado y se puso a escribir la nota que le dict\u00f3.<\/p>\n<p><!-- BREAK 5 --><\/p>\n<p><strong>\u00abQuerido David, pelillos a la mar. Te deseo lo mejor, espero que nos veamos pronto. Te quiero, tu Pablo. Y a Ricardo y a Grison tambi\u00e9n\u00bb<\/strong> as\u00ed qued\u00f3 finalmente el mensaje, que el presentador firm\u00f3 y Sanz se guard\u00f3. \u00abPara que sepan que eres t\u00fa porque no est\u00e1 bien redactado\u00bb brome\u00f3 \u00e9l y Motos zanj\u00f3 el tema insistiendo en que no hab\u00eda ninguna pelea.<\/p>\n<p><!-- BREAK 6 --> <\/p>\n<p>En Espinof | <a class=\"text-outboundlink\" href=\"https:\/\/www.espinof.com\/presentadores\/david-broncano-tiene-claro-su-futuro-campanadas-no-voy-a-hacer-nunca\" data-vars-post-title=\"David Broncano tiene claro su futuro en las Campanadas. &quot;No lo voy a hacer nunca m\u00e1s&quot;\" data-vars-post-url=\"https:\/\/www.espinof.com\/presentadores\/david-broncano-tiene-claro-su-futuro-campanadas-no-voy-a-hacer-nunca\" target=\"_blank\" rel=\"noopener\">David Broncano tiene claro su futuro en las Campanadas. \u00abNo lo voy a hacer nunca m\u00e1s\u00bb<\/a><\/p>\n<p>En Espinof | <a class=\"text-outboundlink\" href=\"https:\/\/www.espinof.com\/listas\/9-mejores-peliculas-espanolas-2024-ahora\" data-vars-post-title=\"Las 19 mejores pel\u00edculas espa\u00f1olas de 2024\" data-vars-post-url=\"https:\/\/www.espinof.com\/listas\/9-mejores-peliculas-espanolas-2024-ahora\" target=\"_blank\" rel=\"noopener\">Las mejores pel\u00edculas espa\u00f1olas de 2024<\/a><\/p>\n<\/p><\/div>\n<p><a href=\"https:\/\/www.espinof.com\/reality\/alejandro-sanz-hace-que-pablo-motos-le-escriba-carta-a-david-broncano-para-enterrar-hacha-guerra-que-te-pasa\" class=\" target=\" title=\"Alejandro Sanz hace que Pablo Motos le escriba una carta a David Broncano para enterrar el hacha de guerra. \" te pasa con target=\"_blank\" rel=\"noopener\">Ver fuente<\/a><\/p>\n","protected":false},"excerpt":{"rendered":"<p>Para ser un programa de humor, se viven muchos momentos tensos en &#8216;El hormiguero&#8217; cuando el tema de &#8216;La revuelta&#8217; sobrevuela su plat\u00f3. Sin ir m\u00e1s lejos, en el programa de ayer Pablo Motos se puso en tensi\u00f3n cuando Alejandro Sanz plante\u00f3 de cachondeo que le escribiera una carta a David Broncano. \u00abEn el fondo, [&hellip;]<\/p>\n","protected":false},"author":2,"featured_media":45953,"comment_status":"open","ping_status":"closed","sticky":false,"template":"","format":"standard","meta":{"footnotes":""},"categories":[8],"tags":[],"class_list":["post-45952","post","type-post","status-publish","format-standard","has-post-thumbnail","hentry","category-entretenimiento"],"_links":{"self":[{"href":"https:\/\/enfoquenoticioso.com\/index.php?rest_route=\/wp\/v2\/posts\/45952","targetHints":{"allow":["GET"]}}],"collection":[{"href":"https:\/\/enfoquenoticioso.com\/index.php?rest_route=\/wp\/v2\/posts"}],"about":[{"href":"https:\/\/enfoquenoticioso.com\/index.php?rest_route=\/wp\/v2\/types\/post"}],"author":[{"embeddable":true,"href":"https:\/\/enfoquenoticioso.com\/index.php?rest_route=\/wp\/v2\/users\/2"}],"replies":[{"embeddable":true,"href":"https:\/\/enfoquenoticioso.com\/index.php?rest_route=%2Fwp%2Fv2%2Fcomments&post=45952"}],"version-history":[{"count":0,"href":"https:\/\/enfoquenoticioso.com\/index.php?rest_route=\/wp\/v2\/posts\/45952\/revisions"}],"wp:featuredmedia":[{"embeddable":true,"href":"https:\/\/enfoquenoticioso.com\/index.php?rest_route=\/wp\/v2\/media\/45953"}],"wp:attachment":[{"href":"https:\/\/enfoquenoticioso.com\/index.php?rest_route=%2Fwp%2Fv2%2Fmedia&parent=45952"}],"wp:term":[{"taxonomy":"category","embeddable":true,"href":"https:\/\/enfoquenoticioso.com\/index.php?rest_route=%2Fwp%2Fv2%2Fcategories&post=45952"},{"taxonomy":"post_tag","embeddable":true,"href":"https:\/\/enfoquenoticioso.com\/index.php?rest_route=%2Fwp%2Fv2%2Ftags&post=45952"}],"curies":[{"name":"wp","href":"https:\/\/api.w.org\/{rel}","templated":true}]}}