{"id":45990,"date":"2025-01-24T14:32:18","date_gmt":"2025-01-24T14:32:18","guid":{"rendered":"https:\/\/enfoquenoticioso.com\/entretenimiento\/los-angeles-lo-necesita-ahora-mas-que-nunca\/"},"modified":"2025-01-24T14:32:18","modified_gmt":"2025-01-24T14:32:18","slug":"los-angeles-lo-necesita-ahora-mas-que-nunca","status":"publish","type":"post","link":"https:\/\/enfoquenoticioso.com\/?p=45990","title":{"rendered":"Los \u00c1ngeles lo necesita ahora m\u00e1s que nunca"},"content":{"rendered":"<div>\n<p><strong>Vin Diesel <\/strong>acaba de prometer que <a class=\"text-outboundlink\" href=\"https:\/\/www.espinof.com\/fecha-de-estreno\/fast-furious-11-fecha-estreno-trailer-reparto-todo-que-sabemos-pelicula-final-saga-accion-vin-diesel\" data-vars-post-title=\"&#039;Fast &amp; Furious 11&#039; - reparto, la despedida a Paul Walker y todo lo que sabemos de la pel\u00edcula final de la saga de acci\u00f3n con Vin Diesel\" data-vars-post-url=\"https:\/\/www.espinof.com\/fecha-de-estreno\/fast-furious-11-fecha-estreno-trailer-reparto-todo-que-sabemos-pelicula-final-saga-accion-vin-diesel\" target=\"_blank\" rel=\"noopener\">&#8216;Fast &amp; Furious 10: Parte 2&#8217;<\/a> se rodar\u00e1 en Los \u00c1ngeles porque la ciudad los necesita m\u00e1s que nunca tras los devastadores incendios que arrasaron la zona. El actor lo ha anunciado a trav\u00e9s de su cuenta de Instagram, donde adem\u00e1s <a rel=\"noopener, noreferrer\" href=\"https:\/\/www.instagram.com\/p\/DFKyjYLJVCb\/?utm_source=ig_embed\" target=\"_blank\">ha desvelado<\/a> que la idea fue originalmente de <strong>Jordana Brewster<\/strong>:<\/p>\n<p><!-- BREAK 1 --> <\/p>\n<div id=\"ez-toc-container\" class=\"ez-toc-v2_0_81 counter-hierarchy ez-toc-counter ez-toc-grey ez-toc-container-direction\">\n<div class=\"ez-toc-title-container\">\n<p class=\"ez-toc-title\" style=\"cursor:inherit\">Tabla de Contenido<\/p>\n<span class=\"ez-toc-title-toggle\"><a href=\"#\" class=\"ez-toc-pull-right ez-toc-btn ez-toc-btn-xs ez-toc-btn-default ez-toc-toggle\" aria-label=\"Alternar tabla de contenidos\"><span class=\"ez-toc-js-icon-con\"><span class=\"\"><span class=\"eztoc-hide\" style=\"display:none;\">Toggle<\/span><span class=\"ez-toc-icon-toggle-span\"><svg style=\"fill: #999;color:#999\" xmlns=\"http:\/\/www.w3.org\/2000\/svg\" class=\"list-377408\" width=\"20px\" height=\"20px\" viewBox=\"0 0 24 24\" fill=\"none\"><path d=\"M6 6H4v2h2V6zm14 0H8v2h12V6zM4 11h2v2H4v-2zm16 0H8v2h12v-2zM4 16h2v2H4v-2zm16 0H8v2h12v-2z\" fill=\"currentColor\"><\/path><\/svg><svg style=\"fill: #999;color:#999\" class=\"arrow-unsorted-368013\" xmlns=\"http:\/\/www.w3.org\/2000\/svg\" width=\"10px\" height=\"10px\" viewBox=\"0 0 24 24\" version=\"1.2\" baseProfile=\"tiny\"><path d=\"M18.2 9.3l-6.2-6.3-6.2 6.3c-.2.2-.3.4-.3.7s.1.5.3.7c.2.2.4.3.7.3h11c.3 0 .5-.1.7-.3.2-.2.3-.5.3-.7s-.1-.5-.3-.7zM5.8 14.7l6.2 6.3 6.2-6.3c.2-.2.3-.5.3-.7s-.1-.5-.3-.7c-.2-.2-.4-.3-.7-.3h-11c-.3 0-.5.1-.7.3-.2.2-.3.5-.3.7s.1.5.3.7z\"\/><\/svg><\/span><\/span><\/span><\/a><\/span><\/div>\n<nav><ul class='ez-toc-list ez-toc-list-level-1 ' ><li class='ez-toc-page-1 ez-toc-heading-level-2'><a class=\"ez-toc-link ez-toc-heading-1\" href=\"https:\/\/enfoquenoticioso.com\/?p=45990\/#%C2%ABPor_fin_volvera_a_casa%C2%BB\" >\u00abPor fin volver\u00e1 a casa\u00bb<\/a><\/li><\/ul><\/nav><\/div>\n<h2><span class=\"ez-toc-section\" id=\"%C2%ABPor_fin_volvera_a_casa%C2%BB\"><\/span>\u00abPor fin volver\u00e1 a casa\u00bb<span class=\"ez-toc-section-end\"><\/span><\/h2>\n<div class=\"article-asset-image article-asset-normal article-asset-center\">\n<div class=\"asset-content\">\n                   <img class=\"centro_sinmarco\" height=\"720\" width=\"1280\" loading=\"lazy\" decoding=\"async\" sizes=\"auto, 100vw\" fetchpriority=\"high\" srcset=\"https:\/\/i.blogs.es\/f6b568\/jordana\/450_1000.jpeg 450w, https:\/\/i.blogs.es\/f6b568\/jordana\/650_1200.jpeg 681w,https:\/\/i.blogs.es\/f6b568\/jordana\/1024_2000.jpeg 1024w, https:\/\/i.blogs.es\/f6b568\/jordana\/1366_2000.jpeg 1366w\" src=\"https:\/\/i.blogs.es\/f6b568\/jordana\/450_1000.jpeg\" alt=\"Jordana\"\/><br \/>\n   <img decoding=\"async\" alt=\"Jordana\" class=\"centro_sinmarco\" src=\"https:\/\/i.blogs.es\/f6b568\/jordana\/450_1000.jpeg\"\/><\/p><\/div>\n<\/div>\n<blockquote><p>La semana pasada, durante los incendios que arrasaron a Los \u00c1ngeles&#8230; mi hermana Jordana se puso en contacto conmigo y me dijo&#8230; Por favor, haz que Universal ruede el resto de Fast X Part 2 en Los \u00c1ngeles.<\/p><\/blockquote>\n<blockquote><p>Los \u00c1ngeles lo necesita ahora m\u00e1s que nunca&#8230;<\/p><\/blockquote>\n<blockquote><p>Los \u00c1ngeles es donde &#8216;Fast &amp; Furious&#8217; comenz\u00f3 a filmarse hace 25 a\u00f1os&#8230; y ahora por fin volver\u00e1 a casa.<\/p><\/blockquote>\n<p><strong>Imagino que Diesel habr\u00e1 anunciado esto despu\u00e9s de tener el compromiso de Universal<\/strong> de llevar el rodaje all\u00ed, pero tampoco me sorprender\u00eda que lo haya hecho como una medida de presi\u00f3n. Quiz\u00e1 en el estudio no lo ve\u00edan claro y ahora no les va a quedar otra que aceptar o arriesgarse a recibir multitud de cr\u00edticas tras estas declaraciones de la estrella de la saga.<\/p>\n<p><!-- BREAK 2 --><\/p>\n<p>Recordemos que el propio Diesel confirm\u00f3 que &#8216;Fast &amp; Furious 11&#8217; va a ser <strong>la \u00faltima pel\u00edcula de la saga<\/strong>, algo a lo que seguro que Universal no va a poner muchas pegas tras el decepcionante funcionamiento en taquilla de <a class=\"text-outboundlink\" href=\"https:\/\/www.espinof.com\/criticas\/fast-furious-x-mejor-pelicula-vengadores-cochazos-camisetas-mangas-superpoderes-andar-casa-que-podamos-imaginar\" data-vars-post-title=\"&#039;Fast &amp; Furious X&#039; es la mejor pel\u00edcula de &#039;Los Vengadores&#039; con cochazos, camisetas sin mangas y superpoderes de andar por casa que podamos imaginar\" data-vars-post-url=\"https:\/\/www.espinof.com\/criticas\/fast-furious-x-mejor-pelicula-vengadores-cochazos-camisetas-mangas-superpoderes-andar-casa-que-podamos-imaginar\" target=\"_blank\" rel=\"noopener\">la d\u00e9cima entrega<\/a>. Y es que es cierto que recaud\u00f3 715 millones en cines, pero es que su presupuesto se hab\u00eda disparado hasta los 340 millones, sin incluir ah\u00ed el gasto en marketing.<\/p>\n<p><!-- BREAK 3 --> <\/p>\n<div class=\"article-asset article-asset-normal article-asset-center\">\n<div class=\"desvio-container\">\n<div class=\"desvio\">\n<div class=\"desvio-figure js-desvio-figure\">\n    <a href=\"https:\/\/www.espinof.com\/listas\/fast-and-furious-las-ocho-peliculas-de-la-saga-ordenadas-de-peor-a-mejor\" class=\"pivot-outboundlink\" data-vars-post-title=\"Todas las pel\u00edculas de &#039;Fast and Furious&#039; ordenadas de peor a mejor\" target=\"_blank\" rel=\"noopener\"><br \/>\n     <img loading=\"lazy\" decoding=\"async\" alt=\"Todas las pel\u00edculas de 'Fast and Furious' ordenadas de peor a mejor\" width=\"375\" height=\"142\" src=\"https:\/\/i.blogs.es\/096106\/fast-furious-9\/375_142.jpg\"\/><br \/>\n    <\/a>\n   <\/div>\n<\/p><\/div>\n<\/p><\/div>\n<\/div>\n<p>Ese puede ser uno de los motivos por los que &#8216;Fast &amp; Furious 11&#8217; est\u00e9 sufriendo varios retrasos. Lo \u00faltimo que se supo oficialmente sobre ella es que <strong>su estreno se hab\u00eda retrasado a 2026<\/strong>, pero sin dar tan siquiera una fecha concreta cuando hasta entonces estaba previsto que llegase a los cines el 4 de abril de 2025.<\/p>\n<p><!-- BREAK 4 --><\/p>\n<p>En Espinof | <a class=\"text-outboundlink\" href=\"https:\/\/www.espinof.com\/listas\/fast-furious-que-orden-conviene-ver-todas-peliculas-saga\" data-vars-post-title=\"&#039;Fast &amp; Furious&#039;, en qu\u00e9 orden conviene ver todas las pel\u00edculas de la saga\" data-vars-post-url=\"https:\/\/www.espinof.com\/listas\/fast-furious-que-orden-conviene-ver-todas-peliculas-saga\" target=\"_blank\" rel=\"noopener\">&#8216;Fast &amp; Furious&#8217;, en qu\u00e9 orden conviene ver todas las pel\u00edculas de la saga<\/a><\/p>\n<p>En Espinof | <a class=\"text-outboundlink\" href=\"https:\/\/www.espinof.com\/listas\/peliculas-esperadas-2025\" data-vars-post-title=\"Las 47 pel\u00edculas m\u00e1s esperadas de 2025 y los mejores estrenos del a\u00f1o: &#039;Avatar 3&#039;, el regreso de John Wick, &#039;Misi\u00f3n Imposible 8&#039;, &#039;Jurassic World 4&#039; y muchas m\u00e1s\" data-vars-post-url=\"https:\/\/www.espinof.com\/listas\/peliculas-esperadas-2025\" target=\"_blank\" rel=\"noopener\">Las 47 pel\u00edculas m\u00e1s esperadas de 2025 y los mejores estrenos del a\u00f1o: &#8216;Avatar 3&#8217;, el regreso de John Wick, &#8216;Misi\u00f3n Imposible 8&#8217;, &#8216;Jurassic World 4&#8217; y muchas m\u00e1s<\/a><\/p>\n<p><!-- BREAK 5 --><\/p><\/div>\n<p><script async src=\"\/\/www.instagram.com\/embed.js\"><\/script><br \/>\n<br \/><a href=\"https:\/\/www.espinof.com\/actores-y-actrices\/vin-diesel-afirma-que-fast-furious-10-parte-2-volvera-a-casa-25-anos-despues-angeles-necesita-ahora-que-nunca\" class=\" target=\" title=\"\" Los  lo necesita ahora  que target=\"_blank\" rel=\"noopener\">Ver fuente<\/a><\/p>\n","protected":false},"excerpt":{"rendered":"<p>Vin Diesel acaba de prometer que &#8216;Fast &amp; Furious 10: Parte 2&#8217; se rodar\u00e1 en Los \u00c1ngeles porque la ciudad los necesita m\u00e1s que nunca tras los devastadores incendios que arrasaron la zona. El actor lo ha anunciado a trav\u00e9s de su cuenta de Instagram, donde adem\u00e1s ha desvelado que la idea fue originalmente de [&hellip;]<\/p>\n","protected":false},"author":2,"featured_media":45991,"comment_status":"open","ping_status":"closed","sticky":false,"template":"","format":"standard","meta":{"footnotes":""},"categories":[8],"tags":[],"class_list":["post-45990","post","type-post","status-publish","format-standard","has-post-thumbnail","hentry","category-entretenimiento"],"_links":{"self":[{"href":"https:\/\/enfoquenoticioso.com\/index.php?rest_route=\/wp\/v2\/posts\/45990","targetHints":{"allow":["GET"]}}],"collection":[{"href":"https:\/\/enfoquenoticioso.com\/index.php?rest_route=\/wp\/v2\/posts"}],"about":[{"href":"https:\/\/enfoquenoticioso.com\/index.php?rest_route=\/wp\/v2\/types\/post"}],"author":[{"embeddable":true,"href":"https:\/\/enfoquenoticioso.com\/index.php?rest_route=\/wp\/v2\/users\/2"}],"replies":[{"embeddable":true,"href":"https:\/\/enfoquenoticioso.com\/index.php?rest_route=%2Fwp%2Fv2%2Fcomments&post=45990"}],"version-history":[{"count":0,"href":"https:\/\/enfoquenoticioso.com\/index.php?rest_route=\/wp\/v2\/posts\/45990\/revisions"}],"wp:featuredmedia":[{"embeddable":true,"href":"https:\/\/enfoquenoticioso.com\/index.php?rest_route=\/wp\/v2\/media\/45991"}],"wp:attachment":[{"href":"https:\/\/enfoquenoticioso.com\/index.php?rest_route=%2Fwp%2Fv2%2Fmedia&parent=45990"}],"wp:term":[{"taxonomy":"category","embeddable":true,"href":"https:\/\/enfoquenoticioso.com\/index.php?rest_route=%2Fwp%2Fv2%2Fcategories&post=45990"},{"taxonomy":"post_tag","embeddable":true,"href":"https:\/\/enfoquenoticioso.com\/index.php?rest_route=%2Fwp%2Fv2%2Ftags&post=45990"}],"curies":[{"name":"wp","href":"https:\/\/api.w.org\/{rel}","templated":true}]}}