{"id":45995,"date":"2025-01-24T15:13:30","date_gmt":"2025-01-24T15:13:30","guid":{"rendered":"https:\/\/enfoquenoticioso.com\/entretenimiento\/the-brutalist-tiene-un-intermedio-por-todas-las-razones-correctas-y-adrien-brody-es-el-primero-en-defenderlo-da-para-reflexionar\/"},"modified":"2025-01-24T15:13:30","modified_gmt":"2025-01-24T15:13:30","slug":"the-brutalist-tiene-un-intermedio-por-todas-las-razones-correctas-y-adrien-brody-es-el-primero-en-defenderlo-da-para-reflexionar","status":"publish","type":"post","link":"https:\/\/enfoquenoticioso.com\/?p=45995","title":{"rendered":"&#8216;The Brutalist&#8217; tiene un intermedio por todas las razones correctas, y Adrien Brody es el primero en defenderlo: \u00abDa para reflexionar\u00bb"},"content":{"rendered":"<div>\n<p>&#8216;<a class=\"text-outboundlink\" href=\"https:\/\/www.espinof.com\/criticas\/the-brutalist-mejores-grandes-peliculas-siglo-xxi-que-su-intermedio-hace-acto-presencia\" data-vars-post-title=\"&#039;The Brutalist&#039; es una de las mejores y m\u00e1s grandes pel\u00edculas del siglo XXI... hasta que su intermedio hace acto de presencia\" data-vars-post-url=\"https:\/\/www.espinof.com\/criticas\/the-brutalist-mejores-grandes-peliculas-siglo-xxi-que-su-intermedio-hace-acto-presencia\" target=\"_blank\" rel=\"noopener\">The Brutalist<\/a>&#8216; ha sido una de las pel\u00edculas m\u00e1s bendecidas en las nominaciones a <a class=\"text-outboundlink\" href=\"https:\/\/www.espinof.com\/fecha-de-estreno\/premios-oscar-2025-nominados-favoritos-fecha-gala-otros-detalles-gran-evento-cinematografico\" data-vars-post-title=\"Premios Oscar 2025: nominados, favoritos, fecha de la gala y otros detalles del gran evento cinematogr\u00e1fico\" data-vars-post-url=\"https:\/\/www.espinof.com\/fecha-de-estreno\/premios-oscar-2025-nominados-favoritos-fecha-gala-otros-detalles-gran-evento-cinematografico\" target=\"_blank\" rel=\"noopener\">los Oscar 2025<\/a> al acumular hasta 10 posibles premios, incluyendo <strong>Mejor pel\u00edcula, Mejor director, Mejor actor principal y Mejor gui\u00f3n original.<\/strong><\/p>\n<p><!-- BREAK 1 --> <\/p>\n<p>El drama hist\u00f3rico llega a los cines de Espa\u00f1a este 24 de febrero, y mejor que vayamos confesados porque <strong>&#8216;The Brutalist<\/strong>&#8216; dura un total de 215 minutazos. Aunque ojo, que tiene una pausa en medio para aligerarnos un poco, y el primero que lo defiende es el propio <strong>Adrien Brody.<\/strong><\/p>\n<p><!-- BREAK 2 --><\/p>\n<div id=\"ez-toc-container\" class=\"ez-toc-v2_0_81 counter-hierarchy ez-toc-counter ez-toc-grey ez-toc-container-direction\">\n<div class=\"ez-toc-title-container\">\n<p class=\"ez-toc-title\" style=\"cursor:inherit\">Tabla de Contenido<\/p>\n<span class=\"ez-toc-title-toggle\"><a href=\"#\" class=\"ez-toc-pull-right ez-toc-btn ez-toc-btn-xs ez-toc-btn-default ez-toc-toggle\" aria-label=\"Alternar tabla de contenidos\"><span class=\"ez-toc-js-icon-con\"><span class=\"\"><span class=\"eztoc-hide\" style=\"display:none;\">Toggle<\/span><span class=\"ez-toc-icon-toggle-span\"><svg style=\"fill: #999;color:#999\" xmlns=\"http:\/\/www.w3.org\/2000\/svg\" class=\"list-377408\" width=\"20px\" height=\"20px\" viewBox=\"0 0 24 24\" fill=\"none\"><path d=\"M6 6H4v2h2V6zm14 0H8v2h12V6zM4 11h2v2H4v-2zm16 0H8v2h12v-2zM4 16h2v2H4v-2zm16 0H8v2h12v-2z\" fill=\"currentColor\"><\/path><\/svg><svg style=\"fill: #999;color:#999\" class=\"arrow-unsorted-368013\" xmlns=\"http:\/\/www.w3.org\/2000\/svg\" width=\"10px\" height=\"10px\" viewBox=\"0 0 24 24\" version=\"1.2\" baseProfile=\"tiny\"><path d=\"M18.2 9.3l-6.2-6.3-6.2 6.3c-.2.2-.3.4-.3.7s.1.5.3.7c.2.2.4.3.7.3h11c.3 0 .5-.1.7-.3.2-.2.3-.5.3-.7s-.1-.5-.3-.7zM5.8 14.7l6.2 6.3 6.2-6.3c.2-.2.3-.5.3-.7s-.1-.5-.3-.7c-.2-.2-.4-.3-.7-.3h-11c-.3 0-.5.1-.7.3-.2.2-.3.5-.3.7s.1.5.3.7z\"\/><\/svg><\/span><\/span><\/span><\/a><\/span><\/div>\n<nav><ul class='ez-toc-list ez-toc-list-level-1 ' ><li class='ez-toc-page-1 ez-toc-heading-level-2'><a class=\"ez-toc-link ez-toc-heading-1\" href=\"https:\/\/enfoquenoticioso.com\/?p=45995\/#Pasamos_por_el_bano_estiramos_las_piernas_y_volvemos\" >Pasamos por el ba\u00f1o, estiramos las piernas, y volvemos<\/a><\/li><\/ul><\/nav><\/div>\n<h2><span class=\"ez-toc-section\" id=\"Pasamos_por_el_bano_estiramos_las_piernas_y_volvemos\"><\/span>Pasamos por el ba\u00f1o, estiramos las piernas, y volvemos<span class=\"ez-toc-section-end\"><\/span><\/h2>\n<p>Las pel\u00edculas largas a veces parecen <strong>una maldici\u00f3n y una bendici\u00f3n al mismo tiempo<\/strong>. Y ya cuando vamos pasando de las dos o las tres horas, el cuerpo nos va pidiendo una pausa para refrescar un poco el cerebro, estirar las piernas, comentar con nuestro colega&#8230; Y mira, a veces tambi\u00e9n para pasar por el ba\u00f1o.<\/p>\n<p><!-- BREAK 3 --> <\/p>\n<div class=\"article-asset article-asset-normal article-asset-center\">\n<div class=\"desvio-container\">\n<div class=\"desvio\">\n<div class=\"desvio-figure js-desvio-figure\">\n    <a href=\"https:\/\/www.espinof.com\/directores-y-guionistas\/director-the-brutalist-sale-al-paso-polemica-uso-ia-pelicula-solo-sintoma-grave-problema-al-que-se-enfrenta-academia-hollywood\" class=\"pivot-outboundlink\" data-vars-post-title=\"El director de &#039;The Brutalist&#039; sale al paso de la pol\u00e9mica por el uso de IA en la pel\u00edcula, pero es s\u00f3lo un s\u00edntoma del grave problema al que se enfrenta la Academia de Hollywood \" target=\"_blank\" rel=\"noopener\"><br \/>\n     <img loading=\"lazy\" decoding=\"async\" alt=\"El director de 'The Brutalist' sale al paso de la pol\u00e9mica por el uso de IA en la pel\u00edcula, pero es s\u00f3lo un s\u00edntoma del grave problema al que se enfrenta la Academia de Hollywood \" width=\"375\" height=\"142\" src=\"https:\/\/i.blogs.es\/d72b23\/captura-de-pantalla-2025-01-21-a-las-16.53.58\/375_142.jpeg\"\/><br \/>\n    <\/a>\n   <\/div>\n<\/p><\/div>\n<\/p><\/div>\n<\/div>\n<p>El director <strong>Brady Corbet<\/strong> ha tenido en cuenta que somos humanos, y como no quiere que nadie se pierda un momento de la actuaci\u00f3n de Brody decidi\u00f3 incluir <strong>un intermedio de 15 minutos<\/strong>. Y a Brody le parece perfecto, precisamente porque te permite como espectador darte un momento para meterte a\u00fan m\u00e1s en la pel\u00edcula.<\/p>\n<p><!-- BREAK 4 --><\/p>\n<blockquote><p>\u00abEs gracioso, se me ocurri\u00f3 justo ayer, ya que estoy aqu\u00ed en Londres prepar\u00e1ndome para hacer una obra que no tiene intermedio\u00bb, dijo Brody a <a rel=\"noopener, noreferrer\" href=\"https:\/\/www.vanityfair.com\/hollywood\/story\/the-brutalist-adrien-brody-awards-insider\" data-id=\"noreferrer noopener nofollow\" target=\"_blank\">Vanity Fair<\/a>, reflexionando sobre su nueva obra de teatro, &#8216;The Fear of 13&#8217; . \u00abY tengo una pel\u00edcula que necesita un intermedio. Es muy extra\u00f1o, pero creo que tambi\u00e9n da tiempo para reflexionar.\u00bb<\/p><\/blockquote>\n<div class=\"article-asset-image article-asset-normal article-asset-center\">\n<div class=\"asset-content\">\n                   <img class=\"centro_sinmarco\" height=\"900\" width=\"1511\" loading=\"lazy\" decoding=\"async\" sizes=\"auto, 100vw\" fetchpriority=\"high\" srcset=\"https:\/\/i.blogs.es\/e917b9\/the-brutalist_img2\/450_1000.jpeg 450w, https:\/\/i.blogs.es\/e917b9\/the-brutalist_img2\/650_1200.jpeg 681w,https:\/\/i.blogs.es\/e917b9\/the-brutalist_img2\/1024_2000.jpeg 1024w, https:\/\/i.blogs.es\/e917b9\/the-brutalist_img2\/1366_2000.jpeg 1366w\" src=\"https:\/\/i.blogs.es\/e917b9\/the-brutalist_img2\/450_1000.jpeg\" alt=\"The Brutalist Img2\"\/><br \/>\n   <img decoding=\"async\" alt=\"The Brutalist Img2\" class=\"centro_sinmarco\" src=\"https:\/\/i.blogs.es\/e917b9\/the-brutalist_img2\/450_1000.jpeg\"\/><\/p><\/div>\n<\/div>\n<blockquote><p>\u00abEs complicado de decir cu\u00e1nta vida va a tener una pel\u00edcula. Por eso tenemos tanto contenido epis\u00f3dico. Creo que al p\u00fablico le gustar\u00e1 ese aspecto de evento que tiene esto\u00bb, continu\u00f3 el actor. \u00abEs muy emocionante ir a ver una pel\u00edcula, y tener un peque\u00f1o descanso en medio. Hablar sobre algo, y entonces hay un nuevo cap\u00edtulo. Te metes de nuevo. Como en &#8216;El padrino&#8217;, esas pel\u00edculas ten\u00edan un respiro. Es algo remarcable que experimentar si est\u00e1s conectado a ello.\u00bb<\/p><\/blockquote>\n<p>Cobert mantiene que <a rel=\"noopener, noreferrer\" href=\"https:\/\/www.goldderby.com\/article\/2024\/the-brutalist-intermission-brady-corbet\/\" target=\"_blank\">el intermedio siempre estuvo previsto<\/a> en el gui\u00f3n, y que la verdad es que no esperaba que fuese a atraer tanta atenci\u00f3n. \u00ab<strong>Personalmente yo lo paso mal sent\u00e1ndome ah\u00ed durante tres horas y media<\/strong>, as\u00ed que lo necesitaba\u00bb, lleg\u00f3 a decir el director. M\u00e1s directores as\u00ed en nuestro equipo, por favor.<\/p>\n<p><!-- BREAK 5 --><\/p>\n<p>En Espinof | <a class=\"text-outboundlink\" href=\"https:\/\/www.espinof.com\/listas\/oscars-2025-donde-ver-streaming-peliculas-nominadas-dune-2-no-other-land-favoritas-para-arrasar-ultima-cita-temporada-premios\" data-vars-post-title=\"Oscars 2025, d\u00f3nde ver en streaming las pel\u00edculas nominadas: &#039;Dune 2&#039;, &#039;No Other Land&#039; y m\u00e1s favoritas para arrasar en la \u00faltima cita de la temporada de premios\" data-vars-post-url=\"https:\/\/www.espinof.com\/listas\/oscars-2025-donde-ver-streaming-peliculas-nominadas-dune-2-no-other-land-favoritas-para-arrasar-ultima-cita-temporada-premios\" target=\"_blank\" rel=\"noopener\">Oscars 2025, d\u00f3nde ver en streaming las pel\u00edculas nominadas: &#8216;Dune 2&#8217;, &#8216;No Other Land&#8217; y m\u00e1s favoritas para arrasar en la \u00faltima cita de la temporada de premios<\/a><\/p>\n<p><!-- BREAK 6 --> <\/p>\n<p>En Espinof | <a class=\"text-outboundlink\" href=\"https:\/\/www.espinof.com\/listas\/peliculas-esperadas-2025\" data-vars-post-title=\"Las 47 pel\u00edculas m\u00e1s esperadas de 2025 y los mejores estrenos del a\u00f1o: &#039;Avatar 3&#039;, el regreso de John Wick, &#039;Misi\u00f3n Imposible 8&#039;, &#039;Jurassic World 4&#039; y muchas m\u00e1s\" data-vars-post-url=\"https:\/\/www.espinof.com\/listas\/peliculas-esperadas-2025\" target=\"_blank\" rel=\"noopener\">Las pel\u00edculas m\u00e1s esperadas de 2025<\/a><\/p>\n<\/p><\/div>\n<p><a href=\"https:\/\/www.espinof.com\/actores-y-actrices\/the-brutalist-tiene-intermedio-todas-razones-correctas-adrien-brody-primero-defenderlo-da-para-reflexionar\" class=\" target=\" title=\"&#039;The Brutalist&#039; tiene un intermedio por todas las razones correctas, y Adrien Brody es el primero en defenderlo: \" Da para target=\"_blank\" rel=\"noopener\">Ver fuente<\/a><\/p>\n","protected":false},"excerpt":{"rendered":"<p>&#8216;The Brutalist&#8216; ha sido una de las pel\u00edculas m\u00e1s bendecidas en las nominaciones a los Oscar 2025 al acumular hasta 10 posibles premios, incluyendo Mejor pel\u00edcula, Mejor director, Mejor actor principal y Mejor gui\u00f3n original. El drama hist\u00f3rico llega a los cines de Espa\u00f1a este 24 de febrero, y mejor que vayamos confesados porque &#8216;The [&hellip;]<\/p>\n","protected":false},"author":2,"featured_media":45996,"comment_status":"open","ping_status":"closed","sticky":false,"template":"","format":"standard","meta":{"footnotes":""},"categories":[8],"tags":[],"class_list":["post-45995","post","type-post","status-publish","format-standard","has-post-thumbnail","hentry","category-entretenimiento"],"_links":{"self":[{"href":"https:\/\/enfoquenoticioso.com\/index.php?rest_route=\/wp\/v2\/posts\/45995","targetHints":{"allow":["GET"]}}],"collection":[{"href":"https:\/\/enfoquenoticioso.com\/index.php?rest_route=\/wp\/v2\/posts"}],"about":[{"href":"https:\/\/enfoquenoticioso.com\/index.php?rest_route=\/wp\/v2\/types\/post"}],"author":[{"embeddable":true,"href":"https:\/\/enfoquenoticioso.com\/index.php?rest_route=\/wp\/v2\/users\/2"}],"replies":[{"embeddable":true,"href":"https:\/\/enfoquenoticioso.com\/index.php?rest_route=%2Fwp%2Fv2%2Fcomments&post=45995"}],"version-history":[{"count":0,"href":"https:\/\/enfoquenoticioso.com\/index.php?rest_route=\/wp\/v2\/posts\/45995\/revisions"}],"wp:featuredmedia":[{"embeddable":true,"href":"https:\/\/enfoquenoticioso.com\/index.php?rest_route=\/wp\/v2\/media\/45996"}],"wp:attachment":[{"href":"https:\/\/enfoquenoticioso.com\/index.php?rest_route=%2Fwp%2Fv2%2Fmedia&parent=45995"}],"wp:term":[{"taxonomy":"category","embeddable":true,"href":"https:\/\/enfoquenoticioso.com\/index.php?rest_route=%2Fwp%2Fv2%2Fcategories&post=45995"},{"taxonomy":"post_tag","embeddable":true,"href":"https:\/\/enfoquenoticioso.com\/index.php?rest_route=%2Fwp%2Fv2%2Ftags&post=45995"}],"curies":[{"name":"wp","href":"https:\/\/api.w.org\/{rel}","templated":true}]}}