{"id":46018,"date":"2025-01-24T17:45:41","date_gmt":"2025-01-24T17:45:41","guid":{"rendered":"https:\/\/enfoquenoticioso.com\/entretenimiento\/critica-septiembre-5-soy-de-cine\/"},"modified":"2025-01-24T17:45:41","modified_gmt":"2025-01-24T17:45:41","slug":"critica-septiembre-5-soy-de-cine","status":"publish","type":"post","link":"https:\/\/enfoquenoticioso.com\/?p=46018","title":{"rendered":"Cr\u00edtica Septiembre 5 &#8211; SOY DE CINE"},"content":{"rendered":"<div id=\"mvp-content-main\">\n<div class=\"custom-star-rating\" style=\"text-align:center; margin-bottom: 20px;\">\n<div id=\"ez-toc-container\" class=\"ez-toc-v2_0_81 counter-hierarchy ez-toc-counter ez-toc-grey ez-toc-container-direction\">\n<div class=\"ez-toc-title-container\">\n<p class=\"ez-toc-title\" style=\"cursor:inherit\">Tabla de Contenido<\/p>\n<span class=\"ez-toc-title-toggle\"><a href=\"#\" class=\"ez-toc-pull-right ez-toc-btn ez-toc-btn-xs ez-toc-btn-default ez-toc-toggle\" aria-label=\"Alternar tabla de contenidos\"><span class=\"ez-toc-js-icon-con\"><span class=\"\"><span class=\"eztoc-hide\" style=\"display:none;\">Toggle<\/span><span class=\"ez-toc-icon-toggle-span\"><svg style=\"fill: #999;color:#999\" xmlns=\"http:\/\/www.w3.org\/2000\/svg\" class=\"list-377408\" width=\"20px\" height=\"20px\" viewBox=\"0 0 24 24\" fill=\"none\"><path d=\"M6 6H4v2h2V6zm14 0H8v2h12V6zM4 11h2v2H4v-2zm16 0H8v2h12v-2zM4 16h2v2H4v-2zm16 0H8v2h12v-2z\" fill=\"currentColor\"><\/path><\/svg><svg style=\"fill: #999;color:#999\" class=\"arrow-unsorted-368013\" xmlns=\"http:\/\/www.w3.org\/2000\/svg\" width=\"10px\" height=\"10px\" viewBox=\"0 0 24 24\" version=\"1.2\" baseProfile=\"tiny\"><path d=\"M18.2 9.3l-6.2-6.3-6.2 6.3c-.2.2-.3.4-.3.7s.1.5.3.7c.2.2.4.3.7.3h11c.3 0 .5-.1.7-.3.2-.2.3-.5.3-.7s-.1-.5-.3-.7zM5.8 14.7l6.2 6.3 6.2-6.3c.2-.2.3-.5.3-.7s-.1-.5-.3-.7c-.2-.2-.4-.3-.7-.3h-11c-.3 0-.5.1-.7.3-.2.2-.3.5-.3.7s.1.5.3.7z\"\/><\/svg><\/span><\/span><\/span><\/a><\/span><\/div>\n<nav><ul class='ez-toc-list ez-toc-list-level-1 ' ><ul class='ez-toc-list-level-3' ><li class='ez-toc-heading-level-3'><a class=\"ez-toc-link ez-toc-heading-1\" href=\"https:\/\/enfoquenoticioso.com\/?p=46018\/#Valoracion\" >Valoraci\u00f3n<\/a><\/li><\/ul><\/li><li class='ez-toc-page-1 ez-toc-heading-level-2'><a class=\"ez-toc-link ez-toc-heading-2\" href=\"https:\/\/enfoquenoticioso.com\/?p=46018\/#Critica_de_Septiembre_5\" >Cr\u00edtica de Septiembre 5<\/a><ul class='ez-toc-list-level-3' ><li class='ez-toc-heading-level-3'><a class=\"ez-toc-link ez-toc-heading-3\" href=\"https:\/\/enfoquenoticioso.com\/?p=46018\/#Una_carta_de_amor_al_analogico\" >Una carta de amor al anal\u00f3gico<\/a><\/li><li class='ez-toc-page-1 ez-toc-heading-level-3'><a class=\"ez-toc-link ez-toc-heading-4\" href=\"https:\/\/enfoquenoticioso.com\/?p=46018\/#Supervivencia_emocional\" >Supervivencia emocional<\/a><\/li><li class='ez-toc-page-1 ez-toc-heading-level-3'><a class=\"ez-toc-link ez-toc-heading-5\" href=\"https:\/\/enfoquenoticioso.com\/?p=46018\/#Conclusion\" >Conclusi\u00f3n<\/a><\/li><\/ul><\/li><\/ul><\/nav><\/div>\n<h3 style=\"text-align:center;\"><span class=\"ez-toc-section\" id=\"Valoracion\"><\/span>Valoraci\u00f3n<span class=\"ez-toc-section-end\"><\/span><\/h3>\n<p><span class=\"star\">\u2605<\/span><span class=\"star\">\u2605<\/span><span class=\"star\">\u2605<\/span><span class=\"star\">\u2605<\/span><span class=\"star\">\u2606<\/span><\/p>\n<\/div>\n<p><em><strong>Septiembre 5<\/strong><\/em>, la \u00faltima pel\u00edcula de Tim Fehlbaum, llega a los cines espa\u00f1oles el <a href=\"https:\/\/somosdecine.com\/estrenos-31-enero-2025-peliculas-series\/\" target=\"_blank\" rel=\"noopener\">31 de enero<\/a> de la mano de <strong>Paramount Pictures Spain<\/strong>.<\/p>\n<p><span id=\"more-45834\"\/><\/p>\n<div class=\"ficha-pelicula-completa\" style=\"margin-bottom: 40px;\">\n        <!-- T&iacute;tulo --><\/p>\n<p>        <!-- Imagen y detalles (Dise&ntilde;o flexible) --><\/p>\n<div class=\"ficha-contenedor\" style=\"display: flex; gap: 20px; align-items: flex-start; flex-wrap: wrap;\">\n<div class=\"ficha-imagen\" style=\"flex: 0 0 250px; max-width: 250px;\">\n                    <a href=\"https:\/\/somosdecine.com\/peliculas\/septiembre-5-2024\/\" target=\"_blank\" rel=\"noopener\"><br \/>\n                        <img decoding=\"async\" alt=\"Septiembre 5\" style=\"width: 100%; height: auto; border-radius: 5px;\" src=\"https:\/\/somosdecine.com\/wp-content\/uploads\/septiembre-5-2024.webp\"\/><img decoding=\"async\" src=\"https:\/\/somosdecine.com\/wp-content\/uploads\/septiembre-5-2024.webp\" alt=\"Septiembre 5\" style=\"width: 100%; height: auto; border-radius: 5px;\"\/><br \/>\n                    <\/a>\n                <\/div>\n<div class=\"ficha-detalles\" style=\"flex: 1; min-width: 300px; text-align: left;\">\n<ul style=\"list-style: none; padding: 0; margin: 0;\">\n<li><strong>Fecha de estreno:<\/strong> 31 de enero de 2025 en cines<\/li>\n<li><strong>G\u00e9nero:<\/strong> Drama, Hist\u00f3rico<\/li>\n<li><strong>Pa\u00eds:<\/strong> Estados Unidos, Alemania<\/li>\n<li><strong>A\u00f1o:<\/strong> 2024<\/li>\n<li><strong>Duraci\u00f3n:<\/strong> 94 min<\/li>\n<li><strong>Direcci\u00f3n:<\/strong> Tim Fehlbaum<\/li>\n<li><strong>Reparto:<\/strong> Peter Sarsgaard, John Magaro, Ben Chaplin, Leonie Benesch, Zinedine Soualem, Georgina Rich, Corey Johnson, Marcus Rutherford, Daniel Adeosun, Benjamin Walker, Ferdinand D\u00f6rfler<\/li>\n<li><strong>M\u00fasica:<\/strong> Lorenz Dangel<\/li>\n<\/ul><\/div>\n<\/p><\/div>\n<p>        <!-- Descripci&oacute;n --><\/p>\n<div class=\"descripcion-pelicula\" style=\"margin-top: 20px; text-align: justify; font-size: 1em; line-height: 1.6;\">\n<p>\u00abSeptiembre 5\u00bb presenta el fat\u00eddico momento que cambi\u00f3 para siempre la cobertura de noticias en los medios de comunicaci\u00f3n y que no ha dejado de influir en el tratamiento que se da a las noticias de actualidad. Ambientada en los Juegos Ol\u00edmpicos de Munich de 1972, la pel\u00edcula narra las peripecias de un equipo de retransmisi\u00f3n deportiva estadounidense que hace r\u00e1pidamente la transici\u00f3n de la informaci\u00f3n deportiva a la cobertura en directo del secuestro de los atletas israel\u00edes. A trav\u00e9s de este prisma, \u00abSeptiembre 5\u00bb aborda, desde una perspectiva novedosa, la retransmisi\u00f3n en directo que en aquel momento fue vista en todo el mundo por unos mil millones de personas.<\/p>\n<p>La historia gira alrededor de Geoff (John Magaro), un joven y ambicioso productor que se esfuerza por demostrar su val\u00eda a su jefe, el legendario ejecutivo de televisi\u00f3n Roone Arledge (Peter Sarsgaard). Junto con la int\u00e9rprete alemana Marianne (Leonie Benesch) y su mentor Marvin Bader (Ben Chaplin), Geoff toma inesperadamente los mandos de la cobertura en directo. Ante el cambio de tem\u00e1tica y narrativa, con plazos que se agotan, rumores contradictorios difundidos por doquier y la vida de los rehenes pendiendo de un hilo, Geoff se enfrenta a decisiones dif\u00edciles y sus propios conflictos \u00e9ticos.<\/p>\n<\/p><\/div>\n<p>        <!-- Bot&oacute;n de enlace --><br \/>\n        <a href=\"https:\/\/somosdecine.com\/peliculas\/septiembre-5-2024\/\" style=\"display: inline-block; margin-top: 20px; color: #0073aa; text-decoration: none; font-weight: bold;\" target=\"_blank\" rel=\"noopener\">Ver ficha completa<\/a>\n    <\/div>\n<p>    <!-- Estilos para m&oacute;vil --><\/p>\n<h2 class=\"wp-block-heading\"><span class=\"ez-toc-section\" id=\"Critica_de_Septiembre_5\"><\/span><span class=\"ez-toc-section\" id=\"Critica_de_Septiembre_5\"\/>Cr\u00edtica de Septiembre 5<span class=\"ez-toc-section-end\"\/><span class=\"ez-toc-section-end\"><\/span><\/h2>\n<p>1972, M\u00fanich. La plantilla de la cadena televisiva ABC se encuentra inmersa en la ardua tarea de retransmitir en vivo y en directo cada uno de los eventos deportivos de las olimpiadas alemanas. De forma sorpresiva, un ataque de \u00edndole pol\u00edtica perpetrado por unos terroristas \u00e1rabes, supondr\u00e1 un punto de inflexi\u00f3n en la historia moderna y en la cultura audiovisual al obligar a esta cadena a dejar de lado su funci\u00f3n, para ofrecer una cobertura de este peliagudo acontecimiento. En <strong><em>Septiembre 5<\/em><\/strong>, esta sugerente premisa sirve al director Tim Fehlbaum para dibujar un intenso ejercicio de car\u00e1cter period\u00edstico y social capaz de reflexionar sobre la naturaleza de la profesi\u00f3n, al mismo tiempo que sirve c\u00f3mo homenaje a la realizaci\u00f3n televisiva anal\u00f3gica.<\/p>\n<h3 class=\"wp-block-heading\"><span class=\"ez-toc-section\" id=\"Una_carta_de_amor_al_analogico\"><\/span><span class=\"ez-toc-section\" id=\"Una_carta_de_amor_al_analogico\"\/>Una carta de amor al anal\u00f3gico<span class=\"ez-toc-section-end\"\/><span class=\"ez-toc-section-end\"><\/span><\/h3>\n<p>Cables, cintas de celuloide, salas de montaje, micros pinchados, c\u00e1maras mamotreto y r\u00f3tulos artesanales. <strong><em>Septiembre 5<\/em><\/strong> no s\u00f3lo es un thriller fant\u00e1stico, sino que es toda una carta de amor al lenguaje anal\u00f3gico, a una era no-digital en la que imperaba el ingenio, lo f\u00edsico y lo palpable. C\u00f3mo tel\u00f3n de fondo encontramos un conflicto de considerable calado, pero el foco (el figurado y el de la lente de la c\u00e1mara de Fehlbaum) est\u00e1 puesto en lo que esconden las bambalinas del estudio televisivo. Que no es otra cosa que un plat\u00f3 destartalado, salas de revelado, una cantidad ingente de tecnolog\u00eda hoy ya desfasada y personas capaces de hacer magia con artefactos tan obtusos c\u00f3mo encantadores.<\/p>\n<p>Es asombroso descubrir c\u00f3mo el film est\u00e1 rodado siempre con fascinaci\u00f3n y reverencia por\/hacia una manera primigenia de disponer lo audiovisual. Los c\u00f3digos estil\u00edsticos cuasi-documentalistas del propio film tambi\u00e9n responden a esta idea, enarbolada c\u00e1mara en mano y vestida de una hermosa capa de granulado f\u00edlmico. Es destacable esta equilibrada simbiosis entre forma y fondo, sumada a una magn\u00edfica direcci\u00f3n de actores y una gesti\u00f3n excepcional de los elementos anti-clim\u00e1ticos dispuestos en el entramado argumental.<\/p>\n<h3 class=\"wp-block-heading\"><span class=\"ez-toc-section\" id=\"Supervivencia_emocional\"><\/span><span class=\"ez-toc-section\" id=\"Supervivencia_emocional\"\/>Supervivencia emocional<span class=\"ez-toc-section-end\"\/><span class=\"ez-toc-section-end\"><\/span><\/h3>\n<p>Unas capas m\u00e1s abajo, si buceamos en la profundidad de la cinta, nos topamos con su sugerente tesis: la cruda naturaleza de la profesi\u00f3n period\u00edstica y la necesidad de distanciamiento con respecto a los eventos para asegurar la supervivencia emocional. Tal y como ya ocurr\u00eda en la brillante y reciente<a href=\"https:\/\/somosdecine.com\/peliculas\/civil-war-2024\/\" target=\"_blank\" rel=\"noopener\"> <em>Civil War<\/em> de Alex Garland<\/a>, se nos habla de forma directa de la obligaci\u00f3n de no involucrarse a nivel sentimental \u2013 algo considerablemente complejo para un ser humano emp\u00e1tico \u2013 en los eventos a reportar. Tambi\u00e9n, se hace referencia a los l\u00edmites morales y a la responsabilidad civil y social de la televisi\u00f3n como herramienta de alto impacto cultural, que debe responder no s\u00f3lo a un inter\u00e9s mercantil sino que debe mantenerse \u00e9tica, ver\u00eddica, fidedigna y respetuosa con el espectador global.<\/p>\n<p>Por otro lado, <strong><em>Septiembre 5<\/em><\/strong> propone un contexto socio-pol\u00edtico muy pr\u00f3ximo al conflicto palestino-israel\u00ed que puede servir como espejo del mismo, pero creo que acierta al no abrazarlo de forma directa. A pesar de estar ah\u00ed, no coloca todo el peso en la parte pol\u00edtica de la situaci\u00f3n para no desperdiciar la potencia del resto de motores tem\u00e1ticos, algo especialmente loable y digno de aplauso. Hubiera sido sencillo caer en el populismo y la demagogia tratando temas proclives a ello, sin embargo, podemos celebrar con orgullo que no estamos ante este caso.<\/p>\n<h3 class=\"wp-block-heading\"><span class=\"ez-toc-section\" id=\"Conclusion\"><\/span><span class=\"ez-toc-section\" id=\"Conclusion\"\/>Conclusi\u00f3n<span class=\"ez-toc-section-end\"\/><span class=\"ez-toc-section-end\"><\/span><\/h3>\n<p><strong><em>Septiembre 5<\/em><\/strong> es un brillante ejercicio de tensi\u00f3n y reflexi\u00f3n period\u00edstica que hace gala de una fascinaci\u00f3n absoluta por la realizaci\u00f3n televisiva y el lenguaje audiovisual, anal\u00f3gico o no. A trav\u00e9s atm\u00f3sferas propias del thriller y un acontecimiento hist\u00f3rico trascendental de inter\u00e9s, se mueve entre lo pol\u00edtico, lo cinematogr\u00e1fico, lo humano y lo social de manera din\u00e1mica, con intensidad y siempre con un marcado gusto est\u00e9tico. Una pel\u00edcula accesible y disfrutable, pero no exenta de profundidad ni de distintas tesis a explorar y diseccionar.<\/p>\n<p><!-- CONTENT END 2 -->\n\t\t\t\t\t\t\t\t\t\t\t\t\t\t\t\t\t\t\t\t\t\t\t\t\t\t\t<\/div>\n<p><a href=\"https:\/\/somosdecine.com\/septiembre-5-pelicula-critica\/\" class=\" target=\" title=\"Cr\u00edtica Septiembre 5 - SOY DE CINE\" target=\"_blank\" rel=\"noopener\">Ver fuente<\/a><\/p>\n","protected":false},"excerpt":{"rendered":"<p>Valoraci\u00f3n \u2605\u2605\u2605\u2605\u2606 Septiembre 5, la \u00faltima pel\u00edcula de Tim Fehlbaum, llega a los cines espa\u00f1oles el 31 de enero de la mano de Paramount Pictures Spain. Fecha de estreno: 31 de enero de 2025 en cines G\u00e9nero: Drama, Hist\u00f3rico Pa\u00eds: Estados Unidos, Alemania A\u00f1o: 2024 Duraci\u00f3n: 94 min Direcci\u00f3n: Tim Fehlbaum Reparto: Peter Sarsgaard, John [&hellip;]<\/p>\n","protected":false},"author":2,"featured_media":46019,"comment_status":"open","ping_status":"closed","sticky":false,"template":"","format":"standard","meta":{"footnotes":""},"categories":[8],"tags":[],"class_list":["post-46018","post","type-post","status-publish","format-standard","has-post-thumbnail","hentry","category-entretenimiento"],"_links":{"self":[{"href":"https:\/\/enfoquenoticioso.com\/index.php?rest_route=\/wp\/v2\/posts\/46018","targetHints":{"allow":["GET"]}}],"collection":[{"href":"https:\/\/enfoquenoticioso.com\/index.php?rest_route=\/wp\/v2\/posts"}],"about":[{"href":"https:\/\/enfoquenoticioso.com\/index.php?rest_route=\/wp\/v2\/types\/post"}],"author":[{"embeddable":true,"href":"https:\/\/enfoquenoticioso.com\/index.php?rest_route=\/wp\/v2\/users\/2"}],"replies":[{"embeddable":true,"href":"https:\/\/enfoquenoticioso.com\/index.php?rest_route=%2Fwp%2Fv2%2Fcomments&post=46018"}],"version-history":[{"count":0,"href":"https:\/\/enfoquenoticioso.com\/index.php?rest_route=\/wp\/v2\/posts\/46018\/revisions"}],"wp:featuredmedia":[{"embeddable":true,"href":"https:\/\/enfoquenoticioso.com\/index.php?rest_route=\/wp\/v2\/media\/46019"}],"wp:attachment":[{"href":"https:\/\/enfoquenoticioso.com\/index.php?rest_route=%2Fwp%2Fv2%2Fmedia&parent=46018"}],"wp:term":[{"taxonomy":"category","embeddable":true,"href":"https:\/\/enfoquenoticioso.com\/index.php?rest_route=%2Fwp%2Fv2%2Fcategories&post=46018"},{"taxonomy":"post_tag","embeddable":true,"href":"https:\/\/enfoquenoticioso.com\/index.php?rest_route=%2Fwp%2Fv2%2Ftags&post=46018"}],"curies":[{"name":"wp","href":"https:\/\/api.w.org\/{rel}","templated":true}]}}