{"id":46137,"date":"2025-01-25T06:26:09","date_gmt":"2025-01-25T06:26:09","guid":{"rendered":"https:\/\/enfoquenoticioso.com\/entretenimiento\/estrenos-31-de-enero-de-2025-en-cines-y-plataformas\/"},"modified":"2025-01-25T06:26:09","modified_gmt":"2025-01-25T06:26:09","slug":"estrenos-31-de-enero-de-2025-en-cines-y-plataformas","status":"publish","type":"post","link":"https:\/\/enfoquenoticioso.com\/?p=46137","title":{"rendered":"Estrenos 31 de enero de 2025 en cines y plataformas"},"content":{"rendered":"<div id=\"mvp-content-main\">\n<p>En este art\u00edculo nos sumergiremos en las novedades cinematogr\u00e1ficas de los pr\u00f3ximoas d\u00edas. En esta ocasi\u00f3n te traigo <strong>los estrenos del 31 de enero de 2025 en cines y plataformas de streaming<\/strong>. Toma nota de todas estas pel\u00edculas y seris porque estoy seguro de que algunas de ellas no querr\u00e1s perd\u00e9rtelas.<\/p>\n<p><span id=\"more-46104\"\/><\/p>\n<figure class=\"wp-block-embed is-type-video is-provider-youtube wp-block-embed-youtube wp-embed-aspect-16-9 wp-has-aspect-ratio\">\n<p>\n<iframe loading=\"lazy\" title=\"Los ESTRENOS M\u00c1S ESPERADOS de ENERO 2025 en CINES y STREAMING \ud83d\udd25\" width=\"640\" height=\"360\" src=\"https:\/\/www.youtube.com\/embed\/ETIZNzXEkm8?feature=oembed\" frameborder=\"0\" allow=\"accelerometer; autoplay; clipboard-write; encrypted-media; gyroscope; picture-in-picture; web-share\" referrerpolicy=\"strict-origin-when-cross-origin\" allowfullscreen><\/iframe>\n<\/p>\n<\/figure>\n<div id=\"ez-toc-container\" class=\"ez-toc-v2_0_81 counter-hierarchy ez-toc-counter ez-toc-grey ez-toc-container-direction\">\n<div class=\"ez-toc-title-container\">\n<p class=\"ez-toc-title\" style=\"cursor:inherit\">Tabla de Contenido<\/p>\n<span class=\"ez-toc-title-toggle\"><a href=\"#\" class=\"ez-toc-pull-right ez-toc-btn ez-toc-btn-xs ez-toc-btn-default ez-toc-toggle\" aria-label=\"Alternar tabla de contenidos\"><span class=\"ez-toc-js-icon-con\"><span class=\"\"><span class=\"eztoc-hide\" style=\"display:none;\">Toggle<\/span><span class=\"ez-toc-icon-toggle-span\"><svg style=\"fill: #999;color:#999\" xmlns=\"http:\/\/www.w3.org\/2000\/svg\" class=\"list-377408\" width=\"20px\" height=\"20px\" viewBox=\"0 0 24 24\" fill=\"none\"><path d=\"M6 6H4v2h2V6zm14 0H8v2h12V6zM4 11h2v2H4v-2zm16 0H8v2h12v-2zM4 16h2v2H4v-2zm16 0H8v2h12v-2z\" fill=\"currentColor\"><\/path><\/svg><svg style=\"fill: #999;color:#999\" class=\"arrow-unsorted-368013\" xmlns=\"http:\/\/www.w3.org\/2000\/svg\" width=\"10px\" height=\"10px\" viewBox=\"0 0 24 24\" version=\"1.2\" baseProfile=\"tiny\"><path d=\"M18.2 9.3l-6.2-6.3-6.2 6.3c-.2.2-.3.4-.3.7s.1.5.3.7c.2.2.4.3.7.3h11c.3 0 .5-.1.7-.3.2-.2.3-.5.3-.7s-.1-.5-.3-.7zM5.8 14.7l6.2 6.3 6.2-6.3c.2-.2.3-.5.3-.7s-.1-.5-.3-.7c-.2-.2-.4-.3-.7-.3h-11c-.3 0-.5.1-.7.3-.2.2-.3.5-.3.7s.1.5.3.7z\"\/><\/svg><\/span><\/span><\/span><\/a><\/span><\/div>\n<nav><ul class='ez-toc-list ez-toc-list-level-1 ' ><li class='ez-toc-page-1 ez-toc-heading-level-2'><a class=\"ez-toc-link ez-toc-heading-1\" href=\"https:\/\/enfoquenoticioso.com\/?p=46137\/#Cartelera_semanal_peliculas_de_estreno_del_31_de_enero_de_2025_en_cines\" >Cartelera semanal: pel\u00edculas de estreno del 31 de enero de 2025 en cines<\/a><ul class='ez-toc-list-level-3' ><li class='ez-toc-heading-level-3'><a class=\"ez-toc-link ez-toc-heading-2\" href=\"https:\/\/enfoquenoticioso.com\/?p=46137\/#Mikaela\" >Mikaela<\/a><\/li><li class='ez-toc-page-1 ez-toc-heading-level-3'><a class=\"ez-toc-link ez-toc-heading-3\" href=\"https:\/\/enfoquenoticioso.com\/?p=46137\/#Septiembre_5\" >Septiembre 5<\/a><\/li><li class='ez-toc-page-1 ez-toc-heading-level-3'><a class=\"ez-toc-link ez-toc-heading-4\" href=\"https:\/\/enfoquenoticioso.com\/?p=46137\/#Memorias_de_un_caracol\" >Memorias de un caracol<\/a><\/li><li class='ez-toc-page-1 ez-toc-heading-level-3'><a class=\"ez-toc-link ez-toc-heading-5\" href=\"https:\/\/enfoquenoticioso.com\/?p=46137\/#La_acompanante\" >La acompa\u00f1ante<\/a><\/li><li class='ez-toc-page-1 ez-toc-heading-level-3'><a class=\"ez-toc-link ez-toc-heading-6\" href=\"https:\/\/enfoquenoticioso.com\/?p=46137\/#Polican\" >Polic\u00e1n<\/a><\/li><li class='ez-toc-page-1 ez-toc-heading-level-3'><a class=\"ez-toc-link ez-toc-heading-7\" href=\"https:\/\/enfoquenoticioso.com\/?p=46137\/#Corazones_rotos\" >Corazones rotos<\/a><\/li><li class='ez-toc-page-1 ez-toc-heading-level-3'><a class=\"ez-toc-link ez-toc-heading-8\" href=\"https:\/\/enfoquenoticioso.com\/?p=46137\/#A_different_man\" >A different man<\/a><\/li><li class='ez-toc-page-1 ez-toc-heading-level-3'><a class=\"ez-toc-link ez-toc-heading-9\" href=\"https:\/\/enfoquenoticioso.com\/?p=46137\/#Fin_de_fiesta\" >Fin de fiesta<\/a><\/li><li class='ez-toc-page-1 ez-toc-heading-level-3'><a class=\"ez-toc-link ez-toc-heading-10\" href=\"https:\/\/enfoquenoticioso.com\/?p=46137\/#No_hay_amor_perdido\" >No hay amor perdido<\/a><\/li><li class='ez-toc-page-1 ez-toc-heading-level-3'><a class=\"ez-toc-link ez-toc-heading-11\" href=\"https:\/\/enfoquenoticioso.com\/?p=46137\/#Tierra_baja\" >Tierra baja<\/a><\/li><li class='ez-toc-page-1 ez-toc-heading-level-3'><a class=\"ez-toc-link ez-toc-heading-12\" href=\"https:\/\/enfoquenoticioso.com\/?p=46137\/#Zorro_y_Liebre_Salvan_el_Bosque\" >Zorro y Liebre Salvan el Bosque<\/a><\/li><\/ul><\/li><li class='ez-toc-page-1 ez-toc-heading-level-2'><a class=\"ez-toc-link ez-toc-heading-13\" href=\"https:\/\/enfoquenoticioso.com\/?p=46137\/#Peliculas_de_estreno_del_31_de_enero_de_2025_en_plataformas\" >Pel\u00edculas de estreno del 31 de enero de 2025 en plataformas<\/a><ul class='ez-toc-list-level-4' ><li class='ez-toc-heading-level-4'><ul class='ez-toc-list-level-4' ><li class='ez-toc-heading-level-4'><a class=\"ez-toc-link ez-toc-heading-14\" href=\"https:\/\/enfoquenoticioso.com\/?p=46137\/#La_sustancia\" >La sustancia<\/a><\/li><li class='ez-toc-page-1 ez-toc-heading-level-4'><a class=\"ez-toc-link ez-toc-heading-15\" href=\"https:\/\/enfoquenoticioso.com\/?p=46137\/#Robot_Salvaje\" >Robot Salvaje<\/a><\/li><li class='ez-toc-page-1 ez-toc-heading-level-4'><a class=\"ez-toc-link ez-toc-heading-16\" href=\"https:\/\/enfoquenoticioso.com\/?p=46137\/#Los_dos_hemisferios_de_Lucca_31_de_enero_en_Netflix\" >Los dos hemisferios de Lucca: 31 de enero en Netflix<\/a><\/li><li class='ez-toc-page-1 ez-toc-heading-level-4'><a class=\"ez-toc-link ez-toc-heading-17\" href=\"https:\/\/enfoquenoticioso.com\/?p=46137\/#Adios_salvajes_31_de_enero_de_2025_en_Filmin\" >Adi\u00f3s, salvajes: 31 de enero de 2025 en Filmin<\/a><\/li><li class='ez-toc-page-1 ez-toc-heading-level-4'><a class=\"ez-toc-link ez-toc-heading-18\" href=\"https:\/\/enfoquenoticioso.com\/?p=46137\/#Sebastian_31_de_enero_de_2025_en_Filmin\" >Sebastian: 31 de enero de 2025 en Filmin<\/a><\/li><\/ul><\/li><\/ul><\/li><li class='ez-toc-page-1 ez-toc-heading-level-2'><a class=\"ez-toc-link ez-toc-heading-19\" href=\"https:\/\/enfoquenoticioso.com\/?p=46137\/#Series_de_estreno_del_31_de_enero_de_2025_en_plataformas\" >Series de estreno del 31 de enero de 2025 en plataformas<\/a><ul class='ez-toc-list-level-4' ><li class='ez-toc-heading-level-4'><ul class='ez-toc-list-level-4' ><li class='ez-toc-heading-level-4'><a class=\"ez-toc-link ez-toc-heading-20\" href=\"https:\/\/enfoquenoticioso.com\/?p=46137\/#La_chica_de_la_nieve_temporada_2_31_de_enero_de_2025_en_Netflix\" >La chica de la nieve, temporada 2: 31 de enero de 2025 en Netflix<\/a><\/li><\/ul><\/li><\/ul><\/li><\/ul><\/nav><\/div>\n<h2 class=\"wp-block-heading\"><span class=\"ez-toc-section\" id=\"Cartelera_semanal_peliculas_de_estreno_del_31_de_enero_de_2025_en_cines\"><\/span><span class=\"ez-toc-section\" id=\"Cartelera_semanal_peliculas_de_estreno_del_31_de_enero_de_2025_en_cines\"\/>Cartelera semanal: pel\u00edculas de estreno del 31 de enero de 2025 en cines<span class=\"ez-toc-section-end\"\/><span class=\"ez-toc-section-end\"><\/span><\/h2>\n<p>Comenzamos habl\u00e1ndote de los diferentes<strong> estrenos del 31 de enero de 2025 en cines<\/strong>, y es que tendremos varias <strong>pel\u00edculas muy esperadas<\/strong> que, sin lugar a dudas, seguiremos comentando por aqu\u00ed, por <a href=\"https:\/\/www.ivoox.com\/podcast-soy-de-cine_sq_f11138228_1.html\" target=\"_blank\" rel=\"noopener\">nuestro programa<\/a> y, por supuesto, tambi\u00e9n por <a href=\"https:\/\/www.youtube.com\/channel\/UC_hMVMyWaeiBGB9jgJiSyqA?sub_confirmation=1\" target=\"_blank\" rel=\"noopener\">nuestro canal de Youtube<\/a>.<\/p>\n<div class=\"ficha-pelicula-completa\" style=\"margin-bottom: 40px;\">\n        <!-- T&iacute;tulo --><\/p>\n<h3 style=\"font-size: 1.2em; margin-bottom: 15px; color: #333;\"><span class=\"ez-toc-section\" id=\"Mikaela\"><\/span><span class=\"ez-toc-section\" id=\"Mikaela\"\/><br \/>\n            <a href=\"https:\/\/somosdecine.com\/peliculas\/mikaela-2025\/\" style=\"text-decoration: none; color: #0073aa;\" target=\"_blank\" rel=\"noopener\"><br \/>\n                Mikaela            <\/a><br \/>\n        <span class=\"ez-toc-section-end\"\/><span class=\"ez-toc-section-end\"><\/span><\/h3>\n<p>        <!-- Imagen y detalles (Dise&ntilde;o flexible) --><\/p>\n<div class=\"ficha-contenedor\" style=\"display: flex; gap: 20px; align-items: flex-start; flex-wrap: wrap;\">\n<div class=\"ficha-imagen\" style=\"flex: 0 0 250px; max-width: 250px;\">\n                    <a href=\"https:\/\/somosdecine.com\/peliculas\/mikaela-2025\/\" target=\"_blank\" rel=\"noopener\"><br \/>\n                        <img decoding=\"async\" alt=\"Mikaela\" style=\"width: 100%; height: auto; border-radius: 5px;\" src=\"https:\/\/somosdecine.com\/wp-content\/uploads\/mikaela-2025.webp\"\/><img decoding=\"async\" src=\"https:\/\/somosdecine.com\/wp-content\/uploads\/mikaela-2025.webp\" alt=\"Mikaela\" style=\"width: 100%; height: auto; border-radius: 5px;\"\/><br \/>\n                    <\/a>\n                <\/div>\n<div class=\"ficha-detalles\" style=\"flex: 1; min-width: 300px; text-align: left;\">\n<ul style=\"list-style: none; padding: 0; margin: 0;\">\n<li><strong>Fecha de estreno:<\/strong> 31 de enero de 2025<\/li>\n<li><strong>G\u00e9nero:<\/strong> Thriller, Acci\u00f3n<\/li>\n<li><strong>Pa\u00eds:<\/strong> Espa\u00f1a<\/li>\n<li><strong>A\u00f1o:<\/strong> 2025<\/li>\n<li><strong>Direcci\u00f3n:<\/strong> Daniel Calparsoro<\/li>\n<li><strong>Reparto:<\/strong> Antonio Resines, Natalia Azahara, Adriana Torrebejano, Anton Pavel, Cristina Kovani, Oleg Kricunova, Peter Nikolas, Roger Casamajor, Javier Albal\u00e1, Patricia Vico, Roc\u00edo Mu\u00f1oz-Cobo, Bernab\u00e9 Fern\u00e1ndez, Richard Holmes, Mario Zorrilla<\/li>\n<\/ul><\/div>\n<\/p><\/div>\n<p>        <!-- Descripci&oacute;n --><\/p>\n<div class=\"descripcion-pelicula\" style=\"margin-top: 20px; text-align: justify; font-size: 1em; line-height: 1.6;\">\n<p>Mikaela nos lleva a la Vispera de Reyes. Una tormenta de nieve sin precedentes asola Espa\u00f1a. En medio del caos de una autopista colapsada, un grupo de atracadores aprovecha la oportunidad para asaltar un furg\u00f3n blindado. A escasos metros se encuentra Leo (Antonio Resines), un pol\u00edcia en las \u00faltimas que no tiene nada que perder. Con la ayuda inesperada de una joven, juntos tratar\u00e1n de evitar que la banda huya con el bot\u00edn en una perseci\u00f3n a contrarreloj en medio del temporal.<\/p>\n<p>Mikaela est\u00e1 dirigida por Daniel Calparsoro, responsable de Hasta el cielo y Cien a\u00f1os de perd\u00f3n.<\/p>\n<p>Antonio Resines encabeza el reparto como un polic\u00eda veterano cuya carrera pende de un hilo, y que se tendr\u00e1 que hacer cargo, le guste o no, de un asalto a un furg\u00f3n blindado que, como \u00e9l, se ha quedado atrapado en la carretera a causa del temporal Mikaela.<\/p>\n<p>Contar\u00e1 con la inesperada ayuda de una joven aspirante a Guardia Civil que acaba de salir de la academia, interpretada por Natalia Azahara (A trav\u00e9s de mi ventana). Juntos, a pesar de tener personalidades bastante antag\u00f3nicas, se enfrentar\u00e1n a una banda de ladrones que no tiene ning\u00fan reparo a la hora de apretar el gatillo o de tomar rehenes.<\/p>\n<p>Adriana Torrebejano, Anton Pavel, Cristina Kovani, Oleg Kricunova, Peter Nikolas, Roger Casamajor, Javier Albal\u00e1, Patricia Vico, Roc\u00edo Mu\u00f1oz-Cobo, Bernab\u00e9 Fern\u00e1ndez, Richard Holmes y Mario Zorrilla completan el reparto.<\/p>\n<p>La pel\u00edcula, con guion de Arturo Ru\u00edz Serrano, transcurri\u00f3 por diversas localizaciones de la Comunidad de Madrid y Segovia. En palabras de Daniel Calparsoro: \u201cDesde la primera p\u00e1gina, el guion te agarra el est\u00f3mago y no te suelta\u201d. El director describe la pel\u00edcula como \u201cun thriller de acci\u00f3n con trasfondo humano donde los personajes sobresalen de forma poderosa. Es una historia de gente al l\u00edmite\u201d.<\/p>\n<\/p><\/div>\n<p>        <!-- Bot&oacute;n de enlace --><br \/>\n        <a href=\"https:\/\/somosdecine.com\/peliculas\/mikaela-2025\/\" style=\"display: inline-block; margin-top: 20px; color: #0073aa; text-decoration: none; font-weight: bold;\" target=\"_blank\" rel=\"noopener\">Ver ficha completa<\/a>\n    <\/div>\n<p>    <!-- Estilos para m&oacute;vil --><\/p>\n<div class=\"ficha-pelicula-completa\" style=\"margin-bottom: 40px;\">\n        <!-- T&iacute;tulo --><\/p>\n<h3 style=\"font-size: 1.2em; margin-bottom: 15px; color: #333;\"><span class=\"ez-toc-section\" id=\"Septiembre_5\"><\/span><span class=\"ez-toc-section\" id=\"Septiembre_5\"\/><br \/>\n            <a href=\"https:\/\/somosdecine.com\/peliculas\/septiembre-5-2024\/\" style=\"text-decoration: none; color: #0073aa;\" target=\"_blank\" rel=\"noopener\"><br \/>\n                Septiembre 5            <\/a><br \/>\n        <span class=\"ez-toc-section-end\"\/><span class=\"ez-toc-section-end\"><\/span><\/h3>\n<p>        <!-- Imagen y detalles (Dise&ntilde;o flexible) --><\/p>\n<div class=\"ficha-contenedor\" style=\"display: flex; gap: 20px; align-items: flex-start; flex-wrap: wrap;\">\n<div class=\"ficha-imagen\" style=\"flex: 0 0 250px; max-width: 250px;\">\n                    <a href=\"https:\/\/somosdecine.com\/peliculas\/septiembre-5-2024\/\" target=\"_blank\" rel=\"noopener\"><br \/>\n                        <img decoding=\"async\" alt=\"Septiembre 5\" style=\"width: 100%; height: auto; border-radius: 5px;\" src=\"https:\/\/somosdecine.com\/wp-content\/uploads\/septiembre-5-2024.webp\"\/><img decoding=\"async\" src=\"https:\/\/somosdecine.com\/wp-content\/uploads\/septiembre-5-2024.webp\" alt=\"Septiembre 5\" style=\"width: 100%; height: auto; border-radius: 5px;\"\/><br \/>\n                    <\/a>\n                <\/div>\n<div class=\"ficha-detalles\" style=\"flex: 1; min-width: 300px; text-align: left;\">\n<ul style=\"list-style: none; padding: 0; margin: 0;\">\n<li><strong>Fecha de estreno:<\/strong> 31 de enero de 2025<\/li>\n<li><strong>G\u00e9nero:<\/strong> Drama, Hist\u00f3rico<\/li>\n<li><strong>Pa\u00eds:<\/strong> Estados Unidos, Alemania<\/li>\n<li><strong>A\u00f1o:<\/strong> 2024<\/li>\n<li><strong>Duraci\u00f3n:<\/strong> 94 min<\/li>\n<li><strong>Direcci\u00f3n:<\/strong> Tim Fehlbaum<\/li>\n<li><strong>Reparto:<\/strong> Peter Sarsgaard, John Magaro, Ben Chaplin, Leonie Benesch, Zinedine Soualem, Georgina Rich, Corey Johnson, Marcus Rutherford, Daniel Adeosun, Benjamin Walker, Ferdinand D\u00f6rfler<\/li>\n<li><strong>M\u00fasica:<\/strong> Lorenz Dangel<\/li>\n<\/ul><\/div>\n<\/p><\/div>\n<p>        <!-- Descripci&oacute;n --><\/p>\n<div class=\"descripcion-pelicula\" style=\"margin-top: 20px; text-align: justify; font-size: 1em; line-height: 1.6;\">\n<p>\u00abSeptiembre 5\u00bb presenta el fat\u00eddico momento que cambi\u00f3 para siempre la cobertura de noticias en los medios de comunicaci\u00f3n y que no ha dejado de influir en el tratamiento que se da a las noticias de actualidad. Ambientada en los Juegos Ol\u00edmpicos de Munich de 1972, la pel\u00edcula narra las peripecias de un equipo de retransmisi\u00f3n deportiva estadounidense que hace r\u00e1pidamente la transici\u00f3n de la informaci\u00f3n deportiva a la cobertura en directo del secuestro de los atletas israel\u00edes. A trav\u00e9s de este prisma, \u00abSeptiembre 5\u00bb aborda, desde una perspectiva novedosa, la retransmisi\u00f3n en directo que en aquel momento fue vista en todo el mundo por unos mil millones de personas.<\/p>\n<p>La historia gira alrededor de Geoff (John Magaro), un joven y ambicioso productor que se esfuerza por demostrar su val\u00eda a su jefe, el legendario ejecutivo de televisi\u00f3n Roone Arledge (Peter Sarsgaard). Junto con la int\u00e9rprete alemana Marianne (Leonie Benesch) y su mentor Marvin Bader (Ben Chaplin), Geoff toma inesperadamente los mandos de la cobertura en directo. Ante el cambio de tem\u00e1tica y narrativa, con plazos que se agotan, rumores contradictorios difundidos por doquier y la vida de los rehenes pendiendo de un hilo, Geoff se enfrenta a decisiones dif\u00edciles y sus propios conflictos \u00e9ticos.<\/p>\n<\/p><\/div>\n<p>        <!-- Bot&oacute;n de enlace --><br \/>\n        <a href=\"https:\/\/somosdecine.com\/peliculas\/septiembre-5-2024\/\" style=\"display: inline-block; margin-top: 20px; color: #0073aa; text-decoration: none; font-weight: bold;\" target=\"_blank\" rel=\"noopener\">Ver ficha completa<\/a>\n    <\/div>\n<p>    <!-- Estilos para m&oacute;vil --><\/p>\n<div class=\"ficha-pelicula-completa\" style=\"margin-bottom: 40px;\">\n        <!-- T&iacute;tulo --><\/p>\n<h3 style=\"font-size: 1.2em; margin-bottom: 15px; color: #333;\"><span class=\"ez-toc-section\" id=\"Memorias_de_un_caracol\"><\/span><span class=\"ez-toc-section\" id=\"Memorias_de_un_caracol\"\/><br \/>\n            <a href=\"https:\/\/somosdecine.com\/peliculas\/memorias-de-un-caracol-2024\/\" style=\"text-decoration: none; color: #0073aa;\" target=\"_blank\" rel=\"noopener\"><br \/>\n                Memorias de un caracol            <\/a><br \/>\n        <span class=\"ez-toc-section-end\"\/><span class=\"ez-toc-section-end\"><\/span><\/h3>\n<p>        <!-- Imagen y detalles (Dise&ntilde;o flexible) --><\/p>\n<div class=\"ficha-contenedor\" style=\"display: flex; gap: 20px; align-items: flex-start; flex-wrap: wrap;\">\n<div class=\"ficha-imagen\" style=\"flex: 0 0 250px; max-width: 250px;\">\n                    <a href=\"https:\/\/somosdecine.com\/peliculas\/memorias-de-un-caracol-2024\/\" target=\"_blank\" rel=\"noopener\"><br \/>\n                        <img decoding=\"async\" alt=\"Memorias de un caracol\" style=\"width: 100%; height: auto; border-radius: 5px;\" src=\"https:\/\/somosdecine.com\/wp-content\/uploads\/memorias-de-un-caracol-2024-poster.webp\"\/><img decoding=\"async\" src=\"https:\/\/somosdecine.com\/wp-content\/uploads\/memorias-de-un-caracol-2024-poster.webp\" alt=\"Memorias de un caracol\" style=\"width: 100%; height: auto; border-radius: 5px;\"\/><br \/>\n                    <\/a>\n                <\/div>\n<div class=\"ficha-detalles\" style=\"flex: 1; min-width: 300px; text-align: left;\">\n<ul style=\"list-style: none; padding: 0; margin: 0;\">\n<li><strong>Fecha de estreno:<\/strong> 31 de enero de 2025<\/li>\n<li><strong>G\u00e9nero:<\/strong> Animaci\u00f3n, Drama<\/li>\n<li><strong>Pa\u00eds:<\/strong> Australia<\/li>\n<li><strong>A\u00f1o:<\/strong> 2024<\/li>\n<li><strong>Duraci\u00f3n:<\/strong> 94  min<\/li>\n<li><strong>Direcci\u00f3n:<\/strong> Adam Elliot<\/li>\n<li><strong>Reparto:<\/strong> Sarah Snook, Kodi Smit-McPhee, Eric Bana, Magda Szubanski<\/li>\n<li><strong>M\u00fasica:<\/strong> Elena Kats-Chernin<\/li>\n<\/ul><\/div>\n<\/p><\/div>\n<p>        <!-- Descripci&oacute;n --><\/p>\n<div class=\"descripcion-pelicula\" style=\"margin-top: 20px; text-align: justify; font-size: 1em; line-height: 1.6;\">\n<p>En la Australia de los a\u00f1os 70, la vida de Grace est\u00e1 marcada por la desgracia y la p\u00e9rdida. Cuando su unidad familiar se desmorona y es separada de su hermano gemelo, Gilbert, desarrolla una afici\u00f3n a coleccionar adornos de caracoles para calmar su soledad. Grace encuentra esperanza cuando desarrolla una amistad con una anciana exc\u00e9ntrica, Pinky, quien la inspira a salir de su caparaz\u00f3n y dejar de lado las cosas que alborotan su hogar y su mente.<\/p>\n<p>La nueva joya de animaci\u00f3n del director australiano Adam Elliot (Mary and Max) no ha dejado de cosechar premios desde su estreno en el Festival de Annecy, donde recibi\u00f3 el Premio Cristal a Mejor Pel\u00edcula.<\/p>\n<p>Con un elenco de voces protagonistas estelar encabezado por Sarah Snook (Succession), Memorias de un caracol tambi\u00e9n ha logrado el Premio a Mejor Pel\u00edcula de Animaci\u00f3n en el Festival Internacional de Ottawa y en el Festival de Londres y el Premio a Mejor Director en el Festival de Sao Paulo.<\/p>\n<\/p><\/div>\n<p>        <!-- Bot&oacute;n de enlace --><br \/>\n        <a href=\"https:\/\/somosdecine.com\/peliculas\/memorias-de-un-caracol-2024\/\" style=\"display: inline-block; margin-top: 20px; color: #0073aa; text-decoration: none; font-weight: bold;\" target=\"_blank\" rel=\"noopener\">Ver ficha completa<\/a>\n    <\/div>\n<p>    <!-- Estilos para m&oacute;vil --><\/p>\n<div class=\"ficha-pelicula-completa\" style=\"margin-bottom: 40px;\">\n        <!-- T&iacute;tulo --><\/p>\n<h3 style=\"font-size: 1.2em; margin-bottom: 15px; color: #333;\"><span class=\"ez-toc-section\" id=\"La_acompanante\"><\/span><span class=\"ez-toc-section\" id=\"La_acompanante\"\/><br \/>\n            <a href=\"https:\/\/somosdecine.com\/peliculas\/la-acompanante-2025\/\" style=\"text-decoration: none; color: #0073aa;\" target=\"_blank\" rel=\"noopener\"><br \/>\n                La acompa\u00f1ante            <\/a><br \/>\n        <span class=\"ez-toc-section-end\"\/><span class=\"ez-toc-section-end\"><\/span><\/h3>\n<p>        <!-- Imagen y detalles (Dise&ntilde;o flexible) --><\/p>\n<div class=\"ficha-contenedor\" style=\"display: flex; gap: 20px; align-items: flex-start; flex-wrap: wrap;\">\n<div class=\"ficha-imagen\" style=\"flex: 0 0 250px; max-width: 250px;\">\n                    <a href=\"https:\/\/somosdecine.com\/peliculas\/la-acompanante-2025\/\" target=\"_blank\" rel=\"noopener\"><br \/>\n                        <img decoding=\"async\" alt=\"La acompa\u00f1ante\" style=\"width: 100%; height: auto; border-radius: 5px;\" src=\"https:\/\/somosdecine.com\/wp-content\/uploads\/la-acompanante-2025.webp\"\/><img decoding=\"async\" src=\"https:\/\/somosdecine.com\/wp-content\/uploads\/la-acompanante-2025.webp\" alt=\"La acompa\u00f1ante\" style=\"width: 100%; height: auto; border-radius: 5px;\"\/><br \/>\n                    <\/a>\n                <\/div>\n<div class=\"ficha-detalles\" style=\"flex: 1; min-width: 300px; text-align: left;\">\n<ul style=\"list-style: none; padding: 0; margin: 0;\">\n<li><strong>Fecha de estreno:<\/strong> 31 de enero de 2025<\/li>\n<li><strong>G\u00e9nero:<\/strong> Thriller, Ciencia ficci\u00f3n<\/li>\n<li><strong>Pa\u00eds:<\/strong> Estados Unidos<\/li>\n<li><strong>A\u00f1o:<\/strong> 2025<\/li>\n<li><strong>Duraci\u00f3n:<\/strong> 97 min<\/li>\n<li><strong>Direcci\u00f3n:<\/strong> Drew Hancock<\/li>\n<li><strong>Reparto:<\/strong> Sophie Thatcher, Jack Quaid, Lukas Gage, Megan Suri, Harvey Guill\u00e9n, Rupert Friend<\/li>\n<li><strong>M\u00fasica:<\/strong> Hrishikesh Hirway<\/li>\n<\/ul><\/div>\n<\/p><\/div>\n<p>        <!-- Descripci&oacute;n --><\/p>\n<div class=\"descripcion-pelicula\" style=\"margin-top: 20px; text-align: justify; font-size: 1em; line-height: 1.6;\">\n<p>La acompa\u00f1ante es un thriller de ciencia ficci\u00f3n que marca el debut en la direcci\u00f3n de Drew Hancock. La pel\u00edcula sigue a Iris y sus amigos, quienes desencadenan una serie de eventos tras la muerte de un multimillonario durante una escapada a su finca junto al lago. La trama trae a la palestra temas de inteligencia artificial y las complejidades de las relaciones humanas en un contexto tecnol\u00f3gico avanzado.<\/p>\n<p>Producida por BoulderLight Pictures, New Line Cinema y Vertigo Entertainment, la pel\u00edcula cuenta con un reparto que incluye a Sophie Thatcher, Jack Quaid y Lukas Gage. La banda sonora est\u00e1 compuesta por Hrishikesh Hirway, y la cinematograf\u00eda es obra de Eli Born.<\/p>\n<\/p><\/div>\n<p>        <!-- Bot&oacute;n de enlace --><br \/>\n        <a href=\"https:\/\/somosdecine.com\/peliculas\/la-acompanante-2025\/\" style=\"display: inline-block; margin-top: 20px; color: #0073aa; text-decoration: none; font-weight: bold;\" target=\"_blank\" rel=\"noopener\">Ver ficha completa<\/a>\n    <\/div>\n<p>    <!-- Estilos para m&oacute;vil --><\/p>\n<div class=\"ficha-pelicula-completa\" style=\"margin-bottom: 40px;\">\n        <!-- T&iacute;tulo --><\/p>\n<h3 style=\"font-size: 1.2em; margin-bottom: 15px; color: #333;\"><span class=\"ez-toc-section\" id=\"Polican\"><\/span><span class=\"ez-toc-section\" id=\"Polican\"\/><br \/>\n            <a href=\"https:\/\/somosdecine.com\/peliculas\/polican-2025\/\" style=\"text-decoration: none; color: #0073aa;\" target=\"_blank\" rel=\"noopener\"><br \/>\n                Polic\u00e1n            <\/a><br \/>\n        <span class=\"ez-toc-section-end\"\/><span class=\"ez-toc-section-end\"><\/span><\/h3>\n<p>        <!-- Imagen y detalles (Dise&ntilde;o flexible) --><\/p>\n<div class=\"ficha-contenedor\" style=\"display: flex; gap: 20px; align-items: flex-start; flex-wrap: wrap;\">\n<div class=\"ficha-imagen\" style=\"flex: 0 0 250px; max-width: 250px;\">\n                    <a href=\"https:\/\/somosdecine.com\/peliculas\/polican-2025\/\" target=\"_blank\" rel=\"noopener\"><br \/>\n                        <img decoding=\"async\" alt=\"Polic\u00e1n\" style=\"width: 100%; height: auto; border-radius: 5px;\" src=\"https:\/\/somosdecine.com\/wp-content\/uploads\/dog-man-2025.webp\"\/><img decoding=\"async\" src=\"https:\/\/somosdecine.com\/wp-content\/uploads\/dog-man-2025.webp\" alt=\"Polic\u00e1n\" style=\"width: 100%; height: auto; border-radius: 5px;\"\/><br \/>\n                    <\/a>\n                <\/div>\n<div class=\"ficha-detalles\" style=\"flex: 1; min-width: 300px; text-align: left;\">\n<ul style=\"list-style: none; padding: 0; margin: 0;\">\n<li><strong>Fecha de estreno:<\/strong> 31 de enero de 2025<\/li>\n<li><strong>G\u00e9nero:<\/strong> Animaci\u00f3n, Comedia<\/li>\n<li><strong>Pa\u00eds:<\/strong> Estados Unidos<\/li>\n<li><strong>A\u00f1o:<\/strong> 2025<\/li>\n<li><strong>Duraci\u00f3n:<\/strong> 89 min<\/li>\n<li><strong>Direcci\u00f3n:<\/strong> Peter Hastings<\/li>\n<li><strong>Reparto:<\/strong> Pete Davidson, Lil Rel Howery, Isla Fisher, Stephen Root<\/li>\n<\/ul><\/div>\n<\/p><\/div>\n<p>        <!-- Descripci&oacute;n --><\/p>\n<div class=\"descripcion-pelicula\" style=\"margin-top: 20px; text-align: justify; font-size: 1em; line-height: 1.6;\">\n<p>Un perro y un agente de polic\u00eda resultan heridos juntos en el trabajo. Una operaci\u00f3n quir\u00fargica que les salva la vida cambia el curso de la historia cuando nace Polic\u00e1n. Mitad perro, mitad hombre, Polic\u00e1n ha jurado proteger y servir -siempre que no le distraigan las ardillas- mientras persigue tenazmente a su archienemigo: el supervillano felino Petey el Gato. Pero la rivalidad entre Polic\u00e1n y Petey se ve alterada por la llegada de un adorable gatito clon de Petey, Lil Petey, que cambia las reglas del juego para ambos.<\/p>\n<\/p><\/div>\n<p>        <!-- Bot&oacute;n de enlace --><br \/>\n        <a href=\"https:\/\/somosdecine.com\/peliculas\/polican-2025\/\" style=\"display: inline-block; margin-top: 20px; color: #0073aa; text-decoration: none; font-weight: bold;\" target=\"_blank\" rel=\"noopener\">Ver ficha completa<\/a>\n    <\/div>\n<p>    <!-- Estilos para m&oacute;vil --><\/p>\n<div class=\"ficha-pelicula-completa\" style=\"margin-bottom: 40px;\">\n        <!-- T&iacute;tulo --><\/p>\n<h3 style=\"font-size: 1.2em; margin-bottom: 15px; color: #333;\"><span class=\"ez-toc-section\" id=\"Corazones_rotos\"><\/span><span class=\"ez-toc-section\" id=\"Corazones_rotos\"\/><br \/>\n            <a href=\"https:\/\/somosdecine.com\/peliculas\/corazones-rotos-2024\/\" style=\"text-decoration: none; color: #0073aa;\" target=\"_blank\" rel=\"noopener\"><br \/>\n                Corazones rotos            <\/a><br \/>\n        <span class=\"ez-toc-section-end\"\/><span class=\"ez-toc-section-end\"><\/span><\/h3>\n<p>        <!-- Imagen y detalles (Dise&ntilde;o flexible) --><\/p>\n<div class=\"ficha-contenedor\" style=\"display: flex; gap: 20px; align-items: flex-start; flex-wrap: wrap;\">\n<div class=\"ficha-imagen\" style=\"flex: 0 0 250px; max-width: 250px;\">\n                    <a href=\"https:\/\/somosdecine.com\/peliculas\/corazones-rotos-2024\/\" target=\"_blank\" rel=\"noopener\"><br \/>\n                        <img decoding=\"async\" alt=\"Corazones rotos\" style=\"width: 100%; height: auto; border-radius: 5px;\" src=\"https:\/\/somosdecine.com\/wp-content\/uploads\/corazones-rotos-2024.webp\"\/><img decoding=\"async\" src=\"https:\/\/somosdecine.com\/wp-content\/uploads\/corazones-rotos-2024.webp\" alt=\"Corazones rotos\" style=\"width: 100%; height: auto; border-radius: 5px;\"\/><br \/>\n                    <\/a>\n                <\/div>\n<div class=\"ficha-detalles\" style=\"flex: 1; min-width: 300px; text-align: left;\">\n<ul style=\"list-style: none; padding: 0; margin: 0;\">\n<li><strong>Fecha de estreno:<\/strong> 31 de enero de 2025<\/li>\n<li><strong>G\u00e9nero:<\/strong> Drama, Romance<\/li>\n<li><strong>Pa\u00eds:<\/strong> Francia<\/li>\n<li><strong>A\u00f1o:<\/strong> 2024<\/li>\n<li><strong>Direcci\u00f3n:<\/strong> Gilles Lellouche<\/li>\n<li><strong>Reparto:<\/strong> Ad\u00e8le Exarchopoulos, Fran\u00e7ois Civil, Vincent Lacoste, Alain Chabat, Beno\u00eet Poelvoorde, \u00c9lodie Bouchez<\/li>\n<\/ul><\/div>\n<\/p><\/div>\n<p>        <!-- Descripci&oacute;n --><\/p>\n<div class=\"descripcion-pelicula\" style=\"margin-top: 20px; text-align: justify; font-size: 1em; line-height: 1.6;\">\n<p>En Corazones rotos, Jackie y Clotaire crecen en el mismo pueblo, en el mismo instituto, cerca del mismo puerto. Ella, de una familia de clase media-alta, estudia, mientras que \u00e9l, de origen modesto, hace novillos. La vida intenta por todos los medios separarlos, pero sus caminos se cruzan y se enamoran perdidamente. Su historia de amor parece estar condenada al fracaso cuando \u00e9l es condenado a 12 a\u00f1os en prisi\u00f3n.<\/p>\n<p>Corazones rotos (L\u2019amour ouf) es una desbordante historia de amor dirigida por Gilles Lellouche y coescrita junto a Audrey Diwan. Ad\u00e8le Exarchopoulos y Fran\u00e7ois Civil encarnan a unos Romeo y Julieta contempor\u00e1neos a trav\u00e9s de dos d\u00e9cadas, en una pel\u00edcula salvaje con elementos musicales que compiti\u00f3 en la Secci\u00f3n Oficial del Festival de Cannes y clausur\u00f3 la Secci\u00f3n \u00d3rbita en el Festival de Sitges.<\/p>\n<p>Completan el reparto grandes nombres del cine franc\u00e9s como Vincent Lacoste, Alain Chabat, Beno\u00eet Poelvoorde y Elodie Bouchez.<\/p>\n<p>Corazones rotos fue todo un fen\u00f3meno en Francia, donde ya ha ido vista por 4 millones de espectadores desde su estreno el 16 de octubre, convirti\u00e9ndose en la tercera pel\u00edcula francesa m\u00e1s vista del a\u00f1o. En Espa\u00f1a llegar\u00e1 a los cines de la mano de YouPlanet Pictures el 31 de enero de 2025.<\/p>\n<\/p><\/div>\n<p>        <!-- Bot&oacute;n de enlace --><br \/>\n        <a href=\"https:\/\/somosdecine.com\/peliculas\/corazones-rotos-2024\/\" style=\"display: inline-block; margin-top: 20px; color: #0073aa; text-decoration: none; font-weight: bold;\" target=\"_blank\" rel=\"noopener\">Ver ficha completa<\/a>\n    <\/div>\n<p>    <!-- Estilos para m&oacute;vil --><\/p>\n<div class=\"ficha-pelicula-completa\" style=\"margin-bottom: 40px;\">\n        <!-- T&iacute;tulo --><\/p>\n<h3 style=\"font-size: 1.2em; margin-bottom: 15px; color: #333;\"><span class=\"ez-toc-section\" id=\"A_different_man\"><\/span><span class=\"ez-toc-section\" id=\"A_different_man\"\/><br \/>\n            <a href=\"https:\/\/somosdecine.com\/peliculas\/a-different-man-2024\/\" style=\"text-decoration: none; color: #0073aa;\" target=\"_blank\" rel=\"noopener\"><br \/>\n                A different man            <\/a><br \/>\n        <span class=\"ez-toc-section-end\"\/><span class=\"ez-toc-section-end\"><\/span><\/h3>\n<p>        <!-- Imagen y detalles (Dise&ntilde;o flexible) --><\/p>\n<div class=\"ficha-contenedor\" style=\"display: flex; gap: 20px; align-items: flex-start; flex-wrap: wrap;\">\n<div class=\"ficha-imagen\" style=\"flex: 0 0 250px; max-width: 250px;\">\n                    <a href=\"https:\/\/somosdecine.com\/peliculas\/a-different-man-2024\/\" target=\"_blank\" rel=\"noopener\"><br \/>\n                        <img decoding=\"async\" alt=\"A different man\" style=\"width: 100%; height: auto; border-radius: 5px;\" src=\"https:\/\/somosdecine.com\/wp-content\/uploads\/a-different-man-2024.webp\"\/><img decoding=\"async\" src=\"https:\/\/somosdecine.com\/wp-content\/uploads\/a-different-man-2024.webp\" alt=\"A different man\" style=\"width: 100%; height: auto; border-radius: 5px;\"\/><br \/>\n                    <\/a>\n                <\/div>\n<div class=\"ficha-detalles\" style=\"flex: 1; min-width: 300px; text-align: left;\">\n<ul style=\"list-style: none; padding: 0; margin: 0;\">\n<li><strong>Fecha de estreno:<\/strong> 31 de enero de 2025<\/li>\n<li><strong>G\u00e9nero:<\/strong> Thriller, Drama<\/li>\n<li><strong>Pa\u00eds:<\/strong> Estados Unidos<\/li>\n<li><strong>A\u00f1o:<\/strong> 2024<\/li>\n<li><strong>Duraci\u00f3n:<\/strong> 112 min<\/li>\n<li><strong>Direcci\u00f3n:<\/strong> Aaron Schimberg<\/li>\n<li><strong>Reparto:<\/strong> Sebastian Stan, Renate Reinsve, Adam Pearson<\/li>\n<li><strong>M\u00fasica:<\/strong> Umberto Smerilli<\/li>\n<\/ul><\/div>\n<\/p><\/div>\n<p>        <!-- Descripci&oacute;n --><\/p>\n<div class=\"descripcion-pelicula\" style=\"margin-top: 20px; text-align: justify; font-size: 1em; line-height: 1.6;\">\n<p>Edward, un aspirante a actor sin \u00e9xito profesional ni amoroso, se somete a una operaci\u00f3n para cambiar su aspecto. El nuevo Edward es, a simple vista, un triunfador, pero el reencuentro con un antiguo amor plat\u00f3nico y la aparici\u00f3n de un misterioso desconocido comienzan a resquebrajar esa fachada.<\/p>\n<p><strong>Sobre la pel\u00edcula<\/strong><\/p>\n<p>Tras ganar el premio al Mejor Actor en Berl\u00edn, Sebastian Stan aparece nominado al Globo de Oro al Mejor Actor de Protagonista en una comedia o musical por su trabajo en A Different Man, la pel\u00edcula escrita y dirigida por Aaron Schimberg, una original s\u00e1tira alrededor de la identidad y la normalidad, con ecos de la obra de Charlie Kaufman.<\/p>\n<\/p><\/div>\n<p>        <!-- Bot&oacute;n de enlace --><br \/>\n        <a href=\"https:\/\/somosdecine.com\/peliculas\/a-different-man-2024\/\" style=\"display: inline-block; margin-top: 20px; color: #0073aa; text-decoration: none; font-weight: bold;\" target=\"_blank\" rel=\"noopener\">Ver ficha completa<\/a>\n    <\/div>\n<p>    <!-- Estilos para m&oacute;vil --><\/p>\n<div class=\"ficha-pelicula-completa\" style=\"margin-bottom: 40px;\">\n        <!-- T&iacute;tulo --><\/p>\n<h3 style=\"font-size: 1.2em; margin-bottom: 15px; color: #333;\"><span class=\"ez-toc-section\" id=\"Fin_de_fiesta\"><\/span><span class=\"ez-toc-section\" id=\"Fin_de_fiesta\"\/><br \/>\n            <a href=\"https:\/\/somosdecine.com\/peliculas\/fin-de-fiesta-2025\/\" style=\"text-decoration: none; color: #0073aa;\" target=\"_blank\" rel=\"noopener\"><br \/>\n                Fin de fiesta            <\/a><br \/>\n        <span class=\"ez-toc-section-end\"\/><span class=\"ez-toc-section-end\"><\/span><\/h3>\n<p>        <!-- Imagen y detalles (Dise&ntilde;o flexible) --><\/p>\n<div class=\"ficha-contenedor\" style=\"display: flex; gap: 20px; align-items: flex-start; flex-wrap: wrap;\">\n<div class=\"ficha-imagen\" style=\"flex: 0 0 250px; max-width: 250px;\">\n                    <a href=\"https:\/\/somosdecine.com\/peliculas\/fin-de-fiesta-2025\/\" target=\"_blank\" rel=\"noopener\"><br \/>\n                        <img decoding=\"async\" alt=\"Fin de fiesta\" style=\"width: 100%; height: auto; border-radius: 5px;\" src=\"https:\/\/somosdecine.com\/wp-content\/uploads\/fin-de-fiesta-2025.webp\"\/><img decoding=\"async\" src=\"https:\/\/somosdecine.com\/wp-content\/uploads\/fin-de-fiesta-2025.webp\" alt=\"Fin de fiesta\" style=\"width: 100%; height: auto; border-radius: 5px;\"\/><br \/>\n                    <\/a>\n                <\/div>\n<div class=\"ficha-detalles\" style=\"flex: 1; min-width: 300px; text-align: left;\">\n<ul style=\"list-style: none; padding: 0; margin: 0;\">\n<li><strong>Fecha de estreno:<\/strong> 31 de enero de 2025<\/li>\n<li><strong>G\u00e9nero:<\/strong> Comedia, Drama<\/li>\n<li><strong>Pa\u00eds:<\/strong> Espa\u00f1a<\/li>\n<li><strong>A\u00f1o:<\/strong> 2025<\/li>\n<li><strong>Direcci\u00f3n:<\/strong> Elena Manrique<\/li>\n<li><strong>Reparto:<\/strong> Edit Mart\u00ednez-Val, Sonia Barba, Beatriz Arjona<\/li>\n<\/ul><\/div>\n<\/p><\/div>\n<p>        <!-- Descripci&oacute;n --><\/p>\n<div class=\"descripcion-pelicula\" style=\"margin-top: 20px; text-align: justify; font-size: 1em; line-height: 1.6;\">\n<p>En Fin de fiesta, un emigrante africano se esconde en el cobertizo de una casa se\u00f1orial andaluza. Desde ah\u00ed contempla la vida cotidiana y la din\u00e1mica entre la se\u00f1ora de la casa, una mujer exc\u00e9ntrica y caprichosa, y su joven asistenta. Un d\u00eda es descubierto por la se\u00f1ora, y un tiempo despu\u00e9s por la criada, pero ambas se lo ocultan a la otra, hasta que un imprevisto destapa el secreto.<\/p>\n<p><strong>Sobre la pel\u00edcula<\/strong><\/p>\n<p>La pel\u00edcula est\u00e1 protagonizada por las debutantes Edit Mart\u00ednez-Val y Sonia Barba, junto con Beatriz Arjona (Solos en la noche, los a\u00f1os nuevos). Las interpretaciones de las actrices han sido reconocidas por la cr\u00edtica en los festivales en los que han participado.<\/p>\n<p>En Fin de fiesta, Manrique nos presenta una tragicomedia protagonizada por tres personajes que confluyen en una misma casa: un inmigrante ilegal reci\u00e9n llegado, una empleada del hogar y una \u00abse\u00f1ora\u00bb poco convencional que sobrevive en una gran casa gracias a los privilegios heredados.<\/p>\n<p>Tras una larga trayectoria dedicada a la producci\u00f3n de importantes t\u00edtulos como (Celda 211, El Orfanato, Kiki, el amor se hace o El Laberinto del Fauno), Elena Manrique debuta como directora en un largometraje de ficci\u00f3n para mostrar en clave de comedia temas tan actuales como la visi\u00f3n del otro, la solidaridad, las clases sociales y sobre todo las relaciones de poder en el mundo del siglo XXI.<\/p>\n<p>Para su directora, Elena Manrique: \u2018<em>Nuestra historia plantea una reflexi\u00f3n sobre la supervivencia, y c\u00f3mo el empe\u00f1o personal y la suerte \u2014s\u00ed, siempre aparece la suerte o la falta de ella\u2014 pueden ayudarnos a trascender un destino implacable<\/em>\u2018.<\/p>\n<\/p><\/div>\n<p>        <!-- Bot&oacute;n de enlace --><br \/>\n        <a href=\"https:\/\/somosdecine.com\/peliculas\/fin-de-fiesta-2025\/\" style=\"display: inline-block; margin-top: 20px; color: #0073aa; text-decoration: none; font-weight: bold;\" target=\"_blank\" rel=\"noopener\">Ver ficha completa<\/a>\n    <\/div>\n<p>    <!-- Estilos para m&oacute;vil --><\/p>\n<div class=\"ficha-pelicula-completa\" style=\"margin-bottom: 40px;\">\n        <!-- T&iacute;tulo --><\/p>\n<h3 style=\"font-size: 1.2em; margin-bottom: 15px; color: #333;\"><span class=\"ez-toc-section\" id=\"No_hay_amor_perdido\"><\/span><span class=\"ez-toc-section\" id=\"No_hay_amor_perdido\"\/><br \/>\n            <a href=\"https:\/\/somosdecine.com\/peliculas\/no-hay-amor-perdido-2023\/\" style=\"text-decoration: none; color: #0073aa;\" target=\"_blank\" rel=\"noopener\"><br \/>\n                No hay amor perdido            <\/a><br \/>\n        <span class=\"ez-toc-section-end\"\/><span class=\"ez-toc-section-end\"><\/span><\/h3>\n<p>        <!-- Imagen y detalles (Dise&ntilde;o flexible) --><\/p>\n<div class=\"ficha-contenedor\" style=\"display: flex; gap: 20px; align-items: flex-start; flex-wrap: wrap;\">\n<div class=\"ficha-imagen\" style=\"flex: 0 0 250px; max-width: 250px;\">\n                    <a href=\"https:\/\/somosdecine.com\/peliculas\/no-hay-amor-perdido-2023\/\" target=\"_blank\" rel=\"noopener\"><br \/>\n                        <img decoding=\"async\" alt=\"No hay amor perdido\" style=\"width: 100%; height: auto; border-radius: 5px;\" src=\"https:\/\/somosdecine.com\/wp-content\/uploads\/no-hay-amor-perdido-2025.webp\"\/><img decoding=\"async\" src=\"https:\/\/somosdecine.com\/wp-content\/uploads\/no-hay-amor-perdido-2025.webp\" alt=\"No hay amor perdido\" style=\"width: 100%; height: auto; border-radius: 5px;\"\/><br \/>\n                    <\/a>\n                <\/div>\n<div class=\"ficha-detalles\" style=\"flex: 1; min-width: 300px; text-align: left;\">\n<ul style=\"list-style: none; padding: 0; margin: 0;\">\n<li><strong>Fecha de estreno:<\/strong> 7 de febrero de 2025<\/li>\n<li><strong>G\u00e9nero:<\/strong> Drama, Romance<\/li>\n<li><strong>Pa\u00eds:<\/strong> France<\/li>\n<li><strong>A\u00f1o:<\/strong> 2023<\/li>\n<li><strong>Duraci\u00f3n:<\/strong> 91 min<\/li>\n<li><strong>Direcci\u00f3n:<\/strong> Erwan Le Duc<\/li>\n<li><strong>Reparto:<\/strong> Nahuel P\u00e9rez Biscayart, C\u00e9leste Brunnquell, Maud Wyler, Camille Rutherford<\/li>\n<\/ul><\/div>\n<\/p><\/div>\n<p>        <!-- Descripci&oacute;n --><\/p>\n<div class=\"descripcion-pelicula\" style=\"margin-top: 20px; text-align: justify; font-size: 1em; line-height: 1.6;\">\n<p>En No hay amor perdido, \u00c9tienne tiene apenas veinte a\u00f1os cuando se enamora de Val\u00e9rie. Apenas un poco m\u00e1s tarde, nace su hija Rosa. Y luego, un d\u00eda, Val\u00e9rie se va y nunca regresa. \u00c9l decide no hacer un drama de ello y construye una vida feliz para \u00e9l y su hija. Diecis\u00e9is a\u00f1os despu\u00e9s, cuando Rosa est\u00e1 a punto de comenzar su propia vida, \u00c9tienne reconoce a su esposa en un reportaje de televisi\u00f3n. El pasado resurge de forma brutal, y padre e hija se ven arrastrados a un \u00faltimo ca\u00f3tico viaje familiar.<\/p>\n<p><strong>Sobre la pel\u00edcula<\/strong><\/p>\n<p>Seleccionada como pel\u00edcula de clausura de la 62\u00aa edici\u00f3n de la Semana de la Cr\u00edtica de Cannes y nominada al Premio C\u00e9sar a Mejor actriz revelaci\u00f3n para C\u00e9leste Brunnquell, se trata de un emotivo drama social y sentimental con tintes de comedia sobre la relaci\u00f3n de un padre y una hija en plena encrucijada tras el abandono de la infancia y del nido familiar por parte de la joven.<\/p>\n<p>La pel\u00edcula est\u00e1 protagonizada por Nahuel P\u00e9rez Biscayart (120 pulsaciones por minuto, Un a\u00f1o, una noche o El Jockey), C\u00e9leste Brunnquell (Un verano con Fif\u00ed), y los acompa\u00f1an en el reparto Maud Wyler (Tiempo compartido) y Camille Rutherford (Anatom\u00eda de una ca\u00edda).<\/p>\n<\/p><\/div>\n<p>        <!-- Bot&oacute;n de enlace --><br \/>\n        <a href=\"https:\/\/somosdecine.com\/peliculas\/no-hay-amor-perdido-2023\/\" style=\"display: inline-block; margin-top: 20px; color: #0073aa; text-decoration: none; font-weight: bold;\" target=\"_blank\" rel=\"noopener\">Ver ficha completa<\/a>\n    <\/div>\n<p>    <!-- Estilos para m&oacute;vil --><\/p>\n<div class=\"ficha-pelicula-completa\" style=\"margin-bottom: 40px;\">\n        <!-- T&iacute;tulo --><\/p>\n<h3 style=\"font-size: 1.2em; margin-bottom: 15px; color: #333;\"><span class=\"ez-toc-section\" id=\"Tierra_baja\"><\/span><span class=\"ez-toc-section\" id=\"Tierra_baja\"\/><br \/>\n            <a href=\"https:\/\/somosdecine.com\/peliculas\/tierra-baja-2025\/\" style=\"text-decoration: none; color: #0073aa;\" target=\"_blank\" rel=\"noopener\"><br \/>\n                Tierra baja            <\/a><br \/>\n        <span class=\"ez-toc-section-end\"\/><span class=\"ez-toc-section-end\"><\/span><\/h3>\n<p>        <!-- Imagen y detalles (Dise&ntilde;o flexible) --><\/p>\n<div class=\"ficha-contenedor\" style=\"display: flex; gap: 20px; align-items: flex-start; flex-wrap: wrap;\">\n<div class=\"ficha-imagen\" style=\"flex: 0 0 250px; max-width: 250px;\">\n                    <a href=\"https:\/\/somosdecine.com\/peliculas\/tierra-baja-2025\/\" target=\"_blank\" rel=\"noopener\"><br \/>\n                        <img decoding=\"async\" alt=\"Tierra baja\" style=\"width: 100%; height: auto; border-radius: 5px;\" src=\"https:\/\/somosdecine.com\/wp-content\/uploads\/tierra-baja-2025.webp\"\/><img decoding=\"async\" src=\"https:\/\/somosdecine.com\/wp-content\/uploads\/tierra-baja-2025.webp\" alt=\"Tierra baja\" style=\"width: 100%; height: auto; border-radius: 5px;\"\/><br \/>\n                    <\/a>\n                <\/div>\n<div class=\"ficha-detalles\" style=\"flex: 1; min-width: 300px; text-align: left;\">\n<ul style=\"list-style: none; padding: 0; margin: 0;\">\n<li><strong>Fecha de estreno:<\/strong> 31 de enero de 2025<\/li>\n<li><strong>G\u00e9nero:<\/strong> Drama<\/li>\n<li><strong>Pa\u00eds:<\/strong> Espa\u00f1a<\/li>\n<li><strong>A\u00f1o:<\/strong> 2025<\/li>\n<li><strong>Direcci\u00f3n:<\/strong> Miguel Santesmases<\/li>\n<li><strong>Reparto:<\/strong> Aitana S\u00e1nchez-Gij\u00f3n, Pere Arquillu\u00e9, Itziar Miranda<\/li>\n<li><strong>M\u00fasica:<\/strong> Alejandro Rom\u00e1n<\/li>\n<\/ul><\/div>\n<\/p><\/div>\n<p>        <!-- Descripci&oacute;n --><\/p>\n<div class=\"descripcion-pelicula\" style=\"margin-top: 20px; text-align: justify; font-size: 1em; line-height: 1.6;\">\n<p>En <em>Tierra baja<\/em>, Carmen, una conocida guionista, se ha retirado hace un a\u00f1o a una mas\u00eda solitaria de un pueblo de Teruel. All\u00ed se esfuerza por aumentar la cosecha de aceitunas en la finca heredada de su abuela, con la ayuda de dos amigas que la admiran y de Dami\u00e1n, un manitas que se siente atra\u00eddo por ella. Un antiguo amor reaparece en su vida para decirle que nunca la olvid\u00f3.<\/p>\n<p><strong>Sobre la pel\u00edcula<\/strong><\/p>\n<p>Dirigida por Miguel Santesmases y coescrita junto a \u00c1ngeles Gonz\u00e1lez-Sinde (\u2018El comensal\u2019, \u2018La buena estrella\u2019), \u2018<em>Tierra baja<\/em>\u2018 est\u00e1 protagonizada por Aitana S\u00e1nchez-Gij\u00f3n y Pere Arquillu\u00e9 (\u2018Bu\u00f1uel y la mesa del rey Salom\u00f3n\u2019, \u2018Princesas\u2019), con la colaboraci\u00f3n especial de Itziar Miranda (\u2018Amar en tiempos revueltos\u2019, \u2018Amar es para siempre\u2019).<\/p>\n<p>La pel\u00edcula cuenta con Alberto Pareja (\u2018Os reviento\u2019, \u2018Indestructible. El alma de la salsa\u2019) como director de Fotograf\u00eda. German Roda (\u2018El encamado\u2019) y Miguel Santesmases son los montadores. \u00c1lvaro Silva (\u2018Volver\u00e9is\u2019, \u2018El inconveniente\u2019) y Steve Miller (\u2018<a href=\"https:\/\/somosdecine.com\/peliculas\/segundo-premio-2024\/\" target=\"_blank\" rel=\"noopener\">Segundo premio<\/a>\u2018, \u2018Dying to survive\u2019) son los responsables del sonido y Alejandro Rom\u00e1n (\u2018La pasajera\u2019, \u2018El perfecto desconocido\u2019) de la banda sonora. Mauro Maroto (\u2018Esta ambici\u00f3n desmedida\u2019, \u2018La consagraci\u00f3n de la primavera\u2019) es el colorista. Luis Sorando (\u2018<a href=\"https:\/\/somosdecine.com\/peliculas\/la-estrella-azul-2024\/\" target=\"_blank\" rel=\"noopener\">La estrella azul<\/a>\u2018, \u2018Nuestros amantes\u2019) firma la direcci\u00f3n de arte. Ana Sanagust\u00edn (\u2018El \u00faltimo show\u2019) se ocupa del vestuario y Ana Bruned (\u2018La abadesa\u2019, \u2018La novia\u2019) del maquillaje y peluquer\u00eda. Patricia Arasa (\u2018La fuga\u2019, \u2018La estrella azul\u2019) es la ayudante de direcci\u00f3n. Xavier Atance (\u2018Las dos noches de ayer\u2019, \u2018Los condenados\u2019) es el productor asociado. Aurora Lago (\u2018Refugios\u2019) se encarga de la direcci\u00f3n de producci\u00f3n. Diego Rodr\u00edguez (\u2018La estrella azul\u2019, \u2018Baby\u2019) y Miguel Santesmases son los productores. Miguel Santesmases y Mar\u00eda de Juan (\u2018Madrid, above the Moon\u2019) son los productores ejecutivos.<\/p>\n<p>El director Miguel Santasmases defiende que \u00ab<strong><em>todos los personajes secundarios han sido interpretados por actrices y actores aragoneses. Nuestra idea era contar con actores no profesionales del Bajo Arag\u00f3n, para que traigan con ellos sus maneras de hablar y su acento de la zona<\/em><\/strong>\u00ab.<\/p>\n<p>Aitana S\u00e1nchez-Gij\u00f3n explica que \u00ab<strong><em>la trama trascurre en una mas\u00eda, en esa Tierra Baja, que es un espect\u00e1culo, una belleza de lugar. Se produjo un ambiente de intimidad como yo nunca hab\u00eda vivido antes en un rodaje. Y, adem\u00e1s, disfrut\u00e9 por la propia historia, una historia po\u00e9tica, sutil, muy \u00edntima, a lo largo del viaje interior de una mujer<\/em><\/strong>\u00ab.<\/p>\n<\/p><\/div>\n<p>        <!-- Bot&oacute;n de enlace --><br \/>\n        <a href=\"https:\/\/somosdecine.com\/peliculas\/tierra-baja-2025\/\" style=\"display: inline-block; margin-top: 20px; color: #0073aa; text-decoration: none; font-weight: bold;\" target=\"_blank\" rel=\"noopener\">Ver ficha completa<\/a>\n    <\/div>\n<p>    <!-- Estilos para m&oacute;vil --><\/p>\n<div class=\"ficha-pelicula-completa\" style=\"margin-bottom: 40px;\">\n        <!-- T&iacute;tulo --><\/p>\n<h3 style=\"font-size: 1.2em; margin-bottom: 15px; color: #333;\"><span class=\"ez-toc-section\" id=\"Zorro_y_Liebre_Salvan_el_Bosque\"><\/span><span class=\"ez-toc-section\" id=\"Zorro_y_Liebre_Salvan_el_Bosque\"\/><br \/>\n            <a href=\"https:\/\/somosdecine.com\/peliculas\/zorro-y-liebre-salvan-el-bosque-2025\/\" style=\"text-decoration: none; color: #0073aa;\" target=\"_blank\" rel=\"noopener\"><br \/>\n                Zorro y Liebre Salvan el Bosque            <\/a><br \/>\n        <span class=\"ez-toc-section-end\"\/><span class=\"ez-toc-section-end\"><\/span><\/h3>\n<p>        <!-- Imagen y detalles (Dise&ntilde;o flexible) --><\/p>\n<div class=\"ficha-contenedor\" style=\"display: flex; gap: 20px; align-items: flex-start; flex-wrap: wrap;\">\n<div class=\"ficha-imagen\" style=\"flex: 0 0 250px; max-width: 250px;\">\n                    <a href=\"https:\/\/somosdecine.com\/peliculas\/zorro-y-liebre-salvan-el-bosque-2025\/\" target=\"_blank\" rel=\"noopener\"><br \/>\n                        <img decoding=\"async\" alt=\"Zorro y Liebre Salvan el Bosque\" style=\"width: 100%; height: auto; border-radius: 5px;\" src=\"https:\/\/somosdecine.com\/wp-content\/uploads\/zorro-y-liebre-salvan-el-bosque-2025.webp\"\/><img decoding=\"async\" src=\"https:\/\/somosdecine.com\/wp-content\/uploads\/zorro-y-liebre-salvan-el-bosque-2025.webp\" alt=\"Zorro y Liebre Salvan el Bosque\" style=\"width: 100%; height: auto; border-radius: 5px;\"\/><br \/>\n                    <\/a>\n                <\/div>\n<div class=\"ficha-detalles\" style=\"flex: 1; min-width: 300px; text-align: left;\">\n<ul style=\"list-style: none; padding: 0; margin: 0;\">\n<li><strong>Fecha de estreno:<\/strong> 31 de enero de 2025<\/li>\n<li><strong>G\u00e9nero:<\/strong> Animaci\u00f3n, Aventura, Infantil<\/li>\n<li><strong>Pa\u00eds:<\/strong> Pa\u00edses Bajos<\/li>\n<li><strong>A\u00f1o:<\/strong> 2025<\/li>\n<li><strong>Direcci\u00f3n:<\/strong> Mascha Halberstad<\/li>\n<\/ul><\/div>\n<\/p><\/div>\n<p>        <!-- Descripci&oacute;n --><\/p>\n<div class=\"descripcion-pelicula\" style=\"margin-top: 20px; text-align: justify; font-size: 1em; line-height: 1.6;\">\n<p style=\"text-align: left\">En un claro del bosque, el vanidoso Castor inaugura su obra maestra: una presa gigante. Bloquea el curso de un riachuelo haciendo que el nivel del agua suba e inunde el bosque. El d\u00eda despu\u00e9s de una fiesta, Zorro y Liebre se dan cuenta que B\u00faho ha desaparecido. En la investigaci\u00f3n descubren un lago que no conoc\u00edan. \u00bfDe d\u00f3nde ha salido tanta agua? \u00bfC\u00f3mo lo har\u00e1n para encontrar a B\u00faho, si el nivel del agua no deja de subir?<\/p>\n<p style=\"text-align: left\">Zorro y Liebre est\u00e1n decididos a descubrirlo. Su misi\u00f3n es encontrar a B\u00faho y salvar los hogares de sus amigos, pero en el camino, su amistad se pondr\u00e1 a prueba. As\u00ed comienza una emocionante aventura llena de sorpresas y diversi\u00f3n.<\/p>\n<p style=\"text-align: left\">Zorro y Liebre salvan el bosque est\u00e1 basada en el libro hom\u00f3nimo Vos en Haas en de bosbaask escrito por Sylvia Vanden Heede e ilustrado por Th\u00e9 Tjong-Khing. Publicado por la editorial Lannoo en B\u00e9lgica, forma parte de una serie literaria infantil.<\/p>\n<p><strong>Sobre la pel\u00edcula<\/strong><\/p>\n<p style=\"text-align: left\">Zorro, Liebre y la pandilla del bosque tambi\u00e9n protagonizaron una serie de televisi\u00f3n estrenada en 2019, codirigida por Mascha Halberstad y Tom van Gestel. La serie fue un \u00e9xito internacional, y sus derechos fueron vendidos a 20 territorios.<\/p>\n<p style=\"text-align: left\">Mascha Halberstad es una cineasta e ilustradora neerlandesa. En 2017 dirigi\u00f3 The great hummimummi Christmas special y la serie de animaci\u00f3n Zorro y Liebre, en 2019, que gan\u00f3 el premio del p\u00fablico en el festival Cinekid 2019 y el premio Ensor a la Mejor Animaci\u00f3n el a\u00f1o 2020. La adaptaci\u00f3n de la serie Zorro y Liebre al cine es su segundo largometraje.<\/p>\n<p style=\"text-align: left\">Sobre la t\u00e9cnica de animaci\u00f3n en 3D empleada en la pel\u00edcula, la directora declara: \u00abEl 3D deja m\u00e1s espacio para crear. Como vengo del mundo del stopmotion, quer\u00eda que tuviera una est\u00e9tica similar. Hicimos figuras de arcilla de los personajes y las escaneamos en 3D. Por eso recuerdan un poco al stopmotion, y eso es exactamente lo que quer\u00eda lograr.\u00bb<\/p>\n<\/p><\/div>\n<p>        <!-- Bot&oacute;n de enlace --><br \/>\n        <a href=\"https:\/\/somosdecine.com\/peliculas\/zorro-y-liebre-salvan-el-bosque-2025\/\" style=\"display: inline-block; margin-top: 20px; color: #0073aa; text-decoration: none; font-weight: bold;\" target=\"_blank\" rel=\"noopener\">Ver ficha completa<\/a>\n    <\/div>\n<p>    <!-- Estilos para m&oacute;vil --><\/p>\n<h2 class=\"wp-block-heading\"><span class=\"ez-toc-section\" id=\"Peliculas_de_estreno_del_31_de_enero_de_2025_en_plataformas\"><\/span><span class=\"ez-toc-section\" id=\"Peliculas_de_estreno_del_31_de_enero_de_2025_en_plataformas\"\/>Pel\u00edculas de estreno del 31 de enero de 2025 en plataformas<span class=\"ez-toc-section-end\"\/><span class=\"ez-toc-section-end\"><\/span><\/h2>\n<p>Ahora llega el momento de hablar de las <strong>pel\u00edculas de estreno del 31 de enero de 2025<\/strong> en plataformas con algunas propuestas muy interesantes.<\/p>\n<div class=\"ficha-pelicula-completa\" style=\"margin-bottom: 40px;\">\n        <!-- T&iacute;tulo --><\/p>\n<h4 style=\"font-size: 1.2em; margin-bottom: 15px; color: #333;\"><span class=\"ez-toc-section\" id=\"La_sustancia\"><\/span><span class=\"ez-toc-section\" id=\"La_sustancia\"\/><br \/>\n            <a href=\"https:\/\/somosdecine.com\/peliculas\/la-sustancia-2024\/\" style=\"text-decoration: none; color: #0073aa;\" target=\"_blank\" rel=\"noopener\"><br \/>\n                La sustancia            <\/a><br \/>\n        <span class=\"ez-toc-section-end\"\/><span class=\"ez-toc-section-end\"><\/span><\/h4>\n<p>        <!-- Imagen y detalles (Dise&ntilde;o flexible) --><\/p>\n<div class=\"ficha-contenedor\" style=\"display: flex; gap: 20px; align-items: flex-start; flex-wrap: wrap;\">\n<div class=\"ficha-imagen\" style=\"flex: 0 0 250px; max-width: 250px;\">\n                    <a href=\"https:\/\/somosdecine.com\/peliculas\/la-sustancia-2024\/\" target=\"_blank\" rel=\"noopener\"><br \/>\n                        <img decoding=\"async\" alt=\"La sustancia\" style=\"width: 100%; height: auto; border-radius: 5px;\" src=\"https:\/\/somosdecine.com\/wp-content\/uploads\/la-sustancia-2024.webp\"\/><img decoding=\"async\" src=\"https:\/\/somosdecine.com\/wp-content\/uploads\/la-sustancia-2024.webp\" alt=\"La sustancia\" style=\"width: 100%; height: auto; border-radius: 5px;\"\/><br \/>\n                    <\/a>\n                <\/div>\n<div class=\"ficha-detalles\" style=\"flex: 1; min-width: 300px; text-align: left;\">\n<ul style=\"list-style: none; padding: 0; margin: 0;\">\n<li><strong>Fecha de estreno:<\/strong> 31 de enero de 2025 en Filmin y Movistar plus+<\/li>\n<li><strong>G\u00e9nero:<\/strong> Terror, Body Horror<\/li>\n<li><strong>Pa\u00eds:<\/strong> Estados Unidos, Francia, Reino Unido<\/li>\n<li><strong>A\u00f1o:<\/strong> 2024<\/li>\n<li><strong>Duraci\u00f3n:<\/strong> 141 min<\/li>\n<li><strong>Direcci\u00f3n:<\/strong> Coralie Fargeat<\/li>\n<li><strong>Reparto:<\/strong> Demi Moore, Margaret Qualley, Dennis Quaid, Gore Abrams<\/li>\n<li><strong>M\u00fasica:<\/strong> Raffertie<\/li>\n<\/ul><\/div>\n<\/p><\/div>\n<p>        <!-- Descripci&oacute;n --><\/p>\n<div class=\"descripcion-pelicula\" style=\"margin-top: 20px; text-align: justify; font-size: 1em; line-height: 1.6;\">\n<p>\u00bfAlguna vez has so\u00f1ado con una mejor versi\u00f3n de ti misma? T\u00fa. Solo que mejor en todos los sentidos. Tienes que probar este nuevo producto. Se llama <em>La Sustancia<\/em>. Genera otra t\u00fa. Una nueva t\u00fa, m\u00e1s joven, m\u00e1s bella, m\u00e1s perfecta. Y solo hay una regla: compartes el tiempo. Una semana para ti. Una semana para la nueva t\u00fa. Siete d\u00edas cada una. Un equilibrio perfecto. F\u00e1cil. \u00bfVerdad? Si respetas el equilibrio\u2026 \u00bfQu\u00e9 podr\u00eda salir mal?<\/p>\n<\/p><\/div>\n<p>        <!-- Bot&oacute;n de enlace --><br \/>\n        <a href=\"https:\/\/somosdecine.com\/peliculas\/la-sustancia-2024\/\" style=\"display: inline-block; margin-top: 20px; color: #0073aa; text-decoration: none; font-weight: bold;\" target=\"_blank\" rel=\"noopener\">Ver ficha completa<\/a>\n    <\/div>\n<p>    <!-- Estilos para m&oacute;vil --><\/p>\n<div class=\"ficha-pelicula-completa\" style=\"margin-bottom: 40px;\">\n        <!-- T&iacute;tulo --><\/p>\n<h4 style=\"font-size: 1.2em; margin-bottom: 15px; color: #333;\"><span class=\"ez-toc-section\" id=\"Robot_Salvaje\"><\/span><span class=\"ez-toc-section\" id=\"Robot_Salvaje\"\/><br \/>\n            <a href=\"https:\/\/somosdecine.com\/peliculas\/robot-salvaje-2024\/\" style=\"text-decoration: none; color: #0073aa;\" target=\"_blank\" rel=\"noopener\"><br \/>\n                Robot Salvaje            <\/a><br \/>\n        <span class=\"ez-toc-section-end\"\/><span class=\"ez-toc-section-end\"><\/span><\/h4>\n<p>        <!-- Imagen y detalles (Dise&ntilde;o flexible) --><\/p>\n<div class=\"ficha-contenedor\" style=\"display: flex; gap: 20px; align-items: flex-start; flex-wrap: wrap;\">\n<div class=\"ficha-imagen\" style=\"flex: 0 0 250px; max-width: 250px;\">\n                    <a href=\"https:\/\/somosdecine.com\/peliculas\/robot-salvaje-2024\/\" target=\"_blank\" rel=\"noopener\"><br \/>\n                        <img decoding=\"async\" alt=\"Robot Salvaje\" style=\"width: 100%; height: auto; border-radius: 5px;\" src=\"https:\/\/somosdecine.com\/wp-content\/uploads\/robot-salvaje-2024.webp\"\/><img decoding=\"async\" src=\"https:\/\/somosdecine.com\/wp-content\/uploads\/robot-salvaje-2024.webp\" alt=\"Robot Salvaje\" style=\"width: 100%; height: auto; border-radius: 5px;\"\/><br \/>\n                    <\/a>\n                <\/div>\n<div class=\"ficha-detalles\" style=\"flex: 1; min-width: 300px; text-align: left;\">\n<ul style=\"list-style: none; padding: 0; margin: 0;\">\n<li><strong>Fecha de estreno:<\/strong> 31 de enero de 2025 en Prime Video | Para comprar<\/li>\n<li><strong>G\u00e9nero:<\/strong> Animaci\u00f3n, Ciencia ficci\u00f3n, Aventuras, Infantil<\/li>\n<li><strong>Pa\u00eds:<\/strong> Estados Unidos<\/li>\n<li><strong>A\u00f1o:<\/strong> 2024<\/li>\n<li><strong>Duraci\u00f3n:<\/strong> 102 min<\/li>\n<li><strong>Direcci\u00f3n:<\/strong> Chris Sanders<\/li>\n<li><strong>Reparto:<\/strong> Lupita Nyong&#8217;o, Pedro Pascal, Kit Connor, Bill Nighy<\/li>\n<\/ul><\/div>\n<\/p><\/div>\n<p>        <!-- Descripci&oacute;n --><\/p>\n<div class=\"descripcion-pelicula\" style=\"margin-top: 20px; text-align: justify; font-size: 1em; line-height: 1.6;\">\n<p>Robot Salvaje es una nueva adaptaci\u00f3n de un \u00e9xito literario de la mano de Dreamworks Animation, que en esta ocasi\u00f3n lleva a la gran pantalla la aclamada obra del escritor Peter Brown, ganadora de m\u00faltiples premios y n\u00famero 1 de la lista de best sellers de The New York Times.<\/p>\n<p>Esta \u00e9pica aventura nos descubre el viaje de una robot (la unidad ROZZUM 7134 o \u00abRoz\u00bb) que ha naufragado en una isla deshabitada y deber\u00e1 aprender a adaptarse al duro entorno, forjando poco a poco relaciones con la fauna local y convirti\u00e9ndose en madre adoptiva de una cr\u00eda de ganso hu\u00e9rfana.<\/p>\n<p>Robot Salvaje es una poderosa historia sobre el descubrimiento de uno mismo, un apasionante an\u00e1lisis de la uni\u00f3n entre tecnolog\u00eda y naturaleza, y una conmovedora exploraci\u00f3n de lo que significa estar vivo y conectado con todos los seres. Est\u00e1 escrita y dirigida por Chris Sanders, nominado en tres ocasiones a los Oscar\u00ae y director y guionista de las pel\u00edculas de DreamWorks Animation C\u00f3mo entrenar a tu drag\u00f3n y Los Croods. Una aventura prehist\u00f3rica, as\u00ed como de Lilo &amp; Stitch, de Disney. La producci\u00f3n corre a cargo de Jeff Hermann (tambi\u00e9n productor de la pel\u00edcula de DreamWorks Animation El beb\u00e9 jefazo: Negocios de familia y coproductor de la saga Kung Fu Panda).<\/p>\n<p>Robot salvaje, de Peter Brown, una novela ilustrada juvenil publicada por primera vez en 2016, se convirti\u00f3 en todo un fen\u00f3meno, ascendiendo r\u00e1pidamente al n\u00famero 1 de la lista de best sellers de The New York Times. Desde entonces, el libro ha inspirado una trilog\u00eda que ya incluye El escape de la robot salvaje y The Wild Robot Protects. La saga Robot salvaje y sus otros best sellers le han valido a Brown una distinci\u00f3n Caldecott Honor, un premio Horn Book, dos premios E.B. White, dos distinciones E.B. White, un premio Children\u2019s Choice al Mejor Ilustrador del A\u00f1o, dos distinciones Irma Black, un premio Golden Kite y un premio The New York Times al Mejor Libro Ilustrado.<\/p>\n<\/p><\/div>\n<p>        <!-- Bot&oacute;n de enlace --><br \/>\n        <a href=\"https:\/\/somosdecine.com\/peliculas\/robot-salvaje-2024\/\" style=\"display: inline-block; margin-top: 20px; color: #0073aa; text-decoration: none; font-weight: bold;\" target=\"_blank\" rel=\"noopener\">Ver ficha completa<\/a>\n    <\/div>\n<p>    <!-- Estilos para m&oacute;vil --><\/p>\n<h4 class=\"wp-block-heading\"><span class=\"ez-toc-section\" id=\"Los_dos_hemisferios_de_Lucca_31_de_enero_en_Netflix\"><\/span><span class=\"ez-toc-section\" id=\"Los_dos_hemisferios_de_Lucca_31_de_enero_en_Netflix\"\/>Los dos hemisferios de Lucca: 31 de enero en Netflix<span class=\"ez-toc-section-end\"\/><span class=\"ez-toc-section-end\"><\/span><\/h4>\n<p>B\u00e1rbara est\u00e1 decidida a ayudar a su hijo Lucca, que tiene par\u00e1lisis cerebral. Para ello, viaja a la India con toda su familia en busca de un tratamiento experimental. Basada en el libro \u2018Los dos hemisferios de Lucca\u2019.<\/p>\n<h4 class=\"wp-block-heading\"><span class=\"ez-toc-section\" id=\"Adios_salvajes_31_de_enero_de_2025_en_Filmin\"><\/span><span class=\"ez-toc-section\" id=\"Adios_salvajes_31_de_enero_de_2025_en_Filmin\"\/>Adi\u00f3s, salvajes: 31 de enero de 2025 en Filmin<span class=\"ez-toc-section-end\"\/><span class=\"ez-toc-section-end\"><\/span><\/h4>\n<p>En los p\u00e1ramos noruegos, una familia busca una existencia libre y salvaje, pero un tr\u00e1gico giro de los acontecimientos rompe su aislamiento y les obliga a adaptarse a las exigencias de la sociedad contempor\u00e1nea.<\/p>\n<p>Un \u201cCaptain Fantastic\u00bb en la vida real. Esta es la incre\u00edble historia de una familia noruega que, tras a\u00f1os educando a sus hijos en la naturaleza, se ve obligada a cambiar su estilo de vida a ra\u00edz de un tr\u00e1gico suceso. Un retrato \u00edntimo y conmovedor del amor, la vida y la madurez.<\/p>\n<h4 class=\"wp-block-heading\"><span class=\"ez-toc-section\" id=\"Sebastian_31_de_enero_de_2025_en_Filmin\"><\/span><span class=\"ez-toc-section\" id=\"Sebastian_31_de_enero_de_2025_en_Filmin\"\/>Sebastian: 31 de enero de 2025 en Filmin<span class=\"ez-toc-section-end\"\/><span class=\"ez-toc-section-end\"><\/span><\/h4>\n<p>Max, un aspirante a escritor de 25 a\u00f1os que vive en Londres, comienza una doble vida como trabajador sexual para investigar sobre su primera novela.<\/p>\n<p>Un diamante en bruto que nos llega directo desde el Festival de Sundance. Como si del reverso de \u00abShame\u00bb se tratara, este drama queer narra el oscuro viaje de un joven escritor que se sumerge en el mundo de los escorts masculinos para inspirarse en su nueva novela.<\/p>\n<h2 class=\"wp-block-heading\"><span class=\"ez-toc-section\" id=\"Series_de_estreno_del_31_de_enero_de_2025_en_plataformas\"><\/span><span class=\"ez-toc-section\" id=\"Series_de_estreno_del_31_de_enero_de_2025_en_plataformas\"\/>Series de estreno del 31 de enero de 2025 en plataformas<span class=\"ez-toc-section-end\"\/><span class=\"ez-toc-section-end\"><\/span><\/h2>\n<p>Terminamos haciendo un repaso a <strong>las series de estreno del 31 de enero de 2025<\/strong> en plataformas de streaming.<\/p>\n<h4 class=\"wp-block-heading\"><span class=\"ez-toc-section\" id=\"La_chica_de_la_nieve_temporada_2_31_de_enero_de_2025_en_Netflix\"><\/span><span class=\"ez-toc-section\" id=\"La_chica_de_la_nieve_temporada_2_31_de_enero_de_2025_en_Netflix\"\/>La chica de la nieve, temporada 2: 31 de enero de 2025 en Netflix<span class=\"ez-toc-section-end\"\/><span class=\"ez-toc-section-end\"><\/span><\/h4>\n<p>En un sobre que contiene una fotograf\u00eda de una joven amordazada hay escrita una pregunta: \u00ab\u00bfQUIERES JUGAR?\u00bb. As\u00ed comienza \u00abEl juego del alma\u00bb, el macabro rompecabezas en el que la periodista Miren Rojo (Milena Smit) pondr\u00e1 su vida en riesgo y su cordura a prueba. Despu\u00e9s de lo ocurrido en la primera temporada de \u2018La chica de nieve\u2019, Miren vuelve para investigar una escuela de \u00e9lite que parece ser el epicentro de la desaparici\u00f3n y el asesinato de dos chicas j\u00f3venes. Para ello, cuenta con la ayuda de Jaime (Miki Esparb\u00e9), un periodista de investigaci\u00f3n que empieza a trabajar para el \u2018Diario Sur\u2019 en un intento de escapar de su pasado y recuperar su reputaci\u00f3n. Una historia de misterio, secretos y personajes con tantas heridas como la misma protagonista.<\/p>\n<p>Estas <strong>pel\u00edculas y series <\/strong>son las grandes protagonistas del repaso a <strong>los estrenos del 31 de enero de 2025 en cines y plataformas<\/strong>. Como ves, tenemos ante nosotros varias propuestas para lograr cumplir con las expectativas de los diferentes tipos de p\u00fablico que va a los cines \u00bfCu\u00e1l es la que esperas con mayor inter\u00e9s?<\/p>\n<p><!-- CONTENT END 2 -->\n\t\t\t\t\t\t\t\t\t\t\t\t\t\t\t\t\t\t\t\t\t\t\t\t\t\t\t<\/div>\n<p><a href=\"https:\/\/somosdecine.com\/estrenos-31-enero-2025-peliculas-series\/\" class=\" target=\" title=\"Estrenos 31 de enero de 2025 en cines y plataformas\" target=\"_blank\" rel=\"noopener\">Ver fuente<\/a><\/p>\n","protected":false},"excerpt":{"rendered":"<p>En este art\u00edculo nos sumergiremos en las novedades cinematogr\u00e1ficas de los pr\u00f3ximoas d\u00edas. En esta ocasi\u00f3n te traigo los estrenos del 31 de enero de 2025 en cines y plataformas de streaming. Toma nota de todas estas pel\u00edculas y seris porque estoy seguro de que algunas de ellas no querr\u00e1s perd\u00e9rtelas. Cartelera semanal: pel\u00edculas de [&hellip;]<\/p>\n","protected":false},"author":2,"featured_media":46138,"comment_status":"open","ping_status":"closed","sticky":false,"template":"","format":"standard","meta":{"footnotes":""},"categories":[8],"tags":[],"class_list":["post-46137","post","type-post","status-publish","format-standard","has-post-thumbnail","hentry","category-entretenimiento"],"_links":{"self":[{"href":"https:\/\/enfoquenoticioso.com\/index.php?rest_route=\/wp\/v2\/posts\/46137","targetHints":{"allow":["GET"]}}],"collection":[{"href":"https:\/\/enfoquenoticioso.com\/index.php?rest_route=\/wp\/v2\/posts"}],"about":[{"href":"https:\/\/enfoquenoticioso.com\/index.php?rest_route=\/wp\/v2\/types\/post"}],"author":[{"embeddable":true,"href":"https:\/\/enfoquenoticioso.com\/index.php?rest_route=\/wp\/v2\/users\/2"}],"replies":[{"embeddable":true,"href":"https:\/\/enfoquenoticioso.com\/index.php?rest_route=%2Fwp%2Fv2%2Fcomments&post=46137"}],"version-history":[{"count":0,"href":"https:\/\/enfoquenoticioso.com\/index.php?rest_route=\/wp\/v2\/posts\/46137\/revisions"}],"wp:featuredmedia":[{"embeddable":true,"href":"https:\/\/enfoquenoticioso.com\/index.php?rest_route=\/wp\/v2\/media\/46138"}],"wp:attachment":[{"href":"https:\/\/enfoquenoticioso.com\/index.php?rest_route=%2Fwp%2Fv2%2Fmedia&parent=46137"}],"wp:term":[{"taxonomy":"category","embeddable":true,"href":"https:\/\/enfoquenoticioso.com\/index.php?rest_route=%2Fwp%2Fv2%2Fcategories&post=46137"},{"taxonomy":"post_tag","embeddable":true,"href":"https:\/\/enfoquenoticioso.com\/index.php?rest_route=%2Fwp%2Fv2%2Ftags&post=46137"}],"curies":[{"name":"wp","href":"https:\/\/api.w.org\/{rel}","templated":true}]}}