{"id":46148,"date":"2025-01-25T09:30:01","date_gmt":"2025-01-25T09:30:01","guid":{"rendered":"https:\/\/enfoquenoticioso.com\/entretenimiento\/first-dates-una-soltera-colombiana-se-cabrea-con-carlos-sobera-por-un-comentario-puedo-golpear-al-presentador\/"},"modified":"2025-01-25T09:30:01","modified_gmt":"2025-01-25T09:30:01","slug":"first-dates-una-soltera-colombiana-se-cabrea-con-carlos-sobera-por-un-comentario-puedo-golpear-al-presentador","status":"publish","type":"post","link":"https:\/\/enfoquenoticioso.com\/?p=46148","title":{"rendered":"&#8216;First Dates&#8217;, una soltera colombiana se cabrea con Carlos Sobera por un comentario. \u00ab\u00bfPuedo golpear al presentador?\u00bb"},"content":{"rendered":"<div>\n<p>Las broncas de los solteros de <a href=\"https:\/\/www.espinof.com\/tag\/first-dates\" target=\"_blank\" rel=\"noopener\">&#8216;First Dates&#8217;<\/a> pueden escalar hasta lo inimaginable, pero en este caso<strong> fue Carlos Sobera quien tens\u00f3 la cuerda con Sandra<\/strong>, que resopl\u00f3 cuando el presentador le hizo la broma de \u00abplata o plomo\u00bb.<\/p>\n<p><!-- BREAK 1 --> <\/p>\n<div id=\"ez-toc-container\" class=\"ez-toc-v2_0_81 counter-hierarchy ez-toc-counter ez-toc-grey ez-toc-container-direction\">\n<div class=\"ez-toc-title-container\">\n<p class=\"ez-toc-title\" style=\"cursor:inherit\">Tabla de Contenido<\/p>\n<span class=\"ez-toc-title-toggle\"><a href=\"#\" class=\"ez-toc-pull-right ez-toc-btn ez-toc-btn-xs ez-toc-btn-default ez-toc-toggle\" aria-label=\"Alternar tabla de contenidos\"><span class=\"ez-toc-js-icon-con\"><span class=\"\"><span class=\"eztoc-hide\" style=\"display:none;\">Toggle<\/span><span class=\"ez-toc-icon-toggle-span\"><svg style=\"fill: #999;color:#999\" xmlns=\"http:\/\/www.w3.org\/2000\/svg\" class=\"list-377408\" width=\"20px\" height=\"20px\" viewBox=\"0 0 24 24\" fill=\"none\"><path d=\"M6 6H4v2h2V6zm14 0H8v2h12V6zM4 11h2v2H4v-2zm16 0H8v2h12v-2zM4 16h2v2H4v-2zm16 0H8v2h12v-2z\" fill=\"currentColor\"><\/path><\/svg><svg style=\"fill: #999;color:#999\" class=\"arrow-unsorted-368013\" xmlns=\"http:\/\/www.w3.org\/2000\/svg\" width=\"10px\" height=\"10px\" viewBox=\"0 0 24 24\" version=\"1.2\" baseProfile=\"tiny\"><path d=\"M18.2 9.3l-6.2-6.3-6.2 6.3c-.2.2-.3.4-.3.7s.1.5.3.7c.2.2.4.3.7.3h11c.3 0 .5-.1.7-.3.2-.2.3-.5.3-.7s-.1-.5-.3-.7zM5.8 14.7l6.2 6.3 6.2-6.3c.2-.2.3-.5.3-.7s-.1-.5-.3-.7c-.2-.2-.4-.3-.7-.3h-11c-.3 0-.5.1-.7.3-.2.2-.3.5-.3.7s.1.5.3.7z\"\/><\/svg><\/span><\/span><\/span><\/a><\/span><\/div>\n<nav><ul class='ez-toc-list ez-toc-list-level-1 ' ><li class='ez-toc-page-1 ez-toc-heading-level-2'><a class=\"ez-toc-link ez-toc-heading-1\" href=\"https:\/\/enfoquenoticioso.com\/?p=46148\/#No_quiero_mas_%E2%80%98Narcos_en_mi_vida\" >No quiero m\u00e1s &#8216;Narcos&#8217; en mi vida<\/a><\/li><\/ul><\/nav><\/div>\n<h2><span class=\"ez-toc-section\" id=\"No_quiero_mas_%E2%80%98Narcos_en_mi_vida\"><\/span>No quiero m\u00e1s &#8216;Narcos&#8217; en mi vida<span class=\"ez-toc-section-end\"><\/span><\/h2>\n<p>Sandra tiene 33 a\u00f1os, naci\u00f3 en Colombia, vive en Madrid y trabaja como cuidadora: \u00abSoy demasiado espont\u00e1nea, hablo muy r\u00e1pido y mucho\u00bb. \u00a0Carlos Sobera sali\u00f3 a recibirla y ya comenz\u00f3 con mal pie haci\u00e9ndole una broma: <strong>\u00abTe escucho y me dan ganas de decir: &#8216;Plata o plomo'\u00bb<\/strong>. Ella resopl\u00f3:<strong> \u00abYa me ca\u00edste fatal\u00bb<\/strong>.<\/p>\n<p><!-- BREAK 2 --><\/p>\n<p>En las entrevistas, Sandra hizo \u00e9nfasis en que <strong>ya estaba un poco harta de que Colombia siempre se relacionara con el narcotr\u00e1fico<\/strong>: \u00abEs un pa\u00eds enorme: tenemos esmeraldas, mujeres guapas, el mejor caf\u00e9 del mundo&#8230;\u00bb. Mientras le hablaba de c\u00f3mo hab\u00eda terminado en Espa\u00f1a tras venir el a\u00f1o pasado de vacaciones, Sobera incidi\u00f3 en que le hac\u00eda gracia su acento y ella le increp\u00f3 (de broma&#8230; en principio): \u00ab\u00bfPuedo golpear al presentador?\u00bb.<\/p>\n<p><!-- BREAK 3 --> <\/p>\n<div class=\"article-asset article-asset-normal article-asset-center\">\n<div class=\"desvio-container\">\n<div class=\"desvio\">\n<div class=\"desvio-figure js-desvio-figure\">\n    <a href=\"https:\/\/www.espinof.com\/reality\/first-dates-soltero-bilbao-se-harta-responde-a-criticas-su-cita-que-me-trajeron-butano\" class=\"pivot-outboundlink\" data-vars-post-title=\"&#039;First Dates&#039;, un soltero de Bilbao se harta y responde a las cr\u00edticas de su cita. &quot;\u00bfQu\u00e9 me trajeron, un butano?&quot; \" target=\"_blank\" rel=\"noopener\"><br \/>\n     <img loading=\"lazy\" decoding=\"async\" alt=\"'First Dates', un soltero de Bilbao se harta y responde a las cr\u00edticas de su cita. &quot;\u00bfQu\u00e9 me trajeron, un butano?&quot; \" width=\"375\" height=\"142\" src=\"https:\/\/i.blogs.es\/ab1773\/first-dates-cita\/375_142.jpeg\"\/><br \/>\n    <\/a>\n   <\/div>\n<\/p><\/div>\n<\/p><\/div>\n<\/div>\n<p>\u00abBusco un hombre que no me diga &#8216;plata o plomo'\u00bb le asegur\u00f3 Sandra, aunque luego admiti\u00f3: <strong>\u00abA m\u00ed me gustan los chicos malos, pero siempre me va super mal, no quiero m\u00e1s chicos malos\u00bb<\/strong>. Sobera le trajo a su cita: Ra\u00fal, de Alcal\u00e1 de Henares (Madrid), dependiente y de 34 a\u00f1os.<\/p>\n<p><!-- BREAK 4 --><\/p>\n<p><strong>\u00abEst\u00e1 bien, un chico rubito, est\u00e1 guapito\u00bb<\/strong> pens\u00f3 ella al verle aparecer. <strong>\u00abTiene una mirada preciosa\u00bb<\/strong> fue la primera impresi\u00f3n de \u00e9l. Comenzaron a hablar y descubrieron que la exnovia de Ra\u00fal tambi\u00e9n era colombiana y de la misma ciudad que ella, y que Sandra era una fan\u00e1tica de Alcal\u00e1 de Henares: \u00abYo lo amo, me fascina\u00bb.<\/p>\n<p><!-- BREAK 5 --><\/p>\n<div class=\"article-asset-image article-asset-normal article-asset-center\">\n<div class=\"asset-content\">\n                   <img class=\"centro_sinmarco\" height=\"768\" width=\"1366\" loading=\"lazy\" decoding=\"async\" sizes=\"auto, 100vw\" fetchpriority=\"high\" srcset=\"https:\/\/i.blogs.es\/f73e50\/first-dates-decision\/450_1000.jpeg 450w, https:\/\/i.blogs.es\/f73e50\/first-dates-decision\/650_1200.jpeg 681w,https:\/\/i.blogs.es\/f73e50\/first-dates-decision\/1024_2000.jpeg 1024w, https:\/\/i.blogs.es\/f73e50\/first-dates-decision\/1366_2000.jpeg 1366w\" src=\"https:\/\/i.blogs.es\/f73e50\/first-dates-decision\/450_1000.jpeg\" alt=\"First Dates Decision\"\/><br \/>\n   <img decoding=\"async\" alt=\"First Dates Decision\" class=\"centro_sinmarco\" src=\"https:\/\/i.blogs.es\/f73e50\/first-dates-decision\/450_1000.jpeg\"\/><\/p><\/div>\n<\/div>\n<p><strong>\u00abYo busco alguien que sea fiel, leal, que me respete&#8230; \u00bfpero por qu\u00e9 tengo que pedir algo tan b\u00e1sico?\u00bb<\/strong> se indign\u00f3 Sandra cuando hablaron de lo que estaban buscando en una pareja, y a Ra\u00fal le pareci\u00f3 que pod\u00eda decirse m\u00e1s alto pero no m\u00e1s claro: \u00abEs que en eso se tiene que basar todo, no tienes que pedirlo. Yo aspiro a tener eso\u00bb.<\/p>\n<p><!-- BREAK 6 --> <\/p>\n<p>Los dos estaban<strong> encantados de ver que coincid\u00edan en los valores (y en que ambos roncaban)<\/strong>, as\u00ed que lo tuvieron claro en la decisi\u00f3n final: \u00abRotundamente s\u00ed\u00bb afirm\u00f3 Ra\u00fal. \u00abYo tambi\u00e9n\u00bb coincidi\u00f3 Sandra, y se fueron juntos con planes ya para irse de viaje.<\/p>\n<p><!-- BREAK 7 --><\/p>\n<p>En Espinof | <a class=\"text-outboundlink\" href=\"https:\/\/www.espinof.com\/reality\/first-dates-soltero-arrabal-portillo-decepciona-a-su-cita-no-ser-joven-tinder-me-echa-humo\" data-vars-post-title=\"&#039;First Dates&#039;, un soltero de Arrabal del Portillo decepciona a su cita por no ser m\u00e1s joven. &quot;El Tinder me echa humo&quot; \" data-vars-post-url=\"https:\/\/www.espinof.com\/reality\/first-dates-soltero-arrabal-portillo-decepciona-a-su-cita-no-ser-joven-tinder-me-echa-humo\" target=\"_blank\" rel=\"noopener\">&#8216;First Dates&#8217;, un soltero de Arrabal del Portillo decepciona a su cita por no ser m\u00e1s joven. \u00abEl Tinder me echa humo\u00bb<\/a><\/p>\n<p>En Espinof | <a class=\"text-outboundlink\" href=\"https:\/\/www.espinof.com\/listas\/9-mejores-peliculas-espanolas-2024-ahora\" data-vars-post-title=\"Las 19 mejores pel\u00edculas espa\u00f1olas de 2024\" data-vars-post-url=\"https:\/\/www.espinof.com\/listas\/9-mejores-peliculas-espanolas-2024-ahora\" target=\"_blank\" rel=\"noopener\">Las mejores pel\u00edculas espa\u00f1olas de 2024<\/a><\/p>\n<\/p><\/div>\n<p><a href=\"https:\/\/www.espinof.com\/reality\/first-dates-soltera-colombiana-se-cabrea-carlos-sobera-comentario-puedo-golpear-al-presentador\" class=\" target=\" title=\"&#039;First Dates&#039;, una soltera colombiana se cabrea con Carlos Sobera por un comentario. \"  golpear al target=\"_blank\" rel=\"noopener\">Ver fuente<\/a><\/p>\n","protected":false},"excerpt":{"rendered":"<p>Las broncas de los solteros de &#8216;First Dates&#8217; pueden escalar hasta lo inimaginable, pero en este caso fue Carlos Sobera quien tens\u00f3 la cuerda con Sandra, que resopl\u00f3 cuando el presentador le hizo la broma de \u00abplata o plomo\u00bb. No quiero m\u00e1s &#8216;Narcos&#8217; en mi vida Sandra tiene 33 a\u00f1os, naci\u00f3 en Colombia, vive en [&hellip;]<\/p>\n","protected":false},"author":2,"featured_media":46149,"comment_status":"open","ping_status":"closed","sticky":false,"template":"","format":"standard","meta":{"footnotes":""},"categories":[8],"tags":[],"class_list":["post-46148","post","type-post","status-publish","format-standard","has-post-thumbnail","hentry","category-entretenimiento"],"_links":{"self":[{"href":"https:\/\/enfoquenoticioso.com\/index.php?rest_route=\/wp\/v2\/posts\/46148","targetHints":{"allow":["GET"]}}],"collection":[{"href":"https:\/\/enfoquenoticioso.com\/index.php?rest_route=\/wp\/v2\/posts"}],"about":[{"href":"https:\/\/enfoquenoticioso.com\/index.php?rest_route=\/wp\/v2\/types\/post"}],"author":[{"embeddable":true,"href":"https:\/\/enfoquenoticioso.com\/index.php?rest_route=\/wp\/v2\/users\/2"}],"replies":[{"embeddable":true,"href":"https:\/\/enfoquenoticioso.com\/index.php?rest_route=%2Fwp%2Fv2%2Fcomments&post=46148"}],"version-history":[{"count":0,"href":"https:\/\/enfoquenoticioso.com\/index.php?rest_route=\/wp\/v2\/posts\/46148\/revisions"}],"wp:featuredmedia":[{"embeddable":true,"href":"https:\/\/enfoquenoticioso.com\/index.php?rest_route=\/wp\/v2\/media\/46149"}],"wp:attachment":[{"href":"https:\/\/enfoquenoticioso.com\/index.php?rest_route=%2Fwp%2Fv2%2Fmedia&parent=46148"}],"wp:term":[{"taxonomy":"category","embeddable":true,"href":"https:\/\/enfoquenoticioso.com\/index.php?rest_route=%2Fwp%2Fv2%2Fcategories&post=46148"},{"taxonomy":"post_tag","embeddable":true,"href":"https:\/\/enfoquenoticioso.com\/index.php?rest_route=%2Fwp%2Fv2%2Ftags&post=46148"}],"curies":[{"name":"wp","href":"https:\/\/api.w.org\/{rel}","templated":true}]}}