{"id":46188,"date":"2025-01-25T15:35:17","date_gmt":"2025-01-25T15:35:17","guid":{"rendered":"https:\/\/enfoquenoticioso.com\/entretenimiento\/gabriel-basso-casi-se-queda-sin-ser-el-agente-nocturno-la-culpa-la-tuvo-su-barba-de-lenador\/"},"modified":"2025-01-25T15:35:17","modified_gmt":"2025-01-25T15:35:17","slug":"gabriel-basso-casi-se-queda-sin-ser-el-agente-nocturno-la-culpa-la-tuvo-su-barba-de-lenador","status":"publish","type":"post","link":"https:\/\/enfoquenoticioso.com\/?p=46188","title":{"rendered":"Gabriel Basso casi se queda sin ser &#8216;El agente nocturno&#8217;. La culpa la tuvo su barba de le\u00f1ador"},"content":{"rendered":"<div>\n<p>Regres\u00f3 el pasado jueves &#8216;<a class=\"text-outboundlink\" href=\"https:\/\/www.espinof.com\/criticas\/ultimo-gran-exito-netflix-sucedaneo-24-gancho-jack-bauer-agente-nocturno-no-aburre-poco-tiene-para-ofrecer-al-espectador\" data-vars-post-title=\"El \u00faltimo gran \u00e9xito de Netflix es un suced\u00e1neo de &#039;24&#039; sin el gancho de Jack Bauer: &#039;El agente nocturno&#039; no aburre pero poco m\u00e1s tiene para ofrecer al espectador\" data-vars-post-url=\"https:\/\/www.espinof.com\/criticas\/ultimo-gran-exito-netflix-sucedaneo-24-gancho-jack-bauer-agente-nocturno-no-aburre-poco-tiene-para-ofrecer-al-espectador\" target=\"_blank\" rel=\"noopener\">El agente nocturno<\/a>&#8216; a Netflix con su temporada 2 <strong>y ya ha vuelto a triunfar en todo el mundo<\/strong>. A falta de datos oficiales, todo apunta de momento a que el thriller<strong> protagonizado por Gabriel Basso<\/strong> va a volver a lo m\u00e1s alto de la plataforma (en lo que escribo estas l\u00edneas est\u00e1 solo por detr\u00e1s de &#8216;<a class=\"text-outboundlink\" href=\"https:\/\/www.espinof.com\/criticas\/machos-alfa-bastante-mejor-que-que-se-avecina-temporada-2-serie-netflix-confirma-como-pasatiempo-muy-efectivo\" data-vars-post-title=\"&#039;Machos Alfa&#039; ya es bastante mejor que &#039;La que se avecina&#039;: la temporada 2 de la serie de Netflix la confirma como un pasatiempo muy efectivo\" data-vars-post-url=\"https:\/\/www.espinof.com\/criticas\/machos-alfa-bastante-mejor-que-que-se-avecina-temporada-2-serie-netflix-confirma-como-pasatiempo-muy-efectivo\" target=\"_blank\" rel=\"noopener\">Machos Alfa<\/a>&#8216; en el top de series en Espa\u00f1a).<\/p>\n<p><!-- BREAK 1 --> <\/p>\n<p>Y es que la nueva aventura del agente Peter Sutherland est\u00e1 conquistando de nuevo a los espectadores y ya es dif\u00edcil no asociar su rostro con el de Gabriel Basso. Sin embargo, <strong>el actor estuvo a punto de no protagonizar la serie por una raz\u00f3n bastante sencilla<\/strong>: su barba de le\u00f1ador.<\/p>\n<p><!-- BREAK 2 --><\/p>\n<div class=\"article-asset article-asset-normal article-asset-center\">\n<div class=\"desvio-container\">\n<div class=\"desvio\">\n<div class=\"desvio-figure js-desvio-figure\">\n    <a href=\"https:\/\/www.espinof.com\/netflix\/agente-nocturno-todo-bombazo-antes-serlo-serie-netflix-fue-rechazada-docena-cadenas-plataformas\" class=\"pivot-outboundlink\" data-vars-post-title=\"&#039;El agente nocturno&#039; es todo un bombazo... pero antes de serlo la serie de Netflix fue rechazada por una docena de cadenas y plataformas\" target=\"_blank\" rel=\"noopener\"><br \/>\n     <img loading=\"lazy\" decoding=\"async\" alt=\"'El agente nocturno' es todo un bombazo... pero antes de serlo la serie de Netflix fue rechazada por una docena de cadenas y plataformas\" width=\"375\" height=\"142\" src=\"https:\/\/i.blogs.es\/e7b2fe\/tna_101_unit_04740r\/375_142.jpeg\"\/><br \/>\n    <\/a>\n   <\/div>\n<\/p><\/div>\n<\/p><\/div>\n<\/div>\n<div class=\"video-boost-container article-asset-normal\">\n<div class=\"article-asset-video\">\n<div class=\"asset-content\">\n<p>\n                         <iframe loading=\"lazy\" title=\"LAS 10 MEJORES SERIES DE LA DE\u0301CADA (2010-2019)\" width=\"640\" height=\"360\" src=\"https:\/\/www.youtube.com\/embed\/SxcFyMqU1ao?feature=oembed\" frameborder=\"0\" allow=\"accelerometer; autoplay; clipboard-write; encrypted-media; gyroscope; picture-in-picture; web-share\" referrerpolicy=\"strict-origin-when-cross-origin\" allowfullscreen><\/iframe>\n       <\/p>\n<\/p><\/div>\n<\/p><\/div>\n<p> <span class=\"video-boost-title\">LAS 10 MEJORES SERIES DE LA D\u00c9CADA (2010-2019)<\/span>\n<\/div>\n<div id=\"ez-toc-container\" class=\"ez-toc-v2_0_81 counter-hierarchy ez-toc-counter ez-toc-grey ez-toc-container-direction\">\n<div class=\"ez-toc-title-container\">\n<p class=\"ez-toc-title\" style=\"cursor:inherit\">Tabla de Contenido<\/p>\n<span class=\"ez-toc-title-toggle\"><a href=\"#\" class=\"ez-toc-pull-right ez-toc-btn ez-toc-btn-xs ez-toc-btn-default ez-toc-toggle\" aria-label=\"Alternar tabla de contenidos\"><span class=\"ez-toc-js-icon-con\"><span class=\"\"><span class=\"eztoc-hide\" style=\"display:none;\">Toggle<\/span><span class=\"ez-toc-icon-toggle-span\"><svg style=\"fill: #999;color:#999\" xmlns=\"http:\/\/www.w3.org\/2000\/svg\" class=\"list-377408\" width=\"20px\" height=\"20px\" viewBox=\"0 0 24 24\" fill=\"none\"><path d=\"M6 6H4v2h2V6zm14 0H8v2h12V6zM4 11h2v2H4v-2zm16 0H8v2h12v-2zM4 16h2v2H4v-2zm16 0H8v2h12v-2z\" fill=\"currentColor\"><\/path><\/svg><svg style=\"fill: #999;color:#999\" class=\"arrow-unsorted-368013\" xmlns=\"http:\/\/www.w3.org\/2000\/svg\" width=\"10px\" height=\"10px\" viewBox=\"0 0 24 24\" version=\"1.2\" baseProfile=\"tiny\"><path d=\"M18.2 9.3l-6.2-6.3-6.2 6.3c-.2.2-.3.4-.3.7s.1.5.3.7c.2.2.4.3.7.3h11c.3 0 .5-.1.7-.3.2-.2.3-.5.3-.7s-.1-.5-.3-.7zM5.8 14.7l6.2 6.3 6.2-6.3c.2-.2.3-.5.3-.7s-.1-.5-.3-.7c-.2-.2-.4-.3-.7-.3h-11c-.3 0-.5.1-.7.3-.2.2-.3.5-.3.7s.1.5.3.7z\"\/><\/svg><\/span><\/span><\/span><\/a><\/span><\/div>\n<nav><ul class='ez-toc-list ez-toc-list-level-1 ' ><li class='ez-toc-page-1 ez-toc-heading-level-2'><a class=\"ez-toc-link ez-toc-heading-1\" href=\"https:\/\/enfoquenoticioso.com\/?p=46188\/#El_agente_barbero\" >El agente barbero<\/a><\/li><\/ul><\/nav><\/div>\n<h2><span class=\"ez-toc-section\" id=\"El_agente_barbero\"><\/span>El agente barbero<span class=\"ez-toc-section-end\"><\/span><\/h2>\n<p><strong>As\u00ed lo confes\u00f3 Shawn Ryan<\/strong>, el creador de la serie, en una <a rel=\"noopener, noreferrer\" href=\"https:\/\/screenrant.com\/the-night-agent-shawn-ryan-interview\/\" target=\"_blank\">entrevista con Screen Rant<\/a>. Hablando sobre el proceso de casting, el guionista y showrunner desvel\u00f3 que tardaron mucho en encontrar al actor justo para interpretar a Sutherland.<\/p>\n<p><!-- BREAK 3 --> <\/p>\n<p>Y es que la tupida barba de Basso <strong>hizo que fuera descartado al principio<\/strong>:<\/p>\n<blockquote><p>\u00abGabriel lleg\u00f3 muy tarde en el proceso. [En] su primera prueba, ten\u00eda esa gran y poblada barba, lo que me descoloc\u00f3 por completo. Estaba como \u00abBueno, esto no parece un agente del FBI\u00bb y todo eso. Est\u00e1s obligado a ver entre 50-60 pruebas al d\u00eda y est\u00e1s escaneando todo r\u00e1pidamente y como que lo descart\u00e9 inicialmente bas\u00e1ndome en que el look no era apropiado. Entonces, una de los de casting de Sony volvi\u00f3 porque sab\u00eda que est\u00e1bamos teniendo problemas para dar con la gente apropiada y dijo \u00abPuede que quieras mirar de nuevo a estas pocas pruebas\u00bb, y \u00e9l era uno de ellos.<\/p><\/blockquote>\n<blockquote><p>Me puse como \u00abQue pueda ignorar la barba\u00bb [Por supuesto, era muy bueno y] le llamamos. Alguien le hab\u00eda mencionado algo as\u00ed que se afeit\u00f3 y de repente fue como \u00abDios m\u00edo, ese es Peter.\u00bb\u00bb<\/p><\/blockquote>\n<p>Como veis, fue providencial esa llegada de la gente de Sony y que el actor se afeitase ya que <strong>no abundan las oportunidades de protagonizar una serie<\/strong> que acabe triunfando tanto.<\/p>\n<p><!-- BREAK 4 --><\/p>\n<p>En Espinof |<\/p>\n<p>En Espinof |<\/p>\n<\/p><\/div>\n<p><a href=\"https:\/\/www.espinof.com\/netflix\/gabriel-basso-casi-se-queda-ser-agente-nocturno-culpa-tuvo-su-barba-lenador\" class=\" target=\" title=\"Gabriel Basso casi se queda sin ser &#039;El agente nocturno&#039;. La culpa la tuvo su barba de le\u00f1ador\" target=\"_blank\" rel=\"noopener\">Ver fuente<\/a><\/p>\n","protected":false},"excerpt":{"rendered":"<p>Regres\u00f3 el pasado jueves &#8216;El agente nocturno&#8216; a Netflix con su temporada 2 y ya ha vuelto a triunfar en todo el mundo. A falta de datos oficiales, todo apunta de momento a que el thriller protagonizado por Gabriel Basso va a volver a lo m\u00e1s alto de la plataforma (en lo que escribo estas [&hellip;]<\/p>\n","protected":false},"author":2,"featured_media":46189,"comment_status":"open","ping_status":"closed","sticky":false,"template":"","format":"standard","meta":{"footnotes":""},"categories":[8],"tags":[],"class_list":["post-46188","post","type-post","status-publish","format-standard","has-post-thumbnail","hentry","category-entretenimiento"],"_links":{"self":[{"href":"https:\/\/enfoquenoticioso.com\/index.php?rest_route=\/wp\/v2\/posts\/46188","targetHints":{"allow":["GET"]}}],"collection":[{"href":"https:\/\/enfoquenoticioso.com\/index.php?rest_route=\/wp\/v2\/posts"}],"about":[{"href":"https:\/\/enfoquenoticioso.com\/index.php?rest_route=\/wp\/v2\/types\/post"}],"author":[{"embeddable":true,"href":"https:\/\/enfoquenoticioso.com\/index.php?rest_route=\/wp\/v2\/users\/2"}],"replies":[{"embeddable":true,"href":"https:\/\/enfoquenoticioso.com\/index.php?rest_route=%2Fwp%2Fv2%2Fcomments&post=46188"}],"version-history":[{"count":0,"href":"https:\/\/enfoquenoticioso.com\/index.php?rest_route=\/wp\/v2\/posts\/46188\/revisions"}],"wp:featuredmedia":[{"embeddable":true,"href":"https:\/\/enfoquenoticioso.com\/index.php?rest_route=\/wp\/v2\/media\/46189"}],"wp:attachment":[{"href":"https:\/\/enfoquenoticioso.com\/index.php?rest_route=%2Fwp%2Fv2%2Fmedia&parent=46188"}],"wp:term":[{"taxonomy":"category","embeddable":true,"href":"https:\/\/enfoquenoticioso.com\/index.php?rest_route=%2Fwp%2Fv2%2Fcategories&post=46188"},{"taxonomy":"post_tag","embeddable":true,"href":"https:\/\/enfoquenoticioso.com\/index.php?rest_route=%2Fwp%2Fv2%2Ftags&post=46188"}],"curies":[{"name":"wp","href":"https:\/\/api.w.org\/{rel}","templated":true}]}}