{"id":46279,"date":"2025-01-26T09:35:47","date_gmt":"2025-01-26T09:35:47","guid":{"rendered":"https:\/\/enfoquenoticioso.com\/entretenimiento\/critica-tierra-baja-2025-soy-de-cine\/"},"modified":"2025-01-26T09:35:47","modified_gmt":"2025-01-26T09:35:47","slug":"critica-tierra-baja-2025-soy-de-cine","status":"publish","type":"post","link":"https:\/\/enfoquenoticioso.com\/?p=46279","title":{"rendered":"Cr\u00edtica &#8216;Tierra baja&#8217; (2025) &#8211; SOY DE CINE"},"content":{"rendered":"<div id=\"mvp-content-main\">\n<div class=\"custom-star-rating\" style=\"text-align:center; margin-bottom: 20px;\">\n<div id=\"ez-toc-container\" class=\"ez-toc-v2_0_81 counter-hierarchy ez-toc-counter ez-toc-grey ez-toc-container-direction\">\n<div class=\"ez-toc-title-container\">\n<p class=\"ez-toc-title\" style=\"cursor:inherit\">Tabla de Contenido<\/p>\n<span class=\"ez-toc-title-toggle\"><a href=\"#\" class=\"ez-toc-pull-right ez-toc-btn ez-toc-btn-xs ez-toc-btn-default ez-toc-toggle\" aria-label=\"Alternar tabla de contenidos\"><span class=\"ez-toc-js-icon-con\"><span class=\"\"><span class=\"eztoc-hide\" style=\"display:none;\">Toggle<\/span><span class=\"ez-toc-icon-toggle-span\"><svg style=\"fill: #999;color:#999\" xmlns=\"http:\/\/www.w3.org\/2000\/svg\" class=\"list-377408\" width=\"20px\" height=\"20px\" viewBox=\"0 0 24 24\" fill=\"none\"><path d=\"M6 6H4v2h2V6zm14 0H8v2h12V6zM4 11h2v2H4v-2zm16 0H8v2h12v-2zM4 16h2v2H4v-2zm16 0H8v2h12v-2z\" fill=\"currentColor\"><\/path><\/svg><svg style=\"fill: #999;color:#999\" class=\"arrow-unsorted-368013\" xmlns=\"http:\/\/www.w3.org\/2000\/svg\" width=\"10px\" height=\"10px\" viewBox=\"0 0 24 24\" version=\"1.2\" baseProfile=\"tiny\"><path d=\"M18.2 9.3l-6.2-6.3-6.2 6.3c-.2.2-.3.4-.3.7s.1.5.3.7c.2.2.4.3.7.3h11c.3 0 .5-.1.7-.3.2-.2.3-.5.3-.7s-.1-.5-.3-.7zM5.8 14.7l6.2 6.3 6.2-6.3c.2-.2.3-.5.3-.7s-.1-.5-.3-.7c-.2-.2-.4-.3-.7-.3h-11c-.3 0-.5.1-.7.3-.2.2-.3.5-.3.7s.1.5.3.7z\"\/><\/svg><\/span><\/span><\/span><\/a><\/span><\/div>\n<nav><ul class='ez-toc-list ez-toc-list-level-1 ' ><ul class='ez-toc-list-level-3' ><li class='ez-toc-heading-level-3'><a class=\"ez-toc-link ez-toc-heading-1\" href=\"https:\/\/enfoquenoticioso.com\/?p=46279\/#Valoracion\" >Valoraci\u00f3n<\/a><\/li><\/ul><\/li><li class='ez-toc-page-1 ez-toc-heading-level-2'><a class=\"ez-toc-link ez-toc-heading-2\" href=\"https:\/\/enfoquenoticioso.com\/?p=46279\/#Critica\" >Cr\u00edtica<\/a><ul class='ez-toc-list-level-3' ><li class='ez-toc-heading-level-3'><a class=\"ez-toc-link ez-toc-heading-3\" href=\"https:\/\/enfoquenoticioso.com\/?p=46279\/#Entre_aceitunas_y_amores_del_pasado\" >Entre aceitunas y amores del pasado<\/a><\/li><li class='ez-toc-page-1 ez-toc-heading-level-3'><a class=\"ez-toc-link ez-toc-heading-4\" href=\"https:\/\/enfoquenoticioso.com\/?p=46279\/#Belleza_sonora_y_visual\" >Belleza sonora y visual<\/a><\/li><li class='ez-toc-page-1 ez-toc-heading-level-3'><a class=\"ez-toc-link ez-toc-heading-5\" href=\"https:\/\/enfoquenoticioso.com\/?p=46279\/#El_publico_de_Tierra_Baja\" >El p\u00fablico de Tierra Baja<\/a><\/li><li class='ez-toc-page-1 ez-toc-heading-level-3'><a class=\"ez-toc-link ez-toc-heading-6\" href=\"https:\/\/enfoquenoticioso.com\/?p=46279\/#%C2%BFVale_la_pena_Tierra_Baja\" >\u00bfVale la pena Tierra Baja?<\/a><\/li><\/ul><\/li><\/ul><\/nav><\/div>\n<h3 style=\"text-align:center;\"><span class=\"ez-toc-section\" id=\"Valoracion\"><\/span>Valoraci\u00f3n<span class=\"ez-toc-section-end\"><\/span><\/h3>\n<p><span class=\"star\">\u2605<\/span><span class=\"star\">\u2605<\/span><span class=\"star\" style=\"position: relative; display: inline-block;\"><span style=\"color: black; position: absolute; overflow: hidden; width: 50%;\">\u2605<\/span><span style=\"color: black;\">\u2606<\/span><\/span><span class=\"star\">\u2606<\/span><span class=\"star\">\u2606<\/span><\/p>\n<\/div>\n<p><a href=\"https:\/\/somosdecine.com\/biografias\/miguel-santesmases\/\" target=\"_blank\" rel=\"noopener\"><strong>Miguel Santesmases<\/strong><\/a> estrena en cines <em><strong>Tierra baja<\/strong><\/em>, una cinta que combina el drama y el romanticismo en un bello entorno rural. Tras haber podido disfrutar de ella, en <strong>esta cr\u00edtica<\/strong> quiero contarte <strong>qu\u00e9 me ha parecido<\/strong> para que valores si es un film de tu inter\u00e9s o si, por el contrario, prefieres seguir navegando por <a href=\"https:\/\/somosdecine.com\/estrenos-enero-2025-cines\/\" target=\"_blank\" rel=\"noopener\">la cartelera de estrenos del mes<\/a>.<\/p>\n<p><span id=\"more-45382\"\/><\/p>\n<div class=\"ficha-pelicula-completa\" style=\"margin-bottom: 40px;\">\n        <!-- T&iacute;tulo --><\/p>\n<p>        <!-- Imagen y detalles (Dise&ntilde;o flexible) --><\/p>\n<div class=\"ficha-contenedor\" style=\"display: flex; gap: 20px; align-items: flex-start; flex-wrap: wrap;\">\n<div class=\"ficha-imagen\" style=\"flex: 0 0 250px; max-width: 250px;\">\n                    <a href=\"https:\/\/somosdecine.com\/peliculas\/tierra-baja-2025\/\" target=\"_blank\" rel=\"noopener\"><br \/>\n                        <img decoding=\"async\" alt=\"Tierra baja\" style=\"width: 100%; height: auto; border-radius: 5px;\" src=\"https:\/\/somosdecine.com\/wp-content\/uploads\/tierra-baja-2025.webp\"\/><img decoding=\"async\" src=\"https:\/\/somosdecine.com\/wp-content\/uploads\/tierra-baja-2025.webp\" alt=\"Tierra baja\" style=\"width: 100%; height: auto; border-radius: 5px;\"\/><br \/>\n                    <\/a>\n                <\/div>\n<div class=\"ficha-detalles\" style=\"flex: 1; min-width: 300px; text-align: left;\">\n<ul style=\"list-style: none; padding: 0; margin: 0;\">\n<li><strong>Fecha de estreno:<\/strong> 31 de enero en cines<\/li>\n<li><strong>G\u00e9nero:<\/strong> Drama<\/li>\n<li><strong>Pa\u00eds:<\/strong> Espa\u00f1a<\/li>\n<li><strong>A\u00f1o:<\/strong> 2025<\/li>\n<li><strong>Direcci\u00f3n:<\/strong> Miguel Santesmases<\/li>\n<li><strong>Reparto:<\/strong> Aitana S\u00e1nchez-Gij\u00f3n, Pere Arquillu\u00e9, Itziar Miranda<\/li>\n<li><strong>M\u00fasica:<\/strong> Alejandro Rom\u00e1n<\/li>\n<\/ul><\/div>\n<\/p><\/div>\n<p>        <!-- Descripci&oacute;n --><\/p>\n<div class=\"descripcion-pelicula\" style=\"margin-top: 20px; text-align: justify; font-size: 1em; line-height: 1.6;\">\n<p>En <em>Tierra baja<\/em>, Carmen, una conocida guionista, se ha retirado hace un a\u00f1o a una mas\u00eda solitaria de un pueblo de Teruel. All\u00ed se esfuerza por aumentar la cosecha de aceitunas en la finca heredada de su abuela, con la ayuda de dos amigas que la admiran y de Dami\u00e1n, un manitas que se siente atra\u00eddo por ella. Un antiguo amor reaparece en su vida para decirle que nunca la olvid\u00f3.<\/p>\n<p><strong>Sobre la pel\u00edcula<\/strong><\/p>\n<p>Dirigida por Miguel Santesmases y coescrita junto a \u00c1ngeles Gonz\u00e1lez-Sinde (\u2018El comensal\u2019, \u2018La buena estrella\u2019), \u2018<em>Tierra baja<\/em>\u2018 est\u00e1 protagonizada por Aitana S\u00e1nchez-Gij\u00f3n y Pere Arquillu\u00e9 (\u2018Bu\u00f1uel y la mesa del rey Salom\u00f3n\u2019, \u2018Princesas\u2019), con la colaboraci\u00f3n especial de Itziar Miranda (\u2018Amar en tiempos revueltos\u2019, \u2018Amar es para siempre\u2019).<\/p>\n<p>La pel\u00edcula cuenta con Alberto Pareja (\u2018Os reviento\u2019, \u2018Indestructible. El alma de la salsa\u2019) como director de Fotograf\u00eda. German Roda (\u2018El encamado\u2019) y Miguel Santesmases son los montadores. \u00c1lvaro Silva (\u2018Volver\u00e9is\u2019, \u2018El inconveniente\u2019) y Steve Miller (\u2018<a href=\"https:\/\/somosdecine.com\/peliculas\/segundo-premio-2024\/\" target=\"_blank\" rel=\"noopener\">Segundo premio<\/a>\u2018, \u2018Dying to survive\u2019) son los responsables del sonido y Alejandro Rom\u00e1n (\u2018La pasajera\u2019, \u2018El perfecto desconocido\u2019) de la banda sonora. Mauro Maroto (\u2018Esta ambici\u00f3n desmedida\u2019, \u2018La consagraci\u00f3n de la primavera\u2019) es el colorista. Luis Sorando (\u2018<a href=\"https:\/\/somosdecine.com\/peliculas\/la-estrella-azul-2024\/\" target=\"_blank\" rel=\"noopener\">La estrella azul<\/a>\u2018, \u2018Nuestros amantes\u2019) firma la direcci\u00f3n de arte. Ana Sanagust\u00edn (\u2018El \u00faltimo show\u2019) se ocupa del vestuario y Ana Bruned (\u2018La abadesa\u2019, \u2018La novia\u2019) del maquillaje y peluquer\u00eda. Patricia Arasa (\u2018La fuga\u2019, \u2018La estrella azul\u2019) es la ayudante de direcci\u00f3n. Xavier Atance (\u2018Las dos noches de ayer\u2019, \u2018Los condenados\u2019) es el productor asociado. Aurora Lago (\u2018Refugios\u2019) se encarga de la direcci\u00f3n de producci\u00f3n. Diego Rodr\u00edguez (\u2018La estrella azul\u2019, \u2018Baby\u2019) y Miguel Santesmases son los productores. Miguel Santesmases y Mar\u00eda de Juan (\u2018Madrid, above the Moon\u2019) son los productores ejecutivos.<\/p>\n<p>El director Miguel Santasmases defiende que \u00ab<strong><em>todos los personajes secundarios han sido interpretados por actrices y actores aragoneses. Nuestra idea era contar con actores no profesionales del Bajo Arag\u00f3n, para que traigan con ellos sus maneras de hablar y su acento de la zona<\/em><\/strong>\u00ab.<\/p>\n<p>Aitana S\u00e1nchez-Gij\u00f3n explica que \u00ab<strong><em>la trama trascurre en una mas\u00eda, en esa Tierra Baja, que es un espect\u00e1culo, una belleza de lugar. Se produjo un ambiente de intimidad como yo nunca hab\u00eda vivido antes en un rodaje. Y, adem\u00e1s, disfrut\u00e9 por la propia historia, una historia po\u00e9tica, sutil, muy \u00edntima, a lo largo del viaje interior de una mujer<\/em><\/strong>\u00ab.<\/p>\n<\/p><\/div>\n<p>        <!-- Bot&oacute;n de enlace --><br \/>\n        <a href=\"https:\/\/somosdecine.com\/peliculas\/tierra-baja-2025\/\" style=\"display: inline-block; margin-top: 20px; color: #0073aa; text-decoration: none; font-weight: bold;\" target=\"_blank\" rel=\"noopener\">Ver ficha completa<\/a>\n    <\/div>\n<p>    <!-- Estilos para m&oacute;vil --><\/p>\n<h2 class=\"wp-block-heading\"><span class=\"ez-toc-section\" id=\"Critica\"><\/span><span class=\"ez-toc-section\" id=\"Critica\"\/>Cr\u00edtica<span class=\"ez-toc-section-end\"\/><span class=\"ez-toc-section-end\"><\/span><\/h2>\n<p>De forma cada vez m\u00e1s frecuente, el cine espa\u00f1ol nos regala historias que nos llevan a la calma y la melancol\u00eda de lo rural, y <em>Tierra baja<\/em> es una de esas propuestas. La pel\u00edcula de Miguel Santesmases es una exploraci\u00f3n \u00edntima de las emociones humanas, ambientada en la serenidad de un entorno aragon\u00e9s realmente bello. Sin embargo, aunque tiene sus momentos memorables, creo no consigue despegar lo suficiente como para dejar una huella en el espectador.<\/p>\n<h3 class=\"wp-block-heading\"><span class=\"ez-toc-section\" id=\"Entre_aceitunas_y_amores_del_pasado\"><\/span><span class=\"ez-toc-section\" id=\"Entre_aceitunas_y_amores_del_pasado\"\/>Entre aceitunas y amores del pasado<span class=\"ez-toc-section-end\"\/><span class=\"ez-toc-section-end\"><\/span><\/h3>\n<p>El punto fuerte de <em>Tierra baja<\/em> est\u00e1, indudablemente, su d\u00fao protagonista. <strong>Aitana S\u00e1nchez-Gij\u00f3n y Pere Arquillu\u00e9 <\/strong>nos dan buenas interpretaciones capaces de elevar el material. Esto se logra gracias a la humanidad y sensibilidad que dan a sus personajes, sobre todo a la hora de hablar de Carmen, una guionista retirada en busca de una conexi\u00f3n m\u00e1s terrenal.<\/p>\n<p>El problema es que la trama nunca termina de desarrollar todo su potencial. Hay escenas y situaciones interesantes, pero la narrativa se queda en un terreno conocido, sin arriesgar ni profundizar demasiado en los temas que se nos plantean. Cuando termina, se nos queda la sensaci\u00f3n de que hemos visto algo bonito, s\u00ed, pero tambi\u00e9n intrascendente.<\/p>\n<h3 class=\"wp-block-heading\"><span class=\"ez-toc-section\" id=\"Belleza_sonora_y_visual\"><\/span><span class=\"ez-toc-section\" id=\"Belleza_sonora_y_visual\"\/>Belleza sonora y visual<span class=\"ez-toc-section-end\"\/><span class=\"ez-toc-section-end\"><\/span><\/h3>\n<p>Eso s\u00ed, siendo justos con la cinta, no puedo dejar de hablar de su apartado t\u00e9cnico. La direcci\u00f3n de fotograf\u00eda de Alberto Pareja consigue transmitir la magia de los paisajes rurales, transport\u00e1ndonos a una mas\u00eda que casi sentimos como propia. Adem\u00e1s, la m\u00fasica de Alejandro Rom\u00e1n acompa\u00f1a maravillosamente a las im\u00e1genes, con una delicadeza que ayuda a construir esa atm\u00f3sfera \u00edntima y po\u00e9tica que la pel\u00edcula busca.<\/p>\n<h3 class=\"wp-block-heading\"><span class=\"ez-toc-section\" id=\"El_publico_de_Tierra_Baja\"><\/span><span class=\"ez-toc-section\" id=\"El_publico_de_Tierra_Baja\"\/>El p\u00fablico de Tierra Baja<span class=\"ez-toc-section-end\"\/><span class=\"ez-toc-section-end\"><\/span><\/h3>\n<p>En lo personal, creo que <em>Tierra Baja<\/em> es la t\u00edpica pel\u00edcula que imagino disfrutando en una tarde tranquila con mi madre (o mi abuela, si la tuviera). Es para quienes valoran las historias pausadas, donde los gestos y las miradas dicen m\u00e1s que las palabras. Sin embargo, para quienes buscan algo con mayor fuerza narrativa o un cierre m\u00e1s contundente, la cinta podr\u00eda resultar algo insatisfactoria.<\/p>\n<h3 class=\"wp-block-heading\"><span class=\"ez-toc-section\" id=\"%C2%BFVale_la_pena_Tierra_Baja\"><\/span><span class=\"ez-toc-section\" id=\"%C2%BFVale_la_pena_Tierra_Baja\"\/>\u00bfVale la pena Tierra Baja?<span class=\"ez-toc-section-end\"\/><span class=\"ez-toc-section-end\"><\/span><\/h3>\n<p><strong><em>Tierra baja<\/em> no es una mala pel\u00edcula, ni mucho menos. Su direcci\u00f3n, actuaciones y apartado visual son dignos de aplaudir, pero la falta de ambici\u00f3n en su historia impide que pase de ser simplemente \u00abcorrecta\u00bb. Si buscas un cine tranquilo, emocional y con una fotograf\u00eda de postal, esta pel\u00edcula te agradar\u00e1, aunque es probable que no permanezca mucho tiempo en tu memoria.<\/strong><\/p>\n<p><!-- CONTENT END 2 -->\n\t\t\t\t\t\t\t\t\t\t\t\t\t\t\t\t\t\t\t\t\t\t\t\t\t\t\t<\/div>\n<p><a href=\"https:\/\/somosdecine.com\/tierra-baja-2025-pelicula-critica\/\" class=\" target=\" title=\"Cr\u00edtica &#039;Tierra baja&#039; (2025) - SOY DE CINE\" target=\"_blank\" rel=\"noopener\">Ver fuente<\/a><\/p>\n","protected":false},"excerpt":{"rendered":"<p>Valoraci\u00f3n \u2605\u2605\u2605\u2606\u2606\u2606 Miguel Santesmases estrena en cines Tierra baja, una cinta que combina el drama y el romanticismo en un bello entorno rural. Tras haber podido disfrutar de ella, en esta cr\u00edtica quiero contarte qu\u00e9 me ha parecido para que valores si es un film de tu inter\u00e9s o si, por el contrario, prefieres seguir [&hellip;]<\/p>\n","protected":false},"author":2,"featured_media":46280,"comment_status":"open","ping_status":"closed","sticky":false,"template":"","format":"standard","meta":{"footnotes":""},"categories":[8],"tags":[],"class_list":["post-46279","post","type-post","status-publish","format-standard","has-post-thumbnail","hentry","category-entretenimiento"],"_links":{"self":[{"href":"https:\/\/enfoquenoticioso.com\/index.php?rest_route=\/wp\/v2\/posts\/46279","targetHints":{"allow":["GET"]}}],"collection":[{"href":"https:\/\/enfoquenoticioso.com\/index.php?rest_route=\/wp\/v2\/posts"}],"about":[{"href":"https:\/\/enfoquenoticioso.com\/index.php?rest_route=\/wp\/v2\/types\/post"}],"author":[{"embeddable":true,"href":"https:\/\/enfoquenoticioso.com\/index.php?rest_route=\/wp\/v2\/users\/2"}],"replies":[{"embeddable":true,"href":"https:\/\/enfoquenoticioso.com\/index.php?rest_route=%2Fwp%2Fv2%2Fcomments&post=46279"}],"version-history":[{"count":0,"href":"https:\/\/enfoquenoticioso.com\/index.php?rest_route=\/wp\/v2\/posts\/46279\/revisions"}],"wp:featuredmedia":[{"embeddable":true,"href":"https:\/\/enfoquenoticioso.com\/index.php?rest_route=\/wp\/v2\/media\/46280"}],"wp:attachment":[{"href":"https:\/\/enfoquenoticioso.com\/index.php?rest_route=%2Fwp%2Fv2%2Fmedia&parent=46279"}],"wp:term":[{"taxonomy":"category","embeddable":true,"href":"https:\/\/enfoquenoticioso.com\/index.php?rest_route=%2Fwp%2Fv2%2Fcategories&post=46279"},{"taxonomy":"post_tag","embeddable":true,"href":"https:\/\/enfoquenoticioso.com\/index.php?rest_route=%2Fwp%2Fv2%2Ftags&post=46279"}],"curies":[{"name":"wp","href":"https:\/\/api.w.org\/{rel}","templated":true}]}}