{"id":46329,"date":"2025-01-26T15:46:56","date_gmt":"2025-01-26T15:46:56","guid":{"rendered":"https:\/\/enfoquenoticioso.com\/entretenimiento\/norah-suarez-la-escarlata-de-radio-rochela-es-diagnosticada-con-cancer-en-la-columna\/"},"modified":"2025-01-26T15:46:56","modified_gmt":"2025-01-26T15:46:56","slug":"norah-suarez-la-escarlata-de-radio-rochela-es-diagnosticada-con-cancer-en-la-columna","status":"publish","type":"post","link":"https:\/\/enfoquenoticioso.com\/?p=46329","title":{"rendered":"Norah Su\u00e1rez, la \u2018Escarlata\u2019 de Radio Rochela, es diagnosticada con c\u00e1ncer en la columna"},"content":{"rendered":"<div id=\"post-546914\">\n<div class=\"entry-thumbnail\">\n<img width=\"750\" height=\"391\" src=\"https:\/\/i0.wp.com\/noticiasaldiayalahora.co\/wp-content\/uploads\/2025\/01\/Norah-Suarez.jpg?resize=750%2C391&amp;ssl=1\" class=\"attachment-content-single size-content-single wp-post-image\" alt=\"\" decoding=\"async\" fetchpriority=\"high\" srcset=\"https:\/\/i0.wp.com\/noticiasaldiayalahora.co\/wp-content\/uploads\/2025\/01\/Norah-Suarez.jpg?w=750&amp;ssl=1 750w, https:\/\/i0.wp.com\/noticiasaldiayalahora.co\/wp-content\/uploads\/2025\/01\/Norah-Suarez.jpg?resize=300%2C156&amp;ssl=1 300w\" sizes=\"(max-width: 750px) 100vw, 750px\"\/><\/div>\n<p class=\"entry-meta\">\n<span class=\"entry-meta-author vcard author\">Por: <a class=\"fn\" href=\"https:\/\/noticiasaldiayalahora.co\/author\/redaccion\/\" target=\"_blank\" rel=\"noopener\">Redacci\u00f3n Noticias al Dia y a la Hora<\/a><\/span><br \/>\n<span class=\"entry-meta-date updated\">26 enero, 2025<\/span>\n<\/p>\n<div class=\"entry-content clearfix\">\n<p>La actriz Norah Su\u00e1rez, recordada por su papel de \u2018Escarlata\u2019, solicita nuevamente una ayuda econ\u00f3mica debido a que se le diagnostic\u00f3 c\u00e1ncer en su columna, lo que le ha impedido caminar.<span id=\"more-546914\"\/><\/p>\n<p>En su cuenta de Instagram, recurri\u00f3 a sus seguidores para pedir una nueva ayuda monetaria.<\/p>\n<blockquote class=\"instagram-media\" style=\"background: #FFF; border: 0; border-radius: 3px; box-shadow: 0 0 1px 0 rgba(0,0,0,0.5),0 1px 10px 0 rgba(0,0,0,0.15); margin: 1px; max-width: 540px; min-width: 326px; padding: 0; width: calc(100% - 2px);\" data-instgrm-captioned=\"\" data-instgrm-permalink=\"https:\/\/www.instagram.com\/p\/DFOl4S2SLOK\/?utm_source=ig_embed&amp;utm_campaign=loading\" data-instgrm-version=\"14\">\n<\/blockquote>\n<p>\u201cEst\u00e1 en una situaci\u00f3n de salud muy delicada. Su diagn\u00f3stico es c\u00e1ncer en la espina dorsal, que ocasion\u00f3 la par\u00e1lisis de ambas piernas. Actualmente, necesita continuar con radioterapia, quimioterapia, di\u00e1lisis y resto de gastos m\u00e9dicos\u201d, dice la publicaci\u00f3n.<\/p>\n<p>Asimismo, ya hay un link del GoFundMe para quienes deseen ayudar a Norah Su\u00e1rez o, en tal caso, puedan darle redifusi\u00f3n.<\/p>\n<p>De acuerdo a una historia de la actriz, la meta es alcanzar la suma de 10 mil d\u00f3lares. Hasta los momentos, ha podido recoger casi 7 mil.<\/p>\n<p>En agosto pasado, tambi\u00e9n estuvo solicitando un apoyo econ\u00f3mico luego de sufrir una ca\u00edda. \u00abDespu\u00e9s de m\u00e1s de 50 a\u00f1os de carrera art\u00edstica. Mis amados seguidores, cuento con ustedes para mi sanaci\u00f3n producto de una ca\u00edda\u00bb, dijo en esa ocasi\u00f3n.<\/p>\n<p>\u00a0<\/p>\n<\/p><\/div>\n<\/div>\n<p><script async src=\"\/\/www.instagram.com\/embed.js\"><\/script><br \/>\n<br \/><a href=\"https:\/\/noticiasaldiayalahora.co\/entretenimiento\/norah-suarez-la-escarlata-de-radio-rochela-es-diagnosticada-con-cancer-en-la-columna\/\" class=\" target=\" title=\"Norah Su\u00e1rez, la \u2018Escarlata\u2019 de Radio Rochela, es diagnosticada con c\u00e1ncer en la columna\" target=\"_blank\" rel=\"noopener\">Ver fuente<\/a><\/p>\n","protected":false},"excerpt":{"rendered":"<p>Por: Redacci\u00f3n Noticias al Dia y a la Hora 26 enero, 2025 La actriz Norah Su\u00e1rez, recordada por su papel de \u2018Escarlata\u2019, solicita nuevamente una ayuda econ\u00f3mica debido a que se le diagnostic\u00f3 c\u00e1ncer en su columna, lo que le ha impedido caminar. En su cuenta de Instagram, recurri\u00f3 a sus seguidores para pedir una [&hellip;]<\/p>\n","protected":false},"author":2,"featured_media":46330,"comment_status":"open","ping_status":"closed","sticky":false,"template":"","format":"standard","meta":{"footnotes":""},"categories":[8],"tags":[],"class_list":["post-46329","post","type-post","status-publish","format-standard","has-post-thumbnail","hentry","category-entretenimiento"],"_links":{"self":[{"href":"https:\/\/enfoquenoticioso.com\/index.php?rest_route=\/wp\/v2\/posts\/46329","targetHints":{"allow":["GET"]}}],"collection":[{"href":"https:\/\/enfoquenoticioso.com\/index.php?rest_route=\/wp\/v2\/posts"}],"about":[{"href":"https:\/\/enfoquenoticioso.com\/index.php?rest_route=\/wp\/v2\/types\/post"}],"author":[{"embeddable":true,"href":"https:\/\/enfoquenoticioso.com\/index.php?rest_route=\/wp\/v2\/users\/2"}],"replies":[{"embeddable":true,"href":"https:\/\/enfoquenoticioso.com\/index.php?rest_route=%2Fwp%2Fv2%2Fcomments&post=46329"}],"version-history":[{"count":0,"href":"https:\/\/enfoquenoticioso.com\/index.php?rest_route=\/wp\/v2\/posts\/46329\/revisions"}],"wp:featuredmedia":[{"embeddable":true,"href":"https:\/\/enfoquenoticioso.com\/index.php?rest_route=\/wp\/v2\/media\/46330"}],"wp:attachment":[{"href":"https:\/\/enfoquenoticioso.com\/index.php?rest_route=%2Fwp%2Fv2%2Fmedia&parent=46329"}],"wp:term":[{"taxonomy":"category","embeddable":true,"href":"https:\/\/enfoquenoticioso.com\/index.php?rest_route=%2Fwp%2Fv2%2Fcategories&post=46329"},{"taxonomy":"post_tag","embeddable":true,"href":"https:\/\/enfoquenoticioso.com\/index.php?rest_route=%2Fwp%2Fv2%2Ftags&post=46329"}],"curies":[{"name":"wp","href":"https:\/\/api.w.org\/{rel}","templated":true}]}}