{"id":46456,"date":"2025-01-27T09:22:44","date_gmt":"2025-01-27T09:22:44","guid":{"rendered":"https:\/\/enfoquenoticioso.com\/entretenimiento\/rtve-responde-a-la-polemica-de-la-estampita-de-lalachus-en-las-campanadas-se-ha-interpretado-como-una-profanacion\/"},"modified":"2025-01-27T09:22:44","modified_gmt":"2025-01-27T09:22:44","slug":"rtve-responde-a-la-polemica-de-la-estampita-de-lalachus-en-las-campanadas-se-ha-interpretado-como-una-profanacion","status":"publish","type":"post","link":"https:\/\/enfoquenoticioso.com\/?p=46456","title":{"rendered":"RTVE responde a la pol\u00e9mica de la estampita de Lalachus en las Campanadas. \u00abSe ha interpretado como una profanaci\u00f3n\u00bb"},"content":{"rendered":"<div>\n<p>Aunque ya se han apaciguado un poco las aguas desde <a class=\"text-outboundlink\" href=\"https:\/\/www.espinof.com\/la-1\/hazte-oir-abogados-cristianos-aseguran-que-denunciaran-a-lalachus-david-broncano-su-estampita-vaquilla-campanadas\" data-vars-post-title=\"Hazte o\u00edr y Abogados cristianos aseguran que denunciar\u00e1n a Lalachus y David Broncano por su estampita de la Vaquilla en las Campanadas\" data-vars-post-url=\"https:\/\/www.espinof.com\/la-1\/hazte-oir-abogados-cristianos-aseguran-que-denunciaran-a-lalachus-david-broncano-su-estampita-vaquilla-campanadas\" target=\"_blank\" rel=\"noopener\">la pol\u00e9mica absurda<\/a> por la estampita de la Vaquilla en <a class=\"text-outboundlink\" href=\"https:\/\/www.espinof.com\/la-1\/creo-que-campanadas-lalachus-david-broncano-han-revolucionado-a-golpe-vacile-formato-anquilosado-aparentemente-inamovible\" data-vars-post-title=\"Creo que las Campanadas de Lalachus y David Broncano han revolucionado a golpe de vacile un formato anquilosado y aparentemente inamovible\" data-vars-post-url=\"https:\/\/www.espinof.com\/la-1\/creo-que-campanadas-lalachus-david-broncano-han-revolucionado-a-golpe-vacile-formato-anquilosado-aparentemente-inamovible\" target=\"_blank\" rel=\"noopener\">las Campanadas de Lalachus y David Broncano<\/a>, la cadena sac\u00f3 a colaci\u00f3n el tema ayer en &#8216;RTVE Responde&#8217;, donde analizaron el momento y <strong>concluyeron que no hab\u00eda \u00abninguna intenci\u00f3n de faltar al respeto\u00bb<\/strong>.<\/p>\n<p><!-- BREAK 1 --> <\/p>\n<div id=\"ez-toc-container\" class=\"ez-toc-v2_0_81 counter-hierarchy ez-toc-counter ez-toc-grey ez-toc-container-direction\">\n<div class=\"ez-toc-title-container\">\n<p class=\"ez-toc-title\" style=\"cursor:inherit\">Tabla de Contenido<\/p>\n<span class=\"ez-toc-title-toggle\"><a href=\"#\" class=\"ez-toc-pull-right ez-toc-btn ez-toc-btn-xs ez-toc-btn-default ez-toc-toggle\" aria-label=\"Alternar tabla de contenidos\"><span class=\"ez-toc-js-icon-con\"><span class=\"\"><span class=\"eztoc-hide\" style=\"display:none;\">Toggle<\/span><span class=\"ez-toc-icon-toggle-span\"><svg style=\"fill: #999;color:#999\" xmlns=\"http:\/\/www.w3.org\/2000\/svg\" class=\"list-377408\" width=\"20px\" height=\"20px\" viewBox=\"0 0 24 24\" fill=\"none\"><path d=\"M6 6H4v2h2V6zm14 0H8v2h12V6zM4 11h2v2H4v-2zm16 0H8v2h12v-2zM4 16h2v2H4v-2zm16 0H8v2h12v-2z\" fill=\"currentColor\"><\/path><\/svg><svg style=\"fill: #999;color:#999\" class=\"arrow-unsorted-368013\" xmlns=\"http:\/\/www.w3.org\/2000\/svg\" width=\"10px\" height=\"10px\" viewBox=\"0 0 24 24\" version=\"1.2\" baseProfile=\"tiny\"><path d=\"M18.2 9.3l-6.2-6.3-6.2 6.3c-.2.2-.3.4-.3.7s.1.5.3.7c.2.2.4.3.7.3h11c.3 0 .5-.1.7-.3.2-.2.3-.5.3-.7s-.1-.5-.3-.7zM5.8 14.7l6.2 6.3 6.2-6.3c.2-.2.3-.5.3-.7s-.1-.5-.3-.7c-.2-.2-.4-.3-.7-.3h-11c-.3 0-.5.1-.7.3-.2.2-.3.5-.3.7s.1.5.3.7z\"\/><\/svg><\/span><\/span><\/span><\/a><\/span><\/div>\n<nav><ul class='ez-toc-list ez-toc-list-level-1 ' ><li class='ez-toc-page-1 ez-toc-heading-level-2'><a class=\"ez-toc-link ez-toc-heading-1\" href=\"https:\/\/enfoquenoticioso.com\/?p=46456\/#%C2%ABNo_se_ha_usado_esa_imagen_para_ofender%C2%BB\" >\u00abNo se ha usado esa imagen para ofender\u00bb<\/a><\/li><\/ul><\/nav><\/div>\n<h2><span class=\"ez-toc-section\" id=\"%C2%ABNo_se_ha_usado_esa_imagen_para_ofender%C2%BB\"><\/span>\u00abNo se ha usado esa imagen para ofender\u00bb<span class=\"ez-toc-section-end\"><\/span><\/h2>\n<p>&#8216;RTVE Responde&#8217; arranc\u00f3 el pasado domingo con el tema de l<strong>a pol\u00e9mica de las Campanadas 2024\/2025<\/strong>, en la que muchas personas se ofendieron por el momento en que Lalachus sac\u00f3 una estampita de la Vaquilla del <a href=\"https:\/\/www.espinof.com\/tag\/grand-prix\" target=\"_blank\" rel=\"noopener\">&#8216;Grand Prix&#8217;<\/a>. Rosa Mar\u00eda Moll\u00f3 profundiz\u00f3 en el tema junto a Asunci\u00f3n Bern\u00e1rdez, catedr\u00e1tica de Periodismo de la Universidad Complutense de Madrid y experta en semi\u00f3tica.<\/p>\n<p><!-- BREAK 2 --><\/p>\n<p>\u00ab<strong>Se ha interpretado como una profanaci\u00f3n<\/strong>, un ataque innecesario contra los cristianos, han dicho, y se ha acusado gravemente a TVE por haberlo permitido\u00bb plante\u00f3 Moll\u00f3. Bern\u00e1rdez comenz\u00f3 explicando que la ofensa part\u00eda que la gente hab\u00eda interpretado el gesto como una incorrecta <strong>\u00abmezcla entre lo religioso y lo profano\u00bb<\/strong>.<\/p>\n<p><!-- BREAK 3 --> <\/p>\n<div class=\"article-asset-image article-asset-normal article-asset-center\">\n<div class=\"asset-content\">\n                   <img class=\"centro_sinmarco\" height=\"1100\" width=\"2000\" loading=\"lazy\" decoding=\"async\" sizes=\"auto, 100vw\" fetchpriority=\"high\" srcset=\"https:\/\/i.blogs.es\/82c484\/rtve-responde\/450_1000.jpeg 450w, https:\/\/i.blogs.es\/82c484\/rtve-responde\/650_1200.jpeg 681w,https:\/\/i.blogs.es\/82c484\/rtve-responde\/1024_2000.jpeg 1024w, https:\/\/i.blogs.es\/82c484\/rtve-responde\/1366_2000.jpeg 1366w\" src=\"https:\/\/i.blogs.es\/82c484\/rtve-responde\/450_1000.jpeg\" alt=\"Rtve Responde\"\/><br \/>\n   <img decoding=\"async\" alt=\"Rtve Responde\" class=\"centro_sinmarco\" src=\"https:\/\/i.blogs.es\/82c484\/rtve-responde\/450_1000.jpeg\"\/><\/p><\/div>\n<\/div>\n<p>No obstante, la catedr\u00e1tica remarc\u00f3 que el Sagrado Coraz\u00f3n es una imagen arraigada en el imaginario colectivo de nuestra cultura: \u00ab<strong>No solo tiene significado para creyentes, para cualquiera de nuestra cultura<\/strong> tiene un significado del amor infinito, del afecto al otro. (&#8230;) Cuando un material se convierte en simb\u00f3lico para una sociedad, cualquiera lo puede usar y resignificar\u00bb.<\/p>\n<p><!-- BREAK 4 --><\/p>\n<p>Bern\u00e1rdez hizo hincapi\u00e9 en que el gesto claramente se hizo sin \u00abninguna intenci\u00f3n de faltar al respeto\u00bb, sino <strong>\u00abcomo un s\u00edmbolo de la familia, unidad\u00bb<\/strong>:<\/p>\n<blockquote><p>\u00abEl limite est\u00e1 en la intenci\u00f3n. Si utilizas un s\u00edmbolo religioso para denostar a la Iglesia o a la gente creyente, hay una ofensa. Pero analizando el contexto de como se ha producido no me da la \u00a0sensaci\u00f3n de que haya usado esa imagen para ofender, sino para reunir la \u00a0cultura espa\u00f1ola con la televisi\u00f3n\u00bb.<\/p><\/blockquote>\n<div class=\"article-asset article-asset-normal article-asset-center\">\n<div class=\"desvio-container\">\n<div class=\"desvio\">\n<div class=\"desvio-figure js-desvio-figure\">\n    <a href=\"https:\/\/www.espinof.com\/reality\/jorge-ponce-hace-sacrificio-al-dios-share-revuelta-pueda-vencer-audiencias-hormiguero-sale-regular\" class=\"pivot-outboundlink\" data-vars-post-title=\"Jorge Ponce hace &quot;un sacrificio&quot; al dios del share para que &#039;La revuelta&#039; pueda vencer las audiencias de &#039;El hormiguero&#039; (y sale regular)\" target=\"_blank\" rel=\"noopener\"><br \/>\n     <img loading=\"lazy\" decoding=\"async\" alt=\"Jorge Ponce hace &quot;un sacrificio&quot; al dios del share para que 'La revuelta' pueda vencer las audiencias de 'El hormiguero' (y sale regular)\" width=\"375\" height=\"142\" src=\"https:\/\/i.blogs.es\/106bda\/broncano\/375_142.jpeg\"\/><br \/>\n    <\/a>\n   <\/div>\n<\/p><\/div>\n<\/p><\/div>\n<\/div>\n<p>\u00abEste tipo de pol\u00e9micas son enormemente desagradables, porque la humorista no ten\u00eda esa intenci\u00f3n\u00bb apunt\u00f3 Moll\u00f3. \u00ab<strong>Todo el mundo tenemos derecho a sentirnos ofendidos por el uso de una imagen o s\u00edmbolo, pero podemos dialogar<\/strong>, que creo que es lo que tenemos que hacer\u00bb concluy\u00f3 Bern\u00e1rdez.<\/p>\n<p><!-- BREAK 5 --><\/p>\n<p>En Espinof | <a class=\"text-outboundlink\" href=\"https:\/\/www.espinof.com\/presentadores\/david-broncano-tiene-claro-su-futuro-campanadas-no-voy-a-hacer-nunca\" data-vars-post-title=\"David Broncano tiene claro su futuro en las Campanadas. &quot;No lo voy a hacer nunca m\u00e1s&quot;\" data-vars-post-url=\"https:\/\/www.espinof.com\/presentadores\/david-broncano-tiene-claro-su-futuro-campanadas-no-voy-a-hacer-nunca\" target=\"_blank\" rel=\"noopener\">David Broncano tiene claro su futuro en las Campanadas. \u00abNo lo voy a hacer nunca m\u00e1s\u00bb<\/a><\/p>\n<p>En Espinof | <a class=\"text-outboundlink\" href=\"https:\/\/www.espinof.com\/listas\/mejores-series-terror-2024\" data-vars-post-title=\"Las 11 mejores series de terror de 2024\" data-vars-post-url=\"https:\/\/www.espinof.com\/listas\/mejores-series-terror-2024\" target=\"_blank\" rel=\"noopener\">Las mejores series de terror de 2024<\/a><\/p>\n<\/p><\/div>\n<p><a href=\"https:\/\/www.espinof.com\/la-1\/rtve-responde-a-polemica-estampita-lalachus-campanadas-se-ha-interpretado-como-profanacion\" class=\" target=\" title=\"RTVE responde a la pol\u00e9mica de la estampita de Lalachus en las Campanadas. \" Se ha interpretado como una target=\"_blank\" rel=\"noopener\">Ver fuente<\/a><\/p>\n","protected":false},"excerpt":{"rendered":"<p>Aunque ya se han apaciguado un poco las aguas desde la pol\u00e9mica absurda por la estampita de la Vaquilla en las Campanadas de Lalachus y David Broncano, la cadena sac\u00f3 a colaci\u00f3n el tema ayer en &#8216;RTVE Responde&#8217;, donde analizaron el momento y concluyeron que no hab\u00eda \u00abninguna intenci\u00f3n de faltar al respeto\u00bb. \u00abNo se [&hellip;]<\/p>\n","protected":false},"author":2,"featured_media":46457,"comment_status":"open","ping_status":"closed","sticky":false,"template":"","format":"standard","meta":{"footnotes":""},"categories":[8],"tags":[],"class_list":["post-46456","post","type-post","status-publish","format-standard","has-post-thumbnail","hentry","category-entretenimiento"],"_links":{"self":[{"href":"https:\/\/enfoquenoticioso.com\/index.php?rest_route=\/wp\/v2\/posts\/46456","targetHints":{"allow":["GET"]}}],"collection":[{"href":"https:\/\/enfoquenoticioso.com\/index.php?rest_route=\/wp\/v2\/posts"}],"about":[{"href":"https:\/\/enfoquenoticioso.com\/index.php?rest_route=\/wp\/v2\/types\/post"}],"author":[{"embeddable":true,"href":"https:\/\/enfoquenoticioso.com\/index.php?rest_route=\/wp\/v2\/users\/2"}],"replies":[{"embeddable":true,"href":"https:\/\/enfoquenoticioso.com\/index.php?rest_route=%2Fwp%2Fv2%2Fcomments&post=46456"}],"version-history":[{"count":0,"href":"https:\/\/enfoquenoticioso.com\/index.php?rest_route=\/wp\/v2\/posts\/46456\/revisions"}],"wp:featuredmedia":[{"embeddable":true,"href":"https:\/\/enfoquenoticioso.com\/index.php?rest_route=\/wp\/v2\/media\/46457"}],"wp:attachment":[{"href":"https:\/\/enfoquenoticioso.com\/index.php?rest_route=%2Fwp%2Fv2%2Fmedia&parent=46456"}],"wp:term":[{"taxonomy":"category","embeddable":true,"href":"https:\/\/enfoquenoticioso.com\/index.php?rest_route=%2Fwp%2Fv2%2Fcategories&post=46456"},{"taxonomy":"post_tag","embeddable":true,"href":"https:\/\/enfoquenoticioso.com\/index.php?rest_route=%2Fwp%2Fv2%2Ftags&post=46456"}],"curies":[{"name":"wp","href":"https:\/\/api.w.org\/{rel}","templated":true}]}}