{"id":46509,"date":"2025-01-27T14:03:47","date_gmt":"2025-01-27T14:03:47","guid":{"rendered":"https:\/\/enfoquenoticioso.com\/entretenimiento\/la-heredera-de-un-imperio-de-bagettes-contra-el-racismo-en-una-francia-donde-nadie-habla-frances\/"},"modified":"2025-01-27T14:03:47","modified_gmt":"2025-01-27T14:03:47","slug":"la-heredera-de-un-imperio-de-bagettes-contra-el-racismo-en-una-francia-donde-nadie-habla-frances","status":"publish","type":"post","link":"https:\/\/enfoquenoticioso.com\/?p=46509","title":{"rendered":"la heredera de un imperio de bagettes contra el racismo en una Francia donde nadie habla franc\u00e9s"},"content":{"rendered":"<div>\n<p>Meses de protestas del p\u00fablico mexicano con <a class=\"text-outboundlink\" href=\"https:\/\/www.espinof.com\/premios-oscar\/todas-polemicas-emilia-perez-que-acumula-nominaciones-a-oscar-que-retorno-rey-a-pesar-usar-ia-ser-acusada-racismo-transfobia\" data-vars-post-title=\"&#039;Emilia P\u00e9rez&#039;, la gran protagonista de los Oscars 2025 destruye todas las pol\u00e9micas y suma m\u00e1s nominaciones que &#039;Ben-Hur&#039; o &#039;El retorno del rey&#039;\" data-vars-post-url=\"https:\/\/www.espinof.com\/premios-oscar\/todas-polemicas-emilia-perez-que-acumula-nominaciones-a-oscar-que-retorno-rey-a-pesar-usar-ia-ser-acusada-racismo-transfobia\" target=\"_blank\" rel=\"noopener\">&#8216;Emilia P\u00e9rez&#8217;<\/a> no han evitado sea la pel\u00edcula m\u00e1s nominada de la presente edici\u00f3n de los Oscars. Con 13 nominaciones, incluyendo las categor\u00edas m\u00e1s importantes como Mejor Pel\u00edcula y Mejor Director, <strong>los internautas han encontrado otra forma de vengarse<\/strong>: hacer su propia versi\u00f3n a modo de mofa y ponerla gratis en internet en un movimiento que no ha tardado en hacerse viral.<\/p>\n<p><!-- BREAK 1 --> <\/p>\n<p><strong>Nace as\u00ed Johanne Sacreblu<\/strong>. Un cortometraje musical sobre Francia grabado en M\u00e9xico y que es parte &#8216;Emilia P\u00e9rez&#8217;, parte <a class=\"text-outboundlink\" href=\"https:\/\/www.espinof.com\/criticas\/ratatouille-manjar-exquisito\" data-vars-post-title=\"&#039;Ratatouille&#039;, manjar exquisito\" data-vars-post-url=\"https:\/\/www.espinof.com\/criticas\/ratatouille-manjar-exquisito\" target=\"_blank\" rel=\"noopener\">&#8216;Ratatoulle&#8217;<\/a> y parte <a class=\"text-outboundlink\" href=\"https:\/\/www.espinof.com\/series-de-ficcion\/romeo-y-julieta-una-adaptacion-vistosa-para-una-pareja-sin-gracia\" data-vars-post-title=\"&#039;Romeo y Julieta&#039;, una adaptaci\u00f3n vistosa para una pareja sin gracia\" data-vars-post-url=\"https:\/\/www.espinof.com\/series-de-ficcion\/romeo-y-julieta-una-adaptacion-vistosa-para-una-pareja-sin-gracia\" target=\"_blank\" rel=\"noopener\">&#8216;Romeo y Julieta&#8217;<\/a>. La protagonista es una mujer trans heredera de un imperio de bagettes reci\u00e9n llegada de M\u00e9xico que rechaza su herencia familiar. Buscando luchar contra el racismo se enamora de Arturo Ratatouille, perteneciente a la familia enfrentada a los Sacreblu, y quienes tienen un imperio de croissants.<\/p>\n<p><!-- BREAK 2 --><\/p>\n<div class=\"article-asset-image article-asset-normal article-asset-center\">\n<div class=\"asset-content\">\n                   <img class=\"centro_sinmarco\" height=\"1859\" width=\"3834\" loading=\"lazy\" decoding=\"async\" sizes=\"auto, 100vw\" fetchpriority=\"high\" srcset=\"https:\/\/i.blogs.es\/d5e77b\/sacreblu-2-\/450_1000.jpeg 450w, https:\/\/i.blogs.es\/d5e77b\/sacreblu-2-\/650_1200.jpeg 681w,https:\/\/i.blogs.es\/d5e77b\/sacreblu-2-\/1024_2000.jpeg 1024w, https:\/\/i.blogs.es\/d5e77b\/sacreblu-2-\/1366_2000.jpeg 1366w\" src=\"https:\/\/i.blogs.es\/d5e77b\/sacreblu-2-\/450_1000.jpeg\" alt=\"Sacreblu\"\/><br \/>\n   <img decoding=\"async\" alt=\"Sacreblu\" class=\"centro_sinmarco\" src=\"https:\/\/i.blogs.es\/d5e77b\/sacreblu-2-\/450_1000.jpeg\"\/><\/p><\/div>\n<\/div>\n<p>Al contrario que la pel\u00edcula de Jacques Audiard, este s\u00ed tiene detr\u00e1s una directora trans. Es obra de la creadora de contenido mexicana Camila D. Aurora, qui\u00e9n ha movido el proyecto desde sus redes. El cortometraje final <a rel=\"noopener, noreferrer\" href=\"https:\/\/youtu.be\/iLT4v3mkrvk?si=kT5mZuS-fJu-rPjH\" target=\"_blank\">puede verse en su canal<\/a> de Youtube y <strong>ya lleva m\u00e1s de 700 mil visitas en menos de dos d\u00edas<\/strong>.<\/p>\n<p><!-- BREAK 3 --> <\/p>\n<p>En cuanto a si es un buen visionado o no\u2026 lo cierto es que no mucho, pero es un poco la gracia. <strong>Todo es una cr\u00edtica al tratamiento de &#8216;Emilia P\u00e9rez&#8217; de los estereotipos mexicanos<\/strong>. Johanne Sacreblu hace lo mismo con Francia. No tardas ni un minuto en ver una imagen de la Torre Eiffel. Todos los personajes tienen bigotes dibujados de mentira, hay ratas y bagettes por todas partes y el idioma que hablan es una mezcla entre franc\u00e9s inventado, franc\u00e9s de verdad mal pronunciado, y espa\u00f1ol con acento franc\u00e9s.<\/p>\n<p><!-- BREAK 4 --><\/p>\n<div class=\"article-asset-image article-asset-normal article-asset-center\">\n<div class=\"asset-content\">\n                   <img class=\"centro_sinmarco\" height=\"1858\" width=\"3834\" loading=\"lazy\" decoding=\"async\" sizes=\"auto, 100vw\" fetchpriority=\"high\" srcset=\"https:\/\/i.blogs.es\/3ec19c\/sacrelu2\/450_1000.jpeg 450w, https:\/\/i.blogs.es\/3ec19c\/sacrelu2\/650_1200.jpeg 681w,https:\/\/i.blogs.es\/3ec19c\/sacrelu2\/1024_2000.jpeg 1024w, https:\/\/i.blogs.es\/3ec19c\/sacrelu2\/1366_2000.jpeg 1366w\" src=\"https:\/\/i.blogs.es\/3ec19c\/sacrelu2\/450_1000.jpeg\" alt=\"Sacrelu2\"\/><br \/>\n   <img decoding=\"async\" alt=\"Sacrelu2\" class=\"centro_sinmarco\" src=\"https:\/\/i.blogs.es\/3ec19c\/sacrelu2\/450_1000.jpeg\"\/><\/p><\/div>\n<\/div>\n<p><strong>Sorprende hasta qu\u00e9 punto han montado todo esto en tan poco tiempo<\/strong>. Fue a principios de enero cuando en su cuenta de TikTok Camila empezaba a criticar la pel\u00edcula, y apenas unos d\u00edas m\u00e1s tarde, el 16 de enero, <a rel=\"noopener, noreferrer\" href=\"https:\/\/www.tiktok.com\/@camiileo\/video\/7460371334863015174?is_from_webapp=1&amp;sender_device=pc&amp;web_id=7402223271720502816\" target=\"_blank\">public\u00f3 un v\u00eddeo<\/a> en el que comunicaba la idea de hacer el corto a sus seguidores: <em>\u00abEmilia P\u00e9rez ha desbloqueado mi venta art\u00edstica\u00bb<\/em>, empezaba diciendo. No tard\u00f3 en recibir apoyo en los comentarios que despu\u00e9s se materializ\u00f3 en colaboradores para el corto y financiaci\u00f3n, recaudando 37 mil pesos con los que se pusieron manos a la obra.<\/p>\n<p><!-- BREAK 5 --><\/p>\n<div class=\"article-asset article-asset-normal article-asset-center\">\n<div class=\"desvio-container\">\n<div class=\"desvio\">\n<div class=\"desvio-figure js-desvio-figure\">\n    <a href=\"https:\/\/www.applesfera.com\/curiosidades\/uno-mayores-accionistas-apple-tiene-94-anos-medicos-no-se-explican-como-sigue-vivo-coca-cola-mcdonalds-parte-su-dieta-diaria\" class=\"pivot-outboundlink\" target=\"_blank\" data-vars-post-title=\"Es uno de los mayores accionistas de Apple, tiene 94 a\u00f1os y los m\u00e9dicos no se explican &quot;c\u00f3mo sigue vivo&quot;: Coca Cola y McDonald&#039;s son parte de su dieta diaria\" rel=\"noopener\"><br \/>\n     <img loading=\"lazy\" decoding=\"async\" alt=\"Es uno de los mayores accionistas de Apple, tiene 94 a\u00f1os y los m\u00e9dicos no se explican &quot;c\u00f3mo sigue vivo&quot;: Coca Cola y McDonald's son parte de su dieta diaria\" width=\"375\" height=\"142\" src=\"https:\/\/i.blogs.es\/01fbb7\/warren-buffet-cocacola\/375_142.jpeg\"\/><br \/>\n    <\/a>\n   <\/div>\n<\/p><\/div>\n<\/p><\/div>\n<\/div>\n<p>La historia de Johanne Sacreblu es una respuesta humor\u00edstica a una protesta muy real de toda una comunidad, y que ha llegado a o\u00eddos del propio director de la pel\u00edcula. <a class=\"text-outboundlink\" href=\"https:\/\/www.espinof.com\/directores-y-guionistas\/jaques-audiard-pide-perdon-a-mexico-se-disculpa-su-pelicula-emilia-perez-me-sorprende-muchisimo\" data-vars-post-title=\"Jaques Audiard pide perd\u00f3n a M\u00e9xico y se disculpa sobre su pel\u00edcula &#039;Emilia P\u00e9rez&#039;: &quot;Me sorprende much\u00edsimo&quot; \" data-vars-post-url=\"https:\/\/www.espinof.com\/directores-y-guionistas\/jaques-audiard-pide-perdon-a-mexico-se-disculpa-su-pelicula-emilia-perez-me-sorprende-muchisimo\" target=\"_blank\" rel=\"noopener\">Jaques Audiard ya ha pedido perd\u00f3n a M\u00e9xico<\/a> por &#8216;Emilia P\u00e9rez&#8217;, afirmando que ten\u00eda una imagen mucho m\u00e1s estilizada en la cabeza de la del M\u00e9xico real, pero al mismo tiempo defendiendo su visi\u00f3n: <em>\u00ab\u00bfNecesitaba Shakespeare ir hasta Verona para escribir una historia sobre ese lugar?\u00bb<\/em><\/p>\n<p><!-- BREAK 6 --> <\/p>\n<p>En Espinof | <a class=\"text-outboundlink\" href=\"https:\/\/www.espinof.com\/premios-oscar\/presencia-emilia-perez-oscars-historica-como-problematica-primera-nominada-a-mejor-pelicula-abiertamente-trans-drama-moralmente-confuso\" data-vars-post-title=\"La presencia de &#039;Emilia P\u00e9rez&#039; en los Oscars es tan hist\u00f3rica como problem\u00e1tica. La primera nominada a Mejor Pel\u00edcula abiertamente trans es un drama moralmente confuso\" data-vars-post-url=\"https:\/\/www.espinof.com\/premios-oscar\/presencia-emilia-perez-oscars-historica-como-problematica-primera-nominada-a-mejor-pelicula-abiertamente-trans-drama-moralmente-confuso\" target=\"_blank\" rel=\"noopener\">La presencia de &#8216;Emilia P\u00e9rez&#8217; en los Oscars es tan hist\u00f3rica como problem\u00e1tica. La primera nominada a Mejor Pel\u00edcula abiertamente trans es un drama moralmente confuso<\/a><\/p>\n<p><!-- BREAK 7 --><\/p>\n<p>En Espinof | <a class=\"text-outboundlink\" href=\"https:\/\/www.espinof.com\/fecha-de-estreno\/premios-oscar-2025-nominados-favoritos-fecha-gala-otros-detalles-gran-evento-cinematografico\" data-vars-post-title=\"Premios Oscar 2025: nominados, favoritos, fecha de la gala y otros detalles del gran evento cinematogr\u00e1fico\" data-vars-post-url=\"https:\/\/www.espinof.com\/fecha-de-estreno\/premios-oscar-2025-nominados-favoritos-fecha-gala-otros-detalles-gran-evento-cinematografico\" target=\"_blank\" rel=\"noopener\">Premios Oscar 2025: nominados, favoritos, fecha de la gala y otros detalles del gran evento cinematogr\u00e1fico<\/a><\/p>\n<\/p><\/div>\n<p><script async src=\"\/\/www.tiktok.com\/embed.js\"><\/script><br \/>\n<br \/><a href=\"https:\/\/www.espinof.com\/en-digital\/mexico-responde-a-emilia-perez-musical-johanne-sacreblu-heredera-imperio-bagettes-racismo-francia-donde-nadie-habla-frances\" class=\" target=\" title=\"la heredera de un imperio de bagettes contra el racismo en una Francia donde nadie habla franc\u00e9s\" target=\"_blank\" rel=\"noopener\">Ver fuente<\/a><\/p>\n","protected":false},"excerpt":{"rendered":"<p>Meses de protestas del p\u00fablico mexicano con &#8216;Emilia P\u00e9rez&#8217; no han evitado sea la pel\u00edcula m\u00e1s nominada de la presente edici\u00f3n de los Oscars. Con 13 nominaciones, incluyendo las categor\u00edas m\u00e1s importantes como Mejor Pel\u00edcula y Mejor Director, los internautas han encontrado otra forma de vengarse: hacer su propia versi\u00f3n a modo de mofa y [&hellip;]<\/p>\n","protected":false},"author":2,"featured_media":46510,"comment_status":"open","ping_status":"closed","sticky":false,"template":"","format":"standard","meta":{"footnotes":""},"categories":[8],"tags":[],"class_list":["post-46509","post","type-post","status-publish","format-standard","has-post-thumbnail","hentry","category-entretenimiento"],"_links":{"self":[{"href":"https:\/\/enfoquenoticioso.com\/index.php?rest_route=\/wp\/v2\/posts\/46509","targetHints":{"allow":["GET"]}}],"collection":[{"href":"https:\/\/enfoquenoticioso.com\/index.php?rest_route=\/wp\/v2\/posts"}],"about":[{"href":"https:\/\/enfoquenoticioso.com\/index.php?rest_route=\/wp\/v2\/types\/post"}],"author":[{"embeddable":true,"href":"https:\/\/enfoquenoticioso.com\/index.php?rest_route=\/wp\/v2\/users\/2"}],"replies":[{"embeddable":true,"href":"https:\/\/enfoquenoticioso.com\/index.php?rest_route=%2Fwp%2Fv2%2Fcomments&post=46509"}],"version-history":[{"count":0,"href":"https:\/\/enfoquenoticioso.com\/index.php?rest_route=\/wp\/v2\/posts\/46509\/revisions"}],"wp:featuredmedia":[{"embeddable":true,"href":"https:\/\/enfoquenoticioso.com\/index.php?rest_route=\/wp\/v2\/media\/46510"}],"wp:attachment":[{"href":"https:\/\/enfoquenoticioso.com\/index.php?rest_route=%2Fwp%2Fv2%2Fmedia&parent=46509"}],"wp:term":[{"taxonomy":"category","embeddable":true,"href":"https:\/\/enfoquenoticioso.com\/index.php?rest_route=%2Fwp%2Fv2%2Fcategories&post=46509"},{"taxonomy":"post_tag","embeddable":true,"href":"https:\/\/enfoquenoticioso.com\/index.php?rest_route=%2Fwp%2Fv2%2Ftags&post=46509"}],"curies":[{"name":"wp","href":"https:\/\/api.w.org\/{rel}","templated":true}]}}