{"id":46515,"date":"2025-01-27T14:37:49","date_gmt":"2025-01-27T14:37:49","guid":{"rendered":"https:\/\/enfoquenoticioso.com\/entretenimiento\/la-primera-pelicula-de-star-trek-en-9-anos-es-numero-1-en-26-paises-en-espana-tendremos-que-esperar-casi-un-mes-para-verla\/"},"modified":"2025-01-27T14:37:49","modified_gmt":"2025-01-27T14:37:49","slug":"la-primera-pelicula-de-star-trek-en-9-anos-es-numero-1-en-26-paises-en-espana-tendremos-que-esperar-casi-un-mes-para-verla","status":"publish","type":"post","link":"https:\/\/enfoquenoticioso.com\/?p=46515","title":{"rendered":"La primera pel\u00edcula de Star Trek en 9 a\u00f1os es n\u00famero 1 en 26 pa\u00edses. En Espa\u00f1a tendremos que esperar casi un mes para verla"},"content":{"rendered":"<div>\n<p>El pasado viernes 24 de enero se termin\u00f3 una sequ\u00eda de casi una d\u00e9cada en el universo Star Trek. No es que no hayamos tenido series todo este tiempo pero s\u00ed que desde &#8216;<a class=\"text-outboundlink\" href=\"https:\/\/www.espinof.com\/criticas\/star-trek-mas-alla-acelerada-pero-muy-entretenida\" data-vars-post-title=\"&#039;Star Trek: M\u00e1s all\u00e1&#039;, acelerada pero muy entretenida\" data-vars-post-url=\"https:\/\/www.espinof.com\/criticas\/star-trek-mas-alla-acelerada-pero-muy-entretenida\" target=\"_blank\" rel=\"noopener\">Star Trek: M\u00e1s all\u00e1<\/a>&#8216; <strong>la decana franquicia de ciencia ficci\u00f3n no hab\u00eda vuelto a ofrecer una pel\u00edcula<\/strong>. Esta racha ha acabado hace tan solo unos d\u00edas&#8230; pero a los fans espa\u00f1oles nos va a tocar esperar.<\/p>\n<p><!-- BREAK 1 --> <\/p>\n<p>Y es que la plataforma Paramount+ estren\u00f3 la semana pasada &#8216;<strong>Star Trek: Secci\u00f3n 31<\/strong>&#8216; (Section 31), la primera pel\u00edcula de la saga en 9 a\u00f1os. Escrita por <strong>Craig Sweeny y dirigida por Olatunde Osunsami<\/strong> se trata de un spin-off de &#8216;<a class=\"text-outboundlink\" href=\"https:\/\/www.espinof.com\/criticas\/star-trek-discovery-apunta-alto-su-temporada-final-notable-aventura-que-reivindica-sitio-honor-saga-ciencia-ficcion\" data-vars-post-title=\"&#039;Star Trek: Discovery&#039; apunta alto con su temporada final. Una notable aventura que reivindica un sitio de honor en la saga de ciencia ficci\u00f3n\" data-vars-post-url=\"https:\/\/www.espinof.com\/criticas\/star-trek-discovery-apunta-alto-su-temporada-final-notable-aventura-que-reivindica-sitio-honor-saga-ciencia-ficcion\" target=\"_blank\" rel=\"noopener\">Star Trek: Discovery<\/a>&#8216; para televisi\u00f3n que ya es n\u00famero 1 en 26 pa\u00edses en la plataforma.<\/p>\n<p><!-- BREAK 2 --><\/p>\n<div class=\"article-asset article-asset-normal article-asset-center\">\n<div class=\"desvio-container\">\n<div class=\"desvio\">\n<div class=\"desvio-figure js-desvio-figure\">\n    <a href=\"https:\/\/www.espinof.com\/animacion\/esta-aclamada-serie-star-trek-fue-cancelada-rescataron-su-temporada-2-tiene-puntuacion-perfecta-se-acaba-estrenar\" class=\"pivot-outboundlink\" data-vars-post-title=\"Esta aclamada serie de Star Trek fue cancelada pero la rescataron. Su temporada 2 tiene puntuaci\u00f3n perfecta y se acaba de estrenar\" target=\"_blank\" rel=\"noopener\"><br \/>\n     <img loading=\"lazy\" decoding=\"async\" alt=\"Esta aclamada serie de Star Trek fue cancelada pero la rescataron. Su temporada 2 tiene puntuaci\u00f3n perfecta y se acaba de estrenar\" width=\"375\" height=\"142\" src=\"https:\/\/i.blogs.es\/e23435\/startrekprodigy_st16x9_3840x2160_214_a01\/375_142.jpeg\"\/><br \/>\n    <\/a>\n   <\/div>\n<\/p><\/div>\n<\/p><\/div>\n<\/div>\n<p>Eso s\u00ed, en Espa\u00f1a vamos a tener que esperar un poco para verla, ya que <strong>SkyShowtime tiene programado su estreno para el 21 de febrero<\/strong>. Casi un mes despu\u00e9s de su estreno en Estados Unidos, Latinoam\u00e9rica y resto de territorios con Paramount+.<\/p>\n<p><!-- BREAK 3 --> <\/p>\n<div id=\"ez-toc-container\" class=\"ez-toc-v2_0_81 counter-hierarchy ez-toc-counter ez-toc-grey ez-toc-container-direction\">\n<div class=\"ez-toc-title-container\">\n<p class=\"ez-toc-title\" style=\"cursor:inherit\">Tabla de Contenido<\/p>\n<span class=\"ez-toc-title-toggle\"><a href=\"#\" class=\"ez-toc-pull-right ez-toc-btn ez-toc-btn-xs ez-toc-btn-default ez-toc-toggle\" aria-label=\"Alternar tabla de contenidos\"><span class=\"ez-toc-js-icon-con\"><span class=\"\"><span class=\"eztoc-hide\" style=\"display:none;\">Toggle<\/span><span class=\"ez-toc-icon-toggle-span\"><svg style=\"fill: #999;color:#999\" xmlns=\"http:\/\/www.w3.org\/2000\/svg\" class=\"list-377408\" width=\"20px\" height=\"20px\" viewBox=\"0 0 24 24\" fill=\"none\"><path d=\"M6 6H4v2h2V6zm14 0H8v2h12V6zM4 11h2v2H4v-2zm16 0H8v2h12v-2zM4 16h2v2H4v-2zm16 0H8v2h12v-2z\" fill=\"currentColor\"><\/path><\/svg><svg style=\"fill: #999;color:#999\" class=\"arrow-unsorted-368013\" xmlns=\"http:\/\/www.w3.org\/2000\/svg\" width=\"10px\" height=\"10px\" viewBox=\"0 0 24 24\" version=\"1.2\" baseProfile=\"tiny\"><path d=\"M18.2 9.3l-6.2-6.3-6.2 6.3c-.2.2-.3.4-.3.7s.1.5.3.7c.2.2.4.3.7.3h11c.3 0 .5-.1.7-.3.2-.2.3-.5.3-.7s-.1-.5-.3-.7zM5.8 14.7l6.2 6.3 6.2-6.3c.2-.2.3-.5.3-.7s-.1-.5-.3-.7c-.2-.2-.4-.3-.7-.3h-11c-.3 0-.5.1-.7.3-.2.2-.3.5-.3.7s.1.5.3.7z\"\/><\/svg><\/span><\/span><\/span><\/a><\/span><\/div>\n<nav><ul class='ez-toc-list ez-toc-list-level-1 ' ><li class='ez-toc-page-1 ez-toc-heading-level-2'><a class=\"ez-toc-link ez-toc-heading-1\" href=\"https:\/\/enfoquenoticioso.com\/?p=46515\/#Yeoh_emperatriz_espia\" >Yeoh, emperatriz esp\u00eda<\/a><\/li><\/ul><\/nav><\/div>\n<h2><span class=\"ez-toc-section\" id=\"Yeoh_emperatriz_espia\"><\/span>Yeoh, emperatriz esp\u00eda<span class=\"ez-toc-section-end\"><\/span><\/h2>\n<p>Calendarios aparte, &#8216;Secci\u00f3n 31&#8217; es uno de esos proyectos que han necesitado muchos a\u00f1os para ejecutarse. De hecho en sus comienzos se hablaba de ella m\u00e1s como serie que como pel\u00edcula. Partiendo de una idea de <strong>Michelle Yeoh, la actriz vuelve a encarnar a Philippa Georgiou<\/strong>, la otrora emperatriz terrana del universo espejo, que se une a la mentada divisi\u00f3n secreta de la Flota Estelar.<\/p>\n<p><!-- BREAK 4 --><\/p>\n<p>Junto a Yeoh, la pel\u00edcula est\u00e1 protagonizada por <strong>Omari Hardwick, Kacey Rohl, Sam Richardson, Sven Ruygrok, Robert Kazinsky, Humberly Gonzalez y James Hiroyuki Liao<\/strong>, entre otras. Adem\u00e1s <strong>Miku Martineau<\/strong> interpreta a una Philippa Georgiou joven.<\/p>\n<p><!-- BREAK 5 --><\/p>\n<p>Si bien est\u00e1 siendo un \u00e9xito a juzgar por lo que se puede ver en portales como Flixpatrol, la acogida no est\u00e1 siendo demasiado buena. De hecho est\u00e1 recibiendo cr\u00edticas pobres tanto por parte de cr\u00edtica como de p\u00fablico, que no ha tenido piedad con la propuesta.<\/p>\n<p><!-- BREAK 6 --> <\/p>\n<p>En Espinof | <a class=\"text-outboundlink\" href=\"https:\/\/www.espinof.com\/listas\/mejores-series-ciencia-ficcion-fantasia-2024\" data-vars-post-title=\"Las 17 mejores series de ciencia ficci\u00f3n y fantas\u00eda de 2024 y d\u00f3nde verlas\" data-vars-post-url=\"https:\/\/www.espinof.com\/listas\/mejores-series-ciencia-ficcion-fantasia-2024\" target=\"_blank\" rel=\"noopener\">Las 17 mejores series de ciencia ficci\u00f3n de 2024<\/a><\/p>\n<p>En Espinof | <a class=\"text-outboundlink\" href=\"https:\/\/www.espinof.com\/otros\/star-trek-que-orden-ver-todas-series-peliculas-saga-ciencia-ficcion\" data-vars-post-title=\"&#039;Star Trek&#039;: en qu\u00e9 orden ver todas las series y pel\u00edculas de la saga de ciencia ficci\u00f3n\" data-vars-post-url=\"https:\/\/www.espinof.com\/otros\/star-trek-que-orden-ver-todas-series-peliculas-saga-ciencia-ficcion\" target=\"_blank\" rel=\"noopener\">En qu\u00e9 orden ver todas las series y pel\u00edculas de Star Trek<\/a><\/p>\n<\/p><\/div>\n<p><a href=\"https:\/\/www.espinof.com\/online\/primera-pelicula-star-trek-9-anos-numero-1-26-paises-espana-tendremos-que-esperar-casi-mes-para-verla\" class=\" target=\" title=\"La primera pel\u00edcula de Star Trek en 9 a\u00f1os es n\u00famero 1 en 26 pa\u00edses. En Espa\u00f1a tendremos que esperar casi un mes para verla\" target=\"_blank\" rel=\"noopener\">Ver fuente<\/a><\/p>\n","protected":false},"excerpt":{"rendered":"<p>El pasado viernes 24 de enero se termin\u00f3 una sequ\u00eda de casi una d\u00e9cada en el universo Star Trek. No es que no hayamos tenido series todo este tiempo pero s\u00ed que desde &#8216;Star Trek: M\u00e1s all\u00e1&#8216; la decana franquicia de ciencia ficci\u00f3n no hab\u00eda vuelto a ofrecer una pel\u00edcula. Esta racha ha acabado hace [&hellip;]<\/p>\n","protected":false},"author":2,"featured_media":46516,"comment_status":"open","ping_status":"closed","sticky":false,"template":"","format":"standard","meta":{"footnotes":""},"categories":[8],"tags":[],"class_list":["post-46515","post","type-post","status-publish","format-standard","has-post-thumbnail","hentry","category-entretenimiento"],"_links":{"self":[{"href":"https:\/\/enfoquenoticioso.com\/index.php?rest_route=\/wp\/v2\/posts\/46515","targetHints":{"allow":["GET"]}}],"collection":[{"href":"https:\/\/enfoquenoticioso.com\/index.php?rest_route=\/wp\/v2\/posts"}],"about":[{"href":"https:\/\/enfoquenoticioso.com\/index.php?rest_route=\/wp\/v2\/types\/post"}],"author":[{"embeddable":true,"href":"https:\/\/enfoquenoticioso.com\/index.php?rest_route=\/wp\/v2\/users\/2"}],"replies":[{"embeddable":true,"href":"https:\/\/enfoquenoticioso.com\/index.php?rest_route=%2Fwp%2Fv2%2Fcomments&post=46515"}],"version-history":[{"count":0,"href":"https:\/\/enfoquenoticioso.com\/index.php?rest_route=\/wp\/v2\/posts\/46515\/revisions"}],"wp:featuredmedia":[{"embeddable":true,"href":"https:\/\/enfoquenoticioso.com\/index.php?rest_route=\/wp\/v2\/media\/46516"}],"wp:attachment":[{"href":"https:\/\/enfoquenoticioso.com\/index.php?rest_route=%2Fwp%2Fv2%2Fmedia&parent=46515"}],"wp:term":[{"taxonomy":"category","embeddable":true,"href":"https:\/\/enfoquenoticioso.com\/index.php?rest_route=%2Fwp%2Fv2%2Fcategories&post=46515"},{"taxonomy":"post_tag","embeddable":true,"href":"https:\/\/enfoquenoticioso.com\/index.php?rest_route=%2Fwp%2Fv2%2Ftags&post=46515"}],"curies":[{"name":"wp","href":"https:\/\/api.w.org\/{rel}","templated":true}]}}