{"id":46541,"date":"2025-01-27T16:30:38","date_gmt":"2025-01-27T16:30:38","guid":{"rendered":"https:\/\/enfoquenoticioso.com\/entretenimiento\/stranger-things-5-no-podria-haber-terminado-mejor-para-finn-wolfhard-que-compara-el-rodaje-de-la-ultima-temporada-con-el-de-el-senor-de-los-anillos\/"},"modified":"2025-01-27T16:30:38","modified_gmt":"2025-01-27T16:30:38","slug":"stranger-things-5-no-podria-haber-terminado-mejor-para-finn-wolfhard-que-compara-el-rodaje-de-la-ultima-temporada-con-el-de-el-senor-de-los-anillos","status":"publish","type":"post","link":"https:\/\/enfoquenoticioso.com\/?p=46541","title":{"rendered":"&#8216;Stranger Things 5&#8217; no podr\u00eda haber \u00abterminado mejor\u00bb para Finn Wolfhard, que compara el rodaje de la \u00faltima temporada con el de &#8216;El se\u00f1or de los anillos&#8217;"},"content":{"rendered":"<div>\n<p>Se dice pronto \u2014y puede que se escriba a\u00fan m\u00e1s r\u00e1pido\u2013, pero <a class=\"text-outboundlink\" href=\"https:\/\/www.espinof.com\/fecha-de-estreno\/stranger-things-temporada-5-trailer-fecha-estreno-reparto-todo-que-sabemos-final-serie-netflix\" data-vars-post-title=\"&#039;Stranger Things&#039;, todo lo que sabemos sobre la temporada 5 y final de la serie de Netflix con Millie Bobby Brown\" data-vars-post-url=\"https:\/\/www.espinof.com\/fecha-de-estreno\/stranger-things-temporada-5-trailer-fecha-estreno-reparto-todo-que-sabemos-final-serie-netflix\" target=\"_blank\" rel=\"noopener\">&#8216;Stranger Things&#8217;<\/a> arranc\u00f3 hace nada menos que una d\u00e9cada. Ahora, con la quinta y \u00faltima temporada a punto de caramelo, al equipo de la que, probablemente, sea la serie estandarte de Netflix, le toca <strong>mirar al futuro mientras, inevitablemente, echa un vistazo por encima del hombro<\/strong> a todas las experiencias vividas en los \u00faltimos diez a\u00f1os.<\/p>\n<p><!-- BREAK 1 --> <\/p>\n<div id=\"ez-toc-container\" class=\"ez-toc-v2_0_81 counter-hierarchy ez-toc-counter ez-toc-grey ez-toc-container-direction\">\n<div class=\"ez-toc-title-container\">\n<p class=\"ez-toc-title\" style=\"cursor:inherit\">Tabla de Contenido<\/p>\n<span class=\"ez-toc-title-toggle\"><a href=\"#\" class=\"ez-toc-pull-right ez-toc-btn ez-toc-btn-xs ez-toc-btn-default ez-toc-toggle\" aria-label=\"Alternar tabla de contenidos\"><span class=\"ez-toc-js-icon-con\"><span class=\"\"><span class=\"eztoc-hide\" style=\"display:none;\">Toggle<\/span><span class=\"ez-toc-icon-toggle-span\"><svg style=\"fill: #999;color:#999\" xmlns=\"http:\/\/www.w3.org\/2000\/svg\" class=\"list-377408\" width=\"20px\" height=\"20px\" viewBox=\"0 0 24 24\" fill=\"none\"><path d=\"M6 6H4v2h2V6zm14 0H8v2h12V6zM4 11h2v2H4v-2zm16 0H8v2h12v-2zM4 16h2v2H4v-2zm16 0H8v2h12v-2z\" fill=\"currentColor\"><\/path><\/svg><svg style=\"fill: #999;color:#999\" class=\"arrow-unsorted-368013\" xmlns=\"http:\/\/www.w3.org\/2000\/svg\" width=\"10px\" height=\"10px\" viewBox=\"0 0 24 24\" version=\"1.2\" baseProfile=\"tiny\"><path d=\"M18.2 9.3l-6.2-6.3-6.2 6.3c-.2.2-.3.4-.3.7s.1.5.3.7c.2.2.4.3.7.3h11c.3 0 .5-.1.7-.3.2-.2.3-.5.3-.7s-.1-.5-.3-.7zM5.8 14.7l6.2 6.3 6.2-6.3c.2-.2.3-.5.3-.7s-.1-.5-.3-.7c-.2-.2-.4-.3-.7-.3h-11c-.3 0-.5.1-.7.3-.2.2-.3.5-.3.7s.1.5.3.7z\"\/><\/svg><\/span><\/span><\/span><\/a><\/span><\/div>\n<nav><ul class='ez-toc-list ez-toc-list-level-1 ' ><li class='ez-toc-page-1 ez-toc-heading-level-2'><a class=\"ez-toc-link ez-toc-heading-1\" href=\"https:\/\/enfoquenoticioso.com\/?p=46541\/#Pasado_y_futuro\" >Pasado y futuro<\/a><\/li><\/ul><\/nav><\/div>\n<h2><span class=\"ez-toc-section\" id=\"Pasado_y_futuro\"><\/span>Pasado y futuro<span class=\"ez-toc-section-end\"><\/span><\/h2>\n<p>Finn Wolfhard, que ha dado vida a Mike Wheeler en la ambiciosa producci\u00f3n de los hermanos Duffer, ha hablado con <a rel=\"noopener, noreferrer\" href=\"https:\/\/variety.com\/2025\/tv\/news\/finn-wolfhard-stranger-things-ending-emotional-lord-of-the-rings-shoot-1236286366\/\" target=\"_blank\">Variety<\/a> sobre el carpetazo a &#8216;Stranger Things&#8217;, cuyo final de rodaje ha calificado de <em>\u00abincre\u00edblemente emotivo\u00bb<\/em>. Una experiencia que el int\u00e9rprete de 22 a\u00f1os, que se sumergi\u00f3 por primera vez en Hawkins con 12, no <strong>ha dudado en comparar con el emocionante cierre de &#8216;Toy Story 3&#8217;<\/strong>.<\/p>\n<p><!-- BREAK 2 --><\/p>\n<blockquote><p>\u201cFue incre\u00edblemente emotivo, obviamente. Han sido los \u00faltimos 10 a\u00f1os de mi vida. Tambi\u00e9n para los creadores, los hermanos Duffer comenzaron cuando ten\u00edan 30 a\u00f1os y ahora tienen 40. Todos hicimos un largo viaje y lo compartimos juntos. Toda mi infancia estuvo ah\u00ed. Fue como ese momento de \u2018Toy Story 3\u2019 de dejar atr\u00e1s tus juguetes. Fue muy especial\u201d.<\/p><\/blockquote>\n<div class=\"article-asset article-asset-normal article-asset-center\">\n<div class=\"desvio-container\">\n<div class=\"desvio\">\n<div class=\"desvio-figure js-desvio-figure\">\n    <a href=\"https:\/\/www.espinof.com\/actores-y-actrices\/david-harbour-afirma-que-episodio-final-stranger-things-mejor-serie-desvela-nuevos-detalles-temporada-5\" class=\"pivot-outboundlink\" data-vars-post-title=\"&quot;El episodio final de &#039;Stranger Things&#039; es el mejor de la serie&quot;. David Harbour promete que la temporada 5 del fen\u00f3meno de ciencia ficci\u00f3n es genial\" target=\"_blank\" rel=\"noopener\"><br \/>\n     <img loading=\"lazy\" decoding=\"async\" alt=\"&quot;El episodio final de 'Stranger Things' es el mejor de la serie&quot;. David Harbour promete que la temporada 5 del fen\u00f3meno de ciencia ficci\u00f3n es genial\" width=\"375\" height=\"142\" src=\"https:\/\/i.blogs.es\/25cf61\/hopper-stranger-things\/375_142.jpeg\"\/><br \/>\n    <\/a>\n   <\/div>\n<\/p><\/div>\n<\/p><\/div>\n<\/div>\n<p>Wolfhard ha comparado el rodaje de la quinta temporada de &#8216;Stranger Things&#8217;, extendido a lo lago de un a\u00f1o, <strong>con el de &#8216;El se\u00f1or de los anillos&#8217;<\/strong>, y ha manifestado su entusiasmo por lo que est\u00e1 por venir.<\/p>\n<p><!-- BREAK 3 --> <\/p>\n<blockquote><p>\u201cTuvimos un \u00faltimo a\u00f1o muy largo. Rodamos al estilo \u2018El Se\u00f1or de los Anillos\u2019, con un rodaje de un a\u00f1o. Fue una gran manera de cerrar y muy intenso. Siento que no podr\u00eda haber terminado mejor. [\u2018The Legend of Ochi\u2019] es la primera pel\u00edcula que estoy promocionando desde entonces, as\u00ed que se siente como una post-graduaci\u00f3n o algo as\u00ed. Estoy emocionado por todo lo que viene\u201d.<\/p><\/blockquote>\n<p>La mencionada <strong>&#8216;The Legend of Ochi&#8217;<\/strong>, en la que Finn Wolfhard comparte pantalla con Emily Watson y Willem Dafoe, es la nueva pel\u00edcula distribuida por A24. Llegar\u00e1 a las salas de cine estadounidenses con un par de meses de retraso, concretamente el pr\u00f3ximo 25 de abril, despu\u00e9s de que su director Isaiah Saxon perdiese su hogar durante los incendios que han asolado Los \u00c1ngeles durante las \u00faltimas semanas.<\/p>\n<p><!-- BREAK 4 --><\/p>\n<p>La quinta temporada de &#8216;Stranger Things&#8217; <strong>llegar\u00eda a Netflix el pr\u00f3ximo 27 de noviembre de este 2025<\/strong> seg\u00fan <a class=\"text-outboundlink\" href=\"https:\/\/www.espinof.com\/netflix\/plan-estreno-stranger-things-5-se-filtra-sorpresa-netflix-queria-mantenerlo-secreto-unos-fans-han-descubierto\" data-vars-post-title=\"El gran secreto de &#039;Stranger Things&#039; es la fecha de la temporada 5. Hay fans de la serie afirmando que Netflix la filtr\u00f3 por error\" data-vars-post-url=\"https:\/\/www.espinof.com\/netflix\/plan-estreno-stranger-things-5-se-filtra-sorpresa-netflix-queria-mantenerlo-secreto-unos-fans-han-descubierto\" target=\"_blank\" rel=\"noopener\">una filtraci\u00f3n<\/a> reciente que a\u00fan no ha sido confirmada ni desmentida por la Gran N del streaming.<\/p>\n<p><!-- BREAK 5 --><\/p>\n<p>En Espinof | <a class=\"text-outboundlink\" href=\"https:\/\/www.espinof.com\/listas\/mejores-series-historia-netflix\" data-vars-post-title=\"Las 27 mejores series de la historia de Netflix\" data-vars-post-url=\"https:\/\/www.espinof.com\/listas\/mejores-series-historia-netflix\" target=\"_blank\" rel=\"noopener\">Las 27 mejores series de la historia de Netflix<\/a><\/p>\n<p>En Espinof | <a class=\"text-outboundlink\" href=\"https:\/\/www.espinof.com\/listas\/mejores-miniseries-netflix\" data-vars-post-title=\"Las 15 mejores miniseries de Netflix\" data-vars-post-url=\"https:\/\/www.espinof.com\/listas\/mejores-miniseries-netflix\" target=\"_blank\" rel=\"noopener\">Las 15 mejores miniseries de Netflix<\/a><\/p>\n<\/p><\/div>\n<p><a href=\"https:\/\/www.espinof.com\/actores-y-actrices\/stranger-things-5-no-podria-haber-terminado-mejor-para-finn-wolfhard-que-compara-rodaje-ultima-temporada-senor-anillos\" class=\" target=\" title=\"&#039;Stranger Things 5&#039; no podr\u00eda haber \" terminado para Finn que compara el rodaje de la  temporada con &#039;El  los target=\"_blank\" rel=\"noopener\">Ver fuente<\/a><\/p>\n","protected":false},"excerpt":{"rendered":"<p>Se dice pronto \u2014y puede que se escriba a\u00fan m\u00e1s r\u00e1pido\u2013, pero &#8216;Stranger Things&#8217; arranc\u00f3 hace nada menos que una d\u00e9cada. Ahora, con la quinta y \u00faltima temporada a punto de caramelo, al equipo de la que, probablemente, sea la serie estandarte de Netflix, le toca mirar al futuro mientras, inevitablemente, echa un vistazo por [&hellip;]<\/p>\n","protected":false},"author":2,"featured_media":46542,"comment_status":"open","ping_status":"closed","sticky":false,"template":"","format":"standard","meta":{"footnotes":""},"categories":[8],"tags":[],"class_list":["post-46541","post","type-post","status-publish","format-standard","has-post-thumbnail","hentry","category-entretenimiento"],"_links":{"self":[{"href":"https:\/\/enfoquenoticioso.com\/index.php?rest_route=\/wp\/v2\/posts\/46541","targetHints":{"allow":["GET"]}}],"collection":[{"href":"https:\/\/enfoquenoticioso.com\/index.php?rest_route=\/wp\/v2\/posts"}],"about":[{"href":"https:\/\/enfoquenoticioso.com\/index.php?rest_route=\/wp\/v2\/types\/post"}],"author":[{"embeddable":true,"href":"https:\/\/enfoquenoticioso.com\/index.php?rest_route=\/wp\/v2\/users\/2"}],"replies":[{"embeddable":true,"href":"https:\/\/enfoquenoticioso.com\/index.php?rest_route=%2Fwp%2Fv2%2Fcomments&post=46541"}],"version-history":[{"count":0,"href":"https:\/\/enfoquenoticioso.com\/index.php?rest_route=\/wp\/v2\/posts\/46541\/revisions"}],"wp:featuredmedia":[{"embeddable":true,"href":"https:\/\/enfoquenoticioso.com\/index.php?rest_route=\/wp\/v2\/media\/46542"}],"wp:attachment":[{"href":"https:\/\/enfoquenoticioso.com\/index.php?rest_route=%2Fwp%2Fv2%2Fmedia&parent=46541"}],"wp:term":[{"taxonomy":"category","embeddable":true,"href":"https:\/\/enfoquenoticioso.com\/index.php?rest_route=%2Fwp%2Fv2%2Fcategories&post=46541"},{"taxonomy":"post_tag","embeddable":true,"href":"https:\/\/enfoquenoticioso.com\/index.php?rest_route=%2Fwp%2Fv2%2Ftags&post=46541"}],"curies":[{"name":"wp","href":"https:\/\/api.w.org\/{rel}","templated":true}]}}