{"id":46555,"date":"2025-01-27T17:34:52","date_gmt":"2025-01-27T17:34:52","guid":{"rendered":"https:\/\/enfoquenoticioso.com\/entretenimiento\/se-ha-llamado-temporada-final-a-las-ultimas-3-o-4-el-creador-de-swat-asegura-que-no-tiene-nada-claro-que-la-serie-policiaca-vaya-a-renovar\/"},"modified":"2025-01-27T17:34:52","modified_gmt":"2025-01-27T17:34:52","slug":"se-ha-llamado-temporada-final-a-las-ultimas-3-o-4-el-creador-de-swat-asegura-que-no-tiene-nada-claro-que-la-serie-policiaca-vaya-a-renovar","status":"publish","type":"post","link":"https:\/\/enfoquenoticioso.com\/?p=46555","title":{"rendered":"\u00abSe ha llamado temporada final a las \u00faltimas 3 o 4\u00bb. El creador de &#8216;SWAT&#8217; asegura que no tiene nada claro que la serie polic\u00edaca vaya a renovar"},"content":{"rendered":"<div>\n<p>Siempre alegra ver casos de series que a\u00f1o a a\u00f1o parecen andar en la cuerda floja respecto a su supervivencia en el saturado mercado televisivo. Una de ellas es &#8216;<strong>S.W.A.T. Los hombres de Harrelson<\/strong>&#8216;, el <strong>polic\u00edaco protagonizado por Shemar Moore <\/strong>y que siempre parece estar al borde de ser cancelada. Tanto es as\u00ed, que para su creador <strong>Shawn Ryan<\/strong>, el futuro de la ficci\u00f3n est\u00e1 completamente en el aire.<\/p>\n<p><!-- BREAK 1 --> <\/p>\n<p>De hecho, en 2022, la serie lleg\u00f3 a estar cancelada durante 72 horas hasta que la cadena CBS revirti\u00f3 su decisi\u00f3n. El resultado fue una temporada 7 llamada \u00abfinal\u00bb y que con \u00abun buen giro dram\u00e1tico\u00bb, tal como asegur\u00f3 la presidente de la cadena Amy Reisenbach, <a class=\"text-outboundlink\" href=\"https:\/\/www.espinof.com\/series-de-ficcion\/ano-despues-su-cancelacion-swat-hombres-harrelson-escapa-in-extremis-su-final-habra-temporada-8-serie-policiaca\" data-vars-post-title=\"Un a\u00f1o despu\u00e9s su cancelaci\u00f3n, &#039;SWAT: Los hombres de Harrelson&#039; escapa in extremis de su final y habr\u00e1 temporada 8 de la serie polic\u00edaca \" data-vars-post-url=\"https:\/\/www.espinof.com\/series-de-ficcion\/ano-despues-su-cancelacion-swat-hombres-harrelson-escapa-in-extremis-su-final-habra-temporada-8-serie-policiaca\" target=\"_blank\" rel=\"noopener\">termin\u00f3 no significando el fin de la serie<\/a>. <strong>CBS renov\u00f3 de nuevo in extremis &#8216;SWAT&#8217; por una temporada 8<\/strong>.<\/p>\n<p><!-- BREAK 2 --><\/p>\n<div class=\"article-asset article-asset-normal article-asset-center\">\n<div class=\"desvio-container\">\n<div class=\"desvio\">\n<div class=\"desvio-figure js-desvio-figure\">\n    <a href=\"https:\/\/www.espinof.com\/netflix\/gabriel-basso-casi-se-queda-ser-agente-nocturno-culpa-tuvo-su-barba-lenador\" class=\"pivot-outboundlink\" data-vars-post-title=\"Gabriel Basso casi se queda sin ser &#039;El agente nocturno&#039;. La culpa la tuvo su barba de le\u00f1ador\" target=\"_blank\" rel=\"noopener\"><br \/>\n     <img loading=\"lazy\" decoding=\"async\" alt=\"Gabriel Basso casi se queda sin ser 'El agente nocturno'. La culpa la tuvo su barba de le\u00f1ador\" width=\"375\" height=\"142\" src=\"https:\/\/i.blogs.es\/3df499\/agente-nocturno-basso\/375_142.jpeg\"\/><br \/>\n    <\/a>\n   <\/div>\n<\/p><\/div>\n<\/p><\/div>\n<\/div>\n<p><em>\u00abSe ha llamado temporada final a las \u00faltimas tres o cuatro temporadas\u00bb<\/em>, declara Shawn Ryan en una <a rel=\"noopener, noreferrer\" href=\"https:\/\/deadline.com\/2025\/01\/the-night-agent-showrunner-interview-season-2-finale-season-3-1236261569\/\" target=\"_blank\">reciente entrevista para Deadline<\/a> ha prop\u00f3sito de la <a class=\"text-outboundlink\" href=\"https:\/\/www.espinof.com\/fecha-de-estreno\/agente-nocturno-temporada-2-fecha-estreno-trailer-reparto-todo-que-sabemos-serie-netflix-gabriel-basso\" data-vars-post-title=\"&#039;El agente nocturno&#039; temporada 2-  fecha de estreno, qui\u00e9n vuelve y qui\u00e9n no, cambios y todo lo que sabemos del regreso de una de las series m\u00e1s vistas de Netflix en toda su historia\" data-vars-post-url=\"https:\/\/www.espinof.com\/fecha-de-estreno\/agente-nocturno-temporada-2-fecha-estreno-trailer-reparto-todo-que-sabemos-serie-netflix-gabriel-basso\" target=\"_blank\" rel=\"noopener\">temporada 2 de &#8216;El agente nocturno&#8217;<\/a>. El guionista y exshowrunner (fue sustituido por Andrew Dettman durante la temporada 7), <strong>confiesa que no tiene nada claro hacia d\u00f3nde va a apuntar la decisi\u00f3n final de la cadena<\/strong>.<\/p>\n<p><!-- BREAK 3 --> <\/p>\n<div id=\"ez-toc-container\" class=\"ez-toc-v2_0_81 counter-hierarchy ez-toc-counter ez-toc-grey ez-toc-container-direction\">\n<div class=\"ez-toc-title-container\">\n<p class=\"ez-toc-title\" style=\"cursor:inherit\">Tabla de Contenido<\/p>\n<span class=\"ez-toc-title-toggle\"><a href=\"#\" class=\"ez-toc-pull-right ez-toc-btn ez-toc-btn-xs ez-toc-btn-default ez-toc-toggle\" aria-label=\"Alternar tabla de contenidos\"><span class=\"ez-toc-js-icon-con\"><span class=\"\"><span class=\"eztoc-hide\" style=\"display:none;\">Toggle<\/span><span class=\"ez-toc-icon-toggle-span\"><svg style=\"fill: #999;color:#999\" xmlns=\"http:\/\/www.w3.org\/2000\/svg\" class=\"list-377408\" width=\"20px\" height=\"20px\" viewBox=\"0 0 24 24\" fill=\"none\"><path d=\"M6 6H4v2h2V6zm14 0H8v2h12V6zM4 11h2v2H4v-2zm16 0H8v2h12v-2zM4 16h2v2H4v-2zm16 0H8v2h12v-2z\" fill=\"currentColor\"><\/path><\/svg><svg style=\"fill: #999;color:#999\" class=\"arrow-unsorted-368013\" xmlns=\"http:\/\/www.w3.org\/2000\/svg\" width=\"10px\" height=\"10px\" viewBox=\"0 0 24 24\" version=\"1.2\" baseProfile=\"tiny\"><path d=\"M18.2 9.3l-6.2-6.3-6.2 6.3c-.2.2-.3.4-.3.7s.1.5.3.7c.2.2.4.3.7.3h11c.3 0 .5-.1.7-.3.2-.2.3-.5.3-.7s-.1-.5-.3-.7zM5.8 14.7l6.2 6.3 6.2-6.3c.2-.2.3-.5.3-.7s-.1-.5-.3-.7c-.2-.2-.4-.3-.7-.3h-11c-.3 0-.5.1-.7.3-.2.2-.3.5-.3.7s.1.5.3.7z\"\/><\/svg><\/span><\/span><\/span><\/a><\/span><\/div>\n<nav><ul class='ez-toc-list ez-toc-list-level-1 ' ><li class='ez-toc-page-1 ez-toc-heading-level-2'><a class=\"ez-toc-link ez-toc-heading-1\" href=\"https:\/\/enfoquenoticioso.com\/?p=46555\/#Cambio_de_jefes\" >Cambio de jefes<\/a><\/li><\/ul><\/nav><\/div>\n<h2><span class=\"ez-toc-section\" id=\"Cambio_de_jefes\"><\/span>Cambio de jefes<span class=\"ez-toc-section-end\"><\/span><\/h2>\n<p>Una CBS que est\u00e1, de hecho, <strong>en pleno proceso de cambio de propietarios<\/strong>, <a class=\"text-outboundlink\" href=\"https:\/\/www.espinof.com\/divulgacion\/oficial-skydance-compra-paramount-8-000-millones-dolares-operacion-que-promete-que-contenido-seguira-siendo-rey\" data-vars-post-title=\"\u00a1Ya es oficial! Skydance compra Paramount por 8.000 millones de d\u00f3lares en una operaci\u00f3n que promete que &quot;el contenido seguir\u00e1 siendo el rey&quot; \" data-vars-post-url=\"https:\/\/www.espinof.com\/divulgacion\/oficial-skydance-compra-paramount-8-000-millones-dolares-operacion-que-promete-que-contenido-seguira-siendo-rey\" target=\"_blank\" rel=\"noopener\">con Skydance haci\u00e9ndose con el control de Paramount<\/a>, la compa\u00f1\u00eda a la que pertenece el canal. Un proceso que se completar\u00e1 justo antes de que llegue el turno de cerrar los planes para la temporada 2025\/2026.<\/p>\n<p><!-- BREAK 4 --><\/p>\n<blockquote><p>\u00abNo s\u00e9 cuales son los planes. No s\u00e9 cu\u00e1l va a ser el criterio para la renovaci\u00f3n. Parece como si pudiera ser mucho m\u00e1s diferente que en a\u00f1os pasados. No s\u00e9 si es una ventaja o una desventaja que este a\u00f1o estamos producidos por un estudio externo. Creo que las cifras van a tener su influencia aqu\u00ed por lo que es todo incierto, pero vamos a continuar haciendo la mejor serie que podamos que nuestra audiencia ama, y veremos hacia donde caen las fichas. Y eso es lo que hemos hecho las \u00faltimas temporadas. Estamos realmente orgullosos del legado de esta serie.\u00bb<\/p><\/blockquote>\n<p>&#8216;SWAT&#8217; est\u00e1 ahora en plena emisi\u00f3n de la octava temporada, que tiene programado su final en CBS para el 2 de mayo. A partir de ah\u00ed llegan los upfronts como <strong>fecha l\u00edmite para conocer si habr\u00e1 o no temporada 9<\/strong>. En Espa\u00f1a, la serie se ve a trav\u00e9s de AXN.<\/p>\n<p><!-- BREAK 5 --><\/p>\n<p>En Espinof | <a class=\"text-outboundlink\" href=\"https:\/\/www.espinof.com\/listas\/29-mejores-series-intriga-suspense-netflix-hbo-amazon-movistar\" data-vars-post-title=\"Las 29 mejores series de intriga y suspense en Netflix, Max, Amazon Prime Video, Disney+ y Movistar\" data-vars-post-url=\"https:\/\/www.espinof.com\/listas\/29-mejores-series-intriga-suspense-netflix-hbo-amazon-movistar\" target=\"_blank\" rel=\"noopener\">Las mejores series de intriga y suspense<\/a><\/p>\n<p>En Espinof | <a class=\"text-outboundlink\" href=\"https:\/\/www.espinof.com\/series-de-ficcion\/final-explicado-blue-bloods-showrunner-serie-policiaca-habla-ese-letal-tiroteo-gran-ausencia-ultima-cena-reagan\" data-vars-post-title=\"El final explicado de &#039;Blue Bloods&#039;. El showrunner de la serie polic\u00edaca habla de ese letal tiroteo y de la gran ausencia en la \u00faltima cena de los Reagan\" data-vars-post-url=\"https:\/\/www.espinof.com\/series-de-ficcion\/final-explicado-blue-bloods-showrunner-serie-policiaca-habla-ese-letal-tiroteo-gran-ausencia-ultima-cena-reagan\" target=\"_blank\" rel=\"noopener\">El final explicado de &#8216;Blue Bloods&#8217;<\/a><\/p>\n<\/p><\/div>\n<p><a href=\"https:\/\/www.espinof.com\/series-de-ficcion\/se-ha-llamado-temporada-final-a-ultimas-3-4-creador-swat-asegura-que-no-tiene-nada-claro-que-serie-policiaca-vaya-a-renovar\" class=\" target=\" title=\"\" Se ha llamado temporada final las  o El creador de asegura que no tiene nada claro la serie  vaya target=\"_blank\" rel=\"noopener\">Ver fuente<\/a><\/p>\n","protected":false},"excerpt":{"rendered":"<p>Siempre alegra ver casos de series que a\u00f1o a a\u00f1o parecen andar en la cuerda floja respecto a su supervivencia en el saturado mercado televisivo. Una de ellas es &#8216;S.W.A.T. Los hombres de Harrelson&#8216;, el polic\u00edaco protagonizado por Shemar Moore y que siempre parece estar al borde de ser cancelada. Tanto es as\u00ed, que para [&hellip;]<\/p>\n","protected":false},"author":2,"featured_media":46556,"comment_status":"open","ping_status":"closed","sticky":false,"template":"","format":"standard","meta":{"footnotes":""},"categories":[8],"tags":[],"class_list":["post-46555","post","type-post","status-publish","format-standard","has-post-thumbnail","hentry","category-entretenimiento"],"_links":{"self":[{"href":"https:\/\/enfoquenoticioso.com\/index.php?rest_route=\/wp\/v2\/posts\/46555","targetHints":{"allow":["GET"]}}],"collection":[{"href":"https:\/\/enfoquenoticioso.com\/index.php?rest_route=\/wp\/v2\/posts"}],"about":[{"href":"https:\/\/enfoquenoticioso.com\/index.php?rest_route=\/wp\/v2\/types\/post"}],"author":[{"embeddable":true,"href":"https:\/\/enfoquenoticioso.com\/index.php?rest_route=\/wp\/v2\/users\/2"}],"replies":[{"embeddable":true,"href":"https:\/\/enfoquenoticioso.com\/index.php?rest_route=%2Fwp%2Fv2%2Fcomments&post=46555"}],"version-history":[{"count":0,"href":"https:\/\/enfoquenoticioso.com\/index.php?rest_route=\/wp\/v2\/posts\/46555\/revisions"}],"wp:featuredmedia":[{"embeddable":true,"href":"https:\/\/enfoquenoticioso.com\/index.php?rest_route=\/wp\/v2\/media\/46556"}],"wp:attachment":[{"href":"https:\/\/enfoquenoticioso.com\/index.php?rest_route=%2Fwp%2Fv2%2Fmedia&parent=46555"}],"wp:term":[{"taxonomy":"category","embeddable":true,"href":"https:\/\/enfoquenoticioso.com\/index.php?rest_route=%2Fwp%2Fv2%2Fcategories&post=46555"},{"taxonomy":"post_tag","embeddable":true,"href":"https:\/\/enfoquenoticioso.com\/index.php?rest_route=%2Fwp%2Fv2%2Ftags&post=46555"}],"curies":[{"name":"wp","href":"https:\/\/api.w.org\/{rel}","templated":true}]}}