{"id":46602,"date":"2025-01-27T20:51:28","date_gmt":"2025-01-27T20:51:28","guid":{"rendered":"https:\/\/enfoquenoticioso.com\/entretenimiento\/asi-fue-su-paso-por-una-de-las-peliculas-mas-taquilleras-en-la-historia-del-pais\/"},"modified":"2025-01-27T20:51:28","modified_gmt":"2025-01-27T20:51:28","slug":"asi-fue-su-paso-por-una-de-las-peliculas-mas-taquilleras-en-la-historia-del-pais","status":"publish","type":"post","link":"https:\/\/enfoquenoticioso.com\/?p=46602","title":{"rendered":"as\u00ed fue su paso por una de las pel\u00edculas m\u00e1s taquilleras en la historia del pa\u00eds"},"content":{"rendered":"<div>\n<p>En el vasto panorama del cine mexicano, pocos proyectos han alcanzado el impacto y la trascendencia de una cinta de comedia dirigida por <strong>Gary Alazraki<\/strong>, que no solo se consolid\u00f3 como un fen\u00f3meno cultural y taquillero, sino que tambi\u00e9n marc\u00f3 un hito en la carrera de quienes participaron en ella, sobre todo en <a class=\"text-outboundlink\" href=\"https:\/\/www.espinof.com\/premios-oscar\/karla-sofia-gascon-hace-historia-oscars-como-primera-actriz-abiertamente-trans-ser-nominada\" data-vars-post-title=\"&#039;Emilia P\u00e9rez&#039; rompe un r\u00e9cord hist\u00f3rico en los Oscars con Karla Sof\u00eda Gasc\u00f3n: primera actriz abiertamente trans en ser nominada\" data-vars-post-url=\"https:\/\/www.espinof.com\/premios-oscar\/karla-sofia-gascon-hace-historia-oscars-como-primera-actriz-abiertamente-trans-ser-nominada\" target=\"_blank\" rel=\"noopener\">Karla Sof\u00eda Gasc\u00f3n<\/a>, actriz trans que, antes de convertirse<strong> en la estrella que ahora est\u00e1 en boca de todos<\/strong>, form\u00f3 parte del elenco de esta pel\u00edcula que marc\u00f3 la historia de la taquilla del pa\u00eds.<\/p>\n<p><!-- BREAK 1 --> <\/p>\n<p>Entre los actores que brillaron en esta producci\u00f3n destaca la participaci\u00f3n de Karla Sof\u00eda Gasc\u00f3n, quien entonces era conocida como Carlos Gasc\u00f3n <strong>antes de comenzar su proceso de transici\u00f3n<\/strong>. Su participaci\u00f3n no solo aport\u00f3 una chispa inolvidable al filme, sino que tambi\u00e9n cobra un significado m\u00e1s profundo al analizarla a la luz de su posterior transici\u00f3n, haciendo de su legado un ejemplo de evoluci\u00f3n y autenticidad.<\/p>\n<p><!-- BREAK 2 --><\/p>\n<div class=\"article-asset-video article-asset-normal\">\n<div class=\"asset-content\">\n<p>\n   <iframe loading=\"lazy\" title=\"NOSOTROS LOS NOBLES - Trailer 1 HD - Oficial de Warner Bros. Pictures\" width=\"640\" height=\"360\" src=\"https:\/\/www.youtube.com\/embed\/fDF_ZdL7G9o?feature=oembed\" frameborder=\"0\" allow=\"accelerometer; autoplay; clipboard-write; encrypted-media; gyroscope; picture-in-picture; web-share\" referrerpolicy=\"strict-origin-when-cross-origin\" allowfullscreen><\/iframe>\n  <\/p>\n<\/p><\/div>\n<\/div>\n<p>Estrenada en 2013, &#8216;Nosotros los Nobles&#8217; se convirti\u00f3 en un \u00e9xito arrollador, conquistando a audiencias con su cr\u00edtica humor\u00edstica a la \u00e9lite mexicana y sus extravagancias. Inspirada libremente en &#8216;El gran calavera&#8217; (1949) <a class=\"text-outboundlink\" href=\"https:\/\/www.espinof.com\/directores-y-guionistas\/asi-luce-hoy-espana-perdida-pueblo-mexico-donde-luis-bunuel-grabo-sus-controversiales-cintas\" data-vars-post-title=\"As\u00ed luce hoy &#039;La Espa\u00f1a perdida&#039;, el pueblo en M\u00e9xico donde Luis Bu\u00f1uel grab\u00f3 una de sus m\u00e1s controversiales cintas\" data-vars-post-url=\"https:\/\/www.espinof.com\/directores-y-guionistas\/asi-luce-hoy-espana-perdida-pueblo-mexico-donde-luis-bunuel-grabo-sus-controversiales-cintas\" target=\"_blank\" rel=\"noopener\">de Luis Bu\u00f1uel<\/a>, la pel\u00edcula narraba la historia de tres hermanos privilegiados que, tras perder su fortuna, <strong>deben enfrentar el mundo real<\/strong>.<\/p>\n<p><!-- BREAK 3 --> <\/p>\n<div class=\"article-asset article-asset-normal article-asset-center\">\n<div class=\"desvio-container\">\n<div class=\"desvio\">\n<div class=\"desvio-figure js-desvio-figure\">\n    <a href=\"https:\/\/www.applesfera.com\/curiosidades\/uno-mayores-accionistas-apple-tiene-94-anos-medicos-no-se-explican-como-sigue-vivo-coca-cola-mcdonalds-parte-su-dieta-diaria#mrfhud=true\" class=\"pivot-outboundlink\" target=\"_blank\" data-vars-post-title=\"Es uno de los mayores accionistas de Apple, tiene 94 a\u00f1os y los m\u00e9dicos no se explican &quot;c\u00f3mo sigue vivo&quot;: Coca Cola y McDonald&#039;s son parte de su dieta diaria\" rel=\"noopener\"><br \/>\n     <img loading=\"lazy\" decoding=\"async\" alt=\"Es uno de los mayores accionistas de Apple, tiene 94 a\u00f1os y los m\u00e9dicos no se explican &quot;c\u00f3mo sigue vivo&quot;: Coca Cola y McDonald's son parte de su dieta diaria\" width=\"375\" height=\"142\" src=\"https:\/\/i.blogs.es\/01fbb7\/warren-buffet-cocacola\/375_142.jpeg\"\/><br \/>\n    <\/a>\n   <\/div>\n<\/p><\/div>\n<\/p><\/div>\n<\/div>\n<p>En este contexto, Karla Sof\u00eda interpret\u00f3 al inolvidable Pedro Pintado, un hombre de negocios algo turbio que encarnaba <strong>los excesos y las ambiciones del sistema financiero<\/strong>. Su carisma y precisi\u00f3n c\u00f3mica a\u00f1adieron un matiz especial al filme, gan\u00e1ndose la simpat\u00eda del p\u00fablico y consolid\u00e1ndose como una de las interpretaciones m\u00e1s recordadas de la cinta. Tanto que, incluso, origin\u00f3 algunos memes que siguen us\u00e1ndose hoy en d\u00eda entre los internautas mexicanos.<\/p>\n<p><!-- BREAK 4 --><\/p>\n<div class=\"article-asset-image article-asset-normal article-asset-center\">\n<div class=\"asset-content\">\n                   <img class=\"centro_sinmarco\" height=\"427\" width=\"640\" loading=\"lazy\" decoding=\"async\" sizes=\"auto, 100vw\" fetchpriority=\"high\" srcset=\"https:\/\/i.blogs.es\/023bba\/mx-pub-prodstills73-nosotros-los-nobles-carlos-gascon-actor\/450_1000.jpeg 450w, https:\/\/i.blogs.es\/023bba\/mx-pub-prodstills73-nosotros-los-nobles-carlos-gascon-actor\/650_1200.jpeg 681w,https:\/\/i.blogs.es\/023bba\/mx-pub-prodstills73-nosotros-los-nobles-carlos-gascon-actor\/1024_2000.jpeg 1024w, https:\/\/i.blogs.es\/023bba\/mx-pub-prodstills73-nosotros-los-nobles-carlos-gascon-actor\/1366_2000.jpeg 1366w\" src=\"https:\/\/i.blogs.es\/023bba\/mx-pub-prodstills73-nosotros-los-nobles-carlos-gascon-actor\/450_1000.jpeg\" alt=\"Mx Pub Prodstills73 Nosotros Los Nobles Carlos Gascon Actor\"\/><br \/>\n   <img decoding=\"async\" alt=\"Mx Pub Prodstills73 Nosotros Los Nobles Carlos Gascon Actor\" class=\"centro_sinmarco\" src=\"https:\/\/i.blogs.es\/023bba\/mx-pub-prodstills73-nosotros-los-nobles-carlos-gascon-actor\/450_1000.jpeg\"\/><\/p><\/div>\n<\/div>\n<p>La pel\u00edcula recaud\u00f3 m\u00e1s de <a rel=\"noopener, noreferrer\" href=\"https:\/\/www.boxofficemojo.com\/release\/rl3628434689\/weekend\/\" target=\"_blank\">328 millones de pesos<\/a>, superando a t\u00edtulos ic\u00f3nicos como &#8216;Amores perros&#8217; y &#8216;El crimen del padre Amaro&#8217;, y ostent\u00f3 el t\u00edtulo de la pel\u00edcula mexicana m\u00e1s taquillera de la historia hasta la llegada de &#8216;<a class=\"text-outboundlink\" href=\"https:\/\/www.espinof.com\/criticas\/no-se-aceptan-devoluciones-entranable-y-emotiva\" data-vars-post-title=\"&#039;No se aceptan devoluciones&#039;, entra\u00f1able y emotiva \" data-vars-post-url=\"https:\/\/www.espinof.com\/criticas\/no-se-aceptan-devoluciones-entranable-y-emotiva\" target=\"_blank\" rel=\"noopener\">No se aceptan devoluciones<\/a>&#8216;.<\/p>\n<p><!-- BREAK 5 --><\/p>\n<p>En 2018, Karla Sof\u00eda Gasc\u00f3n dio un paso valiente al anunciar p\u00fablicamente su transici\u00f3n, un proceso que transformar\u00eda su vida personal y profesional. Este anuncio la posicion\u00f3 como una figura emblem\u00e1tica de la comunidad LGBTQ+, sin embargo, su protag\u00f3nico en &#8216;<a class=\"text-outboundlink\" href=\"https:\/\/www.espinof.com\/premios-oscar\/emilia-perez-rompe-record-que-deja-muy-atras-cinta-alfonso-cuaron-hace-historia-sus-nominaciones-a-premios-oscar\" data-vars-post-title=\"&#039;Emilia P\u00e9rez&#039; hace historia en los Premios \u00d3scar dejando muy atr\u00e1s una cinta de Alfonso Cuar\u00f3n que marc\u00f3 la pauta en el cine de habla hispana\" data-vars-post-url=\"https:\/\/www.espinof.com\/premios-oscar\/emilia-perez-rompe-record-que-deja-muy-atras-cinta-alfonso-cuaron-hace-historia-sus-nominaciones-a-premios-oscar\" target=\"_blank\" rel=\"noopener\">Emilia P\u00e9rez<\/a>&#8216; se ha convertido en una actuaci\u00f3n que <a class=\"text-outboundlink\" href=\"https:\/\/www.espinof.com\/en-digital\/mexico-responde-a-emilia-perez-musical-johanne-sacreblu-heredera-imperio-bagettes-racismo-francia-donde-nadie-habla-frances\" data-vars-post-title=\"M\u00e9xico responde a &#039;Emilia P\u00e9rez&#039; con el musical de Johanne Sacreblu: la heredera de un imperio de bagettes contra el racismo en una Francia donde nadie habla franc\u00e9s\" data-vars-post-url=\"https:\/\/www.espinof.com\/en-digital\/mexico-responde-a-emilia-perez-musical-johanne-sacreblu-heredera-imperio-bagettes-racismo-francia-donde-nadie-habla-frances\" target=\"_blank\" rel=\"noopener\">a nadie ha dejado indiferente<\/a>, ya que, <strong>una pel\u00edcula sobre un narcotraficante mexicano<\/strong> protagonizada por estrellas no-mexicanas (y ni siquiera latinas) ha enojado a mucha gente, a tal grado de que el director de la cinta <a class=\"text-outboundlink\" href=\"https:\/\/www.espinof.com\/directores-y-guionistas\/jaques-audiard-pide-perdon-a-mexico-se-disculpa-su-pelicula-emilia-perez-me-sorprende-muchisimo\" data-vars-post-title=\"Jaques Audiard pide perd\u00f3n a M\u00e9xico y se disculpa sobre su pel\u00edcula &#039;Emilia P\u00e9rez&#039;: &quot;Me sorprende much\u00edsimo&quot; \" data-vars-post-url=\"https:\/\/www.espinof.com\/directores-y-guionistas\/jaques-audiard-pide-perdon-a-mexico-se-disculpa-su-pelicula-emilia-perez-me-sorprende-muchisimo\" target=\"_blank\" rel=\"noopener\">haya tenido que pedir perd\u00f3n<\/a> por su producci\u00f3n.<\/p>\n<p><!-- BREAK 6 --> <\/p>\n<p>Fotos de <a rel=\"noopener, noreferrer\" href=\"https:\/\/prensaescenario.com\/2013\/03\/26\/entrevista-con-gary-alazraki-director-de-la-pelicula-nosotros-los-nobles-y-los-actores-carlos-gascon-y-mario-haddad\/mx-pub-prodstills73-nosotros-los-nobles-carlos-gascon-actor\/\" target=\"_blank\">Prensa Escenario<\/a> | <a rel=\"noopener, noreferrer\" href=\"https:\/\/www.instagram.com\/karsiagascon\/\" target=\"_blank\">@karsiagascon<\/a><\/p>\n<p>En Espinof | <a class=\"text-outboundlink\" href=\"https:\/\/www.espinof.com\/premios-oscar\/emilia-perez-rompe-record-que-deja-muy-atras-cinta-alfonso-cuaron-hace-historia-sus-nominaciones-a-premios-oscar\" data-vars-post-title=\"&#039;Emilia P\u00e9rez&#039; hace historia en los Premios \u00d3scar dejando muy atr\u00e1s una cinta de Alfonso Cuar\u00f3n que marc\u00f3 la pauta en el cine de habla hispana\" data-vars-post-url=\"https:\/\/www.espinof.com\/premios-oscar\/emilia-perez-rompe-record-que-deja-muy-atras-cinta-alfonso-cuaron-hace-historia-sus-nominaciones-a-premios-oscar\" target=\"_blank\" rel=\"noopener\">&#8216;Emilia P\u00e9rez&#8217; hace historia en los Premios \u00d3scar dejando muy atr\u00e1s una cinta de Alfonso Cuar\u00f3n que marc\u00f3 la pauta en el cine de habla hispana<\/a><\/p>\n<p><!-- BREAK 7 --><\/p>\n<p>En Espinof | <a class=\"text-outboundlink\" href=\"https:\/\/www.espinof.com\/premios-oscar\/emilia-perez-repite-proeza-barbie-nominaciones-a-oscar-muestra-que-musicales-han-invadido-a-industria-cine\" data-vars-post-title=\"&#039;Emilia P\u00e9rez&#039; repite la proeza de &#039;Barbie&#039; en las nominaciones a los Oscars. Una muestra de que los musicales han invadido a la industria del cine\" data-vars-post-url=\"https:\/\/www.espinof.com\/premios-oscar\/emilia-perez-repite-proeza-barbie-nominaciones-a-oscar-muestra-que-musicales-han-invadido-a-industria-cine\" target=\"_blank\" rel=\"noopener\">&#8216;Emilia P\u00e9rez&#8217; repite la proeza de &#8216;Barbie&#8217; en las nominaciones a los Oscars. Una muestra de que los musicales han invadido a la industria del cine<\/a><\/p>\n<p><!-- BREAK 8 --><\/p><\/div>\n<p><script async src=\"\/\/www.instagram.com\/embed.js\"><\/script><br \/>\n<br \/><a href=\"https:\/\/www.espinof.com\/actores-y-actrices\/karla-sofia-gascon-habia-hecho-historia-mexico-asi-fue-su-paso-peliculas-taquilleras-historia-pais\" class=\" target=\" title=\"as\u00ed fue su paso por una de las pel\u00edculas m\u00e1s taquilleras en la historia del pa\u00eds\" target=\"_blank\" rel=\"noopener\">Ver fuente<\/a><\/p>\n","protected":false},"excerpt":{"rendered":"<p>En el vasto panorama del cine mexicano, pocos proyectos han alcanzado el impacto y la trascendencia de una cinta de comedia dirigida por Gary Alazraki, que no solo se consolid\u00f3 como un fen\u00f3meno cultural y taquillero, sino que tambi\u00e9n marc\u00f3 un hito en la carrera de quienes participaron en ella, sobre todo en Karla Sof\u00eda [&hellip;]<\/p>\n","protected":false},"author":2,"featured_media":46603,"comment_status":"open","ping_status":"closed","sticky":false,"template":"","format":"standard","meta":{"footnotes":""},"categories":[8],"tags":[],"class_list":["post-46602","post","type-post","status-publish","format-standard","has-post-thumbnail","hentry","category-entretenimiento"],"_links":{"self":[{"href":"https:\/\/enfoquenoticioso.com\/index.php?rest_route=\/wp\/v2\/posts\/46602","targetHints":{"allow":["GET"]}}],"collection":[{"href":"https:\/\/enfoquenoticioso.com\/index.php?rest_route=\/wp\/v2\/posts"}],"about":[{"href":"https:\/\/enfoquenoticioso.com\/index.php?rest_route=\/wp\/v2\/types\/post"}],"author":[{"embeddable":true,"href":"https:\/\/enfoquenoticioso.com\/index.php?rest_route=\/wp\/v2\/users\/2"}],"replies":[{"embeddable":true,"href":"https:\/\/enfoquenoticioso.com\/index.php?rest_route=%2Fwp%2Fv2%2Fcomments&post=46602"}],"version-history":[{"count":0,"href":"https:\/\/enfoquenoticioso.com\/index.php?rest_route=\/wp\/v2\/posts\/46602\/revisions"}],"wp:featuredmedia":[{"embeddable":true,"href":"https:\/\/enfoquenoticioso.com\/index.php?rest_route=\/wp\/v2\/media\/46603"}],"wp:attachment":[{"href":"https:\/\/enfoquenoticioso.com\/index.php?rest_route=%2Fwp%2Fv2%2Fmedia&parent=46602"}],"wp:term":[{"taxonomy":"category","embeddable":true,"href":"https:\/\/enfoquenoticioso.com\/index.php?rest_route=%2Fwp%2Fv2%2Fcategories&post=46602"},{"taxonomy":"post_tag","embeddable":true,"href":"https:\/\/enfoquenoticioso.com\/index.php?rest_route=%2Fwp%2Fv2%2Ftags&post=46602"}],"curies":[{"name":"wp","href":"https:\/\/api.w.org\/{rel}","templated":true}]}}